{"id":2002,"date":"2024-03-15T14:42:27","date_gmt":"2024-03-15T17:42:27","guid":{"rendered":"https:\/\/www.fiemg.com.br\/regional-centro-oeste\/?post_type=noticias&#038;p=2002"},"modified":"2024-03-15T16:49:16","modified_gmt":"2024-03-15T19:49:16","slug":"dirigentes-da-fiemg-prestigiam-posse-conjunta-do-sindimei-ace-e-aconita-em-itauna","status":"publish","type":"noticias","link":"https:\/\/www.fiemg.com.br\/regional-centro-oeste\/noticias\/dirigentes-da-fiemg-prestigiam-posse-conjunta-do-sindimei-ace-e-aconita-em-itauna\/","title":{"rendered":"Dirigentes da FIEMG prestigiam posse conjunta do SINDIMEI, ACE e Aconita, em Ita\u00fana"},"content":{"rendered":"\n<p>Na noite da dessa quinta-feira (14\/03) foi realizada a Posse Conjunta das entidades Associa\u00e7\u00e3o Comercial Empresarial (ACE Ita\u00fana), Sindicato Intermunicipal das Ind\u00fastrias Metal\u00fargicas, Mec\u00e2nicas e do Material El\u00e9trico de Ita\u00fana (SINDIMEI) e Associa\u00e7\u00e3o dos Contabilistas de Ita\u00fana (Aconita). O Presidente da FIEMG, Fl\u00e1vio Roscoe e o Presidente da Regional Centro-Oeste, Eduardo Soares, prestigiaram a solenidade, ao lado de autoridades municipais e estaduais e empres\u00e1rios associados.<\/p>\n\n\n\n<p>Os presidentes empossados, C\u00e1cio Alexandre Silva (ACE Ita\u00fana), Giuliano Dornas (Sindimei) e Alisson Celestino de Ara\u00fajo (Aconita), formalizaram seus mandatos ao assinarem o Termo de Posse. Durante os discursos, foi ressaltada a import\u00e2ncia do associativismo e do fortalecimento da uni\u00e3o entre as entidades, no contexto do Conceito CDE, para a defesa dos interesses das empresas e dos trabalhadores.<\/p>\n\n\n\n<p>Em seu pronunciamento, o Presidente da FIEMG falou da import\u00e2ncia da atua\u00e7\u00e3o e uni\u00e3o das entidades de classe do interior na defesa dos interesses da ind\u00fastria, interiorizando as a\u00e7\u00f5es e a presta\u00e7\u00e3o de servi\u00e7os. Roscoe pontuou ainda que o setor industrial representava, em 2018, 25% do PIB e terminou o ano passado com 32%, o que mostra uma recupera\u00e7\u00e3o do setor produtivo. \u201cAqui em Ita\u00fana a gente v\u00ea essa uni\u00e3o das entidades muito claramente. Estou muito otimista com o momento do setor industrial em Minas, com essa recupera\u00e7\u00e3o, muito em fun\u00e7\u00e3o das iniciativas que estamos desenvolvendo\u201d, enfatizou o dirigente da FIEMG.<\/p>\n\n\n\n<p>O empres\u00e1rio Cristiano de Faria Soares, que esteve \u00e0 frente do SINDIMEI por dois mandatos consecutivos, entre 2018 e 2024, deixa o cargo com um legado de grandes conquistas, como a inaugura\u00e7\u00e3o da nova sede, parcerias e a\u00e7\u00f5es de fomento. O Presidente da FIEMG Regional parabenizou o antigo presidente pela atua\u00e7\u00e3o em defesa da ind\u00fastria e desejou ainda mais sucesso \u00e0 nova gest\u00e3o. \u201cO SINDIMEI est\u00e1 de parab\u00e9ns pela estrutura, organiza\u00e7\u00e3o e atua\u00e7\u00e3o; temos orgulho de ter um sindicato dessa grandeza na nossa regi\u00e3o. Agradecemos a gest\u00e3o passado por todo trabalho executado e desejamos ao novo presidente muito sucesso na jornada e continue contando com a FIEMG Regional na defesa da ind\u00fastria da regi\u00e3o\u201d, finalizou o l\u00edder empresarial.<\/p>\n\n\n\n<p>O empres\u00e1rio Giuliano Dornas assume a presid\u00eancia do SINDIMEI para o tri\u00eanio 2024\/2027.<\/p>\n\n\n\n<figure class=\"wp-block-image size-large\"><img fetchpriority=\"high\" decoding=\"async\" width=\"768\" height=\"1024\" src=\"https:\/\/www.fiemg.com.br\/regional-centro-oeste\/wp-content\/uploads\/sites\/16\/2024\/03\/VP-regional-presidente-sindimei-posse-768x1024.jpeg\" alt=\"\" class=\"wp-image-2009\" \/><\/figure>\n","protected":false},"featured_media":2004,"template":"","categories":[14],"tags":[200,188,221,219,220],"class_list":["post-2002","noticias","type-noticias","status-publish","has-post-thumbnail","hentry","category-noticias","tag-associativismo","tag-industria","tag-itauna","tag-sindicato","tag-sindicatos"],"acf":[],"yoast_head":"<!-- This site is optimized with the Yoast SEO plugin v26.2 - https:\/\/yoast.com\/wordpress\/plugins\/seo\/ -->\n<title>Dirigentes da FIEMG prestigiam posse conjunta do SINDIMEI, ACE e Aconita, em Ita\u00fana - Regional Centro-Oeste<\/title>\n<meta name=\"robots\" content=\"index, follow, max-snippet:-1, max-image-preview:large, max-video-preview:-1\" \/>\n<link rel=\"canonical\" href=\"https:\/\/www.fiemg.com.br\/regional-centro-oeste\/noticias\/dirigentes-da-fiemg-prestigiam-posse-conjunta-do-sindimei-ace-e-aconita-em-itauna\/\" \/>\n<meta property=\"og:locale\" content=\"pt_BR\" \/>\n<meta property=\"og:type\" content=\"article\" \/>\n<meta property=\"og:title\" content=\"Dirigentes da FIEMG prestigiam posse conjunta do SINDIMEI, ACE e Aconita, em Ita\u00fana - Regional Centro-Oeste\" \/>\n<meta property=\"og:description\" content=\"Na noite da dessa quinta-feira (14\/03) foi realizada a Posse Conjunta das entidades Associa\u00e7\u00e3o Comercial Empresarial (ACE Ita\u00fana), Sindicato Intermunicipal das Ind\u00fastrias Metal\u00fargicas, Mec\u00e2nicas e do Material El\u00e9trico de Ita\u00fana (SINDIMEI) e Associa\u00e7\u00e3o dos Contabilistas de Ita\u00fana (Aconita). O Presidente da FIEMG, Fl\u00e1vio Roscoe e o Presidente da Regional Centro-Oeste, Eduardo Soares, prestigiaram a solenidade, [&hellip;]\" \/>\n<meta property=\"og:url\" content=\"https:\/\/www.fiemg.com.br\/regional-centro-oeste\/noticias\/dirigentes-da-fiemg-prestigiam-posse-conjunta-do-sindimei-ace-e-aconita-em-itauna\/\" \/>\n<meta property=\"og:site_name\" content=\"Regional Centro-Oeste\" \/>\n<meta property=\"article:modified_time\" content=\"2024-03-15T19:49:16+00:00\" \/>\n<meta property=\"og:image\" content=\"https:\/\/www.fiemg.com.br\/regional-centro-oeste\/wp-content\/uploads\/sites\/16\/2024\/03\/Presidente-Flavio-discurso-posse-sindimei-scaled-e1710524779378.jpg\" \/>\n\t<meta property=\"og:image:width\" content=\"1722\" \/>\n\t<meta property=\"og:image:height\" content=\"1723\" \/>\n\t<meta property=\"og:image:type\" content=\"image\/jpeg\" \/>\n<meta name=\"twitter:card\" content=\"summary_large_image\" \/>\n<meta name=\"twitter:label1\" content=\"Est. tempo de leitura\" \/>\n\t<meta name=\"twitter:data1\" content=\"3 minutos\" \/>\n<script type=\"application\/ld+json\" class=\"yoast-schema-graph\">{\"@context\":\"https:\/\/schema.org\",\"@graph\":[{\"@type\":\"WebPage\",\"@id\":\"https:\/\/www.fiemg.com.br\/regional-centro-oeste\/noticias\/dirigentes-da-fiemg-prestigiam-posse-conjunta-do-sindimei-ace-e-aconita-em-itauna\/\",\"url\":\"https:\/\/www.fiemg.com.br\/regional-centro-oeste\/noticias\/dirigentes-da-fiemg-prestigiam-posse-conjunta-do-sindimei-ace-e-aconita-em-itauna\/\",\"name\":\"Dirigentes da FIEMG prestigiam posse conjunta do SINDIMEI, ACE e Aconita, em Ita\u00fana - Regional Centro-Oeste\",\"isPartOf\":{\"@id\":\"https:\/\/www.fiemg.com.br\/regional-centro-oeste\/#website\"},\"primaryImageOfPage\":{\"@id\":\"https:\/\/www.fiemg.com.br\/regional-centro-oeste\/noticias\/dirigentes-da-fiemg-prestigiam-posse-conjunta-do-sindimei-ace-e-aconita-em-itauna\/#primaryimage\"},\"image\":{\"@id\":\"https:\/\/www.fiemg.com.br\/regional-centro-oeste\/noticias\/dirigentes-da-fiemg-prestigiam-posse-conjunta-do-sindimei-ace-e-aconita-em-itauna\/#primaryimage\"},\"thumbnailUrl\":\"https:\/\/www.fiemg.com.br\/regional-centro-oeste\/wp-content\/uploads\/sites\/16\/2024\/03\/Presidente-Flavio-discurso-posse-sindimei-scaled-e1710524779378.jpg\",\"datePublished\":\"2024-03-15T17:42:27+00:00\",\"dateModified\":\"2024-03-15T19:49:16+00:00\",\"breadcrumb\":{\"@id\":\"https:\/\/www.fiemg.com.br\/regional-centro-oeste\/noticias\/dirigentes-da-fiemg-prestigiam-posse-conjunta-do-sindimei-ace-e-aconita-em-itauna\/#breadcrumb\"},\"inLanguage\":\"pt-BR\",\"potentialAction\":[{\"@type\":\"ReadAction\",\"target\":[\"https:\/\/www.fiemg.com.br\/regional-centro-oeste\/noticias\/dirigentes-da-fiemg-prestigiam-posse-conjunta-do-sindimei-ace-e-aconita-em-itauna\/\"]}]},{\"@type\":\"ImageObject\",\"inLanguage\":\"pt-BR\",\"@id\":\"https:\/\/www.fiemg.com.br\/regional-centro-oeste\/noticias\/dirigentes-da-fiemg-prestigiam-posse-conjunta-do-sindimei-ace-e-aconita-em-itauna\/#primaryimage\",\"url\":\"https:\/\/www.fiemg.com.br\/regional-centro-oeste\/wp-content\/uploads\/sites\/16\/2024\/03\/Presidente-Flavio-discurso-posse-sindimei-scaled-e1710524779378.jpg\",\"contentUrl\":\"https:\/\/www.fiemg.com.br\/regional-centro-oeste\/wp-content\/uploads\/sites\/16\/2024\/03\/Presidente-Flavio-discurso-posse-sindimei-scaled-e1710524779378.jpg\",\"width\":1722,\"height\":1723},{\"@type\":\"BreadcrumbList\",\"@id\":\"https:\/\/www.fiemg.com.br\/regional-centro-oeste\/noticias\/dirigentes-da-fiemg-prestigiam-posse-conjunta-do-sindimei-ace-e-aconita-em-itauna\/#breadcrumb\",\"itemListElement\":[{\"@type\":\"ListItem\",\"position\":1,\"name\":\"In\u00edcio\",\"item\":\"https:\/\/www.fiemg.com.br\/regional-centro-oeste\/\"},{\"@type\":\"ListItem\",\"position\":2,\"name\":\"Dirigentes da FIEMG prestigiam posse conjunta do SINDIMEI, ACE e Aconita, em Ita\u00fana\"}]},{\"@type\":\"WebSite\",\"@id\":\"https:\/\/www.fiemg.com.br\/regional-centro-oeste\/#website\",\"url\":\"https:\/\/www.fiemg.com.br\/regional-centro-oeste\/\",\"name\":\"Regional Centro-Oeste\",\"description\":\"Federa\u00e7\u00e3o das Ind\u00fastrias do Estado de Minas Gerais\",\"publisher\":{\"@id\":\"https:\/\/www.fiemg.com.br\/regional-centro-oeste\/#organization\"},\"potentialAction\":[{\"@type\":\"SearchAction\",\"target\":{\"@type\":\"EntryPoint\",\"urlTemplate\":\"https:\/\/www.fiemg.com.br\/regional-centro-oeste\/?s={search_term_string}\"},\"query-input\":{\"@type\":\"PropertyValueSpecification\",\"valueRequired\":true,\"valueName\":\"search_term_string\"}}],\"inLanguage\":\"pt-BR\"},{\"@type\":\"Organization\",\"@id\":\"https:\/\/www.fiemg.com.br\/regional-centro-oeste\/#organization\",\"name\":\"Regional Centro-Oeste\",\"url\":\"https:\/\/www.fiemg.com.br\/regional-centro-oeste\/\",\"logo\":{\"@type\":\"ImageObject\",\"inLanguage\":\"pt-BR\",\"@id\":\"https:\/\/www.fiemg.com.br\/regional-centro-oeste\/#\/schema\/logo\/image\/\",\"url\":\"https:\/\/www.fiemg.com.br\/regional-centro-oeste\/wp-content\/uploads\/sites\/16\/2023\/02\/Ativo-1.png\",\"contentUrl\":\"https:\/\/www.fiemg.com.br\/regional-centro-oeste\/wp-content\/uploads\/sites\/16\/2023\/02\/Ativo-1.png\",\"width\":563,\"height\":149,\"caption\":\"Regional Centro-Oeste\"},\"image\":{\"@id\":\"https:\/\/www.fiemg.com.br\/regional-centro-oeste\/#\/schema\/logo\/image\/\"}}]}<\/script>\n<!-- \/ Yoast SEO plugin. -->","yoast_head_json":{"title":"Dirigentes da FIEMG prestigiam posse conjunta do SINDIMEI, ACE e Aconita, em Ita\u00fana - Regional Centro-Oeste","robots":{"index":"index","follow":"follow","max-snippet":"max-snippet:-1","max-image-preview":"max-image-preview:large","max-video-preview":"max-video-preview:-1"},"canonical":"https:\/\/www.fiemg.com.br\/regional-centro-oeste\/noticias\/dirigentes-da-fiemg-prestigiam-posse-conjunta-do-sindimei-ace-e-aconita-em-itauna\/","og_locale":"pt_BR","og_type":"article","og_title":"Dirigentes da FIEMG prestigiam posse conjunta do SINDIMEI, ACE e Aconita, em Ita\u00fana - Regional Centro-Oeste","og_description":"Na noite da dessa quinta-feira (14\/03) foi realizada a Posse Conjunta das entidades Associa\u00e7\u00e3o Comercial Empresarial (ACE Ita\u00fana), Sindicato Intermunicipal das Ind\u00fastrias Metal\u00fargicas, Mec\u00e2nicas e do Material El\u00e9trico de Ita\u00fana (SINDIMEI) e Associa\u00e7\u00e3o dos Contabilistas de Ita\u00fana (Aconita). O Presidente da FIEMG, Fl\u00e1vio Roscoe e o Presidente da Regional Centro-Oeste, Eduardo Soares, prestigiaram a solenidade, [&hellip;]","og_url":"https:\/\/www.fiemg.com.br\/regional-centro-oeste\/noticias\/dirigentes-da-fiemg-prestigiam-posse-conjunta-do-sindimei-ace-e-aconita-em-itauna\/","og_site_name":"Regional Centro-Oeste","article_modified_time":"2024-03-15T19:49:16+00:00","og_image":[{"width":1722,"height":1723,"url":"https:\/\/www.fiemg.com.br\/regional-centro-oeste\/wp-content\/uploads\/sites\/16\/2024\/03\/Presidente-Flavio-discurso-posse-sindimei-scaled-e1710524779378.jpg","type":"image\/jpeg"}],"twitter_card":"summary_large_image","twitter_misc":{"Est. tempo de leitura":"3 minutos"},"schema":{"@context":"https:\/\/schema.org","@graph":[{"@type":"WebPage","@id":"https:\/\/www.fiemg.com.br\/regional-centro-oeste\/noticias\/dirigentes-da-fiemg-prestigiam-posse-conjunta-do-sindimei-ace-e-aconita-em-itauna\/","url":"https:\/\/www.fiemg.com.br\/regional-centro-oeste\/noticias\/dirigentes-da-fiemg-prestigiam-posse-conjunta-do-sindimei-ace-e-aconita-em-itauna\/","name":"Dirigentes da FIEMG prestigiam posse conjunta do SINDIMEI, ACE e Aconita, em Ita\u00fana - Regional Centro-Oeste","isPartOf":{"@id":"https:\/\/www.fiemg.com.br\/regional-centro-oeste\/#website"},"primaryImageOfPage":{"@id":"https:\/\/www.fiemg.com.br\/regional-centro-oeste\/noticias\/dirigentes-da-fiemg-prestigiam-posse-conjunta-do-sindimei-ace-e-aconita-em-itauna\/#primaryimage"},"image":{"@id":"https:\/\/www.fiemg.com.br\/regional-centro-oeste\/noticias\/dirigentes-da-fiemg-prestigiam-posse-conjunta-do-sindimei-ace-e-aconita-em-itauna\/#primaryimage"},"thumbnailUrl":"https:\/\/www.fiemg.com.br\/regional-centro-oeste\/wp-content\/uploads\/sites\/16\/2024\/03\/Presidente-Flavio-discurso-posse-sindimei-scaled-e1710524779378.jpg","datePublished":"2024-03-15T17:42:27+00:00","dateModified":"2024-03-15T19:49:16+00:00","breadcrumb":{"@id":"https:\/\/www.fiemg.com.br\/regional-centro-oeste\/noticias\/dirigentes-da-fiemg-prestigiam-posse-conjunta-do-sindimei-ace-e-aconita-em-itauna\/#breadcrumb"},"inLanguage":"pt-BR","potentialAction":[{"@type":"ReadAction","target":["https:\/\/www.fiemg.com.br\/regional-centro-oeste\/noticias\/dirigentes-da-fiemg-prestigiam-posse-conjunta-do-sindimei-ace-e-aconita-em-itauna\/"]}]},{"@type":"ImageObject","inLanguage":"pt-BR","@id":"https:\/\/www.fiemg.com.br\/regional-centro-oeste\/noticias\/dirigentes-da-fiemg-prestigiam-posse-conjunta-do-sindimei-ace-e-aconita-em-itauna\/#primaryimage","url":"https:\/\/www.fiemg.com.br\/regional-centro-oeste\/wp-content\/uploads\/sites\/16\/2024\/03\/Presidente-Flavio-discurso-posse-sindimei-scaled-e1710524779378.jpg","contentUrl":"https:\/\/www.fiemg.com.br\/regional-centro-oeste\/wp-content\/uploads\/sites\/16\/2024\/03\/Presidente-Flavio-discurso-posse-sindimei-scaled-e1710524779378.jpg","width":1722,"height":1723},{"@type":"BreadcrumbList","@id":"https:\/\/www.fiemg.com.br\/regional-centro-oeste\/noticias\/dirigentes-da-fiemg-prestigiam-posse-conjunta-do-sindimei-ace-e-aconita-em-itauna\/#breadcrumb","itemListElement":[{"@type":"ListItem","position":1,"name":"In\u00edcio","item":"https:\/\/www.fiemg.com.br\/regional-centro-oeste\/"},{"@type":"ListItem","position":2,"name":"Dirigentes da FIEMG prestigiam posse conjunta do SINDIMEI, ACE e Aconita, em Ita\u00fana"}]},{"@type":"WebSite","@id":"https:\/\/www.fiemg.com.br\/regional-centro-oeste\/#website","url":"https:\/\/www.fiemg.com.br\/regional-centro-oeste\/","name":"Regional Centro-Oeste","description":"Federa\u00e7\u00e3o das Ind\u00fastrias do Estado de Minas Gerais","publisher":{"@id":"https:\/\/www.fiemg.com.br\/regional-centro-oeste\/#organization"},"potentialAction":[{"@type":"SearchAction","target":{"@type":"EntryPoint","urlTemplate":"https:\/\/www.fiemg.com.br\/regional-centro-oeste\/?s={search_term_string}"},"query-input":{"@type":"PropertyValueSpecification","valueRequired":true,"valueName":"search_term_string"}}],"inLanguage":"pt-BR"},{"@type":"Organization","@id":"https:\/\/www.fiemg.com.br\/regional-centro-oeste\/#organization","name":"Regional Centro-Oeste","url":"https:\/\/www.fiemg.com.br\/regional-centro-oeste\/","logo":{"@type":"ImageObject","inLanguage":"pt-BR","@id":"https:\/\/www.fiemg.com.br\/regional-centro-oeste\/#\/schema\/logo\/image\/","url":"https:\/\/www.fiemg.com.br\/regional-centro-oeste\/wp-content\/uploads\/sites\/16\/2023\/02\/Ativo-1.png","contentUrl":"https:\/\/www.fiemg.com.br\/regional-centro-oeste\/wp-content\/uploads\/sites\/16\/2023\/02\/Ativo-1.png","width":563,"height":149,"caption":"Regional Centro-Oeste"},"image":{"@id":"https:\/\/www.fiemg.com.br\/regional-centro-oeste\/#\/schema\/logo\/image\/"}}]}},"_links":{"self":[{"href":"https:\/\/www.fiemg.com.br\/regional-centro-oeste\/wp-json\/wp\/v2\/noticias\/2002","targetHints":{"allow":["GET"]}}],"collection":[{"href":"https:\/\/www.fiemg.com.br\/regional-centro-oeste\/wp-json\/wp\/v2\/noticias"}],"about":[{"href":"https:\/\/www.fiemg.com.br\/regional-centro-oeste\/wp-json\/wp\/v2\/types\/noticias"}],"wp:featuredmedia":[{"embeddable":true,"href":"https:\/\/www.fiemg.com.br\/regional-centro-oeste\/wp-json\/wp\/v2\/media\/2004"}],"wp:attachment":[{"href":"https:\/\/www.fiemg.com.br\/regional-centro-oeste\/wp-json\/wp\/v2\/media?parent=2002"}],"wp:term":[{"taxonomy":"category","embeddable":true,"href":"https:\/\/www.fiemg.com.br\/regional-centro-oeste\/wp-json\/wp\/v2\/categories?post=2002"},{"taxonomy":"post_tag","embeddable":true,"href":"https:\/\/www.fiemg.com.br\/regional-centro-oeste\/wp-json\/wp\/v2\/tags?post=2002"}],"curies":[{"name":"wp","href":"https:\/\/api.w.org\/{rel}","templated":true}]}}