{"id":2074,"date":"2024-04-12T15:14:00","date_gmt":"2024-04-12T18:14:00","guid":{"rendered":"https:\/\/www.fiemg.com.br\/regional-centro-oeste\/?post_type=noticias&#038;p=2074"},"modified":"2024-04-12T15:14:01","modified_gmt":"2024-04-12T18:14:01","slug":"mais-um-treinamento-da-fiemg-e-sucesso-entre-os-participantes","status":"publish","type":"noticias","link":"https:\/\/www.fiemg.com.br\/regional-centro-oeste\/noticias\/mais-um-treinamento-da-fiemg-e-sucesso-entre-os-participantes\/","title":{"rendered":"Mais um treinamento da FIEMG \u00e9 sucesso entre os participantes"},"content":{"rendered":"\n<p>O curso \u201cDesenvolvimento de L\u00edderes \u2013 Liderando com recursos do Eneagrama\u201d, ofertado pela FIEMG Regional Centro-Oeste, com carga hor\u00e1rio de 9 horas, recebeu cerca de 30 participantes.<\/p>\n\n\n\n<p>A consultora Margareth Martins apresentou um conte\u00fado din\u00e2mico com objetivo de proporcionar a compreens\u00e3o da personalidade humana e de diferentes personalidades, com intuito de tra\u00e7ar um caminho de desenvolvimento na lideran\u00e7a e uma nova forma de olhar para a equipe.<\/p>\n\n\n\n<p>O curso do m\u00eas de maio j\u00e1 est\u00e1 com as inscri\u00e7\u00f5es abertas. Entre em contato com a FIEMG Regional atrav\u00e9s do e-mail <a href=\"mailto:cursosreg-co@fieg.com.br\">cursosreg-co@fieg.com.br<\/a> e garanta sua vaga.<\/p>\n\n\n\n<p>#cusosfiemg #treinamentos #cursosetreinamentos #eneagrama #lideran\u00e7a #desenvolvimentopessoal<\/p>\n\n\n\n<figure class=\"wp-block-image size-large\"><img fetchpriority=\"high\" decoding=\"async\" width=\"1024\" height=\"684\" src=\"https:\/\/www.fiemg.com.br\/regional-centro-oeste\/wp-content\/uploads\/sites\/16\/2024\/04\/treinamento-eneagrama-Fiemgrco-1024x684.jpg\" alt=\"\" class=\"wp-image-2075\" \/><\/figure>\n","protected":false},"featured_media":2077,"template":"","categories":[14],"tags":[],"class_list":["post-2074","noticias","type-noticias","status-publish","has-post-thumbnail","hentry","category-noticias"],"acf":[],"yoast_head":"<!-- This site is optimized with the Yoast SEO plugin v26.2 - https:\/\/yoast.com\/wordpress\/plugins\/seo\/ -->\n<title>Mais um treinamento da FIEMG \u00e9 sucesso entre os participantes - Regional Centro-Oeste<\/title>\n<meta name=\"robots\" content=\"index, follow, max-snippet:-1, max-image-preview:large, max-video-preview:-1\" \/>\n<link rel=\"canonical\" href=\"https:\/\/www.fiemg.com.br\/regional-centro-oeste\/noticias\/mais-um-treinamento-da-fiemg-e-sucesso-entre-os-participantes\/\" \/>\n<meta property=\"og:locale\" content=\"pt_BR\" \/>\n<meta property=\"og:type\" content=\"article\" \/>\n<meta property=\"og:title\" content=\"Mais um treinamento da FIEMG \u00e9 sucesso entre os participantes - Regional Centro-Oeste\" \/>\n<meta property=\"og:description\" content=\"O curso \u201cDesenvolvimento de L\u00edderes \u2013 Liderando com recursos do Eneagrama\u201d, ofertado pela FIEMG Regional Centro-Oeste, com carga hor\u00e1rio de 9 horas, recebeu cerca de 30 participantes. A consultora Margareth Martins apresentou um conte\u00fado din\u00e2mico com objetivo de proporcionar a compreens\u00e3o da personalidade humana e de diferentes personalidades, com intuito de tra\u00e7ar um caminho de [&hellip;]\" \/>\n<meta property=\"og:url\" content=\"https:\/\/www.fiemg.com.br\/regional-centro-oeste\/noticias\/mais-um-treinamento-da-fiemg-e-sucesso-entre-os-participantes\/\" \/>\n<meta property=\"og:site_name\" content=\"Regional Centro-Oeste\" \/>\n<meta property=\"article:modified_time\" content=\"2024-04-12T18:14:01+00:00\" \/>\n<meta property=\"og:image\" content=\"https:\/\/www.fiemg.com.br\/regional-centro-oeste\/wp-content\/uploads\/sites\/16\/2024\/04\/curso-eneagrama-fiemgrco-e1712945629642.jpg\" \/>\n\t<meta property=\"og:image:width\" content=\"1080\" \/>\n\t<meta property=\"og:image:height\" content=\"1079\" \/>\n\t<meta property=\"og:image:type\" content=\"image\/jpeg\" \/>\n<meta name=\"twitter:card\" content=\"summary_large_image\" \/>\n<meta name=\"twitter:label1\" content=\"Est. tempo de leitura\" \/>\n\t<meta name=\"twitter:data1\" content=\"1 minuto\" \/>\n<script type=\"application\/ld+json\" class=\"yoast-schema-graph\">{\"@context\":\"https:\/\/schema.org\",\"@graph\":[{\"@type\":\"WebPage\",\"@id\":\"https:\/\/www.fiemg.com.br\/regional-centro-oeste\/noticias\/mais-um-treinamento-da-fiemg-e-sucesso-entre-os-participantes\/\",\"url\":\"https:\/\/www.fiemg.com.br\/regional-centro-oeste\/noticias\/mais-um-treinamento-da-fiemg-e-sucesso-entre-os-participantes\/\",\"name\":\"Mais um treinamento da FIEMG \u00e9 sucesso entre os participantes - Regional Centro-Oeste\",\"isPartOf\":{\"@id\":\"https:\/\/www.fiemg.com.br\/regional-centro-oeste\/#website\"},\"primaryImageOfPage\":{\"@id\":\"https:\/\/www.fiemg.com.br\/regional-centro-oeste\/noticias\/mais-um-treinamento-da-fiemg-e-sucesso-entre-os-participantes\/#primaryimage\"},\"image\":{\"@id\":\"https:\/\/www.fiemg.com.br\/regional-centro-oeste\/noticias\/mais-um-treinamento-da-fiemg-e-sucesso-entre-os-participantes\/#primaryimage\"},\"thumbnailUrl\":\"https:\/\/www.fiemg.com.br\/regional-centro-oeste\/wp-content\/uploads\/sites\/16\/2024\/04\/curso-eneagrama-fiemgrco-e1712945629642.jpg\",\"datePublished\":\"2024-04-12T18:14:00+00:00\",\"dateModified\":\"2024-04-12T18:14:01+00:00\",\"breadcrumb\":{\"@id\":\"https:\/\/www.fiemg.com.br\/regional-centro-oeste\/noticias\/mais-um-treinamento-da-fiemg-e-sucesso-entre-os-participantes\/#breadcrumb\"},\"inLanguage\":\"pt-BR\",\"potentialAction\":[{\"@type\":\"ReadAction\",\"target\":[\"https:\/\/www.fiemg.com.br\/regional-centro-oeste\/noticias\/mais-um-treinamento-da-fiemg-e-sucesso-entre-os-participantes\/\"]}]},{\"@type\":\"ImageObject\",\"inLanguage\":\"pt-BR\",\"@id\":\"https:\/\/www.fiemg.com.br\/regional-centro-oeste\/noticias\/mais-um-treinamento-da-fiemg-e-sucesso-entre-os-participantes\/#primaryimage\",\"url\":\"https:\/\/www.fiemg.com.br\/regional-centro-oeste\/wp-content\/uploads\/sites\/16\/2024\/04\/curso-eneagrama-fiemgrco-e1712945629642.jpg\",\"contentUrl\":\"https:\/\/www.fiemg.com.br\/regional-centro-oeste\/wp-content\/uploads\/sites\/16\/2024\/04\/curso-eneagrama-fiemgrco-e1712945629642.jpg\",\"width\":1080,\"height\":1079},{\"@type\":\"BreadcrumbList\",\"@id\":\"https:\/\/www.fiemg.com.br\/regional-centro-oeste\/noticias\/mais-um-treinamento-da-fiemg-e-sucesso-entre-os-participantes\/#breadcrumb\",\"itemListElement\":[{\"@type\":\"ListItem\",\"position\":1,\"name\":\"In\u00edcio\",\"item\":\"https:\/\/www.fiemg.com.br\/regional-centro-oeste\/\"},{\"@type\":\"ListItem\",\"position\":2,\"name\":\"Mais um treinamento da FIEMG \u00e9 sucesso entre os participantes\"}]},{\"@type\":\"WebSite\",\"@id\":\"https:\/\/www.fiemg.com.br\/regional-centro-oeste\/#website\",\"url\":\"https:\/\/www.fiemg.com.br\/regional-centro-oeste\/\",\"name\":\"Regional Centro-Oeste\",\"description\":\"Federa\u00e7\u00e3o das Ind\u00fastrias do Estado de Minas Gerais\",\"publisher\":{\"@id\":\"https:\/\/www.fiemg.com.br\/regional-centro-oeste\/#organization\"},\"potentialAction\":[{\"@type\":\"SearchAction\",\"target\":{\"@type\":\"EntryPoint\",\"urlTemplate\":\"https:\/\/www.fiemg.com.br\/regional-centro-oeste\/?s={search_term_string}\"},\"query-input\":{\"@type\":\"PropertyValueSpecification\",\"valueRequired\":true,\"valueName\":\"search_term_string\"}}],\"inLanguage\":\"pt-BR\"},{\"@type\":\"Organization\",\"@id\":\"https:\/\/www.fiemg.com.br\/regional-centro-oeste\/#organization\",\"name\":\"Regional Centro-Oeste\",\"url\":\"https:\/\/www.fiemg.com.br\/regional-centro-oeste\/\",\"logo\":{\"@type\":\"ImageObject\",\"inLanguage\":\"pt-BR\",\"@id\":\"https:\/\/www.fiemg.com.br\/regional-centro-oeste\/#\/schema\/logo\/image\/\",\"url\":\"https:\/\/www.fiemg.com.br\/regional-centro-oeste\/wp-content\/uploads\/sites\/16\/2023\/02\/Ativo-1.png\",\"contentUrl\":\"https:\/\/www.fiemg.com.br\/regional-centro-oeste\/wp-content\/uploads\/sites\/16\/2023\/02\/Ativo-1.png\",\"width\":563,\"height\":149,\"caption\":\"Regional Centro-Oeste\"},\"image\":{\"@id\":\"https:\/\/www.fiemg.com.br\/regional-centro-oeste\/#\/schema\/logo\/image\/\"}}]}<\/script>\n<!-- \/ Yoast SEO plugin. -->","yoast_head_json":{"title":"Mais um treinamento da FIEMG \u00e9 sucesso entre os participantes - Regional Centro-Oeste","robots":{"index":"index","follow":"follow","max-snippet":"max-snippet:-1","max-image-preview":"max-image-preview:large","max-video-preview":"max-video-preview:-1"},"canonical":"https:\/\/www.fiemg.com.br\/regional-centro-oeste\/noticias\/mais-um-treinamento-da-fiemg-e-sucesso-entre-os-participantes\/","og_locale":"pt_BR","og_type":"article","og_title":"Mais um treinamento da FIEMG \u00e9 sucesso entre os participantes - Regional Centro-Oeste","og_description":"O curso \u201cDesenvolvimento de L\u00edderes \u2013 Liderando com recursos do Eneagrama\u201d, ofertado pela FIEMG Regional Centro-Oeste, com carga hor\u00e1rio de 9 horas, recebeu cerca de 30 participantes. A consultora Margareth Martins apresentou um conte\u00fado din\u00e2mico com objetivo de proporcionar a compreens\u00e3o da personalidade humana e de diferentes personalidades, com intuito de tra\u00e7ar um caminho de [&hellip;]","og_url":"https:\/\/www.fiemg.com.br\/regional-centro-oeste\/noticias\/mais-um-treinamento-da-fiemg-e-sucesso-entre-os-participantes\/","og_site_name":"Regional Centro-Oeste","article_modified_time":"2024-04-12T18:14:01+00:00","og_image":[{"width":1080,"height":1079,"url":"https:\/\/www.fiemg.com.br\/regional-centro-oeste\/wp-content\/uploads\/sites\/16\/2024\/04\/curso-eneagrama-fiemgrco-e1712945629642.jpg","type":"image\/jpeg"}],"twitter_card":"summary_large_image","twitter_misc":{"Est. tempo de leitura":"1 minuto"},"schema":{"@context":"https:\/\/schema.org","@graph":[{"@type":"WebPage","@id":"https:\/\/www.fiemg.com.br\/regional-centro-oeste\/noticias\/mais-um-treinamento-da-fiemg-e-sucesso-entre-os-participantes\/","url":"https:\/\/www.fiemg.com.br\/regional-centro-oeste\/noticias\/mais-um-treinamento-da-fiemg-e-sucesso-entre-os-participantes\/","name":"Mais um treinamento da FIEMG \u00e9 sucesso entre os participantes - Regional Centro-Oeste","isPartOf":{"@id":"https:\/\/www.fiemg.com.br\/regional-centro-oeste\/#website"},"primaryImageOfPage":{"@id":"https:\/\/www.fiemg.com.br\/regional-centro-oeste\/noticias\/mais-um-treinamento-da-fiemg-e-sucesso-entre-os-participantes\/#primaryimage"},"image":{"@id":"https:\/\/www.fiemg.com.br\/regional-centro-oeste\/noticias\/mais-um-treinamento-da-fiemg-e-sucesso-entre-os-participantes\/#primaryimage"},"thumbnailUrl":"https:\/\/www.fiemg.com.br\/regional-centro-oeste\/wp-content\/uploads\/sites\/16\/2024\/04\/curso-eneagrama-fiemgrco-e1712945629642.jpg","datePublished":"2024-04-12T18:14:00+00:00","dateModified":"2024-04-12T18:14:01+00:00","breadcrumb":{"@id":"https:\/\/www.fiemg.com.br\/regional-centro-oeste\/noticias\/mais-um-treinamento-da-fiemg-e-sucesso-entre-os-participantes\/#breadcrumb"},"inLanguage":"pt-BR","potentialAction":[{"@type":"ReadAction","target":["https:\/\/www.fiemg.com.br\/regional-centro-oeste\/noticias\/mais-um-treinamento-da-fiemg-e-sucesso-entre-os-participantes\/"]}]},{"@type":"ImageObject","inLanguage":"pt-BR","@id":"https:\/\/www.fiemg.com.br\/regional-centro-oeste\/noticias\/mais-um-treinamento-da-fiemg-e-sucesso-entre-os-participantes\/#primaryimage","url":"https:\/\/www.fiemg.com.br\/regional-centro-oeste\/wp-content\/uploads\/sites\/16\/2024\/04\/curso-eneagrama-fiemgrco-e1712945629642.jpg","contentUrl":"https:\/\/www.fiemg.com.br\/regional-centro-oeste\/wp-content\/uploads\/sites\/16\/2024\/04\/curso-eneagrama-fiemgrco-e1712945629642.jpg","width":1080,"height":1079},{"@type":"BreadcrumbList","@id":"https:\/\/www.fiemg.com.br\/regional-centro-oeste\/noticias\/mais-um-treinamento-da-fiemg-e-sucesso-entre-os-participantes\/#breadcrumb","itemListElement":[{"@type":"ListItem","position":1,"name":"In\u00edcio","item":"https:\/\/www.fiemg.com.br\/regional-centro-oeste\/"},{"@type":"ListItem","position":2,"name":"Mais um treinamento da FIEMG \u00e9 sucesso entre os participantes"}]},{"@type":"WebSite","@id":"https:\/\/www.fiemg.com.br\/regional-centro-oeste\/#website","url":"https:\/\/www.fiemg.com.br\/regional-centro-oeste\/","name":"Regional Centro-Oeste","description":"Federa\u00e7\u00e3o das Ind\u00fastrias do Estado de Minas Gerais","publisher":{"@id":"https:\/\/www.fiemg.com.br\/regional-centro-oeste\/#organization"},"potentialAction":[{"@type":"SearchAction","target":{"@type":"EntryPoint","urlTemplate":"https:\/\/www.fiemg.com.br\/regional-centro-oeste\/?s={search_term_string}"},"query-input":{"@type":"PropertyValueSpecification","valueRequired":true,"valueName":"search_term_string"}}],"inLanguage":"pt-BR"},{"@type":"Organization","@id":"https:\/\/www.fiemg.com.br\/regional-centro-oeste\/#organization","name":"Regional Centro-Oeste","url":"https:\/\/www.fiemg.com.br\/regional-centro-oeste\/","logo":{"@type":"ImageObject","inLanguage":"pt-BR","@id":"https:\/\/www.fiemg.com.br\/regional-centro-oeste\/#\/schema\/logo\/image\/","url":"https:\/\/www.fiemg.com.br\/regional-centro-oeste\/wp-content\/uploads\/sites\/16\/2023\/02\/Ativo-1.png","contentUrl":"https:\/\/www.fiemg.com.br\/regional-centro-oeste\/wp-content\/uploads\/sites\/16\/2023\/02\/Ativo-1.png","width":563,"height":149,"caption":"Regional Centro-Oeste"},"image":{"@id":"https:\/\/www.fiemg.com.br\/regional-centro-oeste\/#\/schema\/logo\/image\/"}}]}},"_links":{"self":[{"href":"https:\/\/www.fiemg.com.br\/regional-centro-oeste\/wp-json\/wp\/v2\/noticias\/2074","targetHints":{"allow":["GET"]}}],"collection":[{"href":"https:\/\/www.fiemg.com.br\/regional-centro-oeste\/wp-json\/wp\/v2\/noticias"}],"about":[{"href":"https:\/\/www.fiemg.com.br\/regional-centro-oeste\/wp-json\/wp\/v2\/types\/noticias"}],"wp:featuredmedia":[{"embeddable":true,"href":"https:\/\/www.fiemg.com.br\/regional-centro-oeste\/wp-json\/wp\/v2\/media\/2077"}],"wp:attachment":[{"href":"https:\/\/www.fiemg.com.br\/regional-centro-oeste\/wp-json\/wp\/v2\/media?parent=2074"}],"wp:term":[{"taxonomy":"category","embeddable":true,"href":"https:\/\/www.fiemg.com.br\/regional-centro-oeste\/wp-json\/wp\/v2\/categories?post=2074"},{"taxonomy":"post_tag","embeddable":true,"href":"https:\/\/www.fiemg.com.br\/regional-centro-oeste\/wp-json\/wp\/v2\/tags?post=2074"}],"curies":[{"name":"wp","href":"https:\/\/api.w.org\/{rel}","templated":true}]}}