{"id":2116,"date":"2024-05-28T15:41:59","date_gmt":"2024-05-28T18:41:59","guid":{"rendered":"https:\/\/www.fiemg.com.br\/regional-centro-oeste\/?post_type=noticias&#038;p=2116"},"modified":"2024-05-28T15:46:50","modified_gmt":"2024-05-28T18:46:50","slug":"3a-edicao-do-conexao-industria-4-0-levou-inovacao-para-a-expo-conecta-agro-2024","status":"publish","type":"noticias","link":"https:\/\/www.fiemg.com.br\/regional-centro-oeste\/noticias\/3a-edicao-do-conexao-industria-4-0-levou-inovacao-para-a-expo-conecta-agro-2024\/","title":{"rendered":"3\u00aa edi\u00e7\u00e3o do Conex\u00e3o Ind\u00fastria 4.0 levou inova\u00e7\u00e3o para a Expo Conecta Agro 2024"},"content":{"rendered":"\n<p>Uma parceria do SESI SENAI Par\u00e1 de Minas e a Prefeitura Municipal de Par\u00e1 de Minas, com apoio e idealiza\u00e7\u00e3o da FIEMG Regional Centro-Oeste, levou a realiza\u00e7\u00e3o da 3\u00aa edi\u00e7\u00e3o do Conex\u00e3o Ind\u00fastria 4.0 \u2013 Conectando o Centro-Oeste Mineiro ao futuro da ind\u00fastria para dentro da &nbsp;Expo Conecta Agro 2024.<\/p>\n\n\n\n<p>O evento aconteceu no Parque de Exposi\u00e7\u00f5es da cidade, no \u00faltimo dia 25 e recebeu autoridades regionais, lideran\u00e7as, empres\u00e1rios e profissionais de diversos segmentos. Com programa\u00e7\u00e3o extensa e diversificada, o p\u00fablico teve a oportunidade de acompanhar semin\u00e1rios, palestras, workshops e pain\u00e9is.<\/p>\n\n\n\n<p>Com objetivo de conectar as ind\u00fastrias ao que existe de mais moderno em gest\u00e3o, tecnologias e inova\u00e7\u00f5es, o staff da FIEMG, atrav\u00e9s das unidades SESI, SENAI, IEL e SESI SST, enriqueceu a programa\u00e7\u00e3o do dia. O gerente SESI SENAI Par\u00e1 de Minas, Ruperto Benjamin Cabanellas Veja ministrou a palestra \u201cAcelere o futuro da sua ind\u00fastria\u201d; Carolina Sheng Whei Miaw, do CIT SENAI abordou o tema \u201cA contribui\u00e7\u00e3o do CIT SENAI para o fortalecimento da ind\u00fastria de produtos de origem animal\u201d; a supervisora do SESI SST Ita\u00fana, Karla Cordeiro, apresentou a palestra \u201cComo cuidar da Sa\u00fade e Seguran\u00e7a do Trabalho na ind\u00fastria de alimentos\u201d; o agente de rela\u00e7\u00e3o com o mercado da FIEMG, Edgar Marcucci, explanou sobre \u201cEstrat\u00e9gias para inovar na Ind\u00fastria 4.0\u201d e, para finalizar, o gerente do SENAI Par\u00e1 de Minas, Jo\u00e3o Marcos, apresentou a palestra \u201cA metodologia de inova\u00e7\u00e3o para gera\u00e7\u00e3o de economia e lucratividade\u201d.<\/p>\n\n\n\n<p>Para Edgar Marcucci, a realiza\u00e7\u00e3o do Conex\u00e3o Ind\u00fastria foi ainda mais significativa, j\u00e1 que no dia 25 de maio comemora-se o Dia da Ind\u00fastria. \u201cCom a atua\u00e7\u00e3o de toda equipe de profissionais da FIEMG e apresentando conte\u00fado de qualidade, inserimos a ind\u00fastria no calend\u00e1rio do Expo Conecta, para al\u00e9m do agro\u201d, finalizou.<\/p>\n\n\n\n<figure class=\"wp-block-image size-full\"><img fetchpriority=\"high\" decoding=\"async\" width=\"450\" height=\"448\" src=\"https:\/\/www.fiemg.com.br\/regional-centro-oeste\/wp-content\/uploads\/sites\/16\/2024\/05\/estande-sst-expo-conecta-e1716921581134.jpg\" alt=\"\" class=\"wp-image-2119\" \/><\/figure>\n","protected":false},"featured_media":2118,"template":"","categories":[14],"tags":[],"class_list":["post-2116","noticias","type-noticias","status-publish","has-post-thumbnail","hentry","category-noticias"],"acf":[],"yoast_head":"<!-- This site is optimized with the Yoast SEO plugin v26.2 - https:\/\/yoast.com\/wordpress\/plugins\/seo\/ -->\n<title>3\u00aa edi\u00e7\u00e3o do Conex\u00e3o Ind\u00fastria 4.0 levou inova\u00e7\u00e3o para a Expo Conecta Agro 2024 - Regional Centro-Oeste<\/title>\n<meta name=\"robots\" content=\"index, follow, max-snippet:-1, max-image-preview:large, max-video-preview:-1\" \/>\n<link rel=\"canonical\" href=\"https:\/\/www.fiemg.com.br\/regional-centro-oeste\/noticias\/3a-edicao-do-conexao-industria-4-0-levou-inovacao-para-a-expo-conecta-agro-2024\/\" \/>\n<meta property=\"og:locale\" content=\"pt_BR\" \/>\n<meta property=\"og:type\" content=\"article\" \/>\n<meta property=\"og:title\" content=\"3\u00aa edi\u00e7\u00e3o do Conex\u00e3o Ind\u00fastria 4.0 levou inova\u00e7\u00e3o para a Expo Conecta Agro 2024 - Regional Centro-Oeste\" \/>\n<meta property=\"og:description\" content=\"Uma parceria do SESI SENAI Par\u00e1 de Minas e a Prefeitura Municipal de Par\u00e1 de Minas, com apoio e idealiza\u00e7\u00e3o da FIEMG Regional Centro-Oeste, levou a realiza\u00e7\u00e3o da 3\u00aa edi\u00e7\u00e3o do Conex\u00e3o Ind\u00fastria 4.0 \u2013 Conectando o Centro-Oeste Mineiro ao futuro da ind\u00fastria para dentro da &nbsp;Expo Conecta Agro 2024. O evento aconteceu no Parque [&hellip;]\" \/>\n<meta property=\"og:url\" content=\"https:\/\/www.fiemg.com.br\/regional-centro-oeste\/noticias\/3a-edicao-do-conexao-industria-4-0-levou-inovacao-para-a-expo-conecta-agro-2024\/\" \/>\n<meta property=\"og:site_name\" content=\"Regional Centro-Oeste\" \/>\n<meta property=\"article:modified_time\" content=\"2024-05-28T18:46:50+00:00\" \/>\n<meta property=\"og:image\" content=\"https:\/\/www.fiemg.com.br\/regional-centro-oeste\/wp-content\/uploads\/sites\/16\/2024\/05\/palestra-Edgar-marcucci-expo-conecta-e1716921698238.jpg\" \/>\n\t<meta property=\"og:image:width\" content=\"900\" \/>\n\t<meta property=\"og:image:height\" content=\"901\" \/>\n\t<meta property=\"og:image:type\" content=\"image\/jpeg\" \/>\n<meta name=\"twitter:card\" content=\"summary_large_image\" \/>\n<meta name=\"twitter:label1\" content=\"Est. tempo de leitura\" \/>\n\t<meta name=\"twitter:data1\" content=\"2 minutos\" \/>\n<script type=\"application\/ld+json\" class=\"yoast-schema-graph\">{\"@context\":\"https:\/\/schema.org\",\"@graph\":[{\"@type\":\"WebPage\",\"@id\":\"https:\/\/www.fiemg.com.br\/regional-centro-oeste\/noticias\/3a-edicao-do-conexao-industria-4-0-levou-inovacao-para-a-expo-conecta-agro-2024\/\",\"url\":\"https:\/\/www.fiemg.com.br\/regional-centro-oeste\/noticias\/3a-edicao-do-conexao-industria-4-0-levou-inovacao-para-a-expo-conecta-agro-2024\/\",\"name\":\"3\u00aa edi\u00e7\u00e3o do Conex\u00e3o Ind\u00fastria 4.0 levou inova\u00e7\u00e3o para a Expo Conecta Agro 2024 - Regional Centro-Oeste\",\"isPartOf\":{\"@id\":\"https:\/\/www.fiemg.com.br\/regional-centro-oeste\/#website\"},\"primaryImageOfPage\":{\"@id\":\"https:\/\/www.fiemg.com.br\/regional-centro-oeste\/noticias\/3a-edicao-do-conexao-industria-4-0-levou-inovacao-para-a-expo-conecta-agro-2024\/#primaryimage\"},\"image\":{\"@id\":\"https:\/\/www.fiemg.com.br\/regional-centro-oeste\/noticias\/3a-edicao-do-conexao-industria-4-0-levou-inovacao-para-a-expo-conecta-agro-2024\/#primaryimage\"},\"thumbnailUrl\":\"https:\/\/www.fiemg.com.br\/regional-centro-oeste\/wp-content\/uploads\/sites\/16\/2024\/05\/palestra-Edgar-marcucci-expo-conecta-e1716921698238.jpg\",\"datePublished\":\"2024-05-28T18:41:59+00:00\",\"dateModified\":\"2024-05-28T18:46:50+00:00\",\"breadcrumb\":{\"@id\":\"https:\/\/www.fiemg.com.br\/regional-centro-oeste\/noticias\/3a-edicao-do-conexao-industria-4-0-levou-inovacao-para-a-expo-conecta-agro-2024\/#breadcrumb\"},\"inLanguage\":\"pt-BR\",\"potentialAction\":[{\"@type\":\"ReadAction\",\"target\":[\"https:\/\/www.fiemg.com.br\/regional-centro-oeste\/noticias\/3a-edicao-do-conexao-industria-4-0-levou-inovacao-para-a-expo-conecta-agro-2024\/\"]}]},{\"@type\":\"ImageObject\",\"inLanguage\":\"pt-BR\",\"@id\":\"https:\/\/www.fiemg.com.br\/regional-centro-oeste\/noticias\/3a-edicao-do-conexao-industria-4-0-levou-inovacao-para-a-expo-conecta-agro-2024\/#primaryimage\",\"url\":\"https:\/\/www.fiemg.com.br\/regional-centro-oeste\/wp-content\/uploads\/sites\/16\/2024\/05\/palestra-Edgar-marcucci-expo-conecta-e1716921698238.jpg\",\"contentUrl\":\"https:\/\/www.fiemg.com.br\/regional-centro-oeste\/wp-content\/uploads\/sites\/16\/2024\/05\/palestra-Edgar-marcucci-expo-conecta-e1716921698238.jpg\",\"width\":900,\"height\":901},{\"@type\":\"BreadcrumbList\",\"@id\":\"https:\/\/www.fiemg.com.br\/regional-centro-oeste\/noticias\/3a-edicao-do-conexao-industria-4-0-levou-inovacao-para-a-expo-conecta-agro-2024\/#breadcrumb\",\"itemListElement\":[{\"@type\":\"ListItem\",\"position\":1,\"name\":\"In\u00edcio\",\"item\":\"https:\/\/www.fiemg.com.br\/regional-centro-oeste\/\"},{\"@type\":\"ListItem\",\"position\":2,\"name\":\"3\u00aa edi\u00e7\u00e3o do Conex\u00e3o Ind\u00fastria 4.0 levou inova\u00e7\u00e3o para a Expo Conecta Agro 2024\"}]},{\"@type\":\"WebSite\",\"@id\":\"https:\/\/www.fiemg.com.br\/regional-centro-oeste\/#website\",\"url\":\"https:\/\/www.fiemg.com.br\/regional-centro-oeste\/\",\"name\":\"Regional Centro-Oeste\",\"description\":\"Federa\u00e7\u00e3o das Ind\u00fastrias do Estado de Minas Gerais\",\"publisher\":{\"@id\":\"https:\/\/www.fiemg.com.br\/regional-centro-oeste\/#organization\"},\"potentialAction\":[{\"@type\":\"SearchAction\",\"target\":{\"@type\":\"EntryPoint\",\"urlTemplate\":\"https:\/\/www.fiemg.com.br\/regional-centro-oeste\/?s={search_term_string}\"},\"query-input\":{\"@type\":\"PropertyValueSpecification\",\"valueRequired\":true,\"valueName\":\"search_term_string\"}}],\"inLanguage\":\"pt-BR\"},{\"@type\":\"Organization\",\"@id\":\"https:\/\/www.fiemg.com.br\/regional-centro-oeste\/#organization\",\"name\":\"Regional Centro-Oeste\",\"url\":\"https:\/\/www.fiemg.com.br\/regional-centro-oeste\/\",\"logo\":{\"@type\":\"ImageObject\",\"inLanguage\":\"pt-BR\",\"@id\":\"https:\/\/www.fiemg.com.br\/regional-centro-oeste\/#\/schema\/logo\/image\/\",\"url\":\"https:\/\/www.fiemg.com.br\/regional-centro-oeste\/wp-content\/uploads\/sites\/16\/2023\/02\/Ativo-1.png\",\"contentUrl\":\"https:\/\/www.fiemg.com.br\/regional-centro-oeste\/wp-content\/uploads\/sites\/16\/2023\/02\/Ativo-1.png\",\"width\":563,\"height\":149,\"caption\":\"Regional Centro-Oeste\"},\"image\":{\"@id\":\"https:\/\/www.fiemg.com.br\/regional-centro-oeste\/#\/schema\/logo\/image\/\"}}]}<\/script>\n<!-- \/ Yoast SEO plugin. -->","yoast_head_json":{"title":"3\u00aa edi\u00e7\u00e3o do Conex\u00e3o Ind\u00fastria 4.0 levou inova\u00e7\u00e3o para a Expo Conecta Agro 2024 - Regional Centro-Oeste","robots":{"index":"index","follow":"follow","max-snippet":"max-snippet:-1","max-image-preview":"max-image-preview:large","max-video-preview":"max-video-preview:-1"},"canonical":"https:\/\/www.fiemg.com.br\/regional-centro-oeste\/noticias\/3a-edicao-do-conexao-industria-4-0-levou-inovacao-para-a-expo-conecta-agro-2024\/","og_locale":"pt_BR","og_type":"article","og_title":"3\u00aa edi\u00e7\u00e3o do Conex\u00e3o Ind\u00fastria 4.0 levou inova\u00e7\u00e3o para a Expo Conecta Agro 2024 - Regional Centro-Oeste","og_description":"Uma parceria do SESI SENAI Par\u00e1 de Minas e a Prefeitura Municipal de Par\u00e1 de Minas, com apoio e idealiza\u00e7\u00e3o da FIEMG Regional Centro-Oeste, levou a realiza\u00e7\u00e3o da 3\u00aa edi\u00e7\u00e3o do Conex\u00e3o Ind\u00fastria 4.0 \u2013 Conectando o Centro-Oeste Mineiro ao futuro da ind\u00fastria para dentro da &nbsp;Expo Conecta Agro 2024. O evento aconteceu no Parque [&hellip;]","og_url":"https:\/\/www.fiemg.com.br\/regional-centro-oeste\/noticias\/3a-edicao-do-conexao-industria-4-0-levou-inovacao-para-a-expo-conecta-agro-2024\/","og_site_name":"Regional Centro-Oeste","article_modified_time":"2024-05-28T18:46:50+00:00","og_image":[{"width":900,"height":901,"url":"https:\/\/www.fiemg.com.br\/regional-centro-oeste\/wp-content\/uploads\/sites\/16\/2024\/05\/palestra-Edgar-marcucci-expo-conecta-e1716921698238.jpg","type":"image\/jpeg"}],"twitter_card":"summary_large_image","twitter_misc":{"Est. tempo de leitura":"2 minutos"},"schema":{"@context":"https:\/\/schema.org","@graph":[{"@type":"WebPage","@id":"https:\/\/www.fiemg.com.br\/regional-centro-oeste\/noticias\/3a-edicao-do-conexao-industria-4-0-levou-inovacao-para-a-expo-conecta-agro-2024\/","url":"https:\/\/www.fiemg.com.br\/regional-centro-oeste\/noticias\/3a-edicao-do-conexao-industria-4-0-levou-inovacao-para-a-expo-conecta-agro-2024\/","name":"3\u00aa edi\u00e7\u00e3o do Conex\u00e3o Ind\u00fastria 4.0 levou inova\u00e7\u00e3o para a Expo Conecta Agro 2024 - Regional Centro-Oeste","isPartOf":{"@id":"https:\/\/www.fiemg.com.br\/regional-centro-oeste\/#website"},"primaryImageOfPage":{"@id":"https:\/\/www.fiemg.com.br\/regional-centro-oeste\/noticias\/3a-edicao-do-conexao-industria-4-0-levou-inovacao-para-a-expo-conecta-agro-2024\/#primaryimage"},"image":{"@id":"https:\/\/www.fiemg.com.br\/regional-centro-oeste\/noticias\/3a-edicao-do-conexao-industria-4-0-levou-inovacao-para-a-expo-conecta-agro-2024\/#primaryimage"},"thumbnailUrl":"https:\/\/www.fiemg.com.br\/regional-centro-oeste\/wp-content\/uploads\/sites\/16\/2024\/05\/palestra-Edgar-marcucci-expo-conecta-e1716921698238.jpg","datePublished":"2024-05-28T18:41:59+00:00","dateModified":"2024-05-28T18:46:50+00:00","breadcrumb":{"@id":"https:\/\/www.fiemg.com.br\/regional-centro-oeste\/noticias\/3a-edicao-do-conexao-industria-4-0-levou-inovacao-para-a-expo-conecta-agro-2024\/#breadcrumb"},"inLanguage":"pt-BR","potentialAction":[{"@type":"ReadAction","target":["https:\/\/www.fiemg.com.br\/regional-centro-oeste\/noticias\/3a-edicao-do-conexao-industria-4-0-levou-inovacao-para-a-expo-conecta-agro-2024\/"]}]},{"@type":"ImageObject","inLanguage":"pt-BR","@id":"https:\/\/www.fiemg.com.br\/regional-centro-oeste\/noticias\/3a-edicao-do-conexao-industria-4-0-levou-inovacao-para-a-expo-conecta-agro-2024\/#primaryimage","url":"https:\/\/www.fiemg.com.br\/regional-centro-oeste\/wp-content\/uploads\/sites\/16\/2024\/05\/palestra-Edgar-marcucci-expo-conecta-e1716921698238.jpg","contentUrl":"https:\/\/www.fiemg.com.br\/regional-centro-oeste\/wp-content\/uploads\/sites\/16\/2024\/05\/palestra-Edgar-marcucci-expo-conecta-e1716921698238.jpg","width":900,"height":901},{"@type":"BreadcrumbList","@id":"https:\/\/www.fiemg.com.br\/regional-centro-oeste\/noticias\/3a-edicao-do-conexao-industria-4-0-levou-inovacao-para-a-expo-conecta-agro-2024\/#breadcrumb","itemListElement":[{"@type":"ListItem","position":1,"name":"In\u00edcio","item":"https:\/\/www.fiemg.com.br\/regional-centro-oeste\/"},{"@type":"ListItem","position":2,"name":"3\u00aa edi\u00e7\u00e3o do Conex\u00e3o Ind\u00fastria 4.0 levou inova\u00e7\u00e3o para a Expo Conecta Agro 2024"}]},{"@type":"WebSite","@id":"https:\/\/www.fiemg.com.br\/regional-centro-oeste\/#website","url":"https:\/\/www.fiemg.com.br\/regional-centro-oeste\/","name":"Regional Centro-Oeste","description":"Federa\u00e7\u00e3o das Ind\u00fastrias do Estado de Minas Gerais","publisher":{"@id":"https:\/\/www.fiemg.com.br\/regional-centro-oeste\/#organization"},"potentialAction":[{"@type":"SearchAction","target":{"@type":"EntryPoint","urlTemplate":"https:\/\/www.fiemg.com.br\/regional-centro-oeste\/?s={search_term_string}"},"query-input":{"@type":"PropertyValueSpecification","valueRequired":true,"valueName":"search_term_string"}}],"inLanguage":"pt-BR"},{"@type":"Organization","@id":"https:\/\/www.fiemg.com.br\/regional-centro-oeste\/#organization","name":"Regional Centro-Oeste","url":"https:\/\/www.fiemg.com.br\/regional-centro-oeste\/","logo":{"@type":"ImageObject","inLanguage":"pt-BR","@id":"https:\/\/www.fiemg.com.br\/regional-centro-oeste\/#\/schema\/logo\/image\/","url":"https:\/\/www.fiemg.com.br\/regional-centro-oeste\/wp-content\/uploads\/sites\/16\/2023\/02\/Ativo-1.png","contentUrl":"https:\/\/www.fiemg.com.br\/regional-centro-oeste\/wp-content\/uploads\/sites\/16\/2023\/02\/Ativo-1.png","width":563,"height":149,"caption":"Regional Centro-Oeste"},"image":{"@id":"https:\/\/www.fiemg.com.br\/regional-centro-oeste\/#\/schema\/logo\/image\/"}}]}},"_links":{"self":[{"href":"https:\/\/www.fiemg.com.br\/regional-centro-oeste\/wp-json\/wp\/v2\/noticias\/2116","targetHints":{"allow":["GET"]}}],"collection":[{"href":"https:\/\/www.fiemg.com.br\/regional-centro-oeste\/wp-json\/wp\/v2\/noticias"}],"about":[{"href":"https:\/\/www.fiemg.com.br\/regional-centro-oeste\/wp-json\/wp\/v2\/types\/noticias"}],"wp:featuredmedia":[{"embeddable":true,"href":"https:\/\/www.fiemg.com.br\/regional-centro-oeste\/wp-json\/wp\/v2\/media\/2118"}],"wp:attachment":[{"href":"https:\/\/www.fiemg.com.br\/regional-centro-oeste\/wp-json\/wp\/v2\/media?parent=2116"}],"wp:term":[{"taxonomy":"category","embeddable":true,"href":"https:\/\/www.fiemg.com.br\/regional-centro-oeste\/wp-json\/wp\/v2\/categories?post=2116"},{"taxonomy":"post_tag","embeddable":true,"href":"https:\/\/www.fiemg.com.br\/regional-centro-oeste\/wp-json\/wp\/v2\/tags?post=2116"}],"curies":[{"name":"wp","href":"https:\/\/api.w.org\/{rel}","templated":true}]}}