{"id":2256,"date":"2024-08-12T14:56:19","date_gmt":"2024-08-12T17:56:19","guid":{"rendered":"https:\/\/www.fiemg.com.br\/regional-centro-oeste\/?post_type=noticias&#038;p=2256"},"modified":"2024-08-12T15:00:34","modified_gmt":"2024-08-12T18:00:34","slug":"mundo-senai-unidade-de-itauna-apresenta-programacao-diversificada-a-populacao","status":"publish","type":"noticias","link":"https:\/\/www.fiemg.com.br\/regional-centro-oeste\/noticias\/mundo-senai-unidade-de-itauna-apresenta-programacao-diversificada-a-populacao\/","title":{"rendered":"MUNDO SENAI: Unidade de Ita\u00fana apresenta programa\u00e7\u00e3o diversificada \u00e0 popula\u00e7\u00e3o"},"content":{"rendered":"\n<p>Na \u00faltima semana, o Servi\u00e7o Nacional de Aprendizagem Industrial (SENAI) abriu suas portas para a 16\u00aa edi\u00e7\u00e3o do Mundo SENAI, um evento nacional que oportunizou \u00e0 comunidade conhecer de perto a infraestrutura, cursos e solu\u00e7\u00f5es oferecidos pela institui\u00e7\u00e3o.<\/p>\n\n\n\n<p>Realizado anualmente, o Mundo SENAI tem como objetivo despertar o interesse da comunidade local e das empresas vizinhas, promovendo a aproxima\u00e7\u00e3o e a forma\u00e7\u00e3o de futuros alunos e parceiros. Em Minas Gerais, o evento foi realizado em 21 unidades espalhadas por diversas regi\u00f5es do estado, oferecendo uma oportunidade \u00fanica para que visitantes conhe\u00e7am as instala\u00e7\u00f5es e as diversas op\u00e7\u00f5es de cursos t\u00e9cnicos, de qualifica\u00e7\u00e3o e de aperfei\u00e7oamento profissional. Al\u00e9m disso, as empresas poder\u00e3o descobrir solu\u00e7\u00f5es inovadoras e tecnol\u00f3gicas que podem impulsionar seus neg\u00f3cios.<\/p>\n\n\n\n<p>Em Ita\u00fana, uma vasta programa\u00e7\u00e3o chamou aten\u00e7\u00e3o da comunidade. Alunos das escolas da rede estadual de ensino e escolas particulares puderam visitar e conhecer os cursos e atividades dispon\u00edveis; empresas locais apresentaram seus produtos e processos de fabrica\u00e7\u00e3o e alunos dos cursos de Aprendizagem Industrial apresentaram trabalhos desenvolvidos a partir do conte\u00fado aprendido em sala de aula e oficinas. Tamb\u00e9m foram realizadas palestras t\u00e9cnicas com o foco na forma\u00e7\u00e3o profissional atrav\u00e9s dos cursos do SENAI e nas reais necessidades do mercado de trabalho.<\/p>\n\n\n\n<p>A Unidade de Sa\u00fade e Seguran\u00e7a no Trabalho do SESI Ita\u00fana tamb\u00e9m contribuiu com a programa\u00e7\u00e3o do Mundo SENAI atrav\u00e9s de palestra com objetivo de despertar nos alunos a import\u00e2ncia do papel de cada um nas situa\u00e7\u00f5es de trabalho no dia a dia, bem como trazer formas de contribui\u00e7\u00e3o para com a seguran\u00e7a e sa\u00fade no trabalho, pensando na forma\u00e7\u00e3o qualificada das futuras lideran\u00e7as na ind\u00fastria.<\/p>\n\n\n\n<p>De acordo com o gerente do SENAI Ita\u00fana, Marco T\u00falio da Fonseca, o Mundo SENAI \u00e9 uma excelente oportunidade para que a comunidade em geral possa conhecer a atua\u00e7\u00e3o das unidades e seu impacto no desenvolvimento da ind\u00fastria. \u201cAbrimos as portas para a comunidade e, principalmente a comunidade estudantil, para que possa conhecer a grande estrutura t\u00e9cnica, cursos e oficinas que o SENAI disp\u00f5e para a forma\u00e7\u00e3o profissional. Com o SENAI os jovens podem escolher uma profiss\u00e3o reconhecida e valorizada pelo mercado e assim, iniciar sua trajet\u00f3ria profissional e&nbsp;a forma\u00e7\u00e3o de uma carreira dentro da ind\u00fastria\u201d, enfatizou.<\/p>\n\n\n\n<p>Em todo o estado, a edi\u00e7\u00e3o de 2024 apresentou uma programa\u00e7\u00e3o variada que incluiu visitas guiadas, workshops, palestras, demonstra\u00e7\u00f5es pr\u00e1ticas e muito mais. \u00c9 uma chance imperd\u00edvel para quem deseja conhecer melhor o mundo da ind\u00fastria e as oportunidades de capacita\u00e7\u00e3o oferecidas pelo SENAI-MG.<\/p>\n\n\n\n<figure class=\"wp-block-image size-large is-resized\"><img fetchpriority=\"high\" decoding=\"async\" width=\"920\" height=\"1024\" src=\"https:\/\/www.fiemg.com.br\/regional-centro-oeste\/wp-content\/uploads\/sites\/16\/2024\/08\/Visita-ao-Laboratorio-Quimico-920x1024.jpeg\" alt=\"\" class=\"wp-image-2257\" style=\"width:360px;height:auto\" \/><\/figure>\n\n\n\n<figure class=\"wp-block-image size-large is-resized is-style-default\"><img decoding=\"async\" width=\"1024\" height=\"768\" src=\"https:\/\/www.fiemg.com.br\/regional-centro-oeste\/wp-content\/uploads\/sites\/16\/2024\/08\/Palestra_Mundo-SENAI_2024-4-1024x768.jpeg\" alt=\"\" class=\"wp-image-2258\" style=\"width:319px;height:auto\" \/><\/figure>\n","protected":false},"featured_media":2259,"template":"","categories":[14],"tags":[],"class_list":["post-2256","noticias","type-noticias","status-publish","has-post-thumbnail","hentry","category-noticias"],"acf":[],"yoast_head":"<!-- This site is optimized with the Yoast SEO plugin v26.2 - https:\/\/yoast.com\/wordpress\/plugins\/seo\/ -->\n<title>MUNDO SENAI: Unidade de Ita\u00fana apresenta programa\u00e7\u00e3o diversificada \u00e0 popula\u00e7\u00e3o - Regional Centro-Oeste<\/title>\n<meta name=\"robots\" content=\"index, follow, max-snippet:-1, max-image-preview:large, max-video-preview:-1\" \/>\n<link rel=\"canonical\" href=\"https:\/\/www.fiemg.com.br\/regional-centro-oeste\/noticias\/mundo-senai-unidade-de-itauna-apresenta-programacao-diversificada-a-populacao\/\" \/>\n<meta property=\"og:locale\" content=\"pt_BR\" \/>\n<meta property=\"og:type\" content=\"article\" \/>\n<meta property=\"og:title\" content=\"MUNDO SENAI: Unidade de Ita\u00fana apresenta programa\u00e7\u00e3o diversificada \u00e0 popula\u00e7\u00e3o - Regional Centro-Oeste\" \/>\n<meta property=\"og:description\" content=\"Na \u00faltima semana, o Servi\u00e7o Nacional de Aprendizagem Industrial (SENAI) abriu suas portas para a 16\u00aa edi\u00e7\u00e3o do Mundo SENAI, um evento nacional que oportunizou \u00e0 comunidade conhecer de perto a infraestrutura, cursos e solu\u00e7\u00f5es oferecidos pela institui\u00e7\u00e3o. Realizado anualmente, o Mundo SENAI tem como objetivo despertar o interesse da comunidade local e das empresas [&hellip;]\" \/>\n<meta property=\"og:url\" content=\"https:\/\/www.fiemg.com.br\/regional-centro-oeste\/noticias\/mundo-senai-unidade-de-itauna-apresenta-programacao-diversificada-a-populacao\/\" \/>\n<meta property=\"og:site_name\" content=\"Regional Centro-Oeste\" \/>\n<meta property=\"article:modified_time\" content=\"2024-08-12T18:00:34+00:00\" \/>\n<meta property=\"og:image\" content=\"https:\/\/www.fiemg.com.br\/regional-centro-oeste\/wp-content\/uploads\/sites\/16\/2024\/08\/Melhores-Momentos-e1723485626833.jpeg\" \/>\n\t<meta property=\"og:image:width\" content=\"956\" \/>\n\t<meta property=\"og:image:height\" content=\"956\" \/>\n\t<meta property=\"og:image:type\" content=\"image\/jpeg\" \/>\n<meta name=\"twitter:card\" content=\"summary_large_image\" \/>\n<meta name=\"twitter:label1\" content=\"Est. tempo de leitura\" \/>\n\t<meta name=\"twitter:data1\" content=\"3 minutos\" \/>\n<script type=\"application\/ld+json\" class=\"yoast-schema-graph\">{\"@context\":\"https:\/\/schema.org\",\"@graph\":[{\"@type\":\"WebPage\",\"@id\":\"https:\/\/www.fiemg.com.br\/regional-centro-oeste\/noticias\/mundo-senai-unidade-de-itauna-apresenta-programacao-diversificada-a-populacao\/\",\"url\":\"https:\/\/www.fiemg.com.br\/regional-centro-oeste\/noticias\/mundo-senai-unidade-de-itauna-apresenta-programacao-diversificada-a-populacao\/\",\"name\":\"MUNDO SENAI: Unidade de Ita\u00fana apresenta programa\u00e7\u00e3o diversificada \u00e0 popula\u00e7\u00e3o - Regional Centro-Oeste\",\"isPartOf\":{\"@id\":\"https:\/\/www.fiemg.com.br\/regional-centro-oeste\/#website\"},\"primaryImageOfPage\":{\"@id\":\"https:\/\/www.fiemg.com.br\/regional-centro-oeste\/noticias\/mundo-senai-unidade-de-itauna-apresenta-programacao-diversificada-a-populacao\/#primaryimage\"},\"image\":{\"@id\":\"https:\/\/www.fiemg.com.br\/regional-centro-oeste\/noticias\/mundo-senai-unidade-de-itauna-apresenta-programacao-diversificada-a-populacao\/#primaryimage\"},\"thumbnailUrl\":\"https:\/\/www.fiemg.com.br\/regional-centro-oeste\/wp-content\/uploads\/sites\/16\/2024\/08\/Melhores-Momentos-e1723485626833.jpeg\",\"datePublished\":\"2024-08-12T17:56:19+00:00\",\"dateModified\":\"2024-08-12T18:00:34+00:00\",\"breadcrumb\":{\"@id\":\"https:\/\/www.fiemg.com.br\/regional-centro-oeste\/noticias\/mundo-senai-unidade-de-itauna-apresenta-programacao-diversificada-a-populacao\/#breadcrumb\"},\"inLanguage\":\"pt-BR\",\"potentialAction\":[{\"@type\":\"ReadAction\",\"target\":[\"https:\/\/www.fiemg.com.br\/regional-centro-oeste\/noticias\/mundo-senai-unidade-de-itauna-apresenta-programacao-diversificada-a-populacao\/\"]}]},{\"@type\":\"ImageObject\",\"inLanguage\":\"pt-BR\",\"@id\":\"https:\/\/www.fiemg.com.br\/regional-centro-oeste\/noticias\/mundo-senai-unidade-de-itauna-apresenta-programacao-diversificada-a-populacao\/#primaryimage\",\"url\":\"https:\/\/www.fiemg.com.br\/regional-centro-oeste\/wp-content\/uploads\/sites\/16\/2024\/08\/Melhores-Momentos-e1723485626833.jpeg\",\"contentUrl\":\"https:\/\/www.fiemg.com.br\/regional-centro-oeste\/wp-content\/uploads\/sites\/16\/2024\/08\/Melhores-Momentos-e1723485626833.jpeg\",\"width\":956,\"height\":956},{\"@type\":\"BreadcrumbList\",\"@id\":\"https:\/\/www.fiemg.com.br\/regional-centro-oeste\/noticias\/mundo-senai-unidade-de-itauna-apresenta-programacao-diversificada-a-populacao\/#breadcrumb\",\"itemListElement\":[{\"@type\":\"ListItem\",\"position\":1,\"name\":\"In\u00edcio\",\"item\":\"https:\/\/www.fiemg.com.br\/regional-centro-oeste\/\"},{\"@type\":\"ListItem\",\"position\":2,\"name\":\"MUNDO SENAI: Unidade de Ita\u00fana apresenta programa\u00e7\u00e3o diversificada \u00e0 popula\u00e7\u00e3o\"}]},{\"@type\":\"WebSite\",\"@id\":\"https:\/\/www.fiemg.com.br\/regional-centro-oeste\/#website\",\"url\":\"https:\/\/www.fiemg.com.br\/regional-centro-oeste\/\",\"name\":\"Regional Centro-Oeste\",\"description\":\"Federa\u00e7\u00e3o das Ind\u00fastrias do Estado de Minas Gerais\",\"publisher\":{\"@id\":\"https:\/\/www.fiemg.com.br\/regional-centro-oeste\/#organization\"},\"potentialAction\":[{\"@type\":\"SearchAction\",\"target\":{\"@type\":\"EntryPoint\",\"urlTemplate\":\"https:\/\/www.fiemg.com.br\/regional-centro-oeste\/?s={search_term_string}\"},\"query-input\":{\"@type\":\"PropertyValueSpecification\",\"valueRequired\":true,\"valueName\":\"search_term_string\"}}],\"inLanguage\":\"pt-BR\"},{\"@type\":\"Organization\",\"@id\":\"https:\/\/www.fiemg.com.br\/regional-centro-oeste\/#organization\",\"name\":\"Regional Centro-Oeste\",\"url\":\"https:\/\/www.fiemg.com.br\/regional-centro-oeste\/\",\"logo\":{\"@type\":\"ImageObject\",\"inLanguage\":\"pt-BR\",\"@id\":\"https:\/\/www.fiemg.com.br\/regional-centro-oeste\/#\/schema\/logo\/image\/\",\"url\":\"https:\/\/www.fiemg.com.br\/regional-centro-oeste\/wp-content\/uploads\/sites\/16\/2023\/02\/Ativo-1.png\",\"contentUrl\":\"https:\/\/www.fiemg.com.br\/regional-centro-oeste\/wp-content\/uploads\/sites\/16\/2023\/02\/Ativo-1.png\",\"width\":563,\"height\":149,\"caption\":\"Regional Centro-Oeste\"},\"image\":{\"@id\":\"https:\/\/www.fiemg.com.br\/regional-centro-oeste\/#\/schema\/logo\/image\/\"}}]}<\/script>\n<!-- \/ Yoast SEO plugin. -->","yoast_head_json":{"title":"MUNDO SENAI: Unidade de Ita\u00fana apresenta programa\u00e7\u00e3o diversificada \u00e0 popula\u00e7\u00e3o - Regional Centro-Oeste","robots":{"index":"index","follow":"follow","max-snippet":"max-snippet:-1","max-image-preview":"max-image-preview:large","max-video-preview":"max-video-preview:-1"},"canonical":"https:\/\/www.fiemg.com.br\/regional-centro-oeste\/noticias\/mundo-senai-unidade-de-itauna-apresenta-programacao-diversificada-a-populacao\/","og_locale":"pt_BR","og_type":"article","og_title":"MUNDO SENAI: Unidade de Ita\u00fana apresenta programa\u00e7\u00e3o diversificada \u00e0 popula\u00e7\u00e3o - Regional Centro-Oeste","og_description":"Na \u00faltima semana, o Servi\u00e7o Nacional de Aprendizagem Industrial (SENAI) abriu suas portas para a 16\u00aa edi\u00e7\u00e3o do Mundo SENAI, um evento nacional que oportunizou \u00e0 comunidade conhecer de perto a infraestrutura, cursos e solu\u00e7\u00f5es oferecidos pela institui\u00e7\u00e3o. Realizado anualmente, o Mundo SENAI tem como objetivo despertar o interesse da comunidade local e das empresas [&hellip;]","og_url":"https:\/\/www.fiemg.com.br\/regional-centro-oeste\/noticias\/mundo-senai-unidade-de-itauna-apresenta-programacao-diversificada-a-populacao\/","og_site_name":"Regional Centro-Oeste","article_modified_time":"2024-08-12T18:00:34+00:00","og_image":[{"width":956,"height":956,"url":"https:\/\/www.fiemg.com.br\/regional-centro-oeste\/wp-content\/uploads\/sites\/16\/2024\/08\/Melhores-Momentos-e1723485626833.jpeg","type":"image\/jpeg"}],"twitter_card":"summary_large_image","twitter_misc":{"Est. tempo de leitura":"3 minutos"},"schema":{"@context":"https:\/\/schema.org","@graph":[{"@type":"WebPage","@id":"https:\/\/www.fiemg.com.br\/regional-centro-oeste\/noticias\/mundo-senai-unidade-de-itauna-apresenta-programacao-diversificada-a-populacao\/","url":"https:\/\/www.fiemg.com.br\/regional-centro-oeste\/noticias\/mundo-senai-unidade-de-itauna-apresenta-programacao-diversificada-a-populacao\/","name":"MUNDO SENAI: Unidade de Ita\u00fana apresenta programa\u00e7\u00e3o diversificada \u00e0 popula\u00e7\u00e3o - Regional Centro-Oeste","isPartOf":{"@id":"https:\/\/www.fiemg.com.br\/regional-centro-oeste\/#website"},"primaryImageOfPage":{"@id":"https:\/\/www.fiemg.com.br\/regional-centro-oeste\/noticias\/mundo-senai-unidade-de-itauna-apresenta-programacao-diversificada-a-populacao\/#primaryimage"},"image":{"@id":"https:\/\/www.fiemg.com.br\/regional-centro-oeste\/noticias\/mundo-senai-unidade-de-itauna-apresenta-programacao-diversificada-a-populacao\/#primaryimage"},"thumbnailUrl":"https:\/\/www.fiemg.com.br\/regional-centro-oeste\/wp-content\/uploads\/sites\/16\/2024\/08\/Melhores-Momentos-e1723485626833.jpeg","datePublished":"2024-08-12T17:56:19+00:00","dateModified":"2024-08-12T18:00:34+00:00","breadcrumb":{"@id":"https:\/\/www.fiemg.com.br\/regional-centro-oeste\/noticias\/mundo-senai-unidade-de-itauna-apresenta-programacao-diversificada-a-populacao\/#breadcrumb"},"inLanguage":"pt-BR","potentialAction":[{"@type":"ReadAction","target":["https:\/\/www.fiemg.com.br\/regional-centro-oeste\/noticias\/mundo-senai-unidade-de-itauna-apresenta-programacao-diversificada-a-populacao\/"]}]},{"@type":"ImageObject","inLanguage":"pt-BR","@id":"https:\/\/www.fiemg.com.br\/regional-centro-oeste\/noticias\/mundo-senai-unidade-de-itauna-apresenta-programacao-diversificada-a-populacao\/#primaryimage","url":"https:\/\/www.fiemg.com.br\/regional-centro-oeste\/wp-content\/uploads\/sites\/16\/2024\/08\/Melhores-Momentos-e1723485626833.jpeg","contentUrl":"https:\/\/www.fiemg.com.br\/regional-centro-oeste\/wp-content\/uploads\/sites\/16\/2024\/08\/Melhores-Momentos-e1723485626833.jpeg","width":956,"height":956},{"@type":"BreadcrumbList","@id":"https:\/\/www.fiemg.com.br\/regional-centro-oeste\/noticias\/mundo-senai-unidade-de-itauna-apresenta-programacao-diversificada-a-populacao\/#breadcrumb","itemListElement":[{"@type":"ListItem","position":1,"name":"In\u00edcio","item":"https:\/\/www.fiemg.com.br\/regional-centro-oeste\/"},{"@type":"ListItem","position":2,"name":"MUNDO SENAI: Unidade de Ita\u00fana apresenta programa\u00e7\u00e3o diversificada \u00e0 popula\u00e7\u00e3o"}]},{"@type":"WebSite","@id":"https:\/\/www.fiemg.com.br\/regional-centro-oeste\/#website","url":"https:\/\/www.fiemg.com.br\/regional-centro-oeste\/","name":"Regional Centro-Oeste","description":"Federa\u00e7\u00e3o das Ind\u00fastrias do Estado de Minas Gerais","publisher":{"@id":"https:\/\/www.fiemg.com.br\/regional-centro-oeste\/#organization"},"potentialAction":[{"@type":"SearchAction","target":{"@type":"EntryPoint","urlTemplate":"https:\/\/www.fiemg.com.br\/regional-centro-oeste\/?s={search_term_string}"},"query-input":{"@type":"PropertyValueSpecification","valueRequired":true,"valueName":"search_term_string"}}],"inLanguage":"pt-BR"},{"@type":"Organization","@id":"https:\/\/www.fiemg.com.br\/regional-centro-oeste\/#organization","name":"Regional Centro-Oeste","url":"https:\/\/www.fiemg.com.br\/regional-centro-oeste\/","logo":{"@type":"ImageObject","inLanguage":"pt-BR","@id":"https:\/\/www.fiemg.com.br\/regional-centro-oeste\/#\/schema\/logo\/image\/","url":"https:\/\/www.fiemg.com.br\/regional-centro-oeste\/wp-content\/uploads\/sites\/16\/2023\/02\/Ativo-1.png","contentUrl":"https:\/\/www.fiemg.com.br\/regional-centro-oeste\/wp-content\/uploads\/sites\/16\/2023\/02\/Ativo-1.png","width":563,"height":149,"caption":"Regional Centro-Oeste"},"image":{"@id":"https:\/\/www.fiemg.com.br\/regional-centro-oeste\/#\/schema\/logo\/image\/"}}]}},"_links":{"self":[{"href":"https:\/\/www.fiemg.com.br\/regional-centro-oeste\/wp-json\/wp\/v2\/noticias\/2256","targetHints":{"allow":["GET"]}}],"collection":[{"href":"https:\/\/www.fiemg.com.br\/regional-centro-oeste\/wp-json\/wp\/v2\/noticias"}],"about":[{"href":"https:\/\/www.fiemg.com.br\/regional-centro-oeste\/wp-json\/wp\/v2\/types\/noticias"}],"wp:featuredmedia":[{"embeddable":true,"href":"https:\/\/www.fiemg.com.br\/regional-centro-oeste\/wp-json\/wp\/v2\/media\/2259"}],"wp:attachment":[{"href":"https:\/\/www.fiemg.com.br\/regional-centro-oeste\/wp-json\/wp\/v2\/media?parent=2256"}],"wp:term":[{"taxonomy":"category","embeddable":true,"href":"https:\/\/www.fiemg.com.br\/regional-centro-oeste\/wp-json\/wp\/v2\/categories?post=2256"},{"taxonomy":"post_tag","embeddable":true,"href":"https:\/\/www.fiemg.com.br\/regional-centro-oeste\/wp-json\/wp\/v2\/tags?post=2256"}],"curies":[{"name":"wp","href":"https:\/\/api.w.org\/{rel}","templated":true}]}}