{"id":2531,"date":"2024-11-01T14:17:54","date_gmt":"2024-11-01T17:17:54","guid":{"rendered":"https:\/\/www.fiemg.com.br\/regional-centro-oeste\/?post_type=noticias&#038;p=2531"},"modified":"2024-11-01T14:17:55","modified_gmt":"2024-11-01T17:17:55","slug":"agencia-de-desenvolvimento-novo-oeste-apresenta-case-de-sucesso-no-sebrae-mg","status":"publish","type":"noticias","link":"https:\/\/www.fiemg.com.br\/regional-centro-oeste\/noticias\/agencia-de-desenvolvimento-novo-oeste-apresenta-case-de-sucesso-no-sebrae-mg\/","title":{"rendered":"Ag\u00eancia de Desenvolvimento Novo Oeste apresenta case de sucesso no Sebrae-MG"},"content":{"rendered":"\n<p>A for\u00e7a do Centro-Oeste Mineiro, potencializada pela Ag\u00eancia de Desenvolvimento Novo Oeste em Divin\u00f3polis, foi aplaudida por autoridades de v\u00e1rias entidades e associa\u00e7\u00f5es de Minas Gerais. A 10\u00aa Reuni\u00e3o Ordin\u00e1ria de 2024 do Sebrae-MG foi realizada em Belo Horizonte, nesta segunda-feira (28), com o objetivo de aprovar pol\u00edticas, diretrizes e objetivos do Servi\u00e7o Brasileiro de Apoio \u00e0s Micro e Pequenas Empresas. A Ag\u00eancia Novo Oeste foi representada pelo 1\u00ba Vice-Presidente, que \u00e9 tamb\u00e9m presidente da FIEMG Regional Centro-Oeste, Eduardo Soares, a 1\u00aa Secret\u00e1ria, Sara Maira, o Secret\u00e1rio Executivo, Marcelo Augusto e pelos integrantes do Sebrae na regi\u00e3o, Leonardo M\u00f3l Ara\u00fajo, da diretoria de Opera\u00e7\u00f5es da Regional Centro-Oeste e Sudoeste e D\u00eanis Magela, analista de neg\u00f3cios.<\/p>\n\n\n\n<p>Os Conselheiros do Sebrae-MG conheceram o case de sucesso \u201cJuntos Uma Nova Hist\u00f3ria\u201d, que mostra a linha do tempo desde a forma\u00e7\u00e3o dos L\u00edderes da Regi\u00e3o Centro-Oeste at\u00e9 as entregas efetivas que a Ag\u00eancia impulsiona em prol do desenvolvimento econ\u00f4mico sustent\u00e1vel. Um dos grandes avan\u00e7os \u00e9 o Projeto Mais Gr\u00e3os que incentiva o cultivo de soja e milho, j\u00e1 que 82% dos insumos para avicultura eram comprados em outros estados. Com o projeto e o plantio de gr\u00e3os na regi\u00e3o Centro-Oeste, metade dos insumos passou a ser negociada diretamente em terras mineiras. O projeto, desenvolvido em parceria com a empresa Avivar Alimentos e agricultores, possibilitou um novo cap\u00edtulo para o crescimento do agro, mais trabalho e renda, e oportunidades de neg\u00f3cios.<\/p>\n\n\n\n<p>O vice-presidente da Ag\u00eancia de Desenvolvimento e presidente da FIEMG Regional Centro-Oeste, Eduardo Soares, est\u00e1 \u00e1 frente de um dos grupos tem\u00e1ticos da Ag\u00eancia Novo Oeste, o Agroneg\u00f3cio e Turismo. De acordo com o l\u00edder empresarial, a avalia\u00e7\u00e3o do primeiro ano de atua\u00e7\u00e3o da Ag\u00eancia de Desenvolvimento \u00e9 positiva e a expectativa \u00e9 que novas a\u00e7\u00f5es sejam implementadas no pr\u00f3ximo ano. \u201cArticulamos muitas frentes e, na \u00e1rea do Agroturismo, planejamos diversas a\u00e7\u00f5es, algumas j\u00e1 com atividades em andamento; estamos felizes com o trabalho que a Ag\u00eancia de Desenvolvimento vem realizando e esperamos mais parcerias e a\u00e7\u00f5es transformadoras para 2025\u201d, enfatizou Eduardo Soares.<\/p>\n\n\n\n<p>Diversidade<\/p>\n\n\n\n<p>A Ag\u00eancia Novo Oeste foi criada a partir da forma\u00e7\u00e3o do programa L\u00cdDER \u2013 Lideran\u00e7as do Desenvolvimento Regional, iniciado no ano de 2019, por uma iniciativa do SEBRAE-MG e de autoridades locais. A inten\u00e7\u00e3o \u00e9 unir for\u00e7as para fomentar a economia, incentivar o desenvolvimento econ\u00f4mico e criar melhores ambientes de neg\u00f3cios no territ\u00f3rio. Com o fortalecimento da Ag\u00eancia, diversos trabalhos foram criados e tamb\u00e9m viraram exemplos para outras regi\u00f5es, como a Cartilha de Ambi\u00eancia Legal para os munic\u00edpios; o pacto pelo Ecossistema de Inova\u00e7\u00e3o Inova Novo Oeste e a cria\u00e7\u00e3o do CIMMVI \u2013 Cons\u00f3rcio Intermunicipal Multifinalit\u00e1rio dos Munic\u00edpios do Vale do Itapecerica &#8211; para prestar servi\u00e7os de Licenciamento Ambiental aos munic\u00edpios.<\/p>\n\n\n\n<p>Os Conselheiros do Sebrae-MG manifestaram elogios e respaldaram as a\u00e7\u00f5es que est\u00e3o alinhadas com os prop\u00f3sitos dos \u00f3rg\u00e3os e dos governos, em prol do desenvolvimento sustent\u00e1vel. A Ag\u00eancia \u00e9 a uni\u00e3o dos esfor\u00e7os do Poder P\u00fablico, da Iniciativa Privada e das Universidades, para repensar as pr\u00e1ticas e construir um novo Centro-Oeste de Minas at\u00e9 2030. Os tr\u00eas macros objetivos da Ag\u00eancia s\u00e3o: 1) Ambi\u00eancia Legal favor\u00e1vel aos neg\u00f3cios; 2) Infraestrutura para atra\u00e7\u00e3o de investimentos e apoio aos neg\u00f3cios; 3) Integra\u00e7\u00e3o da Academia e dos Setores Produtivos.<\/p>\n\n\n\n<figure class=\"wp-block-image size-large is-resized\"><img fetchpriority=\"high\" decoding=\"async\" width=\"1024\" height=\"682\" src=\"https:\/\/www.fiemg.com.br\/regional-centro-oeste\/wp-content\/uploads\/sites\/16\/2024\/11\/reuniao-sebrae-grupo-novo-oeste-1024x682.jpg\" alt=\"\" class=\"wp-image-2532\" style=\"width:536px;height:auto\" srcset=\"https:\/\/www.fiemg.com.br\/regional-centro-oeste\/wp-content\/uploads\/sites\/16\/2024\/11\/reuniao-sebrae-grupo-novo-oeste-1024x682.jpg 1024w, https:\/\/www.fiemg.com.br\/regional-centro-oeste\/wp-content\/uploads\/sites\/16\/2024\/11\/reuniao-sebrae-grupo-novo-oeste-300x200.jpg 300w, https:\/\/www.fiemg.com.br\/regional-centro-oeste\/wp-content\/uploads\/sites\/16\/2024\/11\/reuniao-sebrae-grupo-novo-oeste-768x512.jpg 768w, https:\/\/www.fiemg.com.br\/regional-centro-oeste\/wp-content\/uploads\/sites\/16\/2024\/11\/reuniao-sebrae-grupo-novo-oeste-1536x1023.jpg 1536w, https:\/\/www.fiemg.com.br\/regional-centro-oeste\/wp-content\/uploads\/sites\/16\/2024\/11\/reuniao-sebrae-grupo-novo-oeste.jpg 1600w\" sizes=\"(max-width: 1024px) 100vw, 1024px\" \/><\/figure>\n","protected":false},"featured_media":2538,"template":"","categories":[],"tags":[],"class_list":["post-2531","noticias","type-noticias","status-publish","has-post-thumbnail","hentry"],"acf":[],"yoast_head":"<!-- This site is optimized with the Yoast SEO plugin v26.2 - https:\/\/yoast.com\/wordpress\/plugins\/seo\/ -->\n<title>Ag\u00eancia de Desenvolvimento Novo Oeste apresenta case de sucesso no Sebrae-MG - Regional Centro-Oeste<\/title>\n<meta name=\"robots\" content=\"index, follow, max-snippet:-1, max-image-preview:large, max-video-preview:-1\" \/>\n<link rel=\"canonical\" href=\"https:\/\/www.fiemg.com.br\/regional-centro-oeste\/noticias\/agencia-de-desenvolvimento-novo-oeste-apresenta-case-de-sucesso-no-sebrae-mg\/\" \/>\n<meta property=\"og:locale\" content=\"pt_BR\" \/>\n<meta property=\"og:type\" content=\"article\" \/>\n<meta property=\"og:title\" content=\"Ag\u00eancia de Desenvolvimento Novo Oeste apresenta case de sucesso no Sebrae-MG - Regional Centro-Oeste\" \/>\n<meta property=\"og:description\" content=\"A for\u00e7a do Centro-Oeste Mineiro, potencializada pela Ag\u00eancia de Desenvolvimento Novo Oeste em Divin\u00f3polis, foi aplaudida por autoridades de v\u00e1rias entidades e associa\u00e7\u00f5es de Minas Gerais. A 10\u00aa Reuni\u00e3o Ordin\u00e1ria de 2024 do Sebrae-MG foi realizada em Belo Horizonte, nesta segunda-feira (28), com o objetivo de aprovar pol\u00edticas, diretrizes e objetivos do Servi\u00e7o Brasileiro de [&hellip;]\" \/>\n<meta property=\"og:url\" content=\"https:\/\/www.fiemg.com.br\/regional-centro-oeste\/noticias\/agencia-de-desenvolvimento-novo-oeste-apresenta-case-de-sucesso-no-sebrae-mg\/\" \/>\n<meta property=\"og:site_name\" content=\"Regional Centro-Oeste\" \/>\n<meta property=\"article:modified_time\" content=\"2024-11-01T17:17:55+00:00\" \/>\n<meta property=\"og:image\" content=\"https:\/\/www.fiemg.com.br\/regional-centro-oeste\/wp-content\/uploads\/sites\/16\/2024\/11\/vp-regional-reuniao-novo-oeste-sebrae-e1730481462248.jpg\" \/>\n\t<meta property=\"og:image:width\" content=\"1066\" \/>\n\t<meta property=\"og:image:height\" content=\"1066\" \/>\n\t<meta property=\"og:image:type\" content=\"image\/jpeg\" \/>\n<meta name=\"twitter:card\" content=\"summary_large_image\" \/>\n<meta name=\"twitter:label1\" content=\"Est. tempo de leitura\" \/>\n\t<meta name=\"twitter:data1\" content=\"4 minutos\" \/>\n<script type=\"application\/ld+json\" class=\"yoast-schema-graph\">{\"@context\":\"https:\/\/schema.org\",\"@graph\":[{\"@type\":\"WebPage\",\"@id\":\"https:\/\/www.fiemg.com.br\/regional-centro-oeste\/noticias\/agencia-de-desenvolvimento-novo-oeste-apresenta-case-de-sucesso-no-sebrae-mg\/\",\"url\":\"https:\/\/www.fiemg.com.br\/regional-centro-oeste\/noticias\/agencia-de-desenvolvimento-novo-oeste-apresenta-case-de-sucesso-no-sebrae-mg\/\",\"name\":\"Ag\u00eancia de Desenvolvimento Novo Oeste apresenta case de sucesso no Sebrae-MG - Regional Centro-Oeste\",\"isPartOf\":{\"@id\":\"https:\/\/www.fiemg.com.br\/regional-centro-oeste\/#website\"},\"primaryImageOfPage\":{\"@id\":\"https:\/\/www.fiemg.com.br\/regional-centro-oeste\/noticias\/agencia-de-desenvolvimento-novo-oeste-apresenta-case-de-sucesso-no-sebrae-mg\/#primaryimage\"},\"image\":{\"@id\":\"https:\/\/www.fiemg.com.br\/regional-centro-oeste\/noticias\/agencia-de-desenvolvimento-novo-oeste-apresenta-case-de-sucesso-no-sebrae-mg\/#primaryimage\"},\"thumbnailUrl\":\"https:\/\/www.fiemg.com.br\/regional-centro-oeste\/wp-content\/uploads\/sites\/16\/2024\/11\/vp-regional-reuniao-novo-oeste-sebrae-e1730481462248.jpg\",\"datePublished\":\"2024-11-01T17:17:54+00:00\",\"dateModified\":\"2024-11-01T17:17:55+00:00\",\"breadcrumb\":{\"@id\":\"https:\/\/www.fiemg.com.br\/regional-centro-oeste\/noticias\/agencia-de-desenvolvimento-novo-oeste-apresenta-case-de-sucesso-no-sebrae-mg\/#breadcrumb\"},\"inLanguage\":\"pt-BR\",\"potentialAction\":[{\"@type\":\"ReadAction\",\"target\":[\"https:\/\/www.fiemg.com.br\/regional-centro-oeste\/noticias\/agencia-de-desenvolvimento-novo-oeste-apresenta-case-de-sucesso-no-sebrae-mg\/\"]}]},{\"@type\":\"ImageObject\",\"inLanguage\":\"pt-BR\",\"@id\":\"https:\/\/www.fiemg.com.br\/regional-centro-oeste\/noticias\/agencia-de-desenvolvimento-novo-oeste-apresenta-case-de-sucesso-no-sebrae-mg\/#primaryimage\",\"url\":\"https:\/\/www.fiemg.com.br\/regional-centro-oeste\/wp-content\/uploads\/sites\/16\/2024\/11\/vp-regional-reuniao-novo-oeste-sebrae-e1730481462248.jpg\",\"contentUrl\":\"https:\/\/www.fiemg.com.br\/regional-centro-oeste\/wp-content\/uploads\/sites\/16\/2024\/11\/vp-regional-reuniao-novo-oeste-sebrae-e1730481462248.jpg\",\"width\":1066,\"height\":1066},{\"@type\":\"BreadcrumbList\",\"@id\":\"https:\/\/www.fiemg.com.br\/regional-centro-oeste\/noticias\/agencia-de-desenvolvimento-novo-oeste-apresenta-case-de-sucesso-no-sebrae-mg\/#breadcrumb\",\"itemListElement\":[{\"@type\":\"ListItem\",\"position\":1,\"name\":\"In\u00edcio\",\"item\":\"https:\/\/www.fiemg.com.br\/regional-centro-oeste\/\"},{\"@type\":\"ListItem\",\"position\":2,\"name\":\"Ag\u00eancia de Desenvolvimento Novo Oeste apresenta case de sucesso no Sebrae-MG\"}]},{\"@type\":\"WebSite\",\"@id\":\"https:\/\/www.fiemg.com.br\/regional-centro-oeste\/#website\",\"url\":\"https:\/\/www.fiemg.com.br\/regional-centro-oeste\/\",\"name\":\"Regional Centro-Oeste\",\"description\":\"Federa\u00e7\u00e3o das Ind\u00fastrias do Estado de Minas Gerais\",\"publisher\":{\"@id\":\"https:\/\/www.fiemg.com.br\/regional-centro-oeste\/#organization\"},\"potentialAction\":[{\"@type\":\"SearchAction\",\"target\":{\"@type\":\"EntryPoint\",\"urlTemplate\":\"https:\/\/www.fiemg.com.br\/regional-centro-oeste\/?s={search_term_string}\"},\"query-input\":{\"@type\":\"PropertyValueSpecification\",\"valueRequired\":true,\"valueName\":\"search_term_string\"}}],\"inLanguage\":\"pt-BR\"},{\"@type\":\"Organization\",\"@id\":\"https:\/\/www.fiemg.com.br\/regional-centro-oeste\/#organization\",\"name\":\"Regional Centro-Oeste\",\"url\":\"https:\/\/www.fiemg.com.br\/regional-centro-oeste\/\",\"logo\":{\"@type\":\"ImageObject\",\"inLanguage\":\"pt-BR\",\"@id\":\"https:\/\/www.fiemg.com.br\/regional-centro-oeste\/#\/schema\/logo\/image\/\",\"url\":\"https:\/\/www.fiemg.com.br\/regional-centro-oeste\/wp-content\/uploads\/sites\/16\/2023\/02\/Ativo-1.png\",\"contentUrl\":\"https:\/\/www.fiemg.com.br\/regional-centro-oeste\/wp-content\/uploads\/sites\/16\/2023\/02\/Ativo-1.png\",\"width\":563,\"height\":149,\"caption\":\"Regional Centro-Oeste\"},\"image\":{\"@id\":\"https:\/\/www.fiemg.com.br\/regional-centro-oeste\/#\/schema\/logo\/image\/\"}}]}<\/script>\n<!-- \/ Yoast SEO plugin. -->","yoast_head_json":{"title":"Ag\u00eancia de Desenvolvimento Novo Oeste apresenta case de sucesso no Sebrae-MG - Regional Centro-Oeste","robots":{"index":"index","follow":"follow","max-snippet":"max-snippet:-1","max-image-preview":"max-image-preview:large","max-video-preview":"max-video-preview:-1"},"canonical":"https:\/\/www.fiemg.com.br\/regional-centro-oeste\/noticias\/agencia-de-desenvolvimento-novo-oeste-apresenta-case-de-sucesso-no-sebrae-mg\/","og_locale":"pt_BR","og_type":"article","og_title":"Ag\u00eancia de Desenvolvimento Novo Oeste apresenta case de sucesso no Sebrae-MG - Regional Centro-Oeste","og_description":"A for\u00e7a do Centro-Oeste Mineiro, potencializada pela Ag\u00eancia de Desenvolvimento Novo Oeste em Divin\u00f3polis, foi aplaudida por autoridades de v\u00e1rias entidades e associa\u00e7\u00f5es de Minas Gerais. A 10\u00aa Reuni\u00e3o Ordin\u00e1ria de 2024 do Sebrae-MG foi realizada em Belo Horizonte, nesta segunda-feira (28), com o objetivo de aprovar pol\u00edticas, diretrizes e objetivos do Servi\u00e7o Brasileiro de [&hellip;]","og_url":"https:\/\/www.fiemg.com.br\/regional-centro-oeste\/noticias\/agencia-de-desenvolvimento-novo-oeste-apresenta-case-de-sucesso-no-sebrae-mg\/","og_site_name":"Regional Centro-Oeste","article_modified_time":"2024-11-01T17:17:55+00:00","og_image":[{"width":1066,"height":1066,"url":"https:\/\/www.fiemg.com.br\/regional-centro-oeste\/wp-content\/uploads\/sites\/16\/2024\/11\/vp-regional-reuniao-novo-oeste-sebrae-e1730481462248.jpg","type":"image\/jpeg"}],"twitter_card":"summary_large_image","twitter_misc":{"Est. tempo de leitura":"4 minutos"},"schema":{"@context":"https:\/\/schema.org","@graph":[{"@type":"WebPage","@id":"https:\/\/www.fiemg.com.br\/regional-centro-oeste\/noticias\/agencia-de-desenvolvimento-novo-oeste-apresenta-case-de-sucesso-no-sebrae-mg\/","url":"https:\/\/www.fiemg.com.br\/regional-centro-oeste\/noticias\/agencia-de-desenvolvimento-novo-oeste-apresenta-case-de-sucesso-no-sebrae-mg\/","name":"Ag\u00eancia de Desenvolvimento Novo Oeste apresenta case de sucesso no Sebrae-MG - Regional Centro-Oeste","isPartOf":{"@id":"https:\/\/www.fiemg.com.br\/regional-centro-oeste\/#website"},"primaryImageOfPage":{"@id":"https:\/\/www.fiemg.com.br\/regional-centro-oeste\/noticias\/agencia-de-desenvolvimento-novo-oeste-apresenta-case-de-sucesso-no-sebrae-mg\/#primaryimage"},"image":{"@id":"https:\/\/www.fiemg.com.br\/regional-centro-oeste\/noticias\/agencia-de-desenvolvimento-novo-oeste-apresenta-case-de-sucesso-no-sebrae-mg\/#primaryimage"},"thumbnailUrl":"https:\/\/www.fiemg.com.br\/regional-centro-oeste\/wp-content\/uploads\/sites\/16\/2024\/11\/vp-regional-reuniao-novo-oeste-sebrae-e1730481462248.jpg","datePublished":"2024-11-01T17:17:54+00:00","dateModified":"2024-11-01T17:17:55+00:00","breadcrumb":{"@id":"https:\/\/www.fiemg.com.br\/regional-centro-oeste\/noticias\/agencia-de-desenvolvimento-novo-oeste-apresenta-case-de-sucesso-no-sebrae-mg\/#breadcrumb"},"inLanguage":"pt-BR","potentialAction":[{"@type":"ReadAction","target":["https:\/\/www.fiemg.com.br\/regional-centro-oeste\/noticias\/agencia-de-desenvolvimento-novo-oeste-apresenta-case-de-sucesso-no-sebrae-mg\/"]}]},{"@type":"ImageObject","inLanguage":"pt-BR","@id":"https:\/\/www.fiemg.com.br\/regional-centro-oeste\/noticias\/agencia-de-desenvolvimento-novo-oeste-apresenta-case-de-sucesso-no-sebrae-mg\/#primaryimage","url":"https:\/\/www.fiemg.com.br\/regional-centro-oeste\/wp-content\/uploads\/sites\/16\/2024\/11\/vp-regional-reuniao-novo-oeste-sebrae-e1730481462248.jpg","contentUrl":"https:\/\/www.fiemg.com.br\/regional-centro-oeste\/wp-content\/uploads\/sites\/16\/2024\/11\/vp-regional-reuniao-novo-oeste-sebrae-e1730481462248.jpg","width":1066,"height":1066},{"@type":"BreadcrumbList","@id":"https:\/\/www.fiemg.com.br\/regional-centro-oeste\/noticias\/agencia-de-desenvolvimento-novo-oeste-apresenta-case-de-sucesso-no-sebrae-mg\/#breadcrumb","itemListElement":[{"@type":"ListItem","position":1,"name":"In\u00edcio","item":"https:\/\/www.fiemg.com.br\/regional-centro-oeste\/"},{"@type":"ListItem","position":2,"name":"Ag\u00eancia de Desenvolvimento Novo Oeste apresenta case de sucesso no Sebrae-MG"}]},{"@type":"WebSite","@id":"https:\/\/www.fiemg.com.br\/regional-centro-oeste\/#website","url":"https:\/\/www.fiemg.com.br\/regional-centro-oeste\/","name":"Regional Centro-Oeste","description":"Federa\u00e7\u00e3o das Ind\u00fastrias do Estado de Minas Gerais","publisher":{"@id":"https:\/\/www.fiemg.com.br\/regional-centro-oeste\/#organization"},"potentialAction":[{"@type":"SearchAction","target":{"@type":"EntryPoint","urlTemplate":"https:\/\/www.fiemg.com.br\/regional-centro-oeste\/?s={search_term_string}"},"query-input":{"@type":"PropertyValueSpecification","valueRequired":true,"valueName":"search_term_string"}}],"inLanguage":"pt-BR"},{"@type":"Organization","@id":"https:\/\/www.fiemg.com.br\/regional-centro-oeste\/#organization","name":"Regional Centro-Oeste","url":"https:\/\/www.fiemg.com.br\/regional-centro-oeste\/","logo":{"@type":"ImageObject","inLanguage":"pt-BR","@id":"https:\/\/www.fiemg.com.br\/regional-centro-oeste\/#\/schema\/logo\/image\/","url":"https:\/\/www.fiemg.com.br\/regional-centro-oeste\/wp-content\/uploads\/sites\/16\/2023\/02\/Ativo-1.png","contentUrl":"https:\/\/www.fiemg.com.br\/regional-centro-oeste\/wp-content\/uploads\/sites\/16\/2023\/02\/Ativo-1.png","width":563,"height":149,"caption":"Regional Centro-Oeste"},"image":{"@id":"https:\/\/www.fiemg.com.br\/regional-centro-oeste\/#\/schema\/logo\/image\/"}}]}},"_links":{"self":[{"href":"https:\/\/www.fiemg.com.br\/regional-centro-oeste\/wp-json\/wp\/v2\/noticias\/2531","targetHints":{"allow":["GET"]}}],"collection":[{"href":"https:\/\/www.fiemg.com.br\/regional-centro-oeste\/wp-json\/wp\/v2\/noticias"}],"about":[{"href":"https:\/\/www.fiemg.com.br\/regional-centro-oeste\/wp-json\/wp\/v2\/types\/noticias"}],"wp:featuredmedia":[{"embeddable":true,"href":"https:\/\/www.fiemg.com.br\/regional-centro-oeste\/wp-json\/wp\/v2\/media\/2538"}],"wp:attachment":[{"href":"https:\/\/www.fiemg.com.br\/regional-centro-oeste\/wp-json\/wp\/v2\/media?parent=2531"}],"wp:term":[{"taxonomy":"category","embeddable":true,"href":"https:\/\/www.fiemg.com.br\/regional-centro-oeste\/wp-json\/wp\/v2\/categories?post=2531"},{"taxonomy":"post_tag","embeddable":true,"href":"https:\/\/www.fiemg.com.br\/regional-centro-oeste\/wp-json\/wp\/v2\/tags?post=2531"}],"curies":[{"name":"wp","href":"https:\/\/api.w.org\/{rel}","templated":true}]}}