{"id":2563,"date":"2024-11-12T10:20:23","date_gmt":"2024-11-12T13:20:23","guid":{"rendered":"https:\/\/www.fiemg.com.br\/regional-centro-oeste\/?post_type=noticias&#038;p=2563"},"modified":"2024-11-12T10:20:24","modified_gmt":"2024-11-12T13:20:24","slug":"reinauguracao-dos-voos-comerciais-no-aeroporto-brigadeiro-cabral-promete-impulsionar-o-desenvolvimento","status":"publish","type":"noticias","link":"https:\/\/www.fiemg.com.br\/regional-centro-oeste\/noticias\/reinauguracao-dos-voos-comerciais-no-aeroporto-brigadeiro-cabral-promete-impulsionar-o-desenvolvimento\/","title":{"rendered":"Reinaugura\u00e7\u00e3o dos voos comerciais no aeroporto Brigadeiro Cabral promete impulsionar o desenvolvimento"},"content":{"rendered":"\n<p>Foi realizada na manh\u00e3 de ontem (11), no Aeroporto Brigadeiro Cabral, em Divin\u00f3polis, a cerim\u00f4nia que marcou a reinaugura\u00e7\u00e3o dos voos da Azul Linhas A\u00e9reas ligando Divin\u00f3polis a Confins e Divin\u00f3polis a Campinas. Os voos estavam paralisados desde mar\u00e7o de 2018, de l\u00e1 para c\u00e1, o Prefeitura de Divin\u00f3polis, com apoio e interlocu\u00e7\u00e3o de diversas entidades de classe, dentre ela a FIEMG, al\u00e9m de lideran\u00e7as pol\u00edticas regionais, buscou investimentos e executou as obras exigidas para garantir a seguran\u00e7a operacional.<\/p>\n\n\n\n<p>Participaram da solenidade diversas autoridades, entre elas, o presidente da FIEMG Regional Centro-Oeste, Eduardo Soares, vereadores e prefeitos de Divin\u00f3polis e da regi\u00e3o, deputados, secret\u00e1rios municipais, representantes de entidades de classe e empres\u00e1rios. Tamb\u00e9m estava presentes o superintendente regional da Infraero em Divin\u00f3polis, Raimundo Nonato Pereira Almeida, o rela\u00e7\u00f5es institucionais da Azul Linhas A\u00e9reas, Fernando Daniel Di Mattia, o gerente de neg\u00f3cios do Invest Minas, Renato Garcia e o subsecret\u00e1rio de liberdade econ\u00f4mica e empreendedorismo do Governo do Estado de Minas Gerais, Rodrigo Melo. O prefeito de Divin\u00f3polis, Gleidson Azevedo e a vice, Janete Aparecida, presidiram a solenidade.<\/p>\n\n\n\n<p>A aeronave \u00e9 um modelo Sessna Caravan e pousou no aeroporto de Divin\u00f3polis \u00e0s 9h25 saindo de Campinas e, em seguida, por volta das 12h, partiu para o aeroporto de Confins, reinaugurando os voos comerciais depois de mais de 6 anos de paraliza\u00e7\u00e3o.<\/p>\n\n\n\n<p>O presidente da FIEMG Regional Centro-Oeste, Eduardo Soares, que participou ativamente de v\u00e1rias negocia\u00e7\u00f5es e articula\u00e7\u00f5es junto aos \u00f3rg\u00e3os respons\u00e1veis, destacou a import\u00e2ncia da retomada dos voos comerciais no Aeroporto Brigadeiro Cabral. \u201cOs voos comerciais s\u00e3o um novo est\u00edmulo para que a gente possa incluir na nossa pauta de discuss\u00e3o com novas empresas, para favorecer a atra\u00e7\u00e3o de novos neg\u00f3cios, al\u00e9m de fomentar a \u00e1rea da sa\u00fade, ampliar o acesso a cultura e lazer\u201d, finalizou.<\/p>\n\n\n\n<p>Para o secret\u00e1rio municipal de desenvolvimento econ\u00f4mico e turismo de Divin\u00f3polis, Luiz Angelo Gon\u00e7alves, esta \u00e9 uma manh\u00e3 de comemora\u00e7\u00e3o para Divin\u00f3polis e toda regi\u00e3o, j\u00e1 que a retomada dos voos \u00e9 mais um avan\u00e7o que promete impulsionar o desenvolvimento. \u201cJ\u00e1 tivemos saldo positivo de novas empresas, empregos, o gasoduto que est\u00e1 chegando \u00e0 regi\u00e3o, tudo reflete no aumento da competividade da nossa ind\u00fastria. Fornecedores, prestadores de servi\u00e7os estar\u00e3o com os olhos cada vez mais atentos para Divin\u00f3polis e a regi\u00e3o Centro-Oeste\u201d, afirmou.<\/p>\n\n\n\n<p>A vice-prefeita de Divin\u00f3polis, Janete Aparecida, que estava entre os passageiros que embarcaram com destino a Confins, destacou que a conquista \u00e9 o resultado do esfor\u00e7o de v\u00e1rias pessoas, entidades e parcerias. Para o prefeito, Gleidson Azevedo, a retomada dos voos \u00e9 a coroa\u00e7\u00e3o de 4 anos de trabalho \u00e1rduo. \u201cEste \u00e9 s\u00f3 o in\u00edcio de grandes conex\u00f5es e investimentos; os voos colocam Divin\u00f3polis e regi\u00e3o na rota do desenvolvimento\u201d, enfatizou.<\/p>\n","protected":false},"featured_media":2565,"template":"","categories":[],"tags":[],"class_list":["post-2563","noticias","type-noticias","status-publish","has-post-thumbnail","hentry"],"acf":[],"yoast_head":"<!-- This site is optimized with the Yoast SEO plugin v26.2 - https:\/\/yoast.com\/wordpress\/plugins\/seo\/ -->\n<title>Reinaugura\u00e7\u00e3o dos voos comerciais no aeroporto Brigadeiro Cabral promete impulsionar o desenvolvimento - Regional Centro-Oeste<\/title>\n<meta name=\"robots\" content=\"index, follow, max-snippet:-1, max-image-preview:large, max-video-preview:-1\" \/>\n<link rel=\"canonical\" href=\"https:\/\/www.fiemg.com.br\/regional-centro-oeste\/noticias\/reinauguracao-dos-voos-comerciais-no-aeroporto-brigadeiro-cabral-promete-impulsionar-o-desenvolvimento\/\" \/>\n<meta property=\"og:locale\" content=\"pt_BR\" \/>\n<meta property=\"og:type\" content=\"article\" \/>\n<meta property=\"og:title\" content=\"Reinaugura\u00e7\u00e3o dos voos comerciais no aeroporto Brigadeiro Cabral promete impulsionar o desenvolvimento - Regional Centro-Oeste\" \/>\n<meta property=\"og:description\" content=\"Foi realizada na manh\u00e3 de ontem (11), no Aeroporto Brigadeiro Cabral, em Divin\u00f3polis, a cerim\u00f4nia que marcou a reinaugura\u00e7\u00e3o dos voos da Azul Linhas A\u00e9reas ligando Divin\u00f3polis a Confins e Divin\u00f3polis a Campinas. Os voos estavam paralisados desde mar\u00e7o de 2018, de l\u00e1 para c\u00e1, o Prefeitura de Divin\u00f3polis, com apoio e interlocu\u00e7\u00e3o de diversas [&hellip;]\" \/>\n<meta property=\"og:url\" content=\"https:\/\/www.fiemg.com.br\/regional-centro-oeste\/noticias\/reinauguracao-dos-voos-comerciais-no-aeroporto-brigadeiro-cabral-promete-impulsionar-o-desenvolvimento\/\" \/>\n<meta property=\"og:site_name\" content=\"Regional Centro-Oeste\" \/>\n<meta property=\"article:modified_time\" content=\"2024-11-12T13:20:24+00:00\" \/>\n<meta property=\"og:image\" content=\"https:\/\/www.fiemg.com.br\/regional-centro-oeste\/wp-content\/uploads\/sites\/16\/2024\/11\/aviao-retomada-voos-divinopolis-e1731417612507.jpg\" \/>\n\t<meta property=\"og:image:width\" content=\"901\" \/>\n\t<meta property=\"og:image:height\" content=\"900\" \/>\n\t<meta property=\"og:image:type\" content=\"image\/jpeg\" \/>\n<meta name=\"twitter:card\" content=\"summary_large_image\" \/>\n<meta name=\"twitter:label1\" content=\"Est. tempo de leitura\" \/>\n\t<meta name=\"twitter:data1\" content=\"3 minutos\" \/>\n<script type=\"application\/ld+json\" class=\"yoast-schema-graph\">{\"@context\":\"https:\/\/schema.org\",\"@graph\":[{\"@type\":\"WebPage\",\"@id\":\"https:\/\/www.fiemg.com.br\/regional-centro-oeste\/noticias\/reinauguracao-dos-voos-comerciais-no-aeroporto-brigadeiro-cabral-promete-impulsionar-o-desenvolvimento\/\",\"url\":\"https:\/\/www.fiemg.com.br\/regional-centro-oeste\/noticias\/reinauguracao-dos-voos-comerciais-no-aeroporto-brigadeiro-cabral-promete-impulsionar-o-desenvolvimento\/\",\"name\":\"Reinaugura\u00e7\u00e3o dos voos comerciais no aeroporto Brigadeiro Cabral promete impulsionar o desenvolvimento - Regional Centro-Oeste\",\"isPartOf\":{\"@id\":\"https:\/\/www.fiemg.com.br\/regional-centro-oeste\/#website\"},\"primaryImageOfPage\":{\"@id\":\"https:\/\/www.fiemg.com.br\/regional-centro-oeste\/noticias\/reinauguracao-dos-voos-comerciais-no-aeroporto-brigadeiro-cabral-promete-impulsionar-o-desenvolvimento\/#primaryimage\"},\"image\":{\"@id\":\"https:\/\/www.fiemg.com.br\/regional-centro-oeste\/noticias\/reinauguracao-dos-voos-comerciais-no-aeroporto-brigadeiro-cabral-promete-impulsionar-o-desenvolvimento\/#primaryimage\"},\"thumbnailUrl\":\"https:\/\/www.fiemg.com.br\/regional-centro-oeste\/wp-content\/uploads\/sites\/16\/2024\/11\/aviao-retomada-voos-divinopolis-e1731417612507.jpg\",\"datePublished\":\"2024-11-12T13:20:23+00:00\",\"dateModified\":\"2024-11-12T13:20:24+00:00\",\"breadcrumb\":{\"@id\":\"https:\/\/www.fiemg.com.br\/regional-centro-oeste\/noticias\/reinauguracao-dos-voos-comerciais-no-aeroporto-brigadeiro-cabral-promete-impulsionar-o-desenvolvimento\/#breadcrumb\"},\"inLanguage\":\"pt-BR\",\"potentialAction\":[{\"@type\":\"ReadAction\",\"target\":[\"https:\/\/www.fiemg.com.br\/regional-centro-oeste\/noticias\/reinauguracao-dos-voos-comerciais-no-aeroporto-brigadeiro-cabral-promete-impulsionar-o-desenvolvimento\/\"]}]},{\"@type\":\"ImageObject\",\"inLanguage\":\"pt-BR\",\"@id\":\"https:\/\/www.fiemg.com.br\/regional-centro-oeste\/noticias\/reinauguracao-dos-voos-comerciais-no-aeroporto-brigadeiro-cabral-promete-impulsionar-o-desenvolvimento\/#primaryimage\",\"url\":\"https:\/\/www.fiemg.com.br\/regional-centro-oeste\/wp-content\/uploads\/sites\/16\/2024\/11\/aviao-retomada-voos-divinopolis-e1731417612507.jpg\",\"contentUrl\":\"https:\/\/www.fiemg.com.br\/regional-centro-oeste\/wp-content\/uploads\/sites\/16\/2024\/11\/aviao-retomada-voos-divinopolis-e1731417612507.jpg\",\"width\":901,\"height\":900},{\"@type\":\"BreadcrumbList\",\"@id\":\"https:\/\/www.fiemg.com.br\/regional-centro-oeste\/noticias\/reinauguracao-dos-voos-comerciais-no-aeroporto-brigadeiro-cabral-promete-impulsionar-o-desenvolvimento\/#breadcrumb\",\"itemListElement\":[{\"@type\":\"ListItem\",\"position\":1,\"name\":\"In\u00edcio\",\"item\":\"https:\/\/www.fiemg.com.br\/regional-centro-oeste\/\"},{\"@type\":\"ListItem\",\"position\":2,\"name\":\"Reinaugura\u00e7\u00e3o dos voos comerciais no aeroporto Brigadeiro Cabral promete impulsionar o desenvolvimento\"}]},{\"@type\":\"WebSite\",\"@id\":\"https:\/\/www.fiemg.com.br\/regional-centro-oeste\/#website\",\"url\":\"https:\/\/www.fiemg.com.br\/regional-centro-oeste\/\",\"name\":\"Regional Centro-Oeste\",\"description\":\"Federa\u00e7\u00e3o das Ind\u00fastrias do Estado de Minas Gerais\",\"publisher\":{\"@id\":\"https:\/\/www.fiemg.com.br\/regional-centro-oeste\/#organization\"},\"potentialAction\":[{\"@type\":\"SearchAction\",\"target\":{\"@type\":\"EntryPoint\",\"urlTemplate\":\"https:\/\/www.fiemg.com.br\/regional-centro-oeste\/?s={search_term_string}\"},\"query-input\":{\"@type\":\"PropertyValueSpecification\",\"valueRequired\":true,\"valueName\":\"search_term_string\"}}],\"inLanguage\":\"pt-BR\"},{\"@type\":\"Organization\",\"@id\":\"https:\/\/www.fiemg.com.br\/regional-centro-oeste\/#organization\",\"name\":\"Regional Centro-Oeste\",\"url\":\"https:\/\/www.fiemg.com.br\/regional-centro-oeste\/\",\"logo\":{\"@type\":\"ImageObject\",\"inLanguage\":\"pt-BR\",\"@id\":\"https:\/\/www.fiemg.com.br\/regional-centro-oeste\/#\/schema\/logo\/image\/\",\"url\":\"https:\/\/www.fiemg.com.br\/regional-centro-oeste\/wp-content\/uploads\/sites\/16\/2023\/02\/Ativo-1.png\",\"contentUrl\":\"https:\/\/www.fiemg.com.br\/regional-centro-oeste\/wp-content\/uploads\/sites\/16\/2023\/02\/Ativo-1.png\",\"width\":563,\"height\":149,\"caption\":\"Regional Centro-Oeste\"},\"image\":{\"@id\":\"https:\/\/www.fiemg.com.br\/regional-centro-oeste\/#\/schema\/logo\/image\/\"}}]}<\/script>\n<!-- \/ Yoast SEO plugin. -->","yoast_head_json":{"title":"Reinaugura\u00e7\u00e3o dos voos comerciais no aeroporto Brigadeiro Cabral promete impulsionar o desenvolvimento - Regional Centro-Oeste","robots":{"index":"index","follow":"follow","max-snippet":"max-snippet:-1","max-image-preview":"max-image-preview:large","max-video-preview":"max-video-preview:-1"},"canonical":"https:\/\/www.fiemg.com.br\/regional-centro-oeste\/noticias\/reinauguracao-dos-voos-comerciais-no-aeroporto-brigadeiro-cabral-promete-impulsionar-o-desenvolvimento\/","og_locale":"pt_BR","og_type":"article","og_title":"Reinaugura\u00e7\u00e3o dos voos comerciais no aeroporto Brigadeiro Cabral promete impulsionar o desenvolvimento - Regional Centro-Oeste","og_description":"Foi realizada na manh\u00e3 de ontem (11), no Aeroporto Brigadeiro Cabral, em Divin\u00f3polis, a cerim\u00f4nia que marcou a reinaugura\u00e7\u00e3o dos voos da Azul Linhas A\u00e9reas ligando Divin\u00f3polis a Confins e Divin\u00f3polis a Campinas. Os voos estavam paralisados desde mar\u00e7o de 2018, de l\u00e1 para c\u00e1, o Prefeitura de Divin\u00f3polis, com apoio e interlocu\u00e7\u00e3o de diversas [&hellip;]","og_url":"https:\/\/www.fiemg.com.br\/regional-centro-oeste\/noticias\/reinauguracao-dos-voos-comerciais-no-aeroporto-brigadeiro-cabral-promete-impulsionar-o-desenvolvimento\/","og_site_name":"Regional Centro-Oeste","article_modified_time":"2024-11-12T13:20:24+00:00","og_image":[{"width":901,"height":900,"url":"https:\/\/www.fiemg.com.br\/regional-centro-oeste\/wp-content\/uploads\/sites\/16\/2024\/11\/aviao-retomada-voos-divinopolis-e1731417612507.jpg","type":"image\/jpeg"}],"twitter_card":"summary_large_image","twitter_misc":{"Est. tempo de leitura":"3 minutos"},"schema":{"@context":"https:\/\/schema.org","@graph":[{"@type":"WebPage","@id":"https:\/\/www.fiemg.com.br\/regional-centro-oeste\/noticias\/reinauguracao-dos-voos-comerciais-no-aeroporto-brigadeiro-cabral-promete-impulsionar-o-desenvolvimento\/","url":"https:\/\/www.fiemg.com.br\/regional-centro-oeste\/noticias\/reinauguracao-dos-voos-comerciais-no-aeroporto-brigadeiro-cabral-promete-impulsionar-o-desenvolvimento\/","name":"Reinaugura\u00e7\u00e3o dos voos comerciais no aeroporto Brigadeiro Cabral promete impulsionar o desenvolvimento - Regional Centro-Oeste","isPartOf":{"@id":"https:\/\/www.fiemg.com.br\/regional-centro-oeste\/#website"},"primaryImageOfPage":{"@id":"https:\/\/www.fiemg.com.br\/regional-centro-oeste\/noticias\/reinauguracao-dos-voos-comerciais-no-aeroporto-brigadeiro-cabral-promete-impulsionar-o-desenvolvimento\/#primaryimage"},"image":{"@id":"https:\/\/www.fiemg.com.br\/regional-centro-oeste\/noticias\/reinauguracao-dos-voos-comerciais-no-aeroporto-brigadeiro-cabral-promete-impulsionar-o-desenvolvimento\/#primaryimage"},"thumbnailUrl":"https:\/\/www.fiemg.com.br\/regional-centro-oeste\/wp-content\/uploads\/sites\/16\/2024\/11\/aviao-retomada-voos-divinopolis-e1731417612507.jpg","datePublished":"2024-11-12T13:20:23+00:00","dateModified":"2024-11-12T13:20:24+00:00","breadcrumb":{"@id":"https:\/\/www.fiemg.com.br\/regional-centro-oeste\/noticias\/reinauguracao-dos-voos-comerciais-no-aeroporto-brigadeiro-cabral-promete-impulsionar-o-desenvolvimento\/#breadcrumb"},"inLanguage":"pt-BR","potentialAction":[{"@type":"ReadAction","target":["https:\/\/www.fiemg.com.br\/regional-centro-oeste\/noticias\/reinauguracao-dos-voos-comerciais-no-aeroporto-brigadeiro-cabral-promete-impulsionar-o-desenvolvimento\/"]}]},{"@type":"ImageObject","inLanguage":"pt-BR","@id":"https:\/\/www.fiemg.com.br\/regional-centro-oeste\/noticias\/reinauguracao-dos-voos-comerciais-no-aeroporto-brigadeiro-cabral-promete-impulsionar-o-desenvolvimento\/#primaryimage","url":"https:\/\/www.fiemg.com.br\/regional-centro-oeste\/wp-content\/uploads\/sites\/16\/2024\/11\/aviao-retomada-voos-divinopolis-e1731417612507.jpg","contentUrl":"https:\/\/www.fiemg.com.br\/regional-centro-oeste\/wp-content\/uploads\/sites\/16\/2024\/11\/aviao-retomada-voos-divinopolis-e1731417612507.jpg","width":901,"height":900},{"@type":"BreadcrumbList","@id":"https:\/\/www.fiemg.com.br\/regional-centro-oeste\/noticias\/reinauguracao-dos-voos-comerciais-no-aeroporto-brigadeiro-cabral-promete-impulsionar-o-desenvolvimento\/#breadcrumb","itemListElement":[{"@type":"ListItem","position":1,"name":"In\u00edcio","item":"https:\/\/www.fiemg.com.br\/regional-centro-oeste\/"},{"@type":"ListItem","position":2,"name":"Reinaugura\u00e7\u00e3o dos voos comerciais no aeroporto Brigadeiro Cabral promete impulsionar o desenvolvimento"}]},{"@type":"WebSite","@id":"https:\/\/www.fiemg.com.br\/regional-centro-oeste\/#website","url":"https:\/\/www.fiemg.com.br\/regional-centro-oeste\/","name":"Regional Centro-Oeste","description":"Federa\u00e7\u00e3o das Ind\u00fastrias do Estado de Minas Gerais","publisher":{"@id":"https:\/\/www.fiemg.com.br\/regional-centro-oeste\/#organization"},"potentialAction":[{"@type":"SearchAction","target":{"@type":"EntryPoint","urlTemplate":"https:\/\/www.fiemg.com.br\/regional-centro-oeste\/?s={search_term_string}"},"query-input":{"@type":"PropertyValueSpecification","valueRequired":true,"valueName":"search_term_string"}}],"inLanguage":"pt-BR"},{"@type":"Organization","@id":"https:\/\/www.fiemg.com.br\/regional-centro-oeste\/#organization","name":"Regional Centro-Oeste","url":"https:\/\/www.fiemg.com.br\/regional-centro-oeste\/","logo":{"@type":"ImageObject","inLanguage":"pt-BR","@id":"https:\/\/www.fiemg.com.br\/regional-centro-oeste\/#\/schema\/logo\/image\/","url":"https:\/\/www.fiemg.com.br\/regional-centro-oeste\/wp-content\/uploads\/sites\/16\/2023\/02\/Ativo-1.png","contentUrl":"https:\/\/www.fiemg.com.br\/regional-centro-oeste\/wp-content\/uploads\/sites\/16\/2023\/02\/Ativo-1.png","width":563,"height":149,"caption":"Regional Centro-Oeste"},"image":{"@id":"https:\/\/www.fiemg.com.br\/regional-centro-oeste\/#\/schema\/logo\/image\/"}}]}},"_links":{"self":[{"href":"https:\/\/www.fiemg.com.br\/regional-centro-oeste\/wp-json\/wp\/v2\/noticias\/2563","targetHints":{"allow":["GET"]}}],"collection":[{"href":"https:\/\/www.fiemg.com.br\/regional-centro-oeste\/wp-json\/wp\/v2\/noticias"}],"about":[{"href":"https:\/\/www.fiemg.com.br\/regional-centro-oeste\/wp-json\/wp\/v2\/types\/noticias"}],"wp:featuredmedia":[{"embeddable":true,"href":"https:\/\/www.fiemg.com.br\/regional-centro-oeste\/wp-json\/wp\/v2\/media\/2565"}],"wp:attachment":[{"href":"https:\/\/www.fiemg.com.br\/regional-centro-oeste\/wp-json\/wp\/v2\/media?parent=2563"}],"wp:term":[{"taxonomy":"category","embeddable":true,"href":"https:\/\/www.fiemg.com.br\/regional-centro-oeste\/wp-json\/wp\/v2\/categories?post=2563"},{"taxonomy":"post_tag","embeddable":true,"href":"https:\/\/www.fiemg.com.br\/regional-centro-oeste\/wp-json\/wp\/v2\/tags?post=2563"}],"curies":[{"name":"wp","href":"https:\/\/api.w.org\/{rel}","templated":true}]}}