{"id":2711,"date":"2024-11-26T16:46:50","date_gmt":"2024-11-26T19:46:50","guid":{"rendered":"https:\/\/www.fiemg.com.br\/regional-centro-oeste\/?post_type=noticias&#038;p=2711"},"modified":"2024-11-26T16:46:51","modified_gmt":"2024-11-26T19:46:51","slug":"encontro-entre-sindicato-patronal-e-dos-trabalhadores-da-construcao-civil-sela-acordo","status":"publish","type":"noticias","link":"https:\/\/www.fiemg.com.br\/regional-centro-oeste\/noticias\/encontro-entre-sindicato-patronal-e-dos-trabalhadores-da-construcao-civil-sela-acordo\/","title":{"rendered":"Encontro entre Sindicato Patronal e dos Trabalhadores da Constru\u00e7\u00e3o Civil sela acordo"},"content":{"rendered":"\n<figure class=\"wp-block-image size-large is-style-default\"><img fetchpriority=\"high\" decoding=\"async\" width=\"1024\" height=\"398\" src=\"https:\/\/www.fiemg.com.br\/regional-centro-oeste\/wp-content\/uploads\/sites\/16\/2024\/11\/assinatura-convencao-coletiva-construcao-e1732650392663-1024x398.jpg\" alt=\"\" class=\"wp-image-2713\" srcset=\"https:\/\/www.fiemg.com.br\/regional-centro-oeste\/wp-content\/uploads\/sites\/16\/2024\/11\/assinatura-convencao-coletiva-construcao-e1732650392663-1024x398.jpg 1024w, https:\/\/www.fiemg.com.br\/regional-centro-oeste\/wp-content\/uploads\/sites\/16\/2024\/11\/assinatura-convencao-coletiva-construcao-e1732650392663-300x117.jpg 300w, https:\/\/www.fiemg.com.br\/regional-centro-oeste\/wp-content\/uploads\/sites\/16\/2024\/11\/assinatura-convencao-coletiva-construcao-e1732650392663-768x298.jpg 768w, https:\/\/www.fiemg.com.br\/regional-centro-oeste\/wp-content\/uploads\/sites\/16\/2024\/11\/assinatura-convencao-coletiva-construcao-e1732650392663.jpg 1200w\" sizes=\"(max-width: 1024px) 100vw, 1024px\" \/><\/figure>\n\n\n\n<p>Reuni\u00e3o realizada hoje (26), na sede da FIEMG Regional Centro-Oeste, entre o presidente do Sindicato da Ind\u00fastria da Constru\u00e7\u00e3o Civil do Centro-Oeste de Minas (SINDUSCON-CO), Leonardo Antunes, e o presidente do Sindicato dos Trabalhadores na Ind\u00fastria da Constru\u00e7\u00e3o e do Mobili\u00e1rio de Divin\u00f3polis, Policar Oliveira, selou o acordo trabalhista da categoria.<\/p>\n\n\n\n<p>A Conven\u00e7\u00e3o Coletiva de Trabalho (CCT) 2024\/2025 foi assinada com o \u00edndice do INPC de 4,60% dos \u00faltimos 12 (doze) meses referente \u00e0 cesta b\u00e1sica, seguro e aos pisos salariais que ser\u00e3o reajustados a partir de 1\u00b0 de novembro.<\/p>\n\n\n\n<p>De acordo com o presidente do SINDUSCON-CO, a Conven\u00e7\u00e3o Coletiva \u00e9 uma ferramenta essencial para dar seguran\u00e7a, ao longo do ano, no exerc\u00edcio de suas fun\u00e7\u00f5es, tanto aos trabalhadores quanto aos empregadores. \u201cCom a conven\u00e7\u00e3o coletiva evita-se conflitos. A empresa que se atenda \u00e0 CCT se protege de infra\u00e7\u00f5es e multas, de a\u00e7\u00f5es trabalhistas e os empregados mant\u00eam seus direitos resguardados\u201d, afirmou Leonardo Antunes.<\/p>\n\n\n\n<p>Ainda segundo o presidente do SINDUSCON-CO, as negocia\u00e7\u00f5es se deram com base na realidade regional, levando em considera\u00e7\u00e3o o custo de vida, as diferen\u00e7as e a cultura regional. \u201cO SINDUSCON-CO \u00e9 sens\u00edvel \u00e0s necessidades da categoria e trabalha com intuito te atender \u00e0s reais demandas do segmento da constru\u00e7\u00e3o civil na regi\u00e3o\u201d, enfatizou.<\/p>\n\n\n\n<p>O SINDUSCON-CO \u00e9 a \u00fanica entidade que tem base legal para participar da negocia\u00e7\u00e3o e trabalhar a corre\u00e7\u00e3o de modo a atender toda ind\u00fastria da constru\u00e7\u00e3o civil em Divin\u00f3polis.<\/p>\n","protected":false},"featured_media":2712,"template":"","categories":[],"tags":[],"class_list":["post-2711","noticias","type-noticias","status-publish","has-post-thumbnail","hentry"],"acf":[],"yoast_head":"<!-- This site is optimized with the Yoast SEO plugin v26.2 - https:\/\/yoast.com\/wordpress\/plugins\/seo\/ -->\n<title>Encontro entre Sindicato Patronal e dos Trabalhadores da Constru\u00e7\u00e3o Civil sela acordo - Regional Centro-Oeste<\/title>\n<meta name=\"robots\" content=\"index, follow, max-snippet:-1, max-image-preview:large, max-video-preview:-1\" \/>\n<link rel=\"canonical\" href=\"https:\/\/www.fiemg.com.br\/regional-centro-oeste\/noticias\/encontro-entre-sindicato-patronal-e-dos-trabalhadores-da-construcao-civil-sela-acordo\/\" \/>\n<meta property=\"og:locale\" content=\"pt_BR\" \/>\n<meta property=\"og:type\" content=\"article\" \/>\n<meta property=\"og:title\" content=\"Encontro entre Sindicato Patronal e dos Trabalhadores da Constru\u00e7\u00e3o Civil sela acordo - Regional Centro-Oeste\" \/>\n<meta property=\"og:description\" content=\"Reuni\u00e3o realizada hoje (26), na sede da FIEMG Regional Centro-Oeste, entre o presidente do Sindicato da Ind\u00fastria da Constru\u00e7\u00e3o Civil do Centro-Oeste de Minas (SINDUSCON-CO), Leonardo Antunes, e o presidente do Sindicato dos Trabalhadores na Ind\u00fastria da Constru\u00e7\u00e3o e do Mobili\u00e1rio de Divin\u00f3polis, Policar Oliveira, selou o acordo trabalhista da categoria. A Conven\u00e7\u00e3o Coletiva de [&hellip;]\" \/>\n<meta property=\"og:url\" content=\"https:\/\/www.fiemg.com.br\/regional-centro-oeste\/noticias\/encontro-entre-sindicato-patronal-e-dos-trabalhadores-da-construcao-civil-sela-acordo\/\" \/>\n<meta property=\"og:site_name\" content=\"Regional Centro-Oeste\" \/>\n<meta property=\"article:modified_time\" content=\"2024-11-26T19:46:51+00:00\" \/>\n<meta property=\"og:image\" content=\"https:\/\/www.fiemg.com.br\/regional-centro-oeste\/wp-content\/uploads\/sites\/16\/2024\/11\/reuniao-presidente-sinduscon-co-sindicato-trabalhadores.jpg\" \/>\n\t<meta property=\"og:image:width\" content=\"750\" \/>\n\t<meta property=\"og:image:height\" content=\"1000\" \/>\n\t<meta property=\"og:image:type\" content=\"image\/jpeg\" \/>\n<meta name=\"twitter:card\" content=\"summary_large_image\" \/>\n<meta name=\"twitter:label1\" content=\"Est. tempo de leitura\" \/>\n\t<meta name=\"twitter:data1\" content=\"2 minutos\" \/>\n<script type=\"application\/ld+json\" class=\"yoast-schema-graph\">{\"@context\":\"https:\/\/schema.org\",\"@graph\":[{\"@type\":\"WebPage\",\"@id\":\"https:\/\/www.fiemg.com.br\/regional-centro-oeste\/noticias\/encontro-entre-sindicato-patronal-e-dos-trabalhadores-da-construcao-civil-sela-acordo\/\",\"url\":\"https:\/\/www.fiemg.com.br\/regional-centro-oeste\/noticias\/encontro-entre-sindicato-patronal-e-dos-trabalhadores-da-construcao-civil-sela-acordo\/\",\"name\":\"Encontro entre Sindicato Patronal e dos Trabalhadores da Constru\u00e7\u00e3o Civil sela acordo - Regional Centro-Oeste\",\"isPartOf\":{\"@id\":\"https:\/\/www.fiemg.com.br\/regional-centro-oeste\/#website\"},\"primaryImageOfPage\":{\"@id\":\"https:\/\/www.fiemg.com.br\/regional-centro-oeste\/noticias\/encontro-entre-sindicato-patronal-e-dos-trabalhadores-da-construcao-civil-sela-acordo\/#primaryimage\"},\"image\":{\"@id\":\"https:\/\/www.fiemg.com.br\/regional-centro-oeste\/noticias\/encontro-entre-sindicato-patronal-e-dos-trabalhadores-da-construcao-civil-sela-acordo\/#primaryimage\"},\"thumbnailUrl\":\"https:\/\/www.fiemg.com.br\/regional-centro-oeste\/wp-content\/uploads\/sites\/16\/2024\/11\/reuniao-presidente-sinduscon-co-sindicato-trabalhadores.jpg\",\"datePublished\":\"2024-11-26T19:46:50+00:00\",\"dateModified\":\"2024-11-26T19:46:51+00:00\",\"breadcrumb\":{\"@id\":\"https:\/\/www.fiemg.com.br\/regional-centro-oeste\/noticias\/encontro-entre-sindicato-patronal-e-dos-trabalhadores-da-construcao-civil-sela-acordo\/#breadcrumb\"},\"inLanguage\":\"pt-BR\",\"potentialAction\":[{\"@type\":\"ReadAction\",\"target\":[\"https:\/\/www.fiemg.com.br\/regional-centro-oeste\/noticias\/encontro-entre-sindicato-patronal-e-dos-trabalhadores-da-construcao-civil-sela-acordo\/\"]}]},{\"@type\":\"ImageObject\",\"inLanguage\":\"pt-BR\",\"@id\":\"https:\/\/www.fiemg.com.br\/regional-centro-oeste\/noticias\/encontro-entre-sindicato-patronal-e-dos-trabalhadores-da-construcao-civil-sela-acordo\/#primaryimage\",\"url\":\"https:\/\/www.fiemg.com.br\/regional-centro-oeste\/wp-content\/uploads\/sites\/16\/2024\/11\/reuniao-presidente-sinduscon-co-sindicato-trabalhadores.jpg\",\"contentUrl\":\"https:\/\/www.fiemg.com.br\/regional-centro-oeste\/wp-content\/uploads\/sites\/16\/2024\/11\/reuniao-presidente-sinduscon-co-sindicato-trabalhadores.jpg\",\"width\":750,\"height\":1000},{\"@type\":\"BreadcrumbList\",\"@id\":\"https:\/\/www.fiemg.com.br\/regional-centro-oeste\/noticias\/encontro-entre-sindicato-patronal-e-dos-trabalhadores-da-construcao-civil-sela-acordo\/#breadcrumb\",\"itemListElement\":[{\"@type\":\"ListItem\",\"position\":1,\"name\":\"In\u00edcio\",\"item\":\"https:\/\/www.fiemg.com.br\/regional-centro-oeste\/\"},{\"@type\":\"ListItem\",\"position\":2,\"name\":\"Encontro entre Sindicato Patronal e dos Trabalhadores da Constru\u00e7\u00e3o Civil sela acordo\"}]},{\"@type\":\"WebSite\",\"@id\":\"https:\/\/www.fiemg.com.br\/regional-centro-oeste\/#website\",\"url\":\"https:\/\/www.fiemg.com.br\/regional-centro-oeste\/\",\"name\":\"Regional Centro-Oeste\",\"description\":\"Federa\u00e7\u00e3o das Ind\u00fastrias do Estado de Minas Gerais\",\"publisher\":{\"@id\":\"https:\/\/www.fiemg.com.br\/regional-centro-oeste\/#organization\"},\"potentialAction\":[{\"@type\":\"SearchAction\",\"target\":{\"@type\":\"EntryPoint\",\"urlTemplate\":\"https:\/\/www.fiemg.com.br\/regional-centro-oeste\/?s={search_term_string}\"},\"query-input\":{\"@type\":\"PropertyValueSpecification\",\"valueRequired\":true,\"valueName\":\"search_term_string\"}}],\"inLanguage\":\"pt-BR\"},{\"@type\":\"Organization\",\"@id\":\"https:\/\/www.fiemg.com.br\/regional-centro-oeste\/#organization\",\"name\":\"Regional Centro-Oeste\",\"url\":\"https:\/\/www.fiemg.com.br\/regional-centro-oeste\/\",\"logo\":{\"@type\":\"ImageObject\",\"inLanguage\":\"pt-BR\",\"@id\":\"https:\/\/www.fiemg.com.br\/regional-centro-oeste\/#\/schema\/logo\/image\/\",\"url\":\"https:\/\/www.fiemg.com.br\/regional-centro-oeste\/wp-content\/uploads\/sites\/16\/2023\/02\/Ativo-1.png\",\"contentUrl\":\"https:\/\/www.fiemg.com.br\/regional-centro-oeste\/wp-content\/uploads\/sites\/16\/2023\/02\/Ativo-1.png\",\"width\":563,\"height\":149,\"caption\":\"Regional Centro-Oeste\"},\"image\":{\"@id\":\"https:\/\/www.fiemg.com.br\/regional-centro-oeste\/#\/schema\/logo\/image\/\"}}]}<\/script>\n<!-- \/ Yoast SEO plugin. -->","yoast_head_json":{"title":"Encontro entre Sindicato Patronal e dos Trabalhadores da Constru\u00e7\u00e3o Civil sela acordo - Regional Centro-Oeste","robots":{"index":"index","follow":"follow","max-snippet":"max-snippet:-1","max-image-preview":"max-image-preview:large","max-video-preview":"max-video-preview:-1"},"canonical":"https:\/\/www.fiemg.com.br\/regional-centro-oeste\/noticias\/encontro-entre-sindicato-patronal-e-dos-trabalhadores-da-construcao-civil-sela-acordo\/","og_locale":"pt_BR","og_type":"article","og_title":"Encontro entre Sindicato Patronal e dos Trabalhadores da Constru\u00e7\u00e3o Civil sela acordo - Regional Centro-Oeste","og_description":"Reuni\u00e3o realizada hoje (26), na sede da FIEMG Regional Centro-Oeste, entre o presidente do Sindicato da Ind\u00fastria da Constru\u00e7\u00e3o Civil do Centro-Oeste de Minas (SINDUSCON-CO), Leonardo Antunes, e o presidente do Sindicato dos Trabalhadores na Ind\u00fastria da Constru\u00e7\u00e3o e do Mobili\u00e1rio de Divin\u00f3polis, Policar Oliveira, selou o acordo trabalhista da categoria. A Conven\u00e7\u00e3o Coletiva de [&hellip;]","og_url":"https:\/\/www.fiemg.com.br\/regional-centro-oeste\/noticias\/encontro-entre-sindicato-patronal-e-dos-trabalhadores-da-construcao-civil-sela-acordo\/","og_site_name":"Regional Centro-Oeste","article_modified_time":"2024-11-26T19:46:51+00:00","og_image":[{"width":750,"height":1000,"url":"https:\/\/www.fiemg.com.br\/regional-centro-oeste\/wp-content\/uploads\/sites\/16\/2024\/11\/reuniao-presidente-sinduscon-co-sindicato-trabalhadores.jpg","type":"image\/jpeg"}],"twitter_card":"summary_large_image","twitter_misc":{"Est. tempo de leitura":"2 minutos"},"schema":{"@context":"https:\/\/schema.org","@graph":[{"@type":"WebPage","@id":"https:\/\/www.fiemg.com.br\/regional-centro-oeste\/noticias\/encontro-entre-sindicato-patronal-e-dos-trabalhadores-da-construcao-civil-sela-acordo\/","url":"https:\/\/www.fiemg.com.br\/regional-centro-oeste\/noticias\/encontro-entre-sindicato-patronal-e-dos-trabalhadores-da-construcao-civil-sela-acordo\/","name":"Encontro entre Sindicato Patronal e dos Trabalhadores da Constru\u00e7\u00e3o Civil sela acordo - Regional Centro-Oeste","isPartOf":{"@id":"https:\/\/www.fiemg.com.br\/regional-centro-oeste\/#website"},"primaryImageOfPage":{"@id":"https:\/\/www.fiemg.com.br\/regional-centro-oeste\/noticias\/encontro-entre-sindicato-patronal-e-dos-trabalhadores-da-construcao-civil-sela-acordo\/#primaryimage"},"image":{"@id":"https:\/\/www.fiemg.com.br\/regional-centro-oeste\/noticias\/encontro-entre-sindicato-patronal-e-dos-trabalhadores-da-construcao-civil-sela-acordo\/#primaryimage"},"thumbnailUrl":"https:\/\/www.fiemg.com.br\/regional-centro-oeste\/wp-content\/uploads\/sites\/16\/2024\/11\/reuniao-presidente-sinduscon-co-sindicato-trabalhadores.jpg","datePublished":"2024-11-26T19:46:50+00:00","dateModified":"2024-11-26T19:46:51+00:00","breadcrumb":{"@id":"https:\/\/www.fiemg.com.br\/regional-centro-oeste\/noticias\/encontro-entre-sindicato-patronal-e-dos-trabalhadores-da-construcao-civil-sela-acordo\/#breadcrumb"},"inLanguage":"pt-BR","potentialAction":[{"@type":"ReadAction","target":["https:\/\/www.fiemg.com.br\/regional-centro-oeste\/noticias\/encontro-entre-sindicato-patronal-e-dos-trabalhadores-da-construcao-civil-sela-acordo\/"]}]},{"@type":"ImageObject","inLanguage":"pt-BR","@id":"https:\/\/www.fiemg.com.br\/regional-centro-oeste\/noticias\/encontro-entre-sindicato-patronal-e-dos-trabalhadores-da-construcao-civil-sela-acordo\/#primaryimage","url":"https:\/\/www.fiemg.com.br\/regional-centro-oeste\/wp-content\/uploads\/sites\/16\/2024\/11\/reuniao-presidente-sinduscon-co-sindicato-trabalhadores.jpg","contentUrl":"https:\/\/www.fiemg.com.br\/regional-centro-oeste\/wp-content\/uploads\/sites\/16\/2024\/11\/reuniao-presidente-sinduscon-co-sindicato-trabalhadores.jpg","width":750,"height":1000},{"@type":"BreadcrumbList","@id":"https:\/\/www.fiemg.com.br\/regional-centro-oeste\/noticias\/encontro-entre-sindicato-patronal-e-dos-trabalhadores-da-construcao-civil-sela-acordo\/#breadcrumb","itemListElement":[{"@type":"ListItem","position":1,"name":"In\u00edcio","item":"https:\/\/www.fiemg.com.br\/regional-centro-oeste\/"},{"@type":"ListItem","position":2,"name":"Encontro entre Sindicato Patronal e dos Trabalhadores da Constru\u00e7\u00e3o Civil sela acordo"}]},{"@type":"WebSite","@id":"https:\/\/www.fiemg.com.br\/regional-centro-oeste\/#website","url":"https:\/\/www.fiemg.com.br\/regional-centro-oeste\/","name":"Regional Centro-Oeste","description":"Federa\u00e7\u00e3o das Ind\u00fastrias do Estado de Minas Gerais","publisher":{"@id":"https:\/\/www.fiemg.com.br\/regional-centro-oeste\/#organization"},"potentialAction":[{"@type":"SearchAction","target":{"@type":"EntryPoint","urlTemplate":"https:\/\/www.fiemg.com.br\/regional-centro-oeste\/?s={search_term_string}"},"query-input":{"@type":"PropertyValueSpecification","valueRequired":true,"valueName":"search_term_string"}}],"inLanguage":"pt-BR"},{"@type":"Organization","@id":"https:\/\/www.fiemg.com.br\/regional-centro-oeste\/#organization","name":"Regional Centro-Oeste","url":"https:\/\/www.fiemg.com.br\/regional-centro-oeste\/","logo":{"@type":"ImageObject","inLanguage":"pt-BR","@id":"https:\/\/www.fiemg.com.br\/regional-centro-oeste\/#\/schema\/logo\/image\/","url":"https:\/\/www.fiemg.com.br\/regional-centro-oeste\/wp-content\/uploads\/sites\/16\/2023\/02\/Ativo-1.png","contentUrl":"https:\/\/www.fiemg.com.br\/regional-centro-oeste\/wp-content\/uploads\/sites\/16\/2023\/02\/Ativo-1.png","width":563,"height":149,"caption":"Regional Centro-Oeste"},"image":{"@id":"https:\/\/www.fiemg.com.br\/regional-centro-oeste\/#\/schema\/logo\/image\/"}}]}},"_links":{"self":[{"href":"https:\/\/www.fiemg.com.br\/regional-centro-oeste\/wp-json\/wp\/v2\/noticias\/2711","targetHints":{"allow":["GET"]}}],"collection":[{"href":"https:\/\/www.fiemg.com.br\/regional-centro-oeste\/wp-json\/wp\/v2\/noticias"}],"about":[{"href":"https:\/\/www.fiemg.com.br\/regional-centro-oeste\/wp-json\/wp\/v2\/types\/noticias"}],"wp:featuredmedia":[{"embeddable":true,"href":"https:\/\/www.fiemg.com.br\/regional-centro-oeste\/wp-json\/wp\/v2\/media\/2712"}],"wp:attachment":[{"href":"https:\/\/www.fiemg.com.br\/regional-centro-oeste\/wp-json\/wp\/v2\/media?parent=2711"}],"wp:term":[{"taxonomy":"category","embeddable":true,"href":"https:\/\/www.fiemg.com.br\/regional-centro-oeste\/wp-json\/wp\/v2\/categories?post=2711"},{"taxonomy":"post_tag","embeddable":true,"href":"https:\/\/www.fiemg.com.br\/regional-centro-oeste\/wp-json\/wp\/v2\/tags?post=2711"}],"curies":[{"name":"wp","href":"https:\/\/api.w.org\/{rel}","templated":true}]}}