{"id":2740,"date":"2024-12-17T15:55:49","date_gmt":"2024-12-17T18:55:49","guid":{"rendered":"https:\/\/www.fiemg.com.br\/regional-centro-oeste\/?post_type=noticias&#038;p=2740"},"modified":"2024-12-17T15:59:53","modified_gmt":"2024-12-17T18:59:53","slug":"ultima-reuniao-de-2025-do-conselho-de-desenvolvimento-e-realizada-na-fiemg","status":"publish","type":"noticias","link":"https:\/\/www.fiemg.com.br\/regional-centro-oeste\/noticias\/ultima-reuniao-de-2025-do-conselho-de-desenvolvimento-e-realizada-na-fiemg\/","title":{"rendered":"\u00daltima reuni\u00e3o de 2025 do Conselho de Desenvolvimento \u00e9 realizada na FIEMG"},"content":{"rendered":"\n<figure class=\"wp-block-image size-large\"><img fetchpriority=\"high\" decoding=\"async\" width=\"1024\" height=\"398\" src=\"https:\/\/www.fiemg.com.br\/regional-centro-oeste\/wp-content\/uploads\/sites\/16\/2024\/12\/ultima-reuniao-COMDES-2024-e1734461641227-1024x398.jpg\" alt=\"\" class=\"wp-image-2742\" srcset=\"https:\/\/www.fiemg.com.br\/regional-centro-oeste\/wp-content\/uploads\/sites\/16\/2024\/12\/ultima-reuniao-COMDES-2024-e1734461641227-1024x398.jpg 1024w, https:\/\/www.fiemg.com.br\/regional-centro-oeste\/wp-content\/uploads\/sites\/16\/2024\/12\/ultima-reuniao-COMDES-2024-e1734461641227-300x116.jpg 300w, https:\/\/www.fiemg.com.br\/regional-centro-oeste\/wp-content\/uploads\/sites\/16\/2024\/12\/ultima-reuniao-COMDES-2024-e1734461641227-768x298.jpg 768w, https:\/\/www.fiemg.com.br\/regional-centro-oeste\/wp-content\/uploads\/sites\/16\/2024\/12\/ultima-reuniao-COMDES-2024-e1734461641227.jpg 1280w\" sizes=\"(max-width: 1024px) 100vw, 1024px\" \/><\/figure>\n\n\n\n<p>A \u00faltima reuni\u00e3o de 2025 do Conselho Municipal de Desenvolvimento Econ\u00f4mico e Sustent\u00e1vel de Divin\u00f3polis (COMDES), foi realizada na manh\u00e3 de hoje (17), na sede da FIEMG Regional Centro-Oeste. Estiveram presentes diversos conselheiros, al\u00e9m do secret\u00e1rio municipal de desenvolvimento econ\u00f4mico, Luiz Angelo Gon\u00e7alves e da vice-prefeita, Janete Aparecida.<\/p>\n\n\n\n<p>O presidente da FIEMG Regional CO, Eduardo Soares, que est\u00e1 \u00e0 frente do Conselho at\u00e9 meados de 2025, conduziu a reuni\u00e3o. Dentre as pautas discutidas, destaque para a escassez de m\u00e3o de obra, gargalo enfrentado por todos os segmentos produtivos. O projeto de implementa\u00e7\u00e3o do aterro sanit\u00e1rio e a empregabilidade tamb\u00e9m foram assuntos levantados na reuni\u00e3o ter\u00e3o a aten\u00e7\u00e3o do Conselho no pr\u00f3ximo ano. \u201cO COMDES precisa ser usado ainda mais pela sociedade; \u00e9 um conselho que abrange os setores produtivos da cidade, entidades, terceiro setor e poder p\u00fablico, portanto, extremamente representativo e exerce um papel muito importante na tomada de decis\u00f5es na promo\u00e7\u00e3o do desenvolvimento\u201d, destacou.<\/p>\n\n\n\n<p>O l\u00edder empresarial apresentou ainda um show case do Turismo de Neg\u00f3cios e Eventos no Centro-Oeste, destacando as potencialidades da regi\u00e3o para fomentar a ind\u00fastria do segmento. O projeto \u201cMercado Novo Oeste: Conectando pessoas, sabores e tradi\u00e7\u00f5es\u201d, cujo objetivo \u00e9 oferecer aos produtores e \u00e0 popula\u00e7\u00e3o uma proposta inovadora de produtos e servi\u00e7os, focada em fortalecer a economia e valorizar a produ\u00e7\u00e3o regional, tamb\u00e9m foi exibido aos participantes.<\/p>\n\n\n\n<p>O secret\u00e1rio municipal de desenvolvimento, Luiz Angelo Gon\u00e7alves, apresentou a proposta da Semana do Desenvolvimento, al\u00e9m de outras a\u00e7\u00f5es estrat\u00e9gicas que est\u00e3o no planejamento da pasta para 2025.<\/p>\n\n\n\n<p>A vice-prefeita de Divin\u00f3polis, Janete Aparecida, destacou a import\u00e2ncia da atua\u00e7\u00e3o do COMDES e garantiu a participa\u00e7\u00e3o de todas as secretarias durante o pr\u00f3ximo mandato, reafirmando a compromisso do poder p\u00fablico junto \u00e0s entidades que comp\u00f5em o Conselho, na promo\u00e7\u00e3o do desenvolvimento socioecon\u00f4mico de Divin\u00f3polis.<\/p>\n\n\n\n<figure class=\"wp-block-image size-large\"><img decoding=\"async\" width=\"1024\" height=\"576\" src=\"https:\/\/www.fiemg.com.br\/regional-centro-oeste\/wp-content\/uploads\/sites\/16\/2024\/12\/VP-Regional-apresentatacao-reuniao-COMDES-1024x576.jpg\" alt=\"\" class=\"wp-image-2743\" \/><\/figure>\n","protected":false},"featured_media":2741,"template":"","categories":[],"tags":[],"class_list":["post-2740","noticias","type-noticias","status-publish","has-post-thumbnail","hentry"],"acf":[],"yoast_head":"<!-- This site is optimized with the Yoast SEO plugin v26.2 - https:\/\/yoast.com\/wordpress\/plugins\/seo\/ -->\n<title>\u00daltima reuni\u00e3o de 2025 do Conselho de Desenvolvimento \u00e9 realizada na FIEMG - Regional Centro-Oeste<\/title>\n<meta name=\"robots\" content=\"index, follow, max-snippet:-1, max-image-preview:large, max-video-preview:-1\" \/>\n<link rel=\"canonical\" href=\"https:\/\/www.fiemg.com.br\/regional-centro-oeste\/noticias\/ultima-reuniao-de-2025-do-conselho-de-desenvolvimento-e-realizada-na-fiemg\/\" \/>\n<meta property=\"og:locale\" content=\"pt_BR\" \/>\n<meta property=\"og:type\" content=\"article\" \/>\n<meta property=\"og:title\" content=\"\u00daltima reuni\u00e3o de 2025 do Conselho de Desenvolvimento \u00e9 realizada na FIEMG - Regional Centro-Oeste\" \/>\n<meta property=\"og:description\" content=\"A \u00faltima reuni\u00e3o de 2025 do Conselho Municipal de Desenvolvimento Econ\u00f4mico e Sustent\u00e1vel de Divin\u00f3polis (COMDES), foi realizada na manh\u00e3 de hoje (17), na sede da FIEMG Regional Centro-Oeste. Estiveram presentes diversos conselheiros, al\u00e9m do secret\u00e1rio municipal de desenvolvimento econ\u00f4mico, Luiz Angelo Gon\u00e7alves e da vice-prefeita, Janete Aparecida. O presidente da FIEMG Regional CO, Eduardo [&hellip;]\" \/>\n<meta property=\"og:url\" content=\"https:\/\/www.fiemg.com.br\/regional-centro-oeste\/noticias\/ultima-reuniao-de-2025-do-conselho-de-desenvolvimento-e-realizada-na-fiemg\/\" \/>\n<meta property=\"og:site_name\" content=\"Regional Centro-Oeste\" \/>\n<meta property=\"article:modified_time\" content=\"2024-12-17T18:59:53+00:00\" \/>\n<meta property=\"og:image\" content=\"https:\/\/www.fiemg.com.br\/regional-centro-oeste\/wp-content\/uploads\/sites\/16\/2024\/12\/Liderancas-Reuniao-COMDES-Dez-2024-e1734461742604.jpg\" \/>\n\t<meta property=\"og:image:width\" content=\"720\" \/>\n\t<meta property=\"og:image:height\" content=\"721\" \/>\n\t<meta property=\"og:image:type\" content=\"image\/jpeg\" \/>\n<meta name=\"twitter:card\" content=\"summary_large_image\" \/>\n<meta name=\"twitter:label1\" content=\"Est. tempo de leitura\" \/>\n\t<meta name=\"twitter:data1\" content=\"3 minutos\" \/>\n<script type=\"application\/ld+json\" class=\"yoast-schema-graph\">{\"@context\":\"https:\/\/schema.org\",\"@graph\":[{\"@type\":\"WebPage\",\"@id\":\"https:\/\/www.fiemg.com.br\/regional-centro-oeste\/noticias\/ultima-reuniao-de-2025-do-conselho-de-desenvolvimento-e-realizada-na-fiemg\/\",\"url\":\"https:\/\/www.fiemg.com.br\/regional-centro-oeste\/noticias\/ultima-reuniao-de-2025-do-conselho-de-desenvolvimento-e-realizada-na-fiemg\/\",\"name\":\"\u00daltima reuni\u00e3o de 2025 do Conselho de Desenvolvimento \u00e9 realizada na FIEMG - Regional Centro-Oeste\",\"isPartOf\":{\"@id\":\"https:\/\/www.fiemg.com.br\/regional-centro-oeste\/#website\"},\"primaryImageOfPage\":{\"@id\":\"https:\/\/www.fiemg.com.br\/regional-centro-oeste\/noticias\/ultima-reuniao-de-2025-do-conselho-de-desenvolvimento-e-realizada-na-fiemg\/#primaryimage\"},\"image\":{\"@id\":\"https:\/\/www.fiemg.com.br\/regional-centro-oeste\/noticias\/ultima-reuniao-de-2025-do-conselho-de-desenvolvimento-e-realizada-na-fiemg\/#primaryimage\"},\"thumbnailUrl\":\"https:\/\/www.fiemg.com.br\/regional-centro-oeste\/wp-content\/uploads\/sites\/16\/2024\/12\/Liderancas-Reuniao-COMDES-Dez-2024-e1734461742604.jpg\",\"datePublished\":\"2024-12-17T18:55:49+00:00\",\"dateModified\":\"2024-12-17T18:59:53+00:00\",\"breadcrumb\":{\"@id\":\"https:\/\/www.fiemg.com.br\/regional-centro-oeste\/noticias\/ultima-reuniao-de-2025-do-conselho-de-desenvolvimento-e-realizada-na-fiemg\/#breadcrumb\"},\"inLanguage\":\"pt-BR\",\"potentialAction\":[{\"@type\":\"ReadAction\",\"target\":[\"https:\/\/www.fiemg.com.br\/regional-centro-oeste\/noticias\/ultima-reuniao-de-2025-do-conselho-de-desenvolvimento-e-realizada-na-fiemg\/\"]}]},{\"@type\":\"ImageObject\",\"inLanguage\":\"pt-BR\",\"@id\":\"https:\/\/www.fiemg.com.br\/regional-centro-oeste\/noticias\/ultima-reuniao-de-2025-do-conselho-de-desenvolvimento-e-realizada-na-fiemg\/#primaryimage\",\"url\":\"https:\/\/www.fiemg.com.br\/regional-centro-oeste\/wp-content\/uploads\/sites\/16\/2024\/12\/Liderancas-Reuniao-COMDES-Dez-2024-e1734461742604.jpg\",\"contentUrl\":\"https:\/\/www.fiemg.com.br\/regional-centro-oeste\/wp-content\/uploads\/sites\/16\/2024\/12\/Liderancas-Reuniao-COMDES-Dez-2024-e1734461742604.jpg\",\"width\":720,\"height\":721},{\"@type\":\"BreadcrumbList\",\"@id\":\"https:\/\/www.fiemg.com.br\/regional-centro-oeste\/noticias\/ultima-reuniao-de-2025-do-conselho-de-desenvolvimento-e-realizada-na-fiemg\/#breadcrumb\",\"itemListElement\":[{\"@type\":\"ListItem\",\"position\":1,\"name\":\"In\u00edcio\",\"item\":\"https:\/\/www.fiemg.com.br\/regional-centro-oeste\/\"},{\"@type\":\"ListItem\",\"position\":2,\"name\":\"\u00daltima reuni\u00e3o de 2025 do Conselho de Desenvolvimento \u00e9 realizada na FIEMG\"}]},{\"@type\":\"WebSite\",\"@id\":\"https:\/\/www.fiemg.com.br\/regional-centro-oeste\/#website\",\"url\":\"https:\/\/www.fiemg.com.br\/regional-centro-oeste\/\",\"name\":\"Regional Centro-Oeste\",\"description\":\"Federa\u00e7\u00e3o das Ind\u00fastrias do Estado de Minas Gerais\",\"publisher\":{\"@id\":\"https:\/\/www.fiemg.com.br\/regional-centro-oeste\/#organization\"},\"potentialAction\":[{\"@type\":\"SearchAction\",\"target\":{\"@type\":\"EntryPoint\",\"urlTemplate\":\"https:\/\/www.fiemg.com.br\/regional-centro-oeste\/?s={search_term_string}\"},\"query-input\":{\"@type\":\"PropertyValueSpecification\",\"valueRequired\":true,\"valueName\":\"search_term_string\"}}],\"inLanguage\":\"pt-BR\"},{\"@type\":\"Organization\",\"@id\":\"https:\/\/www.fiemg.com.br\/regional-centro-oeste\/#organization\",\"name\":\"Regional Centro-Oeste\",\"url\":\"https:\/\/www.fiemg.com.br\/regional-centro-oeste\/\",\"logo\":{\"@type\":\"ImageObject\",\"inLanguage\":\"pt-BR\",\"@id\":\"https:\/\/www.fiemg.com.br\/regional-centro-oeste\/#\/schema\/logo\/image\/\",\"url\":\"https:\/\/www.fiemg.com.br\/regional-centro-oeste\/wp-content\/uploads\/sites\/16\/2023\/02\/Ativo-1.png\",\"contentUrl\":\"https:\/\/www.fiemg.com.br\/regional-centro-oeste\/wp-content\/uploads\/sites\/16\/2023\/02\/Ativo-1.png\",\"width\":563,\"height\":149,\"caption\":\"Regional Centro-Oeste\"},\"image\":{\"@id\":\"https:\/\/www.fiemg.com.br\/regional-centro-oeste\/#\/schema\/logo\/image\/\"}}]}<\/script>\n<!-- \/ Yoast SEO plugin. -->","yoast_head_json":{"title":"\u00daltima reuni\u00e3o de 2025 do Conselho de Desenvolvimento \u00e9 realizada na FIEMG - Regional Centro-Oeste","robots":{"index":"index","follow":"follow","max-snippet":"max-snippet:-1","max-image-preview":"max-image-preview:large","max-video-preview":"max-video-preview:-1"},"canonical":"https:\/\/www.fiemg.com.br\/regional-centro-oeste\/noticias\/ultima-reuniao-de-2025-do-conselho-de-desenvolvimento-e-realizada-na-fiemg\/","og_locale":"pt_BR","og_type":"article","og_title":"\u00daltima reuni\u00e3o de 2025 do Conselho de Desenvolvimento \u00e9 realizada na FIEMG - Regional Centro-Oeste","og_description":"A \u00faltima reuni\u00e3o de 2025 do Conselho Municipal de Desenvolvimento Econ\u00f4mico e Sustent\u00e1vel de Divin\u00f3polis (COMDES), foi realizada na manh\u00e3 de hoje (17), na sede da FIEMG Regional Centro-Oeste. Estiveram presentes diversos conselheiros, al\u00e9m do secret\u00e1rio municipal de desenvolvimento econ\u00f4mico, Luiz Angelo Gon\u00e7alves e da vice-prefeita, Janete Aparecida. O presidente da FIEMG Regional CO, Eduardo [&hellip;]","og_url":"https:\/\/www.fiemg.com.br\/regional-centro-oeste\/noticias\/ultima-reuniao-de-2025-do-conselho-de-desenvolvimento-e-realizada-na-fiemg\/","og_site_name":"Regional Centro-Oeste","article_modified_time":"2024-12-17T18:59:53+00:00","og_image":[{"width":720,"height":721,"url":"https:\/\/www.fiemg.com.br\/regional-centro-oeste\/wp-content\/uploads\/sites\/16\/2024\/12\/Liderancas-Reuniao-COMDES-Dez-2024-e1734461742604.jpg","type":"image\/jpeg"}],"twitter_card":"summary_large_image","twitter_misc":{"Est. tempo de leitura":"3 minutos"},"schema":{"@context":"https:\/\/schema.org","@graph":[{"@type":"WebPage","@id":"https:\/\/www.fiemg.com.br\/regional-centro-oeste\/noticias\/ultima-reuniao-de-2025-do-conselho-de-desenvolvimento-e-realizada-na-fiemg\/","url":"https:\/\/www.fiemg.com.br\/regional-centro-oeste\/noticias\/ultima-reuniao-de-2025-do-conselho-de-desenvolvimento-e-realizada-na-fiemg\/","name":"\u00daltima reuni\u00e3o de 2025 do Conselho de Desenvolvimento \u00e9 realizada na FIEMG - Regional Centro-Oeste","isPartOf":{"@id":"https:\/\/www.fiemg.com.br\/regional-centro-oeste\/#website"},"primaryImageOfPage":{"@id":"https:\/\/www.fiemg.com.br\/regional-centro-oeste\/noticias\/ultima-reuniao-de-2025-do-conselho-de-desenvolvimento-e-realizada-na-fiemg\/#primaryimage"},"image":{"@id":"https:\/\/www.fiemg.com.br\/regional-centro-oeste\/noticias\/ultima-reuniao-de-2025-do-conselho-de-desenvolvimento-e-realizada-na-fiemg\/#primaryimage"},"thumbnailUrl":"https:\/\/www.fiemg.com.br\/regional-centro-oeste\/wp-content\/uploads\/sites\/16\/2024\/12\/Liderancas-Reuniao-COMDES-Dez-2024-e1734461742604.jpg","datePublished":"2024-12-17T18:55:49+00:00","dateModified":"2024-12-17T18:59:53+00:00","breadcrumb":{"@id":"https:\/\/www.fiemg.com.br\/regional-centro-oeste\/noticias\/ultima-reuniao-de-2025-do-conselho-de-desenvolvimento-e-realizada-na-fiemg\/#breadcrumb"},"inLanguage":"pt-BR","potentialAction":[{"@type":"ReadAction","target":["https:\/\/www.fiemg.com.br\/regional-centro-oeste\/noticias\/ultima-reuniao-de-2025-do-conselho-de-desenvolvimento-e-realizada-na-fiemg\/"]}]},{"@type":"ImageObject","inLanguage":"pt-BR","@id":"https:\/\/www.fiemg.com.br\/regional-centro-oeste\/noticias\/ultima-reuniao-de-2025-do-conselho-de-desenvolvimento-e-realizada-na-fiemg\/#primaryimage","url":"https:\/\/www.fiemg.com.br\/regional-centro-oeste\/wp-content\/uploads\/sites\/16\/2024\/12\/Liderancas-Reuniao-COMDES-Dez-2024-e1734461742604.jpg","contentUrl":"https:\/\/www.fiemg.com.br\/regional-centro-oeste\/wp-content\/uploads\/sites\/16\/2024\/12\/Liderancas-Reuniao-COMDES-Dez-2024-e1734461742604.jpg","width":720,"height":721},{"@type":"BreadcrumbList","@id":"https:\/\/www.fiemg.com.br\/regional-centro-oeste\/noticias\/ultima-reuniao-de-2025-do-conselho-de-desenvolvimento-e-realizada-na-fiemg\/#breadcrumb","itemListElement":[{"@type":"ListItem","position":1,"name":"In\u00edcio","item":"https:\/\/www.fiemg.com.br\/regional-centro-oeste\/"},{"@type":"ListItem","position":2,"name":"\u00daltima reuni\u00e3o de 2025 do Conselho de Desenvolvimento \u00e9 realizada na FIEMG"}]},{"@type":"WebSite","@id":"https:\/\/www.fiemg.com.br\/regional-centro-oeste\/#website","url":"https:\/\/www.fiemg.com.br\/regional-centro-oeste\/","name":"Regional Centro-Oeste","description":"Federa\u00e7\u00e3o das Ind\u00fastrias do Estado de Minas Gerais","publisher":{"@id":"https:\/\/www.fiemg.com.br\/regional-centro-oeste\/#organization"},"potentialAction":[{"@type":"SearchAction","target":{"@type":"EntryPoint","urlTemplate":"https:\/\/www.fiemg.com.br\/regional-centro-oeste\/?s={search_term_string}"},"query-input":{"@type":"PropertyValueSpecification","valueRequired":true,"valueName":"search_term_string"}}],"inLanguage":"pt-BR"},{"@type":"Organization","@id":"https:\/\/www.fiemg.com.br\/regional-centro-oeste\/#organization","name":"Regional Centro-Oeste","url":"https:\/\/www.fiemg.com.br\/regional-centro-oeste\/","logo":{"@type":"ImageObject","inLanguage":"pt-BR","@id":"https:\/\/www.fiemg.com.br\/regional-centro-oeste\/#\/schema\/logo\/image\/","url":"https:\/\/www.fiemg.com.br\/regional-centro-oeste\/wp-content\/uploads\/sites\/16\/2023\/02\/Ativo-1.png","contentUrl":"https:\/\/www.fiemg.com.br\/regional-centro-oeste\/wp-content\/uploads\/sites\/16\/2023\/02\/Ativo-1.png","width":563,"height":149,"caption":"Regional Centro-Oeste"},"image":{"@id":"https:\/\/www.fiemg.com.br\/regional-centro-oeste\/#\/schema\/logo\/image\/"}}]}},"_links":{"self":[{"href":"https:\/\/www.fiemg.com.br\/regional-centro-oeste\/wp-json\/wp\/v2\/noticias\/2740","targetHints":{"allow":["GET"]}}],"collection":[{"href":"https:\/\/www.fiemg.com.br\/regional-centro-oeste\/wp-json\/wp\/v2\/noticias"}],"about":[{"href":"https:\/\/www.fiemg.com.br\/regional-centro-oeste\/wp-json\/wp\/v2\/types\/noticias"}],"wp:featuredmedia":[{"embeddable":true,"href":"https:\/\/www.fiemg.com.br\/regional-centro-oeste\/wp-json\/wp\/v2\/media\/2741"}],"wp:attachment":[{"href":"https:\/\/www.fiemg.com.br\/regional-centro-oeste\/wp-json\/wp\/v2\/media?parent=2740"}],"wp:term":[{"taxonomy":"category","embeddable":true,"href":"https:\/\/www.fiemg.com.br\/regional-centro-oeste\/wp-json\/wp\/v2\/categories?post=2740"},{"taxonomy":"post_tag","embeddable":true,"href":"https:\/\/www.fiemg.com.br\/regional-centro-oeste\/wp-json\/wp\/v2\/tags?post=2740"}],"curies":[{"name":"wp","href":"https:\/\/api.w.org\/{rel}","templated":true}]}}