{"id":2749,"date":"2024-12-20T14:12:43","date_gmt":"2024-12-20T17:12:43","guid":{"rendered":"https:\/\/www.fiemg.com.br\/regional-centro-oeste\/?post_type=noticias&#038;p=2749"},"modified":"2024-12-20T14:12:44","modified_gmt":"2024-12-20T17:12:44","slug":"atuacao-da-fiemg-regional-em-2024-impactou-o-desenvolvimento-da-cadeia-produtiva-da-regiao","status":"publish","type":"noticias","link":"https:\/\/www.fiemg.com.br\/regional-centro-oeste\/noticias\/atuacao-da-fiemg-regional-em-2024-impactou-o-desenvolvimento-da-cadeia-produtiva-da-regiao\/","title":{"rendered":"Atua\u00e7\u00e3o da FIEMG Regional em 2024 impactou o desenvolvimento da cadeia produtiva da regi\u00e3o"},"content":{"rendered":"\n<figure class=\"wp-block-image size-large\"><img fetchpriority=\"high\" decoding=\"async\" width=\"1024\" height=\"682\" src=\"https:\/\/www.fiemg.com.br\/regional-centro-oeste\/wp-content\/uploads\/sites\/16\/2024\/07\/autoridades-painel-desburocratizacao-minascon-1024x682.jpeg\" alt=\"\" class=\"wp-image-2165\" \/><\/figure>\n\n\n\n<p>Atrav\u00e9s das 10 regionais, a Federa\u00e7\u00e3o das Ind\u00fastrias do Estado de Minas Gerais busca estar presente em todo estado, atuando no fortalecimento da cadeia produtiva, mapeando as reais demandas das ind\u00fastrias e buscando solu\u00e7\u00f5es que aumentem a competitividade do setor. Em Divin\u00f3polis, a FIEMG Regional Centro-Oeste, liderada pelo presidente regional, Eduardo Soares, exerceu importante papel na defesa dos interesses da ind\u00fastria.<\/p>\n\n\n\n<p>Durante o ano, quase 3 mil pessoas passaram pela unidade participando de cursos, palestras, reuni\u00f5es, workshops e eventos empresariais. Em julho, Divin\u00f3polis sediou a maior feira da ind\u00fastria da constru\u00e7\u00e3o civil do estado, o Minascon, evento que visa aproximar a cadeia produtiva da constru\u00e7\u00e3o civil, promover conhecimento, inova\u00e7\u00e3o e tecnologia e fomentar neg\u00f3cios.<\/p>\n\n\n\n<p>Atrav\u00e9s da atua\u00e7\u00e3o do presidente, a FIEMG participou de conselhos e grupos de fomento. Em 2024 Eduardo Soares presidiu o Conselho Municipal de Desenvolvimento Econ\u00f4mico e Sustent\u00e1vel de Divin\u00f3polis (COMDES) e atuou diretamente em a\u00e7\u00f5es estrat\u00e9gicas com objetivo de promover o desenvolvimento socioecon\u00f4mico de Divin\u00f3polis e regi\u00e3o. Membro do Conselho Curador do Complexo de Sa\u00fade S\u00e3o Jo\u00e3o de Deus (CSSJD), Eduardo Soares representou a ind\u00fastria e a sociedade divinopolitana.<\/p>\n\n\n\n<p>Como vice-presidente da Ag\u00eancia Novo Oeste, representou os interesses da ind\u00fastria e participou ativamente de a\u00e7\u00f5es estrat\u00e9gias de desenvolvimento. O grupo tem\u00e1tico Agroneg\u00f3cio e Turismo, liderado pelo presidente regional, tamb\u00e9m desenvolveu importantes a\u00e7\u00f5es, como o projeto \u201cO Mercado Novo Oeste: Conectando pessoas, sabores e tradi\u00e7\u00f5es\u201d, visa replicar o modelo do Mercado Central de Belo Horizonte aproveitando o antigo Mercado Distrital de Divin\u00f3polis, transformando-o num local para escoar produtos do agroneg\u00f3cio, atacado e varejo, servi\u00e7o, gastronomia, lazer e promo\u00e7\u00e3o de eventos, al\u00e9m de outras iniciativas que visam promover a ind\u00fastria do turismo.<\/p>\n\n\n\n<p>Em mar\u00e7o de 2024, um trabalho conjunto entre FIEMG e ACID buscou solucionar o problema constante das ocorr\u00eancias de queda de energia no Centro Industrial. Em reuni\u00e3o com representantes da CEMIG, as lideran\u00e7as empresariais selaram acordo com cronograma de investimentos na melhoria no fornecimento de energia. Em maio, o presidente da GASMIG e membros da diretoria estiveram na sede da FIEMG Regional Centro-Oeste em reuni\u00e3o com empres\u00e1rios da regi\u00e3o, lideran\u00e7as locais e representantes de entidades. O encontro foi uma iniciativa do presidente da FIEMG Regional com intuito de obter informa\u00e7\u00f5es detalhadas sobre o cronograma de obras do Projeto Centro-Oeste G\u00e1s Natural, que prev\u00ea a expans\u00e3o da rede de distribui\u00e7\u00e3o de g\u00e1s natural na regi\u00e3o.<\/p>\n\n\n\n<p>Durante todo o ano, a FIEMG Regional, atrav\u00e9s do seu presidente, manteve rela\u00e7\u00e3o estreia com o Poder P\u00fablico, sempre buscando a\u00e7\u00f5es e estrat\u00e9gias necess\u00e1rias para impulsionar o ambiente de neg\u00f3cios no munic\u00edpio. Em reuni\u00e3o realizada em junho desse ano, com o prefeito Gleidson Azevedo e a vice-prefeita, Janete Aparecida, ficou acertado o envolvimento da FIEMG e demais entidades de classe na elabora\u00e7\u00e3o da nova Lei de Parcelamento do Solo, a exemplo do que ocorreu com a nova Lei de Uso e Ocupa\u00e7\u00e3o do Solo e o Projeto do novo C\u00f3digo de Obras, quando o grupo de trabalho formado por t\u00e9cnicos da FIEMG, SEBRAE-MG e entidades estudaram os projetos em parceria com o Poder P\u00fablico e apresentaram nova proposta, mais moderna e atualizada.<\/p>\n\n\n\n<p>Eduardo Soares tamb\u00e9m estreitou rela\u00e7\u00f5es com lideran\u00e7as de cidades da regi\u00e3o, como a presidente da Associa\u00e7\u00e3o Comercial de Oliveira (ACINOL), Mar\u00edlia Geralda Aparecida Silva Le\u00e3o, o prefeito de Formiga, Coronel La\u00e9rcio e outras autoridades do Centro-Oeste.<\/p>\n\n\n\n<p>Minas Gerais caminha para encerrar 2024 com resultados econ\u00f4micos positivos. De acordo com o Balan\u00e7o Anual 2024 e Perspectivas da&nbsp;Federa\u00e7\u00e3o das Ind\u00fastrias de Minas Gerais (FIEMG), apresentado ontem, o Produto Interno Bruto (PIB) do estado cresceu 2,8% at\u00e9 o terceiro trimestre, com destaque para a ind\u00fastria. O setor avan\u00e7ou 4,2%, sendo impulsionado pelos segmentos extrativo (6,3%), constru\u00e7\u00e3o (8,9%) e energia e saneamento (7,5%).<\/p>\n\n\n\n<p>De acordo com o presidente da FIEMG regional Centro-Oeste, os resultados positivos s\u00e3o uma somat\u00f3ria de diversas a\u00e7\u00f5es e a atua\u00e7\u00e3o da Federa\u00e7\u00e3o das Ind\u00fastrias exerce papel crucial no desenvolvimento do estado. \u201cA representatividade da FIEMG em toda Minas Gerais tem contribu\u00eddo fortemente para o crescimento e desenvolvimento socioecon\u00f4mico do estado. Aqui no Centro-Oeste, cumprimos o dever de dar continuidade a esse trabalho em defesa da ind\u00fastria e colhemos bons frutos em 2024. A expectativa \u00e9 que para o pr\u00f3ximo ano novos projetos sejam implementados com resultados ainda mais promissores\u201d, finalizou Eduardo Soares.<\/p>\n","protected":false},"featured_media":2086,"template":"","categories":[],"tags":[],"class_list":["post-2749","noticias","type-noticias","status-publish","has-post-thumbnail","hentry"],"acf":[],"yoast_head":"<!-- This site is optimized with the Yoast SEO plugin v26.2 - https:\/\/yoast.com\/wordpress\/plugins\/seo\/ -->\n<title>Atua\u00e7\u00e3o da FIEMG Regional em 2024 impactou o desenvolvimento da cadeia produtiva da regi\u00e3o - Regional Centro-Oeste<\/title>\n<meta name=\"robots\" content=\"index, follow, max-snippet:-1, max-image-preview:large, max-video-preview:-1\" \/>\n<link rel=\"canonical\" href=\"https:\/\/www.fiemg.com.br\/regional-centro-oeste\/noticias\/atuacao-da-fiemg-regional-em-2024-impactou-o-desenvolvimento-da-cadeia-produtiva-da-regiao\/\" \/>\n<meta property=\"og:locale\" content=\"pt_BR\" \/>\n<meta property=\"og:type\" content=\"article\" \/>\n<meta property=\"og:title\" content=\"Atua\u00e7\u00e3o da FIEMG Regional em 2024 impactou o desenvolvimento da cadeia produtiva da regi\u00e3o - Regional Centro-Oeste\" \/>\n<meta property=\"og:description\" content=\"Atrav\u00e9s das 10 regionais, a Federa\u00e7\u00e3o das Ind\u00fastrias do Estado de Minas Gerais busca estar presente em todo estado, atuando no fortalecimento da cadeia produtiva, mapeando as reais demandas das ind\u00fastrias e buscando solu\u00e7\u00f5es que aumentem a competitividade do setor. Em Divin\u00f3polis, a FIEMG Regional Centro-Oeste, liderada pelo presidente regional, Eduardo Soares, exerceu importante papel [&hellip;]\" \/>\n<meta property=\"og:url\" content=\"https:\/\/www.fiemg.com.br\/regional-centro-oeste\/noticias\/atuacao-da-fiemg-regional-em-2024-impactou-o-desenvolvimento-da-cadeia-produtiva-da-regiao\/\" \/>\n<meta property=\"og:site_name\" content=\"Regional Centro-Oeste\" \/>\n<meta property=\"article:modified_time\" content=\"2024-12-20T17:12:44+00:00\" \/>\n<meta property=\"og:image\" content=\"https:\/\/www.fiemg.com.br\/regional-centro-oeste\/wp-content\/uploads\/sites\/16\/2024\/04\/VP-regional-territorios-empreendedores-e1713895293118.jpeg\" \/>\n\t<meta property=\"og:image:width\" content=\"1064\" \/>\n\t<meta property=\"og:image:height\" content=\"1064\" \/>\n\t<meta property=\"og:image:type\" content=\"image\/jpeg\" \/>\n<meta name=\"twitter:card\" content=\"summary_large_image\" \/>\n<meta name=\"twitter:label1\" content=\"Est. tempo de leitura\" \/>\n\t<meta name=\"twitter:data1\" content=\"5 minutos\" \/>\n<script type=\"application\/ld+json\" class=\"yoast-schema-graph\">{\"@context\":\"https:\/\/schema.org\",\"@graph\":[{\"@type\":\"WebPage\",\"@id\":\"https:\/\/www.fiemg.com.br\/regional-centro-oeste\/noticias\/atuacao-da-fiemg-regional-em-2024-impactou-o-desenvolvimento-da-cadeia-produtiva-da-regiao\/\",\"url\":\"https:\/\/www.fiemg.com.br\/regional-centro-oeste\/noticias\/atuacao-da-fiemg-regional-em-2024-impactou-o-desenvolvimento-da-cadeia-produtiva-da-regiao\/\",\"name\":\"Atua\u00e7\u00e3o da FIEMG Regional em 2024 impactou o desenvolvimento da cadeia produtiva da regi\u00e3o - Regional Centro-Oeste\",\"isPartOf\":{\"@id\":\"https:\/\/www.fiemg.com.br\/regional-centro-oeste\/#website\"},\"primaryImageOfPage\":{\"@id\":\"https:\/\/www.fiemg.com.br\/regional-centro-oeste\/noticias\/atuacao-da-fiemg-regional-em-2024-impactou-o-desenvolvimento-da-cadeia-produtiva-da-regiao\/#primaryimage\"},\"image\":{\"@id\":\"https:\/\/www.fiemg.com.br\/regional-centro-oeste\/noticias\/atuacao-da-fiemg-regional-em-2024-impactou-o-desenvolvimento-da-cadeia-produtiva-da-regiao\/#primaryimage\"},\"thumbnailUrl\":\"https:\/\/www.fiemg.com.br\/regional-centro-oeste\/wp-content\/uploads\/sites\/16\/2024\/04\/VP-regional-territorios-empreendedores-e1713895293118.jpeg\",\"datePublished\":\"2024-12-20T17:12:43+00:00\",\"dateModified\":\"2024-12-20T17:12:44+00:00\",\"breadcrumb\":{\"@id\":\"https:\/\/www.fiemg.com.br\/regional-centro-oeste\/noticias\/atuacao-da-fiemg-regional-em-2024-impactou-o-desenvolvimento-da-cadeia-produtiva-da-regiao\/#breadcrumb\"},\"inLanguage\":\"pt-BR\",\"potentialAction\":[{\"@type\":\"ReadAction\",\"target\":[\"https:\/\/www.fiemg.com.br\/regional-centro-oeste\/noticias\/atuacao-da-fiemg-regional-em-2024-impactou-o-desenvolvimento-da-cadeia-produtiva-da-regiao\/\"]}]},{\"@type\":\"ImageObject\",\"inLanguage\":\"pt-BR\",\"@id\":\"https:\/\/www.fiemg.com.br\/regional-centro-oeste\/noticias\/atuacao-da-fiemg-regional-em-2024-impactou-o-desenvolvimento-da-cadeia-produtiva-da-regiao\/#primaryimage\",\"url\":\"https:\/\/www.fiemg.com.br\/regional-centro-oeste\/wp-content\/uploads\/sites\/16\/2024\/04\/VP-regional-territorios-empreendedores-e1713895293118.jpeg\",\"contentUrl\":\"https:\/\/www.fiemg.com.br\/regional-centro-oeste\/wp-content\/uploads\/sites\/16\/2024\/04\/VP-regional-territorios-empreendedores-e1713895293118.jpeg\",\"width\":1064,\"height\":1064},{\"@type\":\"BreadcrumbList\",\"@id\":\"https:\/\/www.fiemg.com.br\/regional-centro-oeste\/noticias\/atuacao-da-fiemg-regional-em-2024-impactou-o-desenvolvimento-da-cadeia-produtiva-da-regiao\/#breadcrumb\",\"itemListElement\":[{\"@type\":\"ListItem\",\"position\":1,\"name\":\"In\u00edcio\",\"item\":\"https:\/\/www.fiemg.com.br\/regional-centro-oeste\/\"},{\"@type\":\"ListItem\",\"position\":2,\"name\":\"Atua\u00e7\u00e3o da FIEMG Regional em 2024 impactou o desenvolvimento da cadeia produtiva da regi\u00e3o\"}]},{\"@type\":\"WebSite\",\"@id\":\"https:\/\/www.fiemg.com.br\/regional-centro-oeste\/#website\",\"url\":\"https:\/\/www.fiemg.com.br\/regional-centro-oeste\/\",\"name\":\"Regional Centro-Oeste\",\"description\":\"Federa\u00e7\u00e3o das Ind\u00fastrias do Estado de Minas Gerais\",\"publisher\":{\"@id\":\"https:\/\/www.fiemg.com.br\/regional-centro-oeste\/#organization\"},\"potentialAction\":[{\"@type\":\"SearchAction\",\"target\":{\"@type\":\"EntryPoint\",\"urlTemplate\":\"https:\/\/www.fiemg.com.br\/regional-centro-oeste\/?s={search_term_string}\"},\"query-input\":{\"@type\":\"PropertyValueSpecification\",\"valueRequired\":true,\"valueName\":\"search_term_string\"}}],\"inLanguage\":\"pt-BR\"},{\"@type\":\"Organization\",\"@id\":\"https:\/\/www.fiemg.com.br\/regional-centro-oeste\/#organization\",\"name\":\"Regional Centro-Oeste\",\"url\":\"https:\/\/www.fiemg.com.br\/regional-centro-oeste\/\",\"logo\":{\"@type\":\"ImageObject\",\"inLanguage\":\"pt-BR\",\"@id\":\"https:\/\/www.fiemg.com.br\/regional-centro-oeste\/#\/schema\/logo\/image\/\",\"url\":\"https:\/\/www.fiemg.com.br\/regional-centro-oeste\/wp-content\/uploads\/sites\/16\/2023\/02\/Ativo-1.png\",\"contentUrl\":\"https:\/\/www.fiemg.com.br\/regional-centro-oeste\/wp-content\/uploads\/sites\/16\/2023\/02\/Ativo-1.png\",\"width\":563,\"height\":149,\"caption\":\"Regional Centro-Oeste\"},\"image\":{\"@id\":\"https:\/\/www.fiemg.com.br\/regional-centro-oeste\/#\/schema\/logo\/image\/\"}}]}<\/script>\n<!-- \/ Yoast SEO plugin. -->","yoast_head_json":{"title":"Atua\u00e7\u00e3o da FIEMG Regional em 2024 impactou o desenvolvimento da cadeia produtiva da regi\u00e3o - Regional Centro-Oeste","robots":{"index":"index","follow":"follow","max-snippet":"max-snippet:-1","max-image-preview":"max-image-preview:large","max-video-preview":"max-video-preview:-1"},"canonical":"https:\/\/www.fiemg.com.br\/regional-centro-oeste\/noticias\/atuacao-da-fiemg-regional-em-2024-impactou-o-desenvolvimento-da-cadeia-produtiva-da-regiao\/","og_locale":"pt_BR","og_type":"article","og_title":"Atua\u00e7\u00e3o da FIEMG Regional em 2024 impactou o desenvolvimento da cadeia produtiva da regi\u00e3o - Regional Centro-Oeste","og_description":"Atrav\u00e9s das 10 regionais, a Federa\u00e7\u00e3o das Ind\u00fastrias do Estado de Minas Gerais busca estar presente em todo estado, atuando no fortalecimento da cadeia produtiva, mapeando as reais demandas das ind\u00fastrias e buscando solu\u00e7\u00f5es que aumentem a competitividade do setor. Em Divin\u00f3polis, a FIEMG Regional Centro-Oeste, liderada pelo presidente regional, Eduardo Soares, exerceu importante papel [&hellip;]","og_url":"https:\/\/www.fiemg.com.br\/regional-centro-oeste\/noticias\/atuacao-da-fiemg-regional-em-2024-impactou-o-desenvolvimento-da-cadeia-produtiva-da-regiao\/","og_site_name":"Regional Centro-Oeste","article_modified_time":"2024-12-20T17:12:44+00:00","og_image":[{"width":1064,"height":1064,"url":"https:\/\/www.fiemg.com.br\/regional-centro-oeste\/wp-content\/uploads\/sites\/16\/2024\/04\/VP-regional-territorios-empreendedores-e1713895293118.jpeg","type":"image\/jpeg"}],"twitter_card":"summary_large_image","twitter_misc":{"Est. tempo de leitura":"5 minutos"},"schema":{"@context":"https:\/\/schema.org","@graph":[{"@type":"WebPage","@id":"https:\/\/www.fiemg.com.br\/regional-centro-oeste\/noticias\/atuacao-da-fiemg-regional-em-2024-impactou-o-desenvolvimento-da-cadeia-produtiva-da-regiao\/","url":"https:\/\/www.fiemg.com.br\/regional-centro-oeste\/noticias\/atuacao-da-fiemg-regional-em-2024-impactou-o-desenvolvimento-da-cadeia-produtiva-da-regiao\/","name":"Atua\u00e7\u00e3o da FIEMG Regional em 2024 impactou o desenvolvimento da cadeia produtiva da regi\u00e3o - Regional Centro-Oeste","isPartOf":{"@id":"https:\/\/www.fiemg.com.br\/regional-centro-oeste\/#website"},"primaryImageOfPage":{"@id":"https:\/\/www.fiemg.com.br\/regional-centro-oeste\/noticias\/atuacao-da-fiemg-regional-em-2024-impactou-o-desenvolvimento-da-cadeia-produtiva-da-regiao\/#primaryimage"},"image":{"@id":"https:\/\/www.fiemg.com.br\/regional-centro-oeste\/noticias\/atuacao-da-fiemg-regional-em-2024-impactou-o-desenvolvimento-da-cadeia-produtiva-da-regiao\/#primaryimage"},"thumbnailUrl":"https:\/\/www.fiemg.com.br\/regional-centro-oeste\/wp-content\/uploads\/sites\/16\/2024\/04\/VP-regional-territorios-empreendedores-e1713895293118.jpeg","datePublished":"2024-12-20T17:12:43+00:00","dateModified":"2024-12-20T17:12:44+00:00","breadcrumb":{"@id":"https:\/\/www.fiemg.com.br\/regional-centro-oeste\/noticias\/atuacao-da-fiemg-regional-em-2024-impactou-o-desenvolvimento-da-cadeia-produtiva-da-regiao\/#breadcrumb"},"inLanguage":"pt-BR","potentialAction":[{"@type":"ReadAction","target":["https:\/\/www.fiemg.com.br\/regional-centro-oeste\/noticias\/atuacao-da-fiemg-regional-em-2024-impactou-o-desenvolvimento-da-cadeia-produtiva-da-regiao\/"]}]},{"@type":"ImageObject","inLanguage":"pt-BR","@id":"https:\/\/www.fiemg.com.br\/regional-centro-oeste\/noticias\/atuacao-da-fiemg-regional-em-2024-impactou-o-desenvolvimento-da-cadeia-produtiva-da-regiao\/#primaryimage","url":"https:\/\/www.fiemg.com.br\/regional-centro-oeste\/wp-content\/uploads\/sites\/16\/2024\/04\/VP-regional-territorios-empreendedores-e1713895293118.jpeg","contentUrl":"https:\/\/www.fiemg.com.br\/regional-centro-oeste\/wp-content\/uploads\/sites\/16\/2024\/04\/VP-regional-territorios-empreendedores-e1713895293118.jpeg","width":1064,"height":1064},{"@type":"BreadcrumbList","@id":"https:\/\/www.fiemg.com.br\/regional-centro-oeste\/noticias\/atuacao-da-fiemg-regional-em-2024-impactou-o-desenvolvimento-da-cadeia-produtiva-da-regiao\/#breadcrumb","itemListElement":[{"@type":"ListItem","position":1,"name":"In\u00edcio","item":"https:\/\/www.fiemg.com.br\/regional-centro-oeste\/"},{"@type":"ListItem","position":2,"name":"Atua\u00e7\u00e3o da FIEMG Regional em 2024 impactou o desenvolvimento da cadeia produtiva da regi\u00e3o"}]},{"@type":"WebSite","@id":"https:\/\/www.fiemg.com.br\/regional-centro-oeste\/#website","url":"https:\/\/www.fiemg.com.br\/regional-centro-oeste\/","name":"Regional Centro-Oeste","description":"Federa\u00e7\u00e3o das Ind\u00fastrias do Estado de Minas Gerais","publisher":{"@id":"https:\/\/www.fiemg.com.br\/regional-centro-oeste\/#organization"},"potentialAction":[{"@type":"SearchAction","target":{"@type":"EntryPoint","urlTemplate":"https:\/\/www.fiemg.com.br\/regional-centro-oeste\/?s={search_term_string}"},"query-input":{"@type":"PropertyValueSpecification","valueRequired":true,"valueName":"search_term_string"}}],"inLanguage":"pt-BR"},{"@type":"Organization","@id":"https:\/\/www.fiemg.com.br\/regional-centro-oeste\/#organization","name":"Regional Centro-Oeste","url":"https:\/\/www.fiemg.com.br\/regional-centro-oeste\/","logo":{"@type":"ImageObject","inLanguage":"pt-BR","@id":"https:\/\/www.fiemg.com.br\/regional-centro-oeste\/#\/schema\/logo\/image\/","url":"https:\/\/www.fiemg.com.br\/regional-centro-oeste\/wp-content\/uploads\/sites\/16\/2023\/02\/Ativo-1.png","contentUrl":"https:\/\/www.fiemg.com.br\/regional-centro-oeste\/wp-content\/uploads\/sites\/16\/2023\/02\/Ativo-1.png","width":563,"height":149,"caption":"Regional Centro-Oeste"},"image":{"@id":"https:\/\/www.fiemg.com.br\/regional-centro-oeste\/#\/schema\/logo\/image\/"}}]}},"_links":{"self":[{"href":"https:\/\/www.fiemg.com.br\/regional-centro-oeste\/wp-json\/wp\/v2\/noticias\/2749","targetHints":{"allow":["GET"]}}],"collection":[{"href":"https:\/\/www.fiemg.com.br\/regional-centro-oeste\/wp-json\/wp\/v2\/noticias"}],"about":[{"href":"https:\/\/www.fiemg.com.br\/regional-centro-oeste\/wp-json\/wp\/v2\/types\/noticias"}],"wp:featuredmedia":[{"embeddable":true,"href":"https:\/\/www.fiemg.com.br\/regional-centro-oeste\/wp-json\/wp\/v2\/media\/2086"}],"wp:attachment":[{"href":"https:\/\/www.fiemg.com.br\/regional-centro-oeste\/wp-json\/wp\/v2\/media?parent=2749"}],"wp:term":[{"taxonomy":"category","embeddable":true,"href":"https:\/\/www.fiemg.com.br\/regional-centro-oeste\/wp-json\/wp\/v2\/categories?post=2749"},{"taxonomy":"post_tag","embeddable":true,"href":"https:\/\/www.fiemg.com.br\/regional-centro-oeste\/wp-json\/wp\/v2\/tags?post=2749"}],"curies":[{"name":"wp","href":"https:\/\/api.w.org\/{rel}","templated":true}]}}