{"id":2768,"date":"2025-01-24T10:27:31","date_gmt":"2025-01-24T13:27:31","guid":{"rendered":"https:\/\/www.fiemg.com.br\/regional-centro-oeste\/?post_type=noticias&#038;p=2768"},"modified":"2025-01-24T10:27:32","modified_gmt":"2025-01-24T13:27:32","slug":"nova-diretoria-do-sindinova-e-empossa-com-presenca-de-autoridades","status":"publish","type":"noticias","link":"https:\/\/www.fiemg.com.br\/regional-centro-oeste\/noticias\/nova-diretoria-do-sindinova-e-empossa-com-presenca-de-autoridades\/","title":{"rendered":"Nova diretoria do SINDINOVA \u00e9 empossa com presen\u00e7a de autoridades"},"content":{"rendered":"\n<figure class=\"wp-block-image size-large\"><img fetchpriority=\"high\" decoding=\"async\" width=\"1024\" height=\"398\" src=\"https:\/\/www.fiemg.com.br\/regional-centro-oeste\/wp-content\/uploads\/sites\/16\/2025\/01\/Posse-nova-Diretoria-Sindinova-scaled-e1737724849696-1024x398.jpg\" alt=\"\" class=\"wp-image-2770\" srcset=\"https:\/\/www.fiemg.com.br\/regional-centro-oeste\/wp-content\/uploads\/sites\/16\/2025\/01\/Posse-nova-Diretoria-Sindinova-scaled-e1737724849696-1024x398.jpg 1024w, https:\/\/www.fiemg.com.br\/regional-centro-oeste\/wp-content\/uploads\/sites\/16\/2025\/01\/Posse-nova-Diretoria-Sindinova-scaled-e1737724849696-300x116.jpg 300w, https:\/\/www.fiemg.com.br\/regional-centro-oeste\/wp-content\/uploads\/sites\/16\/2025\/01\/Posse-nova-Diretoria-Sindinova-scaled-e1737724849696-768x298.jpg 768w, https:\/\/www.fiemg.com.br\/regional-centro-oeste\/wp-content\/uploads\/sites\/16\/2025\/01\/Posse-nova-Diretoria-Sindinova-scaled-e1737724849696-1536x596.jpg 1536w, https:\/\/www.fiemg.com.br\/regional-centro-oeste\/wp-content\/uploads\/sites\/16\/2025\/01\/Posse-nova-Diretoria-Sindinova-scaled-e1737724849696-2048x795.jpg 2048w\" sizes=\"(max-width: 1024px) 100vw, 1024px\" \/><\/figure>\n\n\n\n<p>A nova diretoria do Sindicato das Ind\u00fastrias de Cal\u00e7ados de Nova Serrana (SINDINOVA), foi empossada na noite de ontem (23) com a presen\u00e7a de diversas lideran\u00e7as e autoridades, entre elas, o presidente da Federa\u00e7\u00e3o das Ind\u00fastrias do Estado de Minas Gerais, Fl\u00e1vio Roscoe. O diretor da FIEMG Regional Centro-Oeste, Paulo C\u00e9sar Costa participou da solenidade representando a entidade e o presidente regional, Eduardo Soares. Ronaldo Lacerda, que esteve \u00e0 frente do Sindicato por dois mandatos, ser\u00e1 sucedido pelo empres\u00e1rio Rodrigo Amaral Martins, para o tri\u00eanio 2025-2028.<\/p>\n\n\n\n<figure class=\"wp-block-image alignleft size-large is-resized\"><img decoding=\"async\" width=\"1024\" height=\"683\" src=\"https:\/\/www.fiemg.com.br\/regional-centro-oeste\/wp-content\/uploads\/sites\/16\/2025\/01\/presidente-flavio-discurso-posse-sindinova-1024x683.jpg\" alt=\"\" class=\"wp-image-2772\" style=\"width:373px;height:auto\" \/><\/figure>\n\n\n\n<p>Em seu discurso, o presidente da FIEMG falou da atua\u00e7\u00e3o do SINDINOVA ao longo dos anos e da relev\u00e2ncia do Polo Cal\u00e7adista para o desenvolvimento de todo estado. \u201c\u00c9 por isso que Nova Serrana continua crescendo e fazendo toda diferen\u00e7a na regi\u00e3o. O Polo vai transbordando as suas fronteiras e levando progresso e desenvolvimento\u201d, enfatizou.<\/p>\n\n\n\n<p>O l\u00edder empresarial lembrou ainda que o presidente empossado foi integrante do FIEMG Jovem, programa desenvolvido por Roscoe que exerce papel essencial na forma\u00e7\u00e3o de novas lideran\u00e7as empresariais. \u201cAntes de tudo eu tenho orgulho do Rodrigo, egresso do FIEMG Jovem, al\u00e9m de ter 12 anos na diretoria do Sindicato. Desde dezembro eu dei posse a 3 presidentes de sindicatos que vieram do FIEMG Jovem, o grupo jovem mais atuante do Brasil que vem gerando novas gera\u00e7\u00f5es de l\u00edderes para contribuir com o desenvolvimento do nosso estado\u201d, finalizou.<\/p>\n\n\n\n<p>Ronaldo Lacerda, que deixa a presid\u00eancia do Sindicato depois de 6 anos, fez um abalan\u00e7o da sua gest\u00e3o e lembrou o apoio da FIEMG em diversas a\u00e7\u00f5es, como a certifica\u00e7\u00e3o do laborat\u00f3rio do SENAI, apoio durante a pandemia, parceria para realiza\u00e7\u00e3o de feiras e defesa de interesse. O empres\u00e1rio, que permanecer\u00e1 como diretor adjunto, revelou que o SINDINOVA se tornou o maior sindicato cal\u00e7adista do Brasil e o Polo j\u00e1 ocupa a quinta coloca\u00e7\u00e3o em n\u00fameros de empregos no setor. \u201cCrescemos muito e podemos ainda mais. Tenho satisfa\u00e7\u00e3o em percorrer a jornada; terminar \u00e9 bom, mas o mais importante \u00e9 como passamos pelo caminho. Fomos uma gest\u00e3o marcada pela inova\u00e7\u00e3o e prosperidade\u201d, enfatizou.<\/p>\n\n\n\n<figure class=\"wp-block-image alignright size-large is-resized\"><img decoding=\"async\" width=\"1024\" height=\"683\" src=\"https:\/\/www.fiemg.com.br\/regional-centro-oeste\/wp-content\/uploads\/sites\/16\/2025\/01\/presidente-flavio-presidente-sindinova-1-1024x683.jpg\" alt=\"\" class=\"wp-image-2775\" style=\"width:413px;height:auto\" srcset=\"https:\/\/www.fiemg.com.br\/regional-centro-oeste\/wp-content\/uploads\/sites\/16\/2025\/01\/presidente-flavio-presidente-sindinova-1-1024x683.jpg 1024w, https:\/\/www.fiemg.com.br\/regional-centro-oeste\/wp-content\/uploads\/sites\/16\/2025\/01\/presidente-flavio-presidente-sindinova-1-300x200.jpg 300w, https:\/\/www.fiemg.com.br\/regional-centro-oeste\/wp-content\/uploads\/sites\/16\/2025\/01\/presidente-flavio-presidente-sindinova-1-768x512.jpg 768w, https:\/\/www.fiemg.com.br\/regional-centro-oeste\/wp-content\/uploads\/sites\/16\/2025\/01\/presidente-flavio-presidente-sindinova-1-1536x1024.jpg 1536w, https:\/\/www.fiemg.com.br\/regional-centro-oeste\/wp-content\/uploads\/sites\/16\/2025\/01\/presidente-flavio-presidente-sindinova-1-2048x1365.jpg 2048w\" sizes=\"(max-width: 1024px) 100vw, 1024px\" \/><\/figure>\n\n\n\n<p>O presidente empossado, Rodrigo Amaral Martins, que assume a presid\u00eancia do SINDINOVA com mais de 400 associados, falou dos objetivos e expectativas para sua gest\u00e3o, com destaque para a busca por inova\u00e7\u00e3o. \u201cNosso objetivo \u00e9 fortalecer o Polo Cal\u00e7adista de Nova Serrana, que hoje se destaca com 962 ind\u00fastrias e 18.990 empregos diretos. Queremos continuar crescendo em tecnologia, qualidade e refer\u00eancia\u201d, pontuou.<\/p>\n\n\n\n<p>De acordo com o diretor da FIEMG Regional Centro-Oeste, Paulo C\u00e9sar Costa, a atua\u00e7\u00e3o do SINDINOVA e a parceria com entidades como a FIEMG, tornam o Polo de Nova Serrana uma refer\u00eancia na constru\u00e7\u00e3o de um cen\u00e1rio econ\u00f4mico pujante. \u201cParab\u00e9ns ao Ronaldo por todos esses anos de dedica\u00e7\u00e3o que impulsionaram a ind\u00fastria cal\u00e7adista e desejo sucesso \u00e0 diretoria empossada para que continue exercendo papel relevante na gera\u00e7\u00e3o de emprego, renda e no desenvolvimento de todo estado atrav\u00e9s de nossa ind\u00fastria\u201d, finalizou.<\/p>\n\n\n\n<figure class=\"wp-block-image alignleft size-large is-resized\"><img loading=\"lazy\" decoding=\"async\" width=\"1024\" height=\"683\" src=\"https:\/\/www.fiemg.com.br\/regional-centro-oeste\/wp-content\/uploads\/sites\/16\/2025\/01\/Diretor-FIEMG-RCO-Paulo-presidente-sindinova-1024x683.jpg\" alt=\"\" class=\"wp-image-2769\" style=\"width:366px;height:auto\" \/><\/figure>\n\n\n\n<p>Tamb\u00e9m participaram da solenidade, o presidente do Conselho Deliberativo da Abical\u00e7ados, Caetano Bianco Neto; o presidente do Sebrae Minas, Marcelo Souza e Silvao Deputado Federal, Newton Cardoso Jr; o Deputado Federal, Lincoln Portela; a Deputada Estadual e Secret\u00e1ria de Estado de Desenvolvimento Social, Alessandra Diniz Portela Silveira; o vice-prefeito de Nova Serrana, Francisco Faria Amaral; al\u00e9m de empres\u00e1rios do setor cal\u00e7adistas.<\/p>\n\n\n\n<p><\/p>\n","protected":false},"featured_media":2771,"template":"","categories":[],"tags":[],"class_list":["post-2768","noticias","type-noticias","status-publish","has-post-thumbnail","hentry"],"acf":[],"yoast_head":"<!-- This site is optimized with the Yoast SEO plugin v26.2 - https:\/\/yoast.com\/wordpress\/plugins\/seo\/ -->\n<title>Nova diretoria do SINDINOVA \u00e9 empossa com presen\u00e7a de autoridades - Regional Centro-Oeste<\/title>\n<meta name=\"robots\" content=\"index, follow, max-snippet:-1, max-image-preview:large, max-video-preview:-1\" \/>\n<link rel=\"canonical\" href=\"https:\/\/www.fiemg.com.br\/regional-centro-oeste\/noticias\/nova-diretoria-do-sindinova-e-empossa-com-presenca-de-autoridades\/\" \/>\n<meta property=\"og:locale\" content=\"pt_BR\" \/>\n<meta property=\"og:type\" content=\"article\" \/>\n<meta property=\"og:title\" content=\"Nova diretoria do SINDINOVA \u00e9 empossa com presen\u00e7a de autoridades - Regional Centro-Oeste\" \/>\n<meta property=\"og:description\" content=\"A nova diretoria do Sindicato das Ind\u00fastrias de Cal\u00e7ados de Nova Serrana (SINDINOVA), foi empossada na noite de ontem (23) com a presen\u00e7a de diversas lideran\u00e7as e autoridades, entre elas, o presidente da Federa\u00e7\u00e3o das Ind\u00fastrias do Estado de Minas Gerais, Fl\u00e1vio Roscoe. O diretor da FIEMG Regional Centro-Oeste, Paulo C\u00e9sar Costa participou da solenidade [&hellip;]\" \/>\n<meta property=\"og:url\" content=\"https:\/\/www.fiemg.com.br\/regional-centro-oeste\/noticias\/nova-diretoria-do-sindinova-e-empossa-com-presenca-de-autoridades\/\" \/>\n<meta property=\"og:site_name\" content=\"Regional Centro-Oeste\" \/>\n<meta property=\"article:modified_time\" content=\"2025-01-24T13:27:32+00:00\" \/>\n<meta property=\"og:image\" content=\"https:\/\/www.fiemg.com.br\/regional-centro-oeste\/wp-content\/uploads\/sites\/16\/2025\/01\/posse-sindinova-scaled-e1737725231688.jpg\" \/>\n\t<meta property=\"og:image:width\" content=\"1766\" \/>\n\t<meta property=\"og:image:height\" content=\"1707\" \/>\n\t<meta property=\"og:image:type\" content=\"image\/jpeg\" \/>\n<meta name=\"twitter:card\" content=\"summary_large_image\" \/>\n<meta name=\"twitter:label1\" content=\"Est. tempo de leitura\" \/>\n\t<meta name=\"twitter:data1\" content=\"5 minutos\" \/>\n<script type=\"application\/ld+json\" class=\"yoast-schema-graph\">{\"@context\":\"https:\/\/schema.org\",\"@graph\":[{\"@type\":\"WebPage\",\"@id\":\"https:\/\/www.fiemg.com.br\/regional-centro-oeste\/noticias\/nova-diretoria-do-sindinova-e-empossa-com-presenca-de-autoridades\/\",\"url\":\"https:\/\/www.fiemg.com.br\/regional-centro-oeste\/noticias\/nova-diretoria-do-sindinova-e-empossa-com-presenca-de-autoridades\/\",\"name\":\"Nova diretoria do SINDINOVA \u00e9 empossa com presen\u00e7a de autoridades - Regional Centro-Oeste\",\"isPartOf\":{\"@id\":\"https:\/\/www.fiemg.com.br\/regional-centro-oeste\/#website\"},\"primaryImageOfPage\":{\"@id\":\"https:\/\/www.fiemg.com.br\/regional-centro-oeste\/noticias\/nova-diretoria-do-sindinova-e-empossa-com-presenca-de-autoridades\/#primaryimage\"},\"image\":{\"@id\":\"https:\/\/www.fiemg.com.br\/regional-centro-oeste\/noticias\/nova-diretoria-do-sindinova-e-empossa-com-presenca-de-autoridades\/#primaryimage\"},\"thumbnailUrl\":\"https:\/\/www.fiemg.com.br\/regional-centro-oeste\/wp-content\/uploads\/sites\/16\/2025\/01\/posse-sindinova-scaled-e1737725231688.jpg\",\"datePublished\":\"2025-01-24T13:27:31+00:00\",\"dateModified\":\"2025-01-24T13:27:32+00:00\",\"breadcrumb\":{\"@id\":\"https:\/\/www.fiemg.com.br\/regional-centro-oeste\/noticias\/nova-diretoria-do-sindinova-e-empossa-com-presenca-de-autoridades\/#breadcrumb\"},\"inLanguage\":\"pt-BR\",\"potentialAction\":[{\"@type\":\"ReadAction\",\"target\":[\"https:\/\/www.fiemg.com.br\/regional-centro-oeste\/noticias\/nova-diretoria-do-sindinova-e-empossa-com-presenca-de-autoridades\/\"]}]},{\"@type\":\"ImageObject\",\"inLanguage\":\"pt-BR\",\"@id\":\"https:\/\/www.fiemg.com.br\/regional-centro-oeste\/noticias\/nova-diretoria-do-sindinova-e-empossa-com-presenca-de-autoridades\/#primaryimage\",\"url\":\"https:\/\/www.fiemg.com.br\/regional-centro-oeste\/wp-content\/uploads\/sites\/16\/2025\/01\/posse-sindinova-scaled-e1737725231688.jpg\",\"contentUrl\":\"https:\/\/www.fiemg.com.br\/regional-centro-oeste\/wp-content\/uploads\/sites\/16\/2025\/01\/posse-sindinova-scaled-e1737725231688.jpg\",\"width\":1766,\"height\":1707},{\"@type\":\"BreadcrumbList\",\"@id\":\"https:\/\/www.fiemg.com.br\/regional-centro-oeste\/noticias\/nova-diretoria-do-sindinova-e-empossa-com-presenca-de-autoridades\/#breadcrumb\",\"itemListElement\":[{\"@type\":\"ListItem\",\"position\":1,\"name\":\"In\u00edcio\",\"item\":\"https:\/\/www.fiemg.com.br\/regional-centro-oeste\/\"},{\"@type\":\"ListItem\",\"position\":2,\"name\":\"Nova diretoria do SINDINOVA \u00e9 empossa com presen\u00e7a de autoridades\"}]},{\"@type\":\"WebSite\",\"@id\":\"https:\/\/www.fiemg.com.br\/regional-centro-oeste\/#website\",\"url\":\"https:\/\/www.fiemg.com.br\/regional-centro-oeste\/\",\"name\":\"Regional Centro-Oeste\",\"description\":\"Federa\u00e7\u00e3o das Ind\u00fastrias do Estado de Minas Gerais\",\"publisher\":{\"@id\":\"https:\/\/www.fiemg.com.br\/regional-centro-oeste\/#organization\"},\"potentialAction\":[{\"@type\":\"SearchAction\",\"target\":{\"@type\":\"EntryPoint\",\"urlTemplate\":\"https:\/\/www.fiemg.com.br\/regional-centro-oeste\/?s={search_term_string}\"},\"query-input\":{\"@type\":\"PropertyValueSpecification\",\"valueRequired\":true,\"valueName\":\"search_term_string\"}}],\"inLanguage\":\"pt-BR\"},{\"@type\":\"Organization\",\"@id\":\"https:\/\/www.fiemg.com.br\/regional-centro-oeste\/#organization\",\"name\":\"Regional Centro-Oeste\",\"url\":\"https:\/\/www.fiemg.com.br\/regional-centro-oeste\/\",\"logo\":{\"@type\":\"ImageObject\",\"inLanguage\":\"pt-BR\",\"@id\":\"https:\/\/www.fiemg.com.br\/regional-centro-oeste\/#\/schema\/logo\/image\/\",\"url\":\"https:\/\/www.fiemg.com.br\/regional-centro-oeste\/wp-content\/uploads\/sites\/16\/2023\/02\/Ativo-1.png\",\"contentUrl\":\"https:\/\/www.fiemg.com.br\/regional-centro-oeste\/wp-content\/uploads\/sites\/16\/2023\/02\/Ativo-1.png\",\"width\":563,\"height\":149,\"caption\":\"Regional Centro-Oeste\"},\"image\":{\"@id\":\"https:\/\/www.fiemg.com.br\/regional-centro-oeste\/#\/schema\/logo\/image\/\"}}]}<\/script>\n<!-- \/ Yoast SEO plugin. -->","yoast_head_json":{"title":"Nova diretoria do SINDINOVA \u00e9 empossa com presen\u00e7a de autoridades - Regional Centro-Oeste","robots":{"index":"index","follow":"follow","max-snippet":"max-snippet:-1","max-image-preview":"max-image-preview:large","max-video-preview":"max-video-preview:-1"},"canonical":"https:\/\/www.fiemg.com.br\/regional-centro-oeste\/noticias\/nova-diretoria-do-sindinova-e-empossa-com-presenca-de-autoridades\/","og_locale":"pt_BR","og_type":"article","og_title":"Nova diretoria do SINDINOVA \u00e9 empossa com presen\u00e7a de autoridades - Regional Centro-Oeste","og_description":"A nova diretoria do Sindicato das Ind\u00fastrias de Cal\u00e7ados de Nova Serrana (SINDINOVA), foi empossada na noite de ontem (23) com a presen\u00e7a de diversas lideran\u00e7as e autoridades, entre elas, o presidente da Federa\u00e7\u00e3o das Ind\u00fastrias do Estado de Minas Gerais, Fl\u00e1vio Roscoe. O diretor da FIEMG Regional Centro-Oeste, Paulo C\u00e9sar Costa participou da solenidade [&hellip;]","og_url":"https:\/\/www.fiemg.com.br\/regional-centro-oeste\/noticias\/nova-diretoria-do-sindinova-e-empossa-com-presenca-de-autoridades\/","og_site_name":"Regional Centro-Oeste","article_modified_time":"2025-01-24T13:27:32+00:00","og_image":[{"width":1766,"height":1707,"url":"https:\/\/www.fiemg.com.br\/regional-centro-oeste\/wp-content\/uploads\/sites\/16\/2025\/01\/posse-sindinova-scaled-e1737725231688.jpg","type":"image\/jpeg"}],"twitter_card":"summary_large_image","twitter_misc":{"Est. tempo de leitura":"5 minutos"},"schema":{"@context":"https:\/\/schema.org","@graph":[{"@type":"WebPage","@id":"https:\/\/www.fiemg.com.br\/regional-centro-oeste\/noticias\/nova-diretoria-do-sindinova-e-empossa-com-presenca-de-autoridades\/","url":"https:\/\/www.fiemg.com.br\/regional-centro-oeste\/noticias\/nova-diretoria-do-sindinova-e-empossa-com-presenca-de-autoridades\/","name":"Nova diretoria do SINDINOVA \u00e9 empossa com presen\u00e7a de autoridades - Regional Centro-Oeste","isPartOf":{"@id":"https:\/\/www.fiemg.com.br\/regional-centro-oeste\/#website"},"primaryImageOfPage":{"@id":"https:\/\/www.fiemg.com.br\/regional-centro-oeste\/noticias\/nova-diretoria-do-sindinova-e-empossa-com-presenca-de-autoridades\/#primaryimage"},"image":{"@id":"https:\/\/www.fiemg.com.br\/regional-centro-oeste\/noticias\/nova-diretoria-do-sindinova-e-empossa-com-presenca-de-autoridades\/#primaryimage"},"thumbnailUrl":"https:\/\/www.fiemg.com.br\/regional-centro-oeste\/wp-content\/uploads\/sites\/16\/2025\/01\/posse-sindinova-scaled-e1737725231688.jpg","datePublished":"2025-01-24T13:27:31+00:00","dateModified":"2025-01-24T13:27:32+00:00","breadcrumb":{"@id":"https:\/\/www.fiemg.com.br\/regional-centro-oeste\/noticias\/nova-diretoria-do-sindinova-e-empossa-com-presenca-de-autoridades\/#breadcrumb"},"inLanguage":"pt-BR","potentialAction":[{"@type":"ReadAction","target":["https:\/\/www.fiemg.com.br\/regional-centro-oeste\/noticias\/nova-diretoria-do-sindinova-e-empossa-com-presenca-de-autoridades\/"]}]},{"@type":"ImageObject","inLanguage":"pt-BR","@id":"https:\/\/www.fiemg.com.br\/regional-centro-oeste\/noticias\/nova-diretoria-do-sindinova-e-empossa-com-presenca-de-autoridades\/#primaryimage","url":"https:\/\/www.fiemg.com.br\/regional-centro-oeste\/wp-content\/uploads\/sites\/16\/2025\/01\/posse-sindinova-scaled-e1737725231688.jpg","contentUrl":"https:\/\/www.fiemg.com.br\/regional-centro-oeste\/wp-content\/uploads\/sites\/16\/2025\/01\/posse-sindinova-scaled-e1737725231688.jpg","width":1766,"height":1707},{"@type":"BreadcrumbList","@id":"https:\/\/www.fiemg.com.br\/regional-centro-oeste\/noticias\/nova-diretoria-do-sindinova-e-empossa-com-presenca-de-autoridades\/#breadcrumb","itemListElement":[{"@type":"ListItem","position":1,"name":"In\u00edcio","item":"https:\/\/www.fiemg.com.br\/regional-centro-oeste\/"},{"@type":"ListItem","position":2,"name":"Nova diretoria do SINDINOVA \u00e9 empossa com presen\u00e7a de autoridades"}]},{"@type":"WebSite","@id":"https:\/\/www.fiemg.com.br\/regional-centro-oeste\/#website","url":"https:\/\/www.fiemg.com.br\/regional-centro-oeste\/","name":"Regional Centro-Oeste","description":"Federa\u00e7\u00e3o das Ind\u00fastrias do Estado de Minas Gerais","publisher":{"@id":"https:\/\/www.fiemg.com.br\/regional-centro-oeste\/#organization"},"potentialAction":[{"@type":"SearchAction","target":{"@type":"EntryPoint","urlTemplate":"https:\/\/www.fiemg.com.br\/regional-centro-oeste\/?s={search_term_string}"},"query-input":{"@type":"PropertyValueSpecification","valueRequired":true,"valueName":"search_term_string"}}],"inLanguage":"pt-BR"},{"@type":"Organization","@id":"https:\/\/www.fiemg.com.br\/regional-centro-oeste\/#organization","name":"Regional Centro-Oeste","url":"https:\/\/www.fiemg.com.br\/regional-centro-oeste\/","logo":{"@type":"ImageObject","inLanguage":"pt-BR","@id":"https:\/\/www.fiemg.com.br\/regional-centro-oeste\/#\/schema\/logo\/image\/","url":"https:\/\/www.fiemg.com.br\/regional-centro-oeste\/wp-content\/uploads\/sites\/16\/2023\/02\/Ativo-1.png","contentUrl":"https:\/\/www.fiemg.com.br\/regional-centro-oeste\/wp-content\/uploads\/sites\/16\/2023\/02\/Ativo-1.png","width":563,"height":149,"caption":"Regional Centro-Oeste"},"image":{"@id":"https:\/\/www.fiemg.com.br\/regional-centro-oeste\/#\/schema\/logo\/image\/"}}]}},"_links":{"self":[{"href":"https:\/\/www.fiemg.com.br\/regional-centro-oeste\/wp-json\/wp\/v2\/noticias\/2768","targetHints":{"allow":["GET"]}}],"collection":[{"href":"https:\/\/www.fiemg.com.br\/regional-centro-oeste\/wp-json\/wp\/v2\/noticias"}],"about":[{"href":"https:\/\/www.fiemg.com.br\/regional-centro-oeste\/wp-json\/wp\/v2\/types\/noticias"}],"wp:featuredmedia":[{"embeddable":true,"href":"https:\/\/www.fiemg.com.br\/regional-centro-oeste\/wp-json\/wp\/v2\/media\/2771"}],"wp:attachment":[{"href":"https:\/\/www.fiemg.com.br\/regional-centro-oeste\/wp-json\/wp\/v2\/media?parent=2768"}],"wp:term":[{"taxonomy":"category","embeddable":true,"href":"https:\/\/www.fiemg.com.br\/regional-centro-oeste\/wp-json\/wp\/v2\/categories?post=2768"},{"taxonomy":"post_tag","embeddable":true,"href":"https:\/\/www.fiemg.com.br\/regional-centro-oeste\/wp-json\/wp\/v2\/tags?post=2768"}],"curies":[{"name":"wp","href":"https:\/\/api.w.org\/{rel}","templated":true}]}}