{"id":2816,"date":"2025-02-26T16:45:36","date_gmt":"2025-02-26T19:45:36","guid":{"rendered":"https:\/\/www.fiemg.com.br\/regional-centro-oeste\/?post_type=noticias&#038;p=2816"},"modified":"2025-02-26T16:46:36","modified_gmt":"2025-02-26T19:46:36","slug":"presidente-da-fiemg-centro-oeste-recebe-o-prefeito-de-nova-serrana","status":"publish","type":"noticias","link":"https:\/\/www.fiemg.com.br\/regional-centro-oeste\/noticias\/presidente-da-fiemg-centro-oeste-recebe-o-prefeito-de-nova-serrana\/","title":{"rendered":"Presidente da FIEMG Centro-Oeste recebe o prefeito de Nova Serrana"},"content":{"rendered":"\n<figure class=\"wp-block-image size-large\"><img fetchpriority=\"high\" decoding=\"async\" width=\"1024\" height=\"397\" src=\"https:\/\/www.fiemg.com.br\/regional-centro-oeste\/wp-content\/uploads\/sites\/16\/2025\/02\/visita-prefeito-fabio-avelar-e1740598875956-1024x397.jpg\" alt=\"\" class=\"wp-image-2817\" srcset=\"https:\/\/www.fiemg.com.br\/regional-centro-oeste\/wp-content\/uploads\/sites\/16\/2025\/02\/visita-prefeito-fabio-avelar-e1740598875956-1024x397.jpg 1024w, https:\/\/www.fiemg.com.br\/regional-centro-oeste\/wp-content\/uploads\/sites\/16\/2025\/02\/visita-prefeito-fabio-avelar-e1740598875956-300x116.jpg 300w, https:\/\/www.fiemg.com.br\/regional-centro-oeste\/wp-content\/uploads\/sites\/16\/2025\/02\/visita-prefeito-fabio-avelar-e1740598875956-768x298.jpg 768w, https:\/\/www.fiemg.com.br\/regional-centro-oeste\/wp-content\/uploads\/sites\/16\/2025\/02\/visita-prefeito-fabio-avelar-e1740598875956-1536x595.jpg 1536w, https:\/\/www.fiemg.com.br\/regional-centro-oeste\/wp-content\/uploads\/sites\/16\/2025\/02\/visita-prefeito-fabio-avelar-e1740598875956.jpg 1600w\" sizes=\"(max-width: 1024px) 100vw, 1024px\" \/><\/figure>\n\n\n\n<p>O prefeito de Nova Serrana, F\u00e1bio Avelar, esteve na sede da FIEMG Regional Centro-Oeste, em Divin\u00f3polis, na manh\u00e3 de hoje (26), onde se reuniu com o presidente da entidade, Eduardo Soares. O encontro teve como objetivo estreitar rela\u00e7\u00f5es, discutir o desenvolvimento dos munic\u00edpios e poss\u00edveis parcerias e a\u00e7\u00f5es estrat\u00e9gias.<\/p>\n\n\n\n<p>Dentre os diversos assuntos abordados, as lideran\u00e7as falaram da import\u00e2ncia de se pensar os marcos regulat\u00f3rios de Nova Serrana.<\/p>\n\n\n\n<p>Em Divin\u00f3polis, o corpo t\u00e9cnico de diversas entidades, juntamente com o Poder P\u00fablico, elaboraram e desenvolveram o Novo C\u00f3digo de Obras e a nova Lei de Uso e Ocupa\u00e7\u00e3o do Solo, atualizando e trazendo modernidade aos marcos.<\/p>\n\n\n\n<p>\u201cA FIEMG est\u00e1 \u00e1 disposi\u00e7\u00e3o para apoiar o Executivo de Nova Serrana na revis\u00e3o dos marcos regulat\u00f3rios que s\u00e3o ferramentas essenciais para o desentrave de investimentos, dar celeridade aos processos, promover a atra\u00e7\u00e3o e fortalecimento de empresas e fomentar o desenvolvimento socioecon\u00f4mico do munic\u00edpio\u201d, afirmou o presidente Eduardo Soares.<\/p>\n","protected":false},"featured_media":2819,"template":"","categories":[],"tags":[],"class_list":["post-2816","noticias","type-noticias","status-publish","has-post-thumbnail","hentry"],"acf":[],"yoast_head":"<!-- This site is optimized with the Yoast SEO plugin v26.2 - https:\/\/yoast.com\/wordpress\/plugins\/seo\/ -->\n<title>Presidente da FIEMG Centro-Oeste recebe o prefeito de Nova Serrana - Regional Centro-Oeste<\/title>\n<meta name=\"robots\" content=\"index, follow, max-snippet:-1, max-image-preview:large, max-video-preview:-1\" \/>\n<link rel=\"canonical\" href=\"https:\/\/www.fiemg.com.br\/regional-centro-oeste\/noticias\/presidente-da-fiemg-centro-oeste-recebe-o-prefeito-de-nova-serrana\/\" \/>\n<meta property=\"og:locale\" content=\"pt_BR\" \/>\n<meta property=\"og:type\" content=\"article\" \/>\n<meta property=\"og:title\" content=\"Presidente da FIEMG Centro-Oeste recebe o prefeito de Nova Serrana - Regional Centro-Oeste\" \/>\n<meta property=\"og:description\" content=\"O prefeito de Nova Serrana, F\u00e1bio Avelar, esteve na sede da FIEMG Regional Centro-Oeste, em Divin\u00f3polis, na manh\u00e3 de hoje (26), onde se reuniu com o presidente da entidade, Eduardo Soares. O encontro teve como objetivo estreitar rela\u00e7\u00f5es, discutir o desenvolvimento dos munic\u00edpios e poss\u00edveis parcerias e a\u00e7\u00f5es estrat\u00e9gias. Dentre os diversos assuntos abordados, as [&hellip;]\" \/>\n<meta property=\"og:url\" content=\"https:\/\/www.fiemg.com.br\/regional-centro-oeste\/noticias\/presidente-da-fiemg-centro-oeste-recebe-o-prefeito-de-nova-serrana\/\" \/>\n<meta property=\"og:site_name\" content=\"Regional Centro-Oeste\" \/>\n<meta property=\"article:modified_time\" content=\"2025-02-26T19:46:36+00:00\" \/>\n<meta property=\"og:image\" content=\"https:\/\/www.fiemg.com.br\/regional-centro-oeste\/wp-content\/uploads\/sites\/16\/2025\/02\/prefeito-nova-serrana-fabio-avelar-vp-regional-e1740598900485.jpg\" \/>\n\t<meta property=\"og:image:width\" content=\"900\" \/>\n\t<meta property=\"og:image:height\" content=\"900\" \/>\n\t<meta property=\"og:image:type\" content=\"image\/jpeg\" \/>\n<meta name=\"twitter:card\" content=\"summary_large_image\" \/>\n<meta name=\"twitter:label1\" content=\"Est. tempo de leitura\" \/>\n\t<meta name=\"twitter:data1\" content=\"2 minutos\" \/>\n<script type=\"application\/ld+json\" class=\"yoast-schema-graph\">{\"@context\":\"https:\/\/schema.org\",\"@graph\":[{\"@type\":\"WebPage\",\"@id\":\"https:\/\/www.fiemg.com.br\/regional-centro-oeste\/noticias\/presidente-da-fiemg-centro-oeste-recebe-o-prefeito-de-nova-serrana\/\",\"url\":\"https:\/\/www.fiemg.com.br\/regional-centro-oeste\/noticias\/presidente-da-fiemg-centro-oeste-recebe-o-prefeito-de-nova-serrana\/\",\"name\":\"Presidente da FIEMG Centro-Oeste recebe o prefeito de Nova Serrana - Regional Centro-Oeste\",\"isPartOf\":{\"@id\":\"https:\/\/www.fiemg.com.br\/regional-centro-oeste\/#website\"},\"primaryImageOfPage\":{\"@id\":\"https:\/\/www.fiemg.com.br\/regional-centro-oeste\/noticias\/presidente-da-fiemg-centro-oeste-recebe-o-prefeito-de-nova-serrana\/#primaryimage\"},\"image\":{\"@id\":\"https:\/\/www.fiemg.com.br\/regional-centro-oeste\/noticias\/presidente-da-fiemg-centro-oeste-recebe-o-prefeito-de-nova-serrana\/#primaryimage\"},\"thumbnailUrl\":\"https:\/\/www.fiemg.com.br\/regional-centro-oeste\/wp-content\/uploads\/sites\/16\/2025\/02\/prefeito-nova-serrana-fabio-avelar-vp-regional-e1740598900485.jpg\",\"datePublished\":\"2025-02-26T19:45:36+00:00\",\"dateModified\":\"2025-02-26T19:46:36+00:00\",\"breadcrumb\":{\"@id\":\"https:\/\/www.fiemg.com.br\/regional-centro-oeste\/noticias\/presidente-da-fiemg-centro-oeste-recebe-o-prefeito-de-nova-serrana\/#breadcrumb\"},\"inLanguage\":\"pt-BR\",\"potentialAction\":[{\"@type\":\"ReadAction\",\"target\":[\"https:\/\/www.fiemg.com.br\/regional-centro-oeste\/noticias\/presidente-da-fiemg-centro-oeste-recebe-o-prefeito-de-nova-serrana\/\"]}]},{\"@type\":\"ImageObject\",\"inLanguage\":\"pt-BR\",\"@id\":\"https:\/\/www.fiemg.com.br\/regional-centro-oeste\/noticias\/presidente-da-fiemg-centro-oeste-recebe-o-prefeito-de-nova-serrana\/#primaryimage\",\"url\":\"https:\/\/www.fiemg.com.br\/regional-centro-oeste\/wp-content\/uploads\/sites\/16\/2025\/02\/prefeito-nova-serrana-fabio-avelar-vp-regional-e1740598900485.jpg\",\"contentUrl\":\"https:\/\/www.fiemg.com.br\/regional-centro-oeste\/wp-content\/uploads\/sites\/16\/2025\/02\/prefeito-nova-serrana-fabio-avelar-vp-regional-e1740598900485.jpg\",\"width\":900,\"height\":900},{\"@type\":\"BreadcrumbList\",\"@id\":\"https:\/\/www.fiemg.com.br\/regional-centro-oeste\/noticias\/presidente-da-fiemg-centro-oeste-recebe-o-prefeito-de-nova-serrana\/#breadcrumb\",\"itemListElement\":[{\"@type\":\"ListItem\",\"position\":1,\"name\":\"In\u00edcio\",\"item\":\"https:\/\/www.fiemg.com.br\/regional-centro-oeste\/\"},{\"@type\":\"ListItem\",\"position\":2,\"name\":\"Presidente da FIEMG Centro-Oeste recebe o prefeito de Nova Serrana\"}]},{\"@type\":\"WebSite\",\"@id\":\"https:\/\/www.fiemg.com.br\/regional-centro-oeste\/#website\",\"url\":\"https:\/\/www.fiemg.com.br\/regional-centro-oeste\/\",\"name\":\"Regional Centro-Oeste\",\"description\":\"Federa\u00e7\u00e3o das Ind\u00fastrias do Estado de Minas Gerais\",\"publisher\":{\"@id\":\"https:\/\/www.fiemg.com.br\/regional-centro-oeste\/#organization\"},\"potentialAction\":[{\"@type\":\"SearchAction\",\"target\":{\"@type\":\"EntryPoint\",\"urlTemplate\":\"https:\/\/www.fiemg.com.br\/regional-centro-oeste\/?s={search_term_string}\"},\"query-input\":{\"@type\":\"PropertyValueSpecification\",\"valueRequired\":true,\"valueName\":\"search_term_string\"}}],\"inLanguage\":\"pt-BR\"},{\"@type\":\"Organization\",\"@id\":\"https:\/\/www.fiemg.com.br\/regional-centro-oeste\/#organization\",\"name\":\"Regional Centro-Oeste\",\"url\":\"https:\/\/www.fiemg.com.br\/regional-centro-oeste\/\",\"logo\":{\"@type\":\"ImageObject\",\"inLanguage\":\"pt-BR\",\"@id\":\"https:\/\/www.fiemg.com.br\/regional-centro-oeste\/#\/schema\/logo\/image\/\",\"url\":\"https:\/\/www.fiemg.com.br\/regional-centro-oeste\/wp-content\/uploads\/sites\/16\/2023\/02\/Ativo-1.png\",\"contentUrl\":\"https:\/\/www.fiemg.com.br\/regional-centro-oeste\/wp-content\/uploads\/sites\/16\/2023\/02\/Ativo-1.png\",\"width\":563,\"height\":149,\"caption\":\"Regional Centro-Oeste\"},\"image\":{\"@id\":\"https:\/\/www.fiemg.com.br\/regional-centro-oeste\/#\/schema\/logo\/image\/\"}}]}<\/script>\n<!-- \/ Yoast SEO plugin. -->","yoast_head_json":{"title":"Presidente da FIEMG Centro-Oeste recebe o prefeito de Nova Serrana - Regional Centro-Oeste","robots":{"index":"index","follow":"follow","max-snippet":"max-snippet:-1","max-image-preview":"max-image-preview:large","max-video-preview":"max-video-preview:-1"},"canonical":"https:\/\/www.fiemg.com.br\/regional-centro-oeste\/noticias\/presidente-da-fiemg-centro-oeste-recebe-o-prefeito-de-nova-serrana\/","og_locale":"pt_BR","og_type":"article","og_title":"Presidente da FIEMG Centro-Oeste recebe o prefeito de Nova Serrana - Regional Centro-Oeste","og_description":"O prefeito de Nova Serrana, F\u00e1bio Avelar, esteve na sede da FIEMG Regional Centro-Oeste, em Divin\u00f3polis, na manh\u00e3 de hoje (26), onde se reuniu com o presidente da entidade, Eduardo Soares. O encontro teve como objetivo estreitar rela\u00e7\u00f5es, discutir o desenvolvimento dos munic\u00edpios e poss\u00edveis parcerias e a\u00e7\u00f5es estrat\u00e9gias. Dentre os diversos assuntos abordados, as [&hellip;]","og_url":"https:\/\/www.fiemg.com.br\/regional-centro-oeste\/noticias\/presidente-da-fiemg-centro-oeste-recebe-o-prefeito-de-nova-serrana\/","og_site_name":"Regional Centro-Oeste","article_modified_time":"2025-02-26T19:46:36+00:00","og_image":[{"width":900,"height":900,"url":"https:\/\/www.fiemg.com.br\/regional-centro-oeste\/wp-content\/uploads\/sites\/16\/2025\/02\/prefeito-nova-serrana-fabio-avelar-vp-regional-e1740598900485.jpg","type":"image\/jpeg"}],"twitter_card":"summary_large_image","twitter_misc":{"Est. tempo de leitura":"2 minutos"},"schema":{"@context":"https:\/\/schema.org","@graph":[{"@type":"WebPage","@id":"https:\/\/www.fiemg.com.br\/regional-centro-oeste\/noticias\/presidente-da-fiemg-centro-oeste-recebe-o-prefeito-de-nova-serrana\/","url":"https:\/\/www.fiemg.com.br\/regional-centro-oeste\/noticias\/presidente-da-fiemg-centro-oeste-recebe-o-prefeito-de-nova-serrana\/","name":"Presidente da FIEMG Centro-Oeste recebe o prefeito de Nova Serrana - Regional Centro-Oeste","isPartOf":{"@id":"https:\/\/www.fiemg.com.br\/regional-centro-oeste\/#website"},"primaryImageOfPage":{"@id":"https:\/\/www.fiemg.com.br\/regional-centro-oeste\/noticias\/presidente-da-fiemg-centro-oeste-recebe-o-prefeito-de-nova-serrana\/#primaryimage"},"image":{"@id":"https:\/\/www.fiemg.com.br\/regional-centro-oeste\/noticias\/presidente-da-fiemg-centro-oeste-recebe-o-prefeito-de-nova-serrana\/#primaryimage"},"thumbnailUrl":"https:\/\/www.fiemg.com.br\/regional-centro-oeste\/wp-content\/uploads\/sites\/16\/2025\/02\/prefeito-nova-serrana-fabio-avelar-vp-regional-e1740598900485.jpg","datePublished":"2025-02-26T19:45:36+00:00","dateModified":"2025-02-26T19:46:36+00:00","breadcrumb":{"@id":"https:\/\/www.fiemg.com.br\/regional-centro-oeste\/noticias\/presidente-da-fiemg-centro-oeste-recebe-o-prefeito-de-nova-serrana\/#breadcrumb"},"inLanguage":"pt-BR","potentialAction":[{"@type":"ReadAction","target":["https:\/\/www.fiemg.com.br\/regional-centro-oeste\/noticias\/presidente-da-fiemg-centro-oeste-recebe-o-prefeito-de-nova-serrana\/"]}]},{"@type":"ImageObject","inLanguage":"pt-BR","@id":"https:\/\/www.fiemg.com.br\/regional-centro-oeste\/noticias\/presidente-da-fiemg-centro-oeste-recebe-o-prefeito-de-nova-serrana\/#primaryimage","url":"https:\/\/www.fiemg.com.br\/regional-centro-oeste\/wp-content\/uploads\/sites\/16\/2025\/02\/prefeito-nova-serrana-fabio-avelar-vp-regional-e1740598900485.jpg","contentUrl":"https:\/\/www.fiemg.com.br\/regional-centro-oeste\/wp-content\/uploads\/sites\/16\/2025\/02\/prefeito-nova-serrana-fabio-avelar-vp-regional-e1740598900485.jpg","width":900,"height":900},{"@type":"BreadcrumbList","@id":"https:\/\/www.fiemg.com.br\/regional-centro-oeste\/noticias\/presidente-da-fiemg-centro-oeste-recebe-o-prefeito-de-nova-serrana\/#breadcrumb","itemListElement":[{"@type":"ListItem","position":1,"name":"In\u00edcio","item":"https:\/\/www.fiemg.com.br\/regional-centro-oeste\/"},{"@type":"ListItem","position":2,"name":"Presidente da FIEMG Centro-Oeste recebe o prefeito de Nova Serrana"}]},{"@type":"WebSite","@id":"https:\/\/www.fiemg.com.br\/regional-centro-oeste\/#website","url":"https:\/\/www.fiemg.com.br\/regional-centro-oeste\/","name":"Regional Centro-Oeste","description":"Federa\u00e7\u00e3o das Ind\u00fastrias do Estado de Minas Gerais","publisher":{"@id":"https:\/\/www.fiemg.com.br\/regional-centro-oeste\/#organization"},"potentialAction":[{"@type":"SearchAction","target":{"@type":"EntryPoint","urlTemplate":"https:\/\/www.fiemg.com.br\/regional-centro-oeste\/?s={search_term_string}"},"query-input":{"@type":"PropertyValueSpecification","valueRequired":true,"valueName":"search_term_string"}}],"inLanguage":"pt-BR"},{"@type":"Organization","@id":"https:\/\/www.fiemg.com.br\/regional-centro-oeste\/#organization","name":"Regional Centro-Oeste","url":"https:\/\/www.fiemg.com.br\/regional-centro-oeste\/","logo":{"@type":"ImageObject","inLanguage":"pt-BR","@id":"https:\/\/www.fiemg.com.br\/regional-centro-oeste\/#\/schema\/logo\/image\/","url":"https:\/\/www.fiemg.com.br\/regional-centro-oeste\/wp-content\/uploads\/sites\/16\/2023\/02\/Ativo-1.png","contentUrl":"https:\/\/www.fiemg.com.br\/regional-centro-oeste\/wp-content\/uploads\/sites\/16\/2023\/02\/Ativo-1.png","width":563,"height":149,"caption":"Regional Centro-Oeste"},"image":{"@id":"https:\/\/www.fiemg.com.br\/regional-centro-oeste\/#\/schema\/logo\/image\/"}}]}},"_links":{"self":[{"href":"https:\/\/www.fiemg.com.br\/regional-centro-oeste\/wp-json\/wp\/v2\/noticias\/2816","targetHints":{"allow":["GET"]}}],"collection":[{"href":"https:\/\/www.fiemg.com.br\/regional-centro-oeste\/wp-json\/wp\/v2\/noticias"}],"about":[{"href":"https:\/\/www.fiemg.com.br\/regional-centro-oeste\/wp-json\/wp\/v2\/types\/noticias"}],"wp:featuredmedia":[{"embeddable":true,"href":"https:\/\/www.fiemg.com.br\/regional-centro-oeste\/wp-json\/wp\/v2\/media\/2819"}],"wp:attachment":[{"href":"https:\/\/www.fiemg.com.br\/regional-centro-oeste\/wp-json\/wp\/v2\/media?parent=2816"}],"wp:term":[{"taxonomy":"category","embeddable":true,"href":"https:\/\/www.fiemg.com.br\/regional-centro-oeste\/wp-json\/wp\/v2\/categories?post=2816"},{"taxonomy":"post_tag","embeddable":true,"href":"https:\/\/www.fiemg.com.br\/regional-centro-oeste\/wp-json\/wp\/v2\/tags?post=2816"}],"curies":[{"name":"wp","href":"https:\/\/api.w.org\/{rel}","templated":true}]}}