{"id":2870,"date":"2025-03-19T17:24:33","date_gmt":"2025-03-19T20:24:33","guid":{"rendered":"https:\/\/www.fiemg.com.br\/regional-centro-oeste\/?post_type=noticias&#038;p=2870"},"modified":"2025-03-19T17:47:04","modified_gmt":"2025-03-19T20:47:04","slug":"reuniao-na-gasmig-apresenta-cronograma-do-gasoduto-e-garante-fornecimento-para-divinopolis-em-agosto","status":"publish","type":"noticias","link":"https:\/\/www.fiemg.com.br\/regional-centro-oeste\/noticias\/reuniao-na-gasmig-apresenta-cronograma-do-gasoduto-e-garante-fornecimento-para-divinopolis-em-agosto\/","title":{"rendered":"Reuni\u00e3o na GASMIG apresenta cronograma do Gasoduto e garante fornecimento para Divin\u00f3polis em agosto"},"content":{"rendered":"\n<figure class=\"wp-block-image size-large\"><img fetchpriority=\"high\" decoding=\"async\" width=\"1024\" height=\"397\" src=\"https:\/\/www.fiemg.com.br\/regional-centro-oeste\/wp-content\/uploads\/sites\/16\/2025\/03\/Liderancas-Reuniao-GASMIG-e1742415754950-1024x397.jpg\" alt=\"\" class=\"wp-image-2871\" srcset=\"https:\/\/www.fiemg.com.br\/regional-centro-oeste\/wp-content\/uploads\/sites\/16\/2025\/03\/Liderancas-Reuniao-GASMIG-e1742415754950-1024x397.jpg 1024w, https:\/\/www.fiemg.com.br\/regional-centro-oeste\/wp-content\/uploads\/sites\/16\/2025\/03\/Liderancas-Reuniao-GASMIG-e1742415754950-300x116.jpg 300w, https:\/\/www.fiemg.com.br\/regional-centro-oeste\/wp-content\/uploads\/sites\/16\/2025\/03\/Liderancas-Reuniao-GASMIG-e1742415754950-768x298.jpg 768w, https:\/\/www.fiemg.com.br\/regional-centro-oeste\/wp-content\/uploads\/sites\/16\/2025\/03\/Liderancas-Reuniao-GASMIG-e1742415754950-1536x595.jpg 1536w, https:\/\/www.fiemg.com.br\/regional-centro-oeste\/wp-content\/uploads\/sites\/16\/2025\/03\/Liderancas-Reuniao-GASMIG-e1742415754950.jpg 1600w\" sizes=\"(max-width: 1024px) 100vw, 1024px\" \/><\/figure>\n\n\n\n<p>O presidente da FIEMG Regional Centro-Oeste, Eduardo Soares, esteve na sede da GASMIG em Belo Horizonte, esta manh\u00e3 (19), onde se reuniu com o presidente da Companhia, Carlos Camargo de Col\u00f3n e representantes da Diretoria T\u00e9cnica, Diretoria de Rela\u00e7\u00f5es Institucionais e ger\u00eancia de projetos. Tamb\u00e9m estiveram presentes a gerente de energia da FIEMG, T\u00e2nia Santos e a coordenadora, Aline Neves.<\/p>\n\n\n\n<p>O Diretor de Rela\u00e7\u00f5es Institucionais da GASMIG, Alessandro Marques e o Diretor T\u00e9cnico Rodrigo Pazzini apresentaram o cronograma de obras do Projeto Centro-Oeste G\u00e1s Natural, que prev\u00ea a expans\u00e3o da rede de distribui\u00e7\u00e3o na regi\u00e3o, afirmou que o calend\u00e1rio est\u00e1 sendo seguido \u00e0 risca e garantiu que at\u00e9 agosto desse ano, o g\u00e1s ser\u00e1 uma realidade para usu\u00e1rios de Divin\u00f3polis.<\/p>\n\n\n\n<p>Cerca de 110 km de obras da Linha Tronco, que \u00e9 o gasoduto principal, respons\u00e1vel por levar o g\u00e1s de Betim a Divin\u00f3polis, se encontram na fase final de testes e instala\u00e7\u00e3o de equipamentos. De acordo com o gerente do Projeto Centro-Oeste, Adil Vit\u00f3rio dos Santos Filho, paralelamente, outros cinco contratos est\u00e3o atuando nas linhas laterais, que atender\u00e3o aos munic\u00edpios de Divin\u00f3polis, Ita\u00fana, Mateus Leme, Juatuba, Sarzedo, S\u00e3o Joaquim de Bicas e Igarap\u00e9. \u201cEnt\u00e3o n\u00f3s temos hoje 7 frentes diferentes de obras dentro do projeto, duas trabalhando na Linha Tronco e 5 empresas trabalhando dentro de cada uma das cidades que ser\u00e3o atendidas. Trabalhamos com gasifica\u00e7\u00f5es intermedi\u00e1rias para que possa ir fazendo atendimento dos primeiros clientes que assinaram contrato com a GASMIG\u201d, explicou.<\/p>\n\n\n\n<figure class=\"wp-block-image aligncenter size-large is-resized\"><img decoding=\"async\" width=\"1024\" height=\"768\" src=\"https:\/\/www.fiemg.com.br\/regional-centro-oeste\/wp-content\/uploads\/sites\/16\/2025\/03\/VP-Regional-GASMIG-1024x768.jpg\" alt=\"\" class=\"wp-image-2873\" style=\"width:484px;height:auto\" \/><\/figure>\n\n\n\n<p>Para o presidente da FIEMG Regional Centro-Oeste, os benef\u00edcios do g\u00e1s natural incluem efici\u00eancia energ\u00e9tica, redu\u00e7\u00e3o de emiss\u00f5es, economia e aumento da competitividade para o setor produtivo. \u201cA chegada do gasoduto para nossa regi\u00e3o \u00e9 um pleito antigo da FIEMG e ver se tornar realidade nos d\u00e1 a certeza de um avan\u00e7o muito grande. Trata-se de um&nbsp;combust\u00edvel eficiente, econ\u00f4mico, menos poluente&nbsp;e que representar\u00e1 um propulsor do desenvolvimento da nossa regi\u00e3o\u201d, enfatizou Eduardo Soares.<\/p>\n\n\n\n<p>Durante o encontro, ficou acertada uma nova reuni\u00e3o, desta vez em Divin\u00f3polis, aberta a lideran\u00e7as regionais, gestores p\u00fablicos, empres\u00e1rios e a comunidade em geral. O encontro deve acontecer na segunda quinzena de maio e ter\u00e1 o objetivo de apresentar a evolu\u00e7\u00e3o da expans\u00e3o da rede de g\u00e1s, tirar d\u00favidas, receber demandas e fazer neg\u00f3cios.<\/p>\n\n\n\n<p>Interessados em utilizar o g\u00e1s natural podem entrar em contato com a GASMIG para serem contemplados no cronograma de contratos de atendimento. A partir da infraestrutura instalada, a expectativa \u00e9 que, ao longo dos anos, haja um crescimento a partir da demanda apresentada.<\/p>\n\n\n\n<figure class=\"wp-block-image aligncenter size-large is-resized\"><img decoding=\"async\" width=\"1024\" height=\"768\" src=\"https:\/\/www.fiemg.com.br\/regional-centro-oeste\/wp-content\/uploads\/sites\/16\/2025\/03\/Cronograma-GASMIG-1024x768.jpg\" alt=\"\" class=\"wp-image-2874\" style=\"width:504px;height:auto\" \/><\/figure>\n","protected":false},"featured_media":2873,"template":"","categories":[],"tags":[],"class_list":["post-2870","noticias","type-noticias","status-publish","has-post-thumbnail","hentry"],"acf":[],"yoast_head":"<!-- This site is optimized with the Yoast SEO plugin v26.2 - https:\/\/yoast.com\/wordpress\/plugins\/seo\/ -->\n<title>Reuni\u00e3o na GASMIG apresenta cronograma do Gasoduto e garante fornecimento para Divin\u00f3polis em agosto - Regional Centro-Oeste<\/title>\n<meta name=\"robots\" content=\"index, follow, max-snippet:-1, max-image-preview:large, max-video-preview:-1\" \/>\n<link rel=\"canonical\" href=\"https:\/\/www.fiemg.com.br\/regional-centro-oeste\/noticias\/reuniao-na-gasmig-apresenta-cronograma-do-gasoduto-e-garante-fornecimento-para-divinopolis-em-agosto\/\" \/>\n<meta property=\"og:locale\" content=\"pt_BR\" \/>\n<meta property=\"og:type\" content=\"article\" \/>\n<meta property=\"og:title\" content=\"Reuni\u00e3o na GASMIG apresenta cronograma do Gasoduto e garante fornecimento para Divin\u00f3polis em agosto - Regional Centro-Oeste\" \/>\n<meta property=\"og:description\" content=\"O presidente da FIEMG Regional Centro-Oeste, Eduardo Soares, esteve na sede da GASMIG em Belo Horizonte, esta manh\u00e3 (19), onde se reuniu com o presidente da Companhia, Carlos Camargo de Col\u00f3n e representantes da Diretoria T\u00e9cnica, Diretoria de Rela\u00e7\u00f5es Institucionais e ger\u00eancia de projetos. Tamb\u00e9m estiveram presentes a gerente de energia da FIEMG, T\u00e2nia Santos [&hellip;]\" \/>\n<meta property=\"og:url\" content=\"https:\/\/www.fiemg.com.br\/regional-centro-oeste\/noticias\/reuniao-na-gasmig-apresenta-cronograma-do-gasoduto-e-garante-fornecimento-para-divinopolis-em-agosto\/\" \/>\n<meta property=\"og:site_name\" content=\"Regional Centro-Oeste\" \/>\n<meta property=\"article:modified_time\" content=\"2025-03-19T20:47:04+00:00\" \/>\n<meta property=\"og:image\" content=\"https:\/\/www.fiemg.com.br\/regional-centro-oeste\/wp-content\/uploads\/sites\/16\/2025\/03\/VP-Regional-GASMIG-e1742415863784.jpg\" \/>\n\t<meta property=\"og:image:width\" content=\"313\" \/>\n\t<meta property=\"og:image:height\" content=\"273\" \/>\n\t<meta property=\"og:image:type\" content=\"image\/jpeg\" \/>\n<meta name=\"twitter:card\" content=\"summary_large_image\" \/>\n<meta name=\"twitter:label1\" content=\"Est. tempo de leitura\" \/>\n\t<meta name=\"twitter:data1\" content=\"4 minutos\" \/>\n<script type=\"application\/ld+json\" class=\"yoast-schema-graph\">{\"@context\":\"https:\/\/schema.org\",\"@graph\":[{\"@type\":\"WebPage\",\"@id\":\"https:\/\/www.fiemg.com.br\/regional-centro-oeste\/noticias\/reuniao-na-gasmig-apresenta-cronograma-do-gasoduto-e-garante-fornecimento-para-divinopolis-em-agosto\/\",\"url\":\"https:\/\/www.fiemg.com.br\/regional-centro-oeste\/noticias\/reuniao-na-gasmig-apresenta-cronograma-do-gasoduto-e-garante-fornecimento-para-divinopolis-em-agosto\/\",\"name\":\"Reuni\u00e3o na GASMIG apresenta cronograma do Gasoduto e garante fornecimento para Divin\u00f3polis em agosto - Regional Centro-Oeste\",\"isPartOf\":{\"@id\":\"https:\/\/www.fiemg.com.br\/regional-centro-oeste\/#website\"},\"primaryImageOfPage\":{\"@id\":\"https:\/\/www.fiemg.com.br\/regional-centro-oeste\/noticias\/reuniao-na-gasmig-apresenta-cronograma-do-gasoduto-e-garante-fornecimento-para-divinopolis-em-agosto\/#primaryimage\"},\"image\":{\"@id\":\"https:\/\/www.fiemg.com.br\/regional-centro-oeste\/noticias\/reuniao-na-gasmig-apresenta-cronograma-do-gasoduto-e-garante-fornecimento-para-divinopolis-em-agosto\/#primaryimage\"},\"thumbnailUrl\":\"https:\/\/www.fiemg.com.br\/regional-centro-oeste\/wp-content\/uploads\/sites\/16\/2025\/03\/VP-Regional-GASMIG-e1742415863784.jpg\",\"datePublished\":\"2025-03-19T20:24:33+00:00\",\"dateModified\":\"2025-03-19T20:47:04+00:00\",\"breadcrumb\":{\"@id\":\"https:\/\/www.fiemg.com.br\/regional-centro-oeste\/noticias\/reuniao-na-gasmig-apresenta-cronograma-do-gasoduto-e-garante-fornecimento-para-divinopolis-em-agosto\/#breadcrumb\"},\"inLanguage\":\"pt-BR\",\"potentialAction\":[{\"@type\":\"ReadAction\",\"target\":[\"https:\/\/www.fiemg.com.br\/regional-centro-oeste\/noticias\/reuniao-na-gasmig-apresenta-cronograma-do-gasoduto-e-garante-fornecimento-para-divinopolis-em-agosto\/\"]}]},{\"@type\":\"ImageObject\",\"inLanguage\":\"pt-BR\",\"@id\":\"https:\/\/www.fiemg.com.br\/regional-centro-oeste\/noticias\/reuniao-na-gasmig-apresenta-cronograma-do-gasoduto-e-garante-fornecimento-para-divinopolis-em-agosto\/#primaryimage\",\"url\":\"https:\/\/www.fiemg.com.br\/regional-centro-oeste\/wp-content\/uploads\/sites\/16\/2025\/03\/VP-Regional-GASMIG-e1742415863784.jpg\",\"contentUrl\":\"https:\/\/www.fiemg.com.br\/regional-centro-oeste\/wp-content\/uploads\/sites\/16\/2025\/03\/VP-Regional-GASMIG-e1742415863784.jpg\",\"width\":313,\"height\":273},{\"@type\":\"BreadcrumbList\",\"@id\":\"https:\/\/www.fiemg.com.br\/regional-centro-oeste\/noticias\/reuniao-na-gasmig-apresenta-cronograma-do-gasoduto-e-garante-fornecimento-para-divinopolis-em-agosto\/#breadcrumb\",\"itemListElement\":[{\"@type\":\"ListItem\",\"position\":1,\"name\":\"In\u00edcio\",\"item\":\"https:\/\/www.fiemg.com.br\/regional-centro-oeste\/\"},{\"@type\":\"ListItem\",\"position\":2,\"name\":\"Reuni\u00e3o na GASMIG apresenta cronograma do Gasoduto e garante fornecimento para Divin\u00f3polis em agosto\"}]},{\"@type\":\"WebSite\",\"@id\":\"https:\/\/www.fiemg.com.br\/regional-centro-oeste\/#website\",\"url\":\"https:\/\/www.fiemg.com.br\/regional-centro-oeste\/\",\"name\":\"Regional Centro-Oeste\",\"description\":\"Federa\u00e7\u00e3o das Ind\u00fastrias do Estado de Minas Gerais\",\"publisher\":{\"@id\":\"https:\/\/www.fiemg.com.br\/regional-centro-oeste\/#organization\"},\"potentialAction\":[{\"@type\":\"SearchAction\",\"target\":{\"@type\":\"EntryPoint\",\"urlTemplate\":\"https:\/\/www.fiemg.com.br\/regional-centro-oeste\/?s={search_term_string}\"},\"query-input\":{\"@type\":\"PropertyValueSpecification\",\"valueRequired\":true,\"valueName\":\"search_term_string\"}}],\"inLanguage\":\"pt-BR\"},{\"@type\":\"Organization\",\"@id\":\"https:\/\/www.fiemg.com.br\/regional-centro-oeste\/#organization\",\"name\":\"Regional Centro-Oeste\",\"url\":\"https:\/\/www.fiemg.com.br\/regional-centro-oeste\/\",\"logo\":{\"@type\":\"ImageObject\",\"inLanguage\":\"pt-BR\",\"@id\":\"https:\/\/www.fiemg.com.br\/regional-centro-oeste\/#\/schema\/logo\/image\/\",\"url\":\"https:\/\/www.fiemg.com.br\/regional-centro-oeste\/wp-content\/uploads\/sites\/16\/2023\/02\/Ativo-1.png\",\"contentUrl\":\"https:\/\/www.fiemg.com.br\/regional-centro-oeste\/wp-content\/uploads\/sites\/16\/2023\/02\/Ativo-1.png\",\"width\":563,\"height\":149,\"caption\":\"Regional Centro-Oeste\"},\"image\":{\"@id\":\"https:\/\/www.fiemg.com.br\/regional-centro-oeste\/#\/schema\/logo\/image\/\"}}]}<\/script>\n<!-- \/ Yoast SEO plugin. -->","yoast_head_json":{"title":"Reuni\u00e3o na GASMIG apresenta cronograma do Gasoduto e garante fornecimento para Divin\u00f3polis em agosto - Regional Centro-Oeste","robots":{"index":"index","follow":"follow","max-snippet":"max-snippet:-1","max-image-preview":"max-image-preview:large","max-video-preview":"max-video-preview:-1"},"canonical":"https:\/\/www.fiemg.com.br\/regional-centro-oeste\/noticias\/reuniao-na-gasmig-apresenta-cronograma-do-gasoduto-e-garante-fornecimento-para-divinopolis-em-agosto\/","og_locale":"pt_BR","og_type":"article","og_title":"Reuni\u00e3o na GASMIG apresenta cronograma do Gasoduto e garante fornecimento para Divin\u00f3polis em agosto - Regional Centro-Oeste","og_description":"O presidente da FIEMG Regional Centro-Oeste, Eduardo Soares, esteve na sede da GASMIG em Belo Horizonte, esta manh\u00e3 (19), onde se reuniu com o presidente da Companhia, Carlos Camargo de Col\u00f3n e representantes da Diretoria T\u00e9cnica, Diretoria de Rela\u00e7\u00f5es Institucionais e ger\u00eancia de projetos. Tamb\u00e9m estiveram presentes a gerente de energia da FIEMG, T\u00e2nia Santos [&hellip;]","og_url":"https:\/\/www.fiemg.com.br\/regional-centro-oeste\/noticias\/reuniao-na-gasmig-apresenta-cronograma-do-gasoduto-e-garante-fornecimento-para-divinopolis-em-agosto\/","og_site_name":"Regional Centro-Oeste","article_modified_time":"2025-03-19T20:47:04+00:00","og_image":[{"width":313,"height":273,"url":"https:\/\/www.fiemg.com.br\/regional-centro-oeste\/wp-content\/uploads\/sites\/16\/2025\/03\/VP-Regional-GASMIG-e1742415863784.jpg","type":"image\/jpeg"}],"twitter_card":"summary_large_image","twitter_misc":{"Est. tempo de leitura":"4 minutos"},"schema":{"@context":"https:\/\/schema.org","@graph":[{"@type":"WebPage","@id":"https:\/\/www.fiemg.com.br\/regional-centro-oeste\/noticias\/reuniao-na-gasmig-apresenta-cronograma-do-gasoduto-e-garante-fornecimento-para-divinopolis-em-agosto\/","url":"https:\/\/www.fiemg.com.br\/regional-centro-oeste\/noticias\/reuniao-na-gasmig-apresenta-cronograma-do-gasoduto-e-garante-fornecimento-para-divinopolis-em-agosto\/","name":"Reuni\u00e3o na GASMIG apresenta cronograma do Gasoduto e garante fornecimento para Divin\u00f3polis em agosto - Regional Centro-Oeste","isPartOf":{"@id":"https:\/\/www.fiemg.com.br\/regional-centro-oeste\/#website"},"primaryImageOfPage":{"@id":"https:\/\/www.fiemg.com.br\/regional-centro-oeste\/noticias\/reuniao-na-gasmig-apresenta-cronograma-do-gasoduto-e-garante-fornecimento-para-divinopolis-em-agosto\/#primaryimage"},"image":{"@id":"https:\/\/www.fiemg.com.br\/regional-centro-oeste\/noticias\/reuniao-na-gasmig-apresenta-cronograma-do-gasoduto-e-garante-fornecimento-para-divinopolis-em-agosto\/#primaryimage"},"thumbnailUrl":"https:\/\/www.fiemg.com.br\/regional-centro-oeste\/wp-content\/uploads\/sites\/16\/2025\/03\/VP-Regional-GASMIG-e1742415863784.jpg","datePublished":"2025-03-19T20:24:33+00:00","dateModified":"2025-03-19T20:47:04+00:00","breadcrumb":{"@id":"https:\/\/www.fiemg.com.br\/regional-centro-oeste\/noticias\/reuniao-na-gasmig-apresenta-cronograma-do-gasoduto-e-garante-fornecimento-para-divinopolis-em-agosto\/#breadcrumb"},"inLanguage":"pt-BR","potentialAction":[{"@type":"ReadAction","target":["https:\/\/www.fiemg.com.br\/regional-centro-oeste\/noticias\/reuniao-na-gasmig-apresenta-cronograma-do-gasoduto-e-garante-fornecimento-para-divinopolis-em-agosto\/"]}]},{"@type":"ImageObject","inLanguage":"pt-BR","@id":"https:\/\/www.fiemg.com.br\/regional-centro-oeste\/noticias\/reuniao-na-gasmig-apresenta-cronograma-do-gasoduto-e-garante-fornecimento-para-divinopolis-em-agosto\/#primaryimage","url":"https:\/\/www.fiemg.com.br\/regional-centro-oeste\/wp-content\/uploads\/sites\/16\/2025\/03\/VP-Regional-GASMIG-e1742415863784.jpg","contentUrl":"https:\/\/www.fiemg.com.br\/regional-centro-oeste\/wp-content\/uploads\/sites\/16\/2025\/03\/VP-Regional-GASMIG-e1742415863784.jpg","width":313,"height":273},{"@type":"BreadcrumbList","@id":"https:\/\/www.fiemg.com.br\/regional-centro-oeste\/noticias\/reuniao-na-gasmig-apresenta-cronograma-do-gasoduto-e-garante-fornecimento-para-divinopolis-em-agosto\/#breadcrumb","itemListElement":[{"@type":"ListItem","position":1,"name":"In\u00edcio","item":"https:\/\/www.fiemg.com.br\/regional-centro-oeste\/"},{"@type":"ListItem","position":2,"name":"Reuni\u00e3o na GASMIG apresenta cronograma do Gasoduto e garante fornecimento para Divin\u00f3polis em agosto"}]},{"@type":"WebSite","@id":"https:\/\/www.fiemg.com.br\/regional-centro-oeste\/#website","url":"https:\/\/www.fiemg.com.br\/regional-centro-oeste\/","name":"Regional Centro-Oeste","description":"Federa\u00e7\u00e3o das Ind\u00fastrias do Estado de Minas Gerais","publisher":{"@id":"https:\/\/www.fiemg.com.br\/regional-centro-oeste\/#organization"},"potentialAction":[{"@type":"SearchAction","target":{"@type":"EntryPoint","urlTemplate":"https:\/\/www.fiemg.com.br\/regional-centro-oeste\/?s={search_term_string}"},"query-input":{"@type":"PropertyValueSpecification","valueRequired":true,"valueName":"search_term_string"}}],"inLanguage":"pt-BR"},{"@type":"Organization","@id":"https:\/\/www.fiemg.com.br\/regional-centro-oeste\/#organization","name":"Regional Centro-Oeste","url":"https:\/\/www.fiemg.com.br\/regional-centro-oeste\/","logo":{"@type":"ImageObject","inLanguage":"pt-BR","@id":"https:\/\/www.fiemg.com.br\/regional-centro-oeste\/#\/schema\/logo\/image\/","url":"https:\/\/www.fiemg.com.br\/regional-centro-oeste\/wp-content\/uploads\/sites\/16\/2023\/02\/Ativo-1.png","contentUrl":"https:\/\/www.fiemg.com.br\/regional-centro-oeste\/wp-content\/uploads\/sites\/16\/2023\/02\/Ativo-1.png","width":563,"height":149,"caption":"Regional Centro-Oeste"},"image":{"@id":"https:\/\/www.fiemg.com.br\/regional-centro-oeste\/#\/schema\/logo\/image\/"}}]}},"_links":{"self":[{"href":"https:\/\/www.fiemg.com.br\/regional-centro-oeste\/wp-json\/wp\/v2\/noticias\/2870","targetHints":{"allow":["GET"]}}],"collection":[{"href":"https:\/\/www.fiemg.com.br\/regional-centro-oeste\/wp-json\/wp\/v2\/noticias"}],"about":[{"href":"https:\/\/www.fiemg.com.br\/regional-centro-oeste\/wp-json\/wp\/v2\/types\/noticias"}],"wp:featuredmedia":[{"embeddable":true,"href":"https:\/\/www.fiemg.com.br\/regional-centro-oeste\/wp-json\/wp\/v2\/media\/2873"}],"wp:attachment":[{"href":"https:\/\/www.fiemg.com.br\/regional-centro-oeste\/wp-json\/wp\/v2\/media?parent=2870"}],"wp:term":[{"taxonomy":"category","embeddable":true,"href":"https:\/\/www.fiemg.com.br\/regional-centro-oeste\/wp-json\/wp\/v2\/categories?post=2870"},{"taxonomy":"post_tag","embeddable":true,"href":"https:\/\/www.fiemg.com.br\/regional-centro-oeste\/wp-json\/wp\/v2\/tags?post=2870"}],"curies":[{"name":"wp","href":"https:\/\/api.w.org\/{rel}","templated":true}]}}