{"id":2899,"date":"2025-03-28T14:57:53","date_gmt":"2025-03-28T17:57:53","guid":{"rendered":"https:\/\/www.fiemg.com.br\/regional-centro-oeste\/?post_type=noticias&#038;p=2899"},"modified":"2025-03-28T14:57:54","modified_gmt":"2025-03-28T17:57:54","slug":"programa-industria-forte-pif-sera-implementado-no-centro-oeste","status":"publish","type":"noticias","link":"https:\/\/www.fiemg.com.br\/regional-centro-oeste\/noticias\/programa-industria-forte-pif-sera-implementado-no-centro-oeste\/","title":{"rendered":"Programa Ind\u00fastria Forte (PIF) ser\u00e1 implementado no Centro-Oeste"},"content":{"rendered":"\n<figure class=\"wp-block-image size-large\"><img fetchpriority=\"high\" decoding=\"async\" width=\"1024\" height=\"398\" src=\"https:\/\/www.fiemg.com.br\/regional-centro-oeste\/wp-content\/uploads\/sites\/16\/2025\/03\/reuniao-VP-Regional-IEL-e1743184621369-1024x398.jpg\" alt=\"\" class=\"wp-image-2900\" srcset=\"https:\/\/www.fiemg.com.br\/regional-centro-oeste\/wp-content\/uploads\/sites\/16\/2025\/03\/reuniao-VP-Regional-IEL-e1743184621369-1024x398.jpg 1024w, https:\/\/www.fiemg.com.br\/regional-centro-oeste\/wp-content\/uploads\/sites\/16\/2025\/03\/reuniao-VP-Regional-IEL-e1743184621369-300x116.jpg 300w, https:\/\/www.fiemg.com.br\/regional-centro-oeste\/wp-content\/uploads\/sites\/16\/2025\/03\/reuniao-VP-Regional-IEL-e1743184621369-768x298.jpg 768w, https:\/\/www.fiemg.com.br\/regional-centro-oeste\/wp-content\/uploads\/sites\/16\/2025\/03\/reuniao-VP-Regional-IEL-e1743184621369.jpg 1280w\" sizes=\"(max-width: 1024px) 100vw, 1024px\" \/><\/figure>\n\n\n\n<p>O Programa Ind\u00fastria Forte (PIF) \u00e9 uma parceria entre a FIEMG, atrav\u00e9s do IEL, e a Regional Centro-Oeste Sudeste do SEBRAE-MG, que vai oferecer consultorias com foco no aumento da competitividade das empresas. O projeto \u00e9 pioneiro no estado e tem como objetivo a presta\u00e7\u00e3o de servi\u00e7os de consultoria nos temas de gest\u00e3o, processo produtivo, exig\u00eancias regulat\u00f3rias, prospec\u00e7\u00e3o de mercado e desenvolvimento tecnol\u00f3gico para MPE.<\/p>\n\n\n\n<p>O contrato entrou em vigor em janeiro desse ano e encerra em dezembro de 2027 com subs\u00eddios do IEL e SEBRAE que podem chegar a 80%. O projeto vai abranger as microrregi\u00f5es de Divin\u00f3polis, Formiga, Ita\u00fana, Nova Serrana, Passos e S\u00e3o Sebasti\u00e3o do Para\u00edso.<\/p>\n\n\n\n<p>De acordo com o analista de projetos do IEL, Carlos Magno Cardoso da Silva, o PIF tem uma caracter\u00edstica flex\u00edvel de atua\u00e7\u00e3o e na composi\u00e7\u00e3o das a\u00e7\u00f5es, que ocorrer\u00e3o de forma mais \u00e1gil e din\u00e2mica, promovendo maior intera\u00e7\u00e3o e aplicabilidade dos conte\u00fados, impactando no aumento da competividade dos neg\u00f3cios.<\/p>\n\n\n\n<p>O projeto foi apresentado aos presidentes de sindicatos patronais da regi\u00e3o e devem come\u00e7ar a fase de mobiliza\u00e7\u00e3o em breve.<\/p>\n","protected":false},"featured_media":2901,"template":"","categories":[],"tags":[],"class_list":["post-2899","noticias","type-noticias","status-publish","has-post-thumbnail","hentry"],"acf":[],"yoast_head":"<!-- This site is optimized with the Yoast SEO plugin v26.2 - https:\/\/yoast.com\/wordpress\/plugins\/seo\/ -->\n<title>Programa Ind\u00fastria Forte (PIF) ser\u00e1 implementado no Centro-Oeste - Regional Centro-Oeste<\/title>\n<meta name=\"robots\" content=\"index, follow, max-snippet:-1, max-image-preview:large, max-video-preview:-1\" \/>\n<link rel=\"canonical\" href=\"https:\/\/www.fiemg.com.br\/regional-centro-oeste\/noticias\/programa-industria-forte-pif-sera-implementado-no-centro-oeste\/\" \/>\n<meta property=\"og:locale\" content=\"pt_BR\" \/>\n<meta property=\"og:type\" content=\"article\" \/>\n<meta property=\"og:title\" content=\"Programa Ind\u00fastria Forte (PIF) ser\u00e1 implementado no Centro-Oeste - Regional Centro-Oeste\" \/>\n<meta property=\"og:description\" content=\"O Programa Ind\u00fastria Forte (PIF) \u00e9 uma parceria entre a FIEMG, atrav\u00e9s do IEL, e a Regional Centro-Oeste Sudeste do SEBRAE-MG, que vai oferecer consultorias com foco no aumento da competitividade das empresas. O projeto \u00e9 pioneiro no estado e tem como objetivo a presta\u00e7\u00e3o de servi\u00e7os de consultoria nos temas de gest\u00e3o, processo produtivo, [&hellip;]\" \/>\n<meta property=\"og:url\" content=\"https:\/\/www.fiemg.com.br\/regional-centro-oeste\/noticias\/programa-industria-forte-pif-sera-implementado-no-centro-oeste\/\" \/>\n<meta property=\"og:site_name\" content=\"Regional Centro-Oeste\" \/>\n<meta property=\"article:modified_time\" content=\"2025-03-28T17:57:54+00:00\" \/>\n<meta property=\"og:image\" content=\"https:\/\/www.fiemg.com.br\/regional-centro-oeste\/wp-content\/uploads\/sites\/16\/2025\/03\/reuniao-VP-Regional-IEL-PIF-e1743184664309.jpg\" \/>\n\t<meta property=\"og:image:width\" content=\"960\" \/>\n\t<meta property=\"og:image:height\" content=\"960\" \/>\n\t<meta property=\"og:image:type\" content=\"image\/jpeg\" \/>\n<meta name=\"twitter:card\" content=\"summary_large_image\" \/>\n<meta name=\"twitter:label1\" content=\"Est. tempo de leitura\" \/>\n\t<meta name=\"twitter:data1\" content=\"2 minutos\" \/>\n<script type=\"application\/ld+json\" class=\"yoast-schema-graph\">{\"@context\":\"https:\/\/schema.org\",\"@graph\":[{\"@type\":\"WebPage\",\"@id\":\"https:\/\/www.fiemg.com.br\/regional-centro-oeste\/noticias\/programa-industria-forte-pif-sera-implementado-no-centro-oeste\/\",\"url\":\"https:\/\/www.fiemg.com.br\/regional-centro-oeste\/noticias\/programa-industria-forte-pif-sera-implementado-no-centro-oeste\/\",\"name\":\"Programa Ind\u00fastria Forte (PIF) ser\u00e1 implementado no Centro-Oeste - Regional Centro-Oeste\",\"isPartOf\":{\"@id\":\"https:\/\/www.fiemg.com.br\/regional-centro-oeste\/#website\"},\"primaryImageOfPage\":{\"@id\":\"https:\/\/www.fiemg.com.br\/regional-centro-oeste\/noticias\/programa-industria-forte-pif-sera-implementado-no-centro-oeste\/#primaryimage\"},\"image\":{\"@id\":\"https:\/\/www.fiemg.com.br\/regional-centro-oeste\/noticias\/programa-industria-forte-pif-sera-implementado-no-centro-oeste\/#primaryimage\"},\"thumbnailUrl\":\"https:\/\/www.fiemg.com.br\/regional-centro-oeste\/wp-content\/uploads\/sites\/16\/2025\/03\/reuniao-VP-Regional-IEL-PIF-e1743184664309.jpg\",\"datePublished\":\"2025-03-28T17:57:53+00:00\",\"dateModified\":\"2025-03-28T17:57:54+00:00\",\"breadcrumb\":{\"@id\":\"https:\/\/www.fiemg.com.br\/regional-centro-oeste\/noticias\/programa-industria-forte-pif-sera-implementado-no-centro-oeste\/#breadcrumb\"},\"inLanguage\":\"pt-BR\",\"potentialAction\":[{\"@type\":\"ReadAction\",\"target\":[\"https:\/\/www.fiemg.com.br\/regional-centro-oeste\/noticias\/programa-industria-forte-pif-sera-implementado-no-centro-oeste\/\"]}]},{\"@type\":\"ImageObject\",\"inLanguage\":\"pt-BR\",\"@id\":\"https:\/\/www.fiemg.com.br\/regional-centro-oeste\/noticias\/programa-industria-forte-pif-sera-implementado-no-centro-oeste\/#primaryimage\",\"url\":\"https:\/\/www.fiemg.com.br\/regional-centro-oeste\/wp-content\/uploads\/sites\/16\/2025\/03\/reuniao-VP-Regional-IEL-PIF-e1743184664309.jpg\",\"contentUrl\":\"https:\/\/www.fiemg.com.br\/regional-centro-oeste\/wp-content\/uploads\/sites\/16\/2025\/03\/reuniao-VP-Regional-IEL-PIF-e1743184664309.jpg\",\"width\":960,\"height\":960},{\"@type\":\"BreadcrumbList\",\"@id\":\"https:\/\/www.fiemg.com.br\/regional-centro-oeste\/noticias\/programa-industria-forte-pif-sera-implementado-no-centro-oeste\/#breadcrumb\",\"itemListElement\":[{\"@type\":\"ListItem\",\"position\":1,\"name\":\"In\u00edcio\",\"item\":\"https:\/\/www.fiemg.com.br\/regional-centro-oeste\/\"},{\"@type\":\"ListItem\",\"position\":2,\"name\":\"Programa Ind\u00fastria Forte (PIF) ser\u00e1 implementado no Centro-Oeste\"}]},{\"@type\":\"WebSite\",\"@id\":\"https:\/\/www.fiemg.com.br\/regional-centro-oeste\/#website\",\"url\":\"https:\/\/www.fiemg.com.br\/regional-centro-oeste\/\",\"name\":\"Regional Centro-Oeste\",\"description\":\"Federa\u00e7\u00e3o das Ind\u00fastrias do Estado de Minas Gerais\",\"publisher\":{\"@id\":\"https:\/\/www.fiemg.com.br\/regional-centro-oeste\/#organization\"},\"potentialAction\":[{\"@type\":\"SearchAction\",\"target\":{\"@type\":\"EntryPoint\",\"urlTemplate\":\"https:\/\/www.fiemg.com.br\/regional-centro-oeste\/?s={search_term_string}\"},\"query-input\":{\"@type\":\"PropertyValueSpecification\",\"valueRequired\":true,\"valueName\":\"search_term_string\"}}],\"inLanguage\":\"pt-BR\"},{\"@type\":\"Organization\",\"@id\":\"https:\/\/www.fiemg.com.br\/regional-centro-oeste\/#organization\",\"name\":\"Regional Centro-Oeste\",\"url\":\"https:\/\/www.fiemg.com.br\/regional-centro-oeste\/\",\"logo\":{\"@type\":\"ImageObject\",\"inLanguage\":\"pt-BR\",\"@id\":\"https:\/\/www.fiemg.com.br\/regional-centro-oeste\/#\/schema\/logo\/image\/\",\"url\":\"https:\/\/www.fiemg.com.br\/regional-centro-oeste\/wp-content\/uploads\/sites\/16\/2023\/02\/Ativo-1.png\",\"contentUrl\":\"https:\/\/www.fiemg.com.br\/regional-centro-oeste\/wp-content\/uploads\/sites\/16\/2023\/02\/Ativo-1.png\",\"width\":563,\"height\":149,\"caption\":\"Regional Centro-Oeste\"},\"image\":{\"@id\":\"https:\/\/www.fiemg.com.br\/regional-centro-oeste\/#\/schema\/logo\/image\/\"}}]}<\/script>\n<!-- \/ Yoast SEO plugin. -->","yoast_head_json":{"title":"Programa Ind\u00fastria Forte (PIF) ser\u00e1 implementado no Centro-Oeste - Regional Centro-Oeste","robots":{"index":"index","follow":"follow","max-snippet":"max-snippet:-1","max-image-preview":"max-image-preview:large","max-video-preview":"max-video-preview:-1"},"canonical":"https:\/\/www.fiemg.com.br\/regional-centro-oeste\/noticias\/programa-industria-forte-pif-sera-implementado-no-centro-oeste\/","og_locale":"pt_BR","og_type":"article","og_title":"Programa Ind\u00fastria Forte (PIF) ser\u00e1 implementado no Centro-Oeste - Regional Centro-Oeste","og_description":"O Programa Ind\u00fastria Forte (PIF) \u00e9 uma parceria entre a FIEMG, atrav\u00e9s do IEL, e a Regional Centro-Oeste Sudeste do SEBRAE-MG, que vai oferecer consultorias com foco no aumento da competitividade das empresas. O projeto \u00e9 pioneiro no estado e tem como objetivo a presta\u00e7\u00e3o de servi\u00e7os de consultoria nos temas de gest\u00e3o, processo produtivo, [&hellip;]","og_url":"https:\/\/www.fiemg.com.br\/regional-centro-oeste\/noticias\/programa-industria-forte-pif-sera-implementado-no-centro-oeste\/","og_site_name":"Regional Centro-Oeste","article_modified_time":"2025-03-28T17:57:54+00:00","og_image":[{"width":960,"height":960,"url":"https:\/\/www.fiemg.com.br\/regional-centro-oeste\/wp-content\/uploads\/sites\/16\/2025\/03\/reuniao-VP-Regional-IEL-PIF-e1743184664309.jpg","type":"image\/jpeg"}],"twitter_card":"summary_large_image","twitter_misc":{"Est. tempo de leitura":"2 minutos"},"schema":{"@context":"https:\/\/schema.org","@graph":[{"@type":"WebPage","@id":"https:\/\/www.fiemg.com.br\/regional-centro-oeste\/noticias\/programa-industria-forte-pif-sera-implementado-no-centro-oeste\/","url":"https:\/\/www.fiemg.com.br\/regional-centro-oeste\/noticias\/programa-industria-forte-pif-sera-implementado-no-centro-oeste\/","name":"Programa Ind\u00fastria Forte (PIF) ser\u00e1 implementado no Centro-Oeste - Regional Centro-Oeste","isPartOf":{"@id":"https:\/\/www.fiemg.com.br\/regional-centro-oeste\/#website"},"primaryImageOfPage":{"@id":"https:\/\/www.fiemg.com.br\/regional-centro-oeste\/noticias\/programa-industria-forte-pif-sera-implementado-no-centro-oeste\/#primaryimage"},"image":{"@id":"https:\/\/www.fiemg.com.br\/regional-centro-oeste\/noticias\/programa-industria-forte-pif-sera-implementado-no-centro-oeste\/#primaryimage"},"thumbnailUrl":"https:\/\/www.fiemg.com.br\/regional-centro-oeste\/wp-content\/uploads\/sites\/16\/2025\/03\/reuniao-VP-Regional-IEL-PIF-e1743184664309.jpg","datePublished":"2025-03-28T17:57:53+00:00","dateModified":"2025-03-28T17:57:54+00:00","breadcrumb":{"@id":"https:\/\/www.fiemg.com.br\/regional-centro-oeste\/noticias\/programa-industria-forte-pif-sera-implementado-no-centro-oeste\/#breadcrumb"},"inLanguage":"pt-BR","potentialAction":[{"@type":"ReadAction","target":["https:\/\/www.fiemg.com.br\/regional-centro-oeste\/noticias\/programa-industria-forte-pif-sera-implementado-no-centro-oeste\/"]}]},{"@type":"ImageObject","inLanguage":"pt-BR","@id":"https:\/\/www.fiemg.com.br\/regional-centro-oeste\/noticias\/programa-industria-forte-pif-sera-implementado-no-centro-oeste\/#primaryimage","url":"https:\/\/www.fiemg.com.br\/regional-centro-oeste\/wp-content\/uploads\/sites\/16\/2025\/03\/reuniao-VP-Regional-IEL-PIF-e1743184664309.jpg","contentUrl":"https:\/\/www.fiemg.com.br\/regional-centro-oeste\/wp-content\/uploads\/sites\/16\/2025\/03\/reuniao-VP-Regional-IEL-PIF-e1743184664309.jpg","width":960,"height":960},{"@type":"BreadcrumbList","@id":"https:\/\/www.fiemg.com.br\/regional-centro-oeste\/noticias\/programa-industria-forte-pif-sera-implementado-no-centro-oeste\/#breadcrumb","itemListElement":[{"@type":"ListItem","position":1,"name":"In\u00edcio","item":"https:\/\/www.fiemg.com.br\/regional-centro-oeste\/"},{"@type":"ListItem","position":2,"name":"Programa Ind\u00fastria Forte (PIF) ser\u00e1 implementado no Centro-Oeste"}]},{"@type":"WebSite","@id":"https:\/\/www.fiemg.com.br\/regional-centro-oeste\/#website","url":"https:\/\/www.fiemg.com.br\/regional-centro-oeste\/","name":"Regional Centro-Oeste","description":"Federa\u00e7\u00e3o das Ind\u00fastrias do Estado de Minas Gerais","publisher":{"@id":"https:\/\/www.fiemg.com.br\/regional-centro-oeste\/#organization"},"potentialAction":[{"@type":"SearchAction","target":{"@type":"EntryPoint","urlTemplate":"https:\/\/www.fiemg.com.br\/regional-centro-oeste\/?s={search_term_string}"},"query-input":{"@type":"PropertyValueSpecification","valueRequired":true,"valueName":"search_term_string"}}],"inLanguage":"pt-BR"},{"@type":"Organization","@id":"https:\/\/www.fiemg.com.br\/regional-centro-oeste\/#organization","name":"Regional Centro-Oeste","url":"https:\/\/www.fiemg.com.br\/regional-centro-oeste\/","logo":{"@type":"ImageObject","inLanguage":"pt-BR","@id":"https:\/\/www.fiemg.com.br\/regional-centro-oeste\/#\/schema\/logo\/image\/","url":"https:\/\/www.fiemg.com.br\/regional-centro-oeste\/wp-content\/uploads\/sites\/16\/2023\/02\/Ativo-1.png","contentUrl":"https:\/\/www.fiemg.com.br\/regional-centro-oeste\/wp-content\/uploads\/sites\/16\/2023\/02\/Ativo-1.png","width":563,"height":149,"caption":"Regional Centro-Oeste"},"image":{"@id":"https:\/\/www.fiemg.com.br\/regional-centro-oeste\/#\/schema\/logo\/image\/"}}]}},"_links":{"self":[{"href":"https:\/\/www.fiemg.com.br\/regional-centro-oeste\/wp-json\/wp\/v2\/noticias\/2899","targetHints":{"allow":["GET"]}}],"collection":[{"href":"https:\/\/www.fiemg.com.br\/regional-centro-oeste\/wp-json\/wp\/v2\/noticias"}],"about":[{"href":"https:\/\/www.fiemg.com.br\/regional-centro-oeste\/wp-json\/wp\/v2\/types\/noticias"}],"wp:featuredmedia":[{"embeddable":true,"href":"https:\/\/www.fiemg.com.br\/regional-centro-oeste\/wp-json\/wp\/v2\/media\/2901"}],"wp:attachment":[{"href":"https:\/\/www.fiemg.com.br\/regional-centro-oeste\/wp-json\/wp\/v2\/media?parent=2899"}],"wp:term":[{"taxonomy":"category","embeddable":true,"href":"https:\/\/www.fiemg.com.br\/regional-centro-oeste\/wp-json\/wp\/v2\/categories?post=2899"},{"taxonomy":"post_tag","embeddable":true,"href":"https:\/\/www.fiemg.com.br\/regional-centro-oeste\/wp-json\/wp\/v2\/tags?post=2899"}],"curies":[{"name":"wp","href":"https:\/\/api.w.org\/{rel}","templated":true}]}}