{"id":2965,"date":"2025-04-24T18:08:32","date_gmt":"2025-04-24T21:08:32","guid":{"rendered":"https:\/\/www.fiemg.com.br\/regional-centro-oeste\/?post_type=noticias&#038;p=2965"},"modified":"2025-04-24T18:08:33","modified_gmt":"2025-04-24T21:08:33","slug":"evento-com-renomado-mentor-do-setor-confeccionista-reune-empresarios-em-divinopolis","status":"publish","type":"noticias","link":"https:\/\/www.fiemg.com.br\/regional-centro-oeste\/noticias\/evento-com-renomado-mentor-do-setor-confeccionista-reune-empresarios-em-divinopolis\/","title":{"rendered":"Evento com renomado mentor do setor confeccionista re\u00fane empres\u00e1rios em Divin\u00f3polis"},"content":{"rendered":"\n<figure class=\"wp-block-image size-large\"><img fetchpriority=\"high\" decoding=\"async\" width=\"1024\" height=\"397\" src=\"https:\/\/www.fiemg.com.br\/regional-centro-oeste\/wp-content\/uploads\/sites\/16\/2025\/04\/palestra-imersao-sinvesd-e1745528794241-1024x397.jpg\" alt=\"\" class=\"wp-image-2968\" srcset=\"https:\/\/www.fiemg.com.br\/regional-centro-oeste\/wp-content\/uploads\/sites\/16\/2025\/04\/palestra-imersao-sinvesd-e1745528794241-1024x397.jpg 1024w, https:\/\/www.fiemg.com.br\/regional-centro-oeste\/wp-content\/uploads\/sites\/16\/2025\/04\/palestra-imersao-sinvesd-e1745528794241-300x116.jpg 300w, https:\/\/www.fiemg.com.br\/regional-centro-oeste\/wp-content\/uploads\/sites\/16\/2025\/04\/palestra-imersao-sinvesd-e1745528794241-768x298.jpg 768w, https:\/\/www.fiemg.com.br\/regional-centro-oeste\/wp-content\/uploads\/sites\/16\/2025\/04\/palestra-imersao-sinvesd-e1745528794241-1536x595.jpg 1536w, https:\/\/www.fiemg.com.br\/regional-centro-oeste\/wp-content\/uploads\/sites\/16\/2025\/04\/palestra-imersao-sinvesd-e1745528794241.jpg 1600w\" sizes=\"(max-width: 1024px) 100vw, 1024px\" \/><\/figure>\n\n\n\n<p>O evento de imers\u00e3o <strong>Costurando in Divin\u00f3polis<\/strong>&nbsp;&#8211; Transforme Sua Confec\u00e7\u00e3o: Estrat\u00e9gias Reais para Crescer com Efici\u00eancia e Intelig\u00eancia, aconteceu na manh\u00e3 de hoje (24), no Divishop e contou com mais de 150 empres\u00e1rios do setor confeccionistas. A a\u00e7\u00e3o \u00e9 uma iniciativa do Sindicato da Ind\u00fastria da Confec\u00e7\u00e3o de Divin\u00f3polis (SINVESD) e Divishop, com apoio da CDL, FIEMG Regional Centro-Oeste e empresas parceiras.<\/p>\n\n\n\n<p>O evento contou com a presen\u00e7a de&nbsp;<strong>Eduardo Cristian<\/strong>, nomeado como o embaixador das confec\u00e7\u00f5es, renomado mentor do setor t\u00eaxtil, conhecido por sua abordagem pr\u00e1tica e acess\u00edvel, o famoso &#8220;confeccion\u00eas&#8221;. Com vasta experi\u00eancia em estrat\u00e9gias para o crescimento de confec\u00e7\u00f5es, Eduardo compartilhou insights valiosos sobre como antecipar desafios, utilizar dados estrat\u00e9gicos e potencializar resultados.<\/p>\n\n\n\n<figure class=\"wp-block-image aligncenter size-large is-resized\"><img decoding=\"async\" width=\"1024\" height=\"768\" src=\"https:\/\/www.fiemg.com.br\/regional-centro-oeste\/wp-content\/uploads\/sites\/16\/2025\/04\/palestrante-eduardo-cristian-sinvesd-1024x768.jpg\" alt=\"\" class=\"wp-image-2969\" style=\"width:516px;height:auto\" \/><\/figure>\n\n\n\n<p>O palestrante falou da import\u00e2ncia do empres\u00e1rio buscar novas ideias, insights e troca de informa\u00e7\u00e3o e estar sempre atualizado em rela\u00e7\u00e3o \u00e0s tend\u00eancias, transforma\u00e7\u00f5es e exig\u00eancias do mercado. \u201cMuitas vezes percebemos que os empres\u00e1rios est\u00e3o no mesmo barco, que as dores de um s\u00e3o as mesmas dos outros. &nbsp;\u00c9 papel do Sindicato fomentar esse tipo de provoca\u00e7\u00e3o, que tira o empreendedor de dentro da empresa para poder enxergar que existe um mundo de oportunidades. Que o SINVESD continue provocando os empres\u00e1rios a serem cada vez melhores\u201d, enfatizou.<\/p>\n\n\n\n<p>Outro grande nome presente foi o do consultor comercial&nbsp;<strong>Norton Setubal<\/strong>, especializado no mercado de atacado de moda, abordou as mudan\u00e7as no comportamento do consumidor e os novos padr\u00f5es de venda, refor\u00e7ando a necessidade de adapta\u00e7\u00e3o constante para quem deseja se destacar no setor.<\/p>\n\n\n\n<p>Para o presidente da FIEMG Regional Centro-Oeste, Eduardo Soares, a uni\u00e3o das entidades na realiza\u00e7\u00e3o de a\u00e7\u00f5es estrat\u00e9gicas como essa \u00e9 essencial para qualificar o setor produtivo, fortalecer conex\u00f5es e aumentar a competitividade da ind\u00fastria. \u201cMais uma vez mostramos que a uni\u00e3o das entidades de classe \u00e9 essencial. \u00c9 importante estarmos sempre atentos ao mercado para proporcionar momentos de informa\u00e7\u00e3o, acesso \u00e0 inova\u00e7\u00e3o e troca de experi\u00eancias que t\u00eam poder transformador para o setor empresarial\u201d, finalizou.<\/p>\n\n\n\n<p>O evento tem um car\u00e1ter beneficente, e parte da renda arrecadada foi destinada ao&nbsp;<strong>SOS DO C\u00c2NCER<\/strong>, que foi representado pela respons\u00e1vel por projetos da entidade, Luciana Tedesh, refor\u00e7ando a import\u00e2ncia da solidariedade e do engajamento social dentro do setor empresarial.<\/p>\n\n\n\n<figure class=\"wp-block-image aligncenter size-large is-resized\"><img decoding=\"async\" width=\"1024\" height=\"768\" src=\"https:\/\/www.fiemg.com.br\/regional-centro-oeste\/wp-content\/uploads\/sites\/16\/2025\/04\/2-Entrega-doacao-SOS-1024x768.jpg\" alt=\"\" class=\"wp-image-2966\" style=\"width:544px;height:auto\" srcset=\"https:\/\/www.fiemg.com.br\/regional-centro-oeste\/wp-content\/uploads\/sites\/16\/2025\/04\/2-Entrega-doacao-SOS-1024x768.jpg 1024w, https:\/\/www.fiemg.com.br\/regional-centro-oeste\/wp-content\/uploads\/sites\/16\/2025\/04\/2-Entrega-doacao-SOS-300x225.jpg 300w, https:\/\/www.fiemg.com.br\/regional-centro-oeste\/wp-content\/uploads\/sites\/16\/2025\/04\/2-Entrega-doacao-SOS-768x576.jpg 768w, https:\/\/www.fiemg.com.br\/regional-centro-oeste\/wp-content\/uploads\/sites\/16\/2025\/04\/2-Entrega-doacao-SOS-1536x1152.jpg 1536w, https:\/\/www.fiemg.com.br\/regional-centro-oeste\/wp-content\/uploads\/sites\/16\/2025\/04\/2-Entrega-doacao-SOS.jpg 1600w\" sizes=\"(max-width: 1024px) 100vw, 1024px\" \/><\/figure>\n","protected":false},"featured_media":2967,"template":"","categories":[],"tags":[],"class_list":["post-2965","noticias","type-noticias","status-publish","has-post-thumbnail","hentry"],"acf":[],"yoast_head":"<!-- This site is optimized with the Yoast SEO plugin v26.2 - https:\/\/yoast.com\/wordpress\/plugins\/seo\/ -->\n<title>Evento com renomado mentor do setor confeccionista re\u00fane empres\u00e1rios em Divin\u00f3polis - Regional Centro-Oeste<\/title>\n<meta name=\"robots\" content=\"index, follow, max-snippet:-1, max-image-preview:large, max-video-preview:-1\" \/>\n<link rel=\"canonical\" href=\"https:\/\/www.fiemg.com.br\/regional-centro-oeste\/noticias\/evento-com-renomado-mentor-do-setor-confeccionista-reune-empresarios-em-divinopolis\/\" \/>\n<meta property=\"og:locale\" content=\"pt_BR\" \/>\n<meta property=\"og:type\" content=\"article\" \/>\n<meta property=\"og:title\" content=\"Evento com renomado mentor do setor confeccionista re\u00fane empres\u00e1rios em Divin\u00f3polis - Regional Centro-Oeste\" \/>\n<meta property=\"og:description\" content=\"O evento de imers\u00e3o Costurando in Divin\u00f3polis&nbsp;&#8211; Transforme Sua Confec\u00e7\u00e3o: Estrat\u00e9gias Reais para Crescer com Efici\u00eancia e Intelig\u00eancia, aconteceu na manh\u00e3 de hoje (24), no Divishop e contou com mais de 150 empres\u00e1rios do setor confeccionistas. A a\u00e7\u00e3o \u00e9 uma iniciativa do Sindicato da Ind\u00fastria da Confec\u00e7\u00e3o de Divin\u00f3polis (SINVESD) e Divishop, com apoio da [&hellip;]\" \/>\n<meta property=\"og:url\" content=\"https:\/\/www.fiemg.com.br\/regional-centro-oeste\/noticias\/evento-com-renomado-mentor-do-setor-confeccionista-reune-empresarios-em-divinopolis\/\" \/>\n<meta property=\"og:site_name\" content=\"Regional Centro-Oeste\" \/>\n<meta property=\"article:modified_time\" content=\"2025-04-24T21:08:33+00:00\" \/>\n<meta property=\"og:image\" content=\"https:\/\/www.fiemg.com.br\/regional-centro-oeste\/wp-content\/uploads\/sites\/16\/2025\/04\/imersao-sinvesd-e1745528902133.jpg\" \/>\n\t<meta property=\"og:image:width\" content=\"1200\" \/>\n\t<meta property=\"og:image:height\" content=\"1200\" \/>\n\t<meta property=\"og:image:type\" content=\"image\/jpeg\" \/>\n<meta name=\"twitter:card\" content=\"summary_large_image\" \/>\n<meta name=\"twitter:label1\" content=\"Est. tempo de leitura\" \/>\n\t<meta name=\"twitter:data1\" content=\"3 minutos\" \/>\n<script type=\"application\/ld+json\" class=\"yoast-schema-graph\">{\"@context\":\"https:\/\/schema.org\",\"@graph\":[{\"@type\":\"WebPage\",\"@id\":\"https:\/\/www.fiemg.com.br\/regional-centro-oeste\/noticias\/evento-com-renomado-mentor-do-setor-confeccionista-reune-empresarios-em-divinopolis\/\",\"url\":\"https:\/\/www.fiemg.com.br\/regional-centro-oeste\/noticias\/evento-com-renomado-mentor-do-setor-confeccionista-reune-empresarios-em-divinopolis\/\",\"name\":\"Evento com renomado mentor do setor confeccionista re\u00fane empres\u00e1rios em Divin\u00f3polis - Regional Centro-Oeste\",\"isPartOf\":{\"@id\":\"https:\/\/www.fiemg.com.br\/regional-centro-oeste\/#website\"},\"primaryImageOfPage\":{\"@id\":\"https:\/\/www.fiemg.com.br\/regional-centro-oeste\/noticias\/evento-com-renomado-mentor-do-setor-confeccionista-reune-empresarios-em-divinopolis\/#primaryimage\"},\"image\":{\"@id\":\"https:\/\/www.fiemg.com.br\/regional-centro-oeste\/noticias\/evento-com-renomado-mentor-do-setor-confeccionista-reune-empresarios-em-divinopolis\/#primaryimage\"},\"thumbnailUrl\":\"https:\/\/www.fiemg.com.br\/regional-centro-oeste\/wp-content\/uploads\/sites\/16\/2025\/04\/imersao-sinvesd-e1745528902133.jpg\",\"datePublished\":\"2025-04-24T21:08:32+00:00\",\"dateModified\":\"2025-04-24T21:08:33+00:00\",\"breadcrumb\":{\"@id\":\"https:\/\/www.fiemg.com.br\/regional-centro-oeste\/noticias\/evento-com-renomado-mentor-do-setor-confeccionista-reune-empresarios-em-divinopolis\/#breadcrumb\"},\"inLanguage\":\"pt-BR\",\"potentialAction\":[{\"@type\":\"ReadAction\",\"target\":[\"https:\/\/www.fiemg.com.br\/regional-centro-oeste\/noticias\/evento-com-renomado-mentor-do-setor-confeccionista-reune-empresarios-em-divinopolis\/\"]}]},{\"@type\":\"ImageObject\",\"inLanguage\":\"pt-BR\",\"@id\":\"https:\/\/www.fiemg.com.br\/regional-centro-oeste\/noticias\/evento-com-renomado-mentor-do-setor-confeccionista-reune-empresarios-em-divinopolis\/#primaryimage\",\"url\":\"https:\/\/www.fiemg.com.br\/regional-centro-oeste\/wp-content\/uploads\/sites\/16\/2025\/04\/imersao-sinvesd-e1745528902133.jpg\",\"contentUrl\":\"https:\/\/www.fiemg.com.br\/regional-centro-oeste\/wp-content\/uploads\/sites\/16\/2025\/04\/imersao-sinvesd-e1745528902133.jpg\",\"width\":1200,\"height\":1200},{\"@type\":\"BreadcrumbList\",\"@id\":\"https:\/\/www.fiemg.com.br\/regional-centro-oeste\/noticias\/evento-com-renomado-mentor-do-setor-confeccionista-reune-empresarios-em-divinopolis\/#breadcrumb\",\"itemListElement\":[{\"@type\":\"ListItem\",\"position\":1,\"name\":\"In\u00edcio\",\"item\":\"https:\/\/www.fiemg.com.br\/regional-centro-oeste\/\"},{\"@type\":\"ListItem\",\"position\":2,\"name\":\"Evento com renomado mentor do setor confeccionista re\u00fane empres\u00e1rios em Divin\u00f3polis\"}]},{\"@type\":\"WebSite\",\"@id\":\"https:\/\/www.fiemg.com.br\/regional-centro-oeste\/#website\",\"url\":\"https:\/\/www.fiemg.com.br\/regional-centro-oeste\/\",\"name\":\"Regional Centro-Oeste\",\"description\":\"Federa\u00e7\u00e3o das Ind\u00fastrias do Estado de Minas Gerais\",\"publisher\":{\"@id\":\"https:\/\/www.fiemg.com.br\/regional-centro-oeste\/#organization\"},\"potentialAction\":[{\"@type\":\"SearchAction\",\"target\":{\"@type\":\"EntryPoint\",\"urlTemplate\":\"https:\/\/www.fiemg.com.br\/regional-centro-oeste\/?s={search_term_string}\"},\"query-input\":{\"@type\":\"PropertyValueSpecification\",\"valueRequired\":true,\"valueName\":\"search_term_string\"}}],\"inLanguage\":\"pt-BR\"},{\"@type\":\"Organization\",\"@id\":\"https:\/\/www.fiemg.com.br\/regional-centro-oeste\/#organization\",\"name\":\"Regional Centro-Oeste\",\"url\":\"https:\/\/www.fiemg.com.br\/regional-centro-oeste\/\",\"logo\":{\"@type\":\"ImageObject\",\"inLanguage\":\"pt-BR\",\"@id\":\"https:\/\/www.fiemg.com.br\/regional-centro-oeste\/#\/schema\/logo\/image\/\",\"url\":\"https:\/\/www.fiemg.com.br\/regional-centro-oeste\/wp-content\/uploads\/sites\/16\/2023\/02\/Ativo-1.png\",\"contentUrl\":\"https:\/\/www.fiemg.com.br\/regional-centro-oeste\/wp-content\/uploads\/sites\/16\/2023\/02\/Ativo-1.png\",\"width\":563,\"height\":149,\"caption\":\"Regional Centro-Oeste\"},\"image\":{\"@id\":\"https:\/\/www.fiemg.com.br\/regional-centro-oeste\/#\/schema\/logo\/image\/\"}}]}<\/script>\n<!-- \/ Yoast SEO plugin. -->","yoast_head_json":{"title":"Evento com renomado mentor do setor confeccionista re\u00fane empres\u00e1rios em Divin\u00f3polis - Regional Centro-Oeste","robots":{"index":"index","follow":"follow","max-snippet":"max-snippet:-1","max-image-preview":"max-image-preview:large","max-video-preview":"max-video-preview:-1"},"canonical":"https:\/\/www.fiemg.com.br\/regional-centro-oeste\/noticias\/evento-com-renomado-mentor-do-setor-confeccionista-reune-empresarios-em-divinopolis\/","og_locale":"pt_BR","og_type":"article","og_title":"Evento com renomado mentor do setor confeccionista re\u00fane empres\u00e1rios em Divin\u00f3polis - Regional Centro-Oeste","og_description":"O evento de imers\u00e3o Costurando in Divin\u00f3polis&nbsp;&#8211; Transforme Sua Confec\u00e7\u00e3o: Estrat\u00e9gias Reais para Crescer com Efici\u00eancia e Intelig\u00eancia, aconteceu na manh\u00e3 de hoje (24), no Divishop e contou com mais de 150 empres\u00e1rios do setor confeccionistas. A a\u00e7\u00e3o \u00e9 uma iniciativa do Sindicato da Ind\u00fastria da Confec\u00e7\u00e3o de Divin\u00f3polis (SINVESD) e Divishop, com apoio da [&hellip;]","og_url":"https:\/\/www.fiemg.com.br\/regional-centro-oeste\/noticias\/evento-com-renomado-mentor-do-setor-confeccionista-reune-empresarios-em-divinopolis\/","og_site_name":"Regional Centro-Oeste","article_modified_time":"2025-04-24T21:08:33+00:00","og_image":[{"width":1200,"height":1200,"url":"https:\/\/www.fiemg.com.br\/regional-centro-oeste\/wp-content\/uploads\/sites\/16\/2025\/04\/imersao-sinvesd-e1745528902133.jpg","type":"image\/jpeg"}],"twitter_card":"summary_large_image","twitter_misc":{"Est. tempo de leitura":"3 minutos"},"schema":{"@context":"https:\/\/schema.org","@graph":[{"@type":"WebPage","@id":"https:\/\/www.fiemg.com.br\/regional-centro-oeste\/noticias\/evento-com-renomado-mentor-do-setor-confeccionista-reune-empresarios-em-divinopolis\/","url":"https:\/\/www.fiemg.com.br\/regional-centro-oeste\/noticias\/evento-com-renomado-mentor-do-setor-confeccionista-reune-empresarios-em-divinopolis\/","name":"Evento com renomado mentor do setor confeccionista re\u00fane empres\u00e1rios em Divin\u00f3polis - Regional Centro-Oeste","isPartOf":{"@id":"https:\/\/www.fiemg.com.br\/regional-centro-oeste\/#website"},"primaryImageOfPage":{"@id":"https:\/\/www.fiemg.com.br\/regional-centro-oeste\/noticias\/evento-com-renomado-mentor-do-setor-confeccionista-reune-empresarios-em-divinopolis\/#primaryimage"},"image":{"@id":"https:\/\/www.fiemg.com.br\/regional-centro-oeste\/noticias\/evento-com-renomado-mentor-do-setor-confeccionista-reune-empresarios-em-divinopolis\/#primaryimage"},"thumbnailUrl":"https:\/\/www.fiemg.com.br\/regional-centro-oeste\/wp-content\/uploads\/sites\/16\/2025\/04\/imersao-sinvesd-e1745528902133.jpg","datePublished":"2025-04-24T21:08:32+00:00","dateModified":"2025-04-24T21:08:33+00:00","breadcrumb":{"@id":"https:\/\/www.fiemg.com.br\/regional-centro-oeste\/noticias\/evento-com-renomado-mentor-do-setor-confeccionista-reune-empresarios-em-divinopolis\/#breadcrumb"},"inLanguage":"pt-BR","potentialAction":[{"@type":"ReadAction","target":["https:\/\/www.fiemg.com.br\/regional-centro-oeste\/noticias\/evento-com-renomado-mentor-do-setor-confeccionista-reune-empresarios-em-divinopolis\/"]}]},{"@type":"ImageObject","inLanguage":"pt-BR","@id":"https:\/\/www.fiemg.com.br\/regional-centro-oeste\/noticias\/evento-com-renomado-mentor-do-setor-confeccionista-reune-empresarios-em-divinopolis\/#primaryimage","url":"https:\/\/www.fiemg.com.br\/regional-centro-oeste\/wp-content\/uploads\/sites\/16\/2025\/04\/imersao-sinvesd-e1745528902133.jpg","contentUrl":"https:\/\/www.fiemg.com.br\/regional-centro-oeste\/wp-content\/uploads\/sites\/16\/2025\/04\/imersao-sinvesd-e1745528902133.jpg","width":1200,"height":1200},{"@type":"BreadcrumbList","@id":"https:\/\/www.fiemg.com.br\/regional-centro-oeste\/noticias\/evento-com-renomado-mentor-do-setor-confeccionista-reune-empresarios-em-divinopolis\/#breadcrumb","itemListElement":[{"@type":"ListItem","position":1,"name":"In\u00edcio","item":"https:\/\/www.fiemg.com.br\/regional-centro-oeste\/"},{"@type":"ListItem","position":2,"name":"Evento com renomado mentor do setor confeccionista re\u00fane empres\u00e1rios em Divin\u00f3polis"}]},{"@type":"WebSite","@id":"https:\/\/www.fiemg.com.br\/regional-centro-oeste\/#website","url":"https:\/\/www.fiemg.com.br\/regional-centro-oeste\/","name":"Regional Centro-Oeste","description":"Federa\u00e7\u00e3o das Ind\u00fastrias do Estado de Minas Gerais","publisher":{"@id":"https:\/\/www.fiemg.com.br\/regional-centro-oeste\/#organization"},"potentialAction":[{"@type":"SearchAction","target":{"@type":"EntryPoint","urlTemplate":"https:\/\/www.fiemg.com.br\/regional-centro-oeste\/?s={search_term_string}"},"query-input":{"@type":"PropertyValueSpecification","valueRequired":true,"valueName":"search_term_string"}}],"inLanguage":"pt-BR"},{"@type":"Organization","@id":"https:\/\/www.fiemg.com.br\/regional-centro-oeste\/#organization","name":"Regional Centro-Oeste","url":"https:\/\/www.fiemg.com.br\/regional-centro-oeste\/","logo":{"@type":"ImageObject","inLanguage":"pt-BR","@id":"https:\/\/www.fiemg.com.br\/regional-centro-oeste\/#\/schema\/logo\/image\/","url":"https:\/\/www.fiemg.com.br\/regional-centro-oeste\/wp-content\/uploads\/sites\/16\/2023\/02\/Ativo-1.png","contentUrl":"https:\/\/www.fiemg.com.br\/regional-centro-oeste\/wp-content\/uploads\/sites\/16\/2023\/02\/Ativo-1.png","width":563,"height":149,"caption":"Regional Centro-Oeste"},"image":{"@id":"https:\/\/www.fiemg.com.br\/regional-centro-oeste\/#\/schema\/logo\/image\/"}}]}},"_links":{"self":[{"href":"https:\/\/www.fiemg.com.br\/regional-centro-oeste\/wp-json\/wp\/v2\/noticias\/2965","targetHints":{"allow":["GET"]}}],"collection":[{"href":"https:\/\/www.fiemg.com.br\/regional-centro-oeste\/wp-json\/wp\/v2\/noticias"}],"about":[{"href":"https:\/\/www.fiemg.com.br\/regional-centro-oeste\/wp-json\/wp\/v2\/types\/noticias"}],"wp:featuredmedia":[{"embeddable":true,"href":"https:\/\/www.fiemg.com.br\/regional-centro-oeste\/wp-json\/wp\/v2\/media\/2967"}],"wp:attachment":[{"href":"https:\/\/www.fiemg.com.br\/regional-centro-oeste\/wp-json\/wp\/v2\/media?parent=2965"}],"wp:term":[{"taxonomy":"category","embeddable":true,"href":"https:\/\/www.fiemg.com.br\/regional-centro-oeste\/wp-json\/wp\/v2\/categories?post=2965"},{"taxonomy":"post_tag","embeddable":true,"href":"https:\/\/www.fiemg.com.br\/regional-centro-oeste\/wp-json\/wp\/v2\/tags?post=2965"}],"curies":[{"name":"wp","href":"https:\/\/api.w.org\/{rel}","templated":true}]}}