{"id":2970,"date":"2025-04-25T10:30:11","date_gmt":"2025-04-25T13:30:11","guid":{"rendered":"https:\/\/www.fiemg.com.br\/regional-centro-oeste\/?post_type=noticias&#038;p=2970"},"modified":"2025-04-25T10:30:13","modified_gmt":"2025-04-25T13:30:13","slug":"apos-24-anos-afonso-gonzaga-deixa-a-presidencia-do-sifumg","status":"publish","type":"noticias","link":"https:\/\/www.fiemg.com.br\/regional-centro-oeste\/noticias\/apos-24-anos-afonso-gonzaga-deixa-a-presidencia-do-sifumg\/","title":{"rendered":"Ap\u00f3s 24 anos, Afonso Gonzaga deixa a presid\u00eancia do SIFUMG"},"content":{"rendered":"\n<figure class=\"wp-block-image size-full\"><img fetchpriority=\"high\" decoding=\"async\" width=\"721\" height=\"279\" src=\"https:\/\/www.fiemg.com.br\/regional-centro-oeste\/wp-content\/uploads\/sites\/16\/2025\/04\/Afonso-mesa-de-honra-e1745587624220.jpg\" alt=\"\" class=\"wp-image-2973\" srcset=\"https:\/\/www.fiemg.com.br\/regional-centro-oeste\/wp-content\/uploads\/sites\/16\/2025\/04\/Afonso-mesa-de-honra-e1745587624220.jpg 721w, https:\/\/www.fiemg.com.br\/regional-centro-oeste\/wp-content\/uploads\/sites\/16\/2025\/04\/Afonso-mesa-de-honra-e1745587624220-300x116.jpg 300w\" sizes=\"(max-width: 721px) 100vw, 721px\" \/><\/figure>\n\n\n\n<p>O ex-presidente da FIEMG Regional Centro-Oeste, Afonso Gonzaga, ap\u00f3s 24 anos liderando o Sindicato da Ind\u00fastria da Fundi\u00e7\u00e3o no Estado de Minas Gerais (SIFUMG), deixou a presid\u00eancia da entidade. Em cerim\u00f4nia de posse realizada no in\u00edcio do m\u00eas, na sede da FIEMG em Belo Horizonte, o empres\u00e1rio Br\u00e1ulio Campos, assumiu o Sindicato que tem 90 anos de atua\u00e7\u00e3o em defesa da ind\u00fastria.<\/p>\n\n\n\n<figure class=\"wp-block-image aligncenter size-full is-resized\"><img decoding=\"async\" width=\"721\" height=\"480\" src=\"https:\/\/www.fiemg.com.br\/regional-centro-oeste\/wp-content\/uploads\/sites\/16\/2025\/04\/posse-Braulio-sifumg.jpg\" alt=\"\" class=\"wp-image-2974\" style=\"width:349px;height:auto\" srcset=\"https:\/\/www.fiemg.com.br\/regional-centro-oeste\/wp-content\/uploads\/sites\/16\/2025\/04\/posse-Braulio-sifumg.jpg 721w, https:\/\/www.fiemg.com.br\/regional-centro-oeste\/wp-content\/uploads\/sites\/16\/2025\/04\/posse-Braulio-sifumg-300x200.jpg 300w\" sizes=\"(max-width: 721px) 100vw, 721px\" \/><\/figure>\n\n\n\n<p>A cerim\u00f4nia contou com a presen\u00e7a de diversas lideran\u00e7as empresariais, autoridades estaduais e regionais, empres\u00e1rios e convidados, entre eles, o presidente da FIEMG Regional Centro-Oeste, Eduardo Soares e o presidente da FIEMG, Fl\u00e1vio Roscoe. Em seu discurso, o l\u00edder da Federa\u00e7\u00e3o das Ind\u00fastria destacou a import\u00e2ncia de perpetua\u00e7\u00e3o do trabalho \u00e0 frente do Sindicato. \u201cAfonso Gonzaga se despede da presid\u00eancia com uma trajet\u00f3ria muito relevante ao longo desses 24 anos, com atua\u00e7\u00e3o em v\u00e1rias frentes, inclusive aqui nesta Casa. O legado est\u00e1 constru\u00eddo, um setor pujante e diversificado em Minas Gerais, e acredito que ainda tem muito o que se fazer, cabe ao Br\u00e1ulio complementar esse trabalho\u201d, refor\u00e7ou Roscoe.<\/p>\n\n\n\n<figure class=\"wp-block-image aligncenter size-full is-resized\"><img decoding=\"async\" width=\"721\" height=\"480\" src=\"https:\/\/www.fiemg.com.br\/regional-centro-oeste\/wp-content\/uploads\/sites\/16\/2025\/04\/VP-Regional-posse-sifumg.jpg\" alt=\"\" class=\"wp-image-2975\" style=\"width:346px;height:auto\" srcset=\"https:\/\/www.fiemg.com.br\/regional-centro-oeste\/wp-content\/uploads\/sites\/16\/2025\/04\/VP-Regional-posse-sifumg.jpg 721w, https:\/\/www.fiemg.com.br\/regional-centro-oeste\/wp-content\/uploads\/sites\/16\/2025\/04\/VP-Regional-posse-sifumg-300x200.jpg 300w\" sizes=\"(max-width: 721px) 100vw, 721px\" \/><\/figure>\n\n\n\n<p>O Governador de Minas, Romeu Zema, enviou v\u00eddeo com mensagem congratulat\u00f3ria ao novo presidente, reconheceu a atua\u00e7\u00e3o de Gonzaga ao longo dos anos e destacou a relev\u00e2ncia do setor de fundi\u00e7\u00e3o para o desenvolvimento econ\u00f4mico do estado. \u201cO setor de fundi\u00e7\u00e3o \u00e9 essencial para economia mineira, \u00e9 de l\u00e1 que saem insumos para as ind\u00fastrias automotivas, ferrovi\u00e1rias, agr\u00edcolas e o setor de bens de capital. Desejo muito sucesso ao empres\u00e1rio Br\u00e1ulio Campos, tenho certeza de que a ind\u00fastria de fundi\u00e7\u00e3o s\u00f3 tem a ganhar com uma gest\u00e3o que valoriza a inova\u00e7\u00e3o, a qualifica\u00e7\u00e3o profissional e as pol\u00edticas de crescimento sustent\u00e1vel\u201d, enfatizou o governador.<\/p>\n\n\n\n<p><strong>Trajet\u00f3ria<\/strong><\/p>\n\n\n\n<p>Afonso Gonzaga come\u00e7ou a atuar no associativismo na d\u00e9cada de 80, atrav\u00e9s da Associa\u00e7\u00e3o Comercial Industrial Agropecu\u00e1ria e de Servi\u00e7o de Divin\u00f3polis (ACID), desde ent\u00e3o, sua trajet\u00f3ria contemplou a presid\u00eancia do SIFUMG e presid\u00eancia da FIEMG Regional Centro-Oeste onde, com foco na Educa\u00e7\u00e3o, liderou a inaugura\u00e7\u00e3o de 12 SENAIs espalhados pela regi\u00e3o.<\/p>\n\n\n\n<figure class=\"wp-block-image alignleft size-large is-resized\"><img loading=\"lazy\" decoding=\"async\" width=\"768\" height=\"1024\" src=\"https:\/\/www.fiemg.com.br\/regional-centro-oeste\/wp-content\/uploads\/sites\/16\/2025\/04\/Afonso-homenageado-placa-768x1024.jpg\" alt=\"\" class=\"wp-image-2972\" style=\"width:292px;height:auto\" srcset=\"https:\/\/www.fiemg.com.br\/regional-centro-oeste\/wp-content\/uploads\/sites\/16\/2025\/04\/Afonso-homenageado-placa-768x1024.jpg 768w, https:\/\/www.fiemg.com.br\/regional-centro-oeste\/wp-content\/uploads\/sites\/16\/2025\/04\/Afonso-homenageado-placa-225x300.jpg 225w, https:\/\/www.fiemg.com.br\/regional-centro-oeste\/wp-content\/uploads\/sites\/16\/2025\/04\/Afonso-homenageado-placa-1152x1536.jpg 1152w, https:\/\/www.fiemg.com.br\/regional-centro-oeste\/wp-content\/uploads\/sites\/16\/2025\/04\/Afonso-homenageado-placa-1536x2048.jpg 1536w, https:\/\/www.fiemg.com.br\/regional-centro-oeste\/wp-content\/uploads\/sites\/16\/2025\/04\/Afonso-homenageado-placa-scaled.jpg 1920w\" sizes=\"(max-width: 768px) 100vw, 768px\" \/><\/figure>\n\n\n\n<p>Com longa trajet\u00f3ria de atua\u00e7\u00e3o em defesa da ind\u00fastria da fundi\u00e7\u00e3o e do desenvolvimento, presidiu ainda o Programa de Desenvolvimento do Centro-Oeste Mineiro (PRODESCOM) por dois mandatos, a Associa\u00e7\u00e3o Brasileira da Ind\u00fastria da Fundi\u00e7\u00e3o (ABIFA) por dois mandatos, o Sindicato da Ind\u00fastria da Fundi\u00e7\u00e3o no Estado de S\u00e3o Paulo (SIFESP) por dois mandatos, o BRICS FOUNDRY ASSOCIATION por um mandato de dois anos e foi diretor eleito da Federa\u00e7\u00e3o das Ind\u00fastrias do Estado de S\u00e3o Paulo (FIESP), tamb\u00e9m por dois mandatos.<\/p>\n\n\n\n<p>Para Gonzaga, a ind\u00fastria brasileira sobreviveu atrav\u00e9s da insist\u00eancia dos empres\u00e1rios, que desempenham importante papel na luta pelo desenvolvimento. \u201cEncerro um per\u00edodo de muito trabalho; trabalho este \u00e0 procura de criar a\u00e7\u00f5es de desenvolvimento, crescimento e, acima de tudo, muita tecnologia. Sem d\u00favida, uma hist\u00f3ria de perder o f\u00f4lego, mas uma fant\u00e1stica sensa\u00e7\u00e3o de dever cumprido. Obrigado \u00e0queles que criticaram, com certeza serviu para avaliar. Mas, muito mais obrigado \u00e0queles que fizeram um grande esfor\u00e7o e lutaram comigo\u201d, finalizou Afonso Gonzaga.<\/p>\n","protected":false},"featured_media":2971,"template":"","categories":[],"tags":[],"class_list":["post-2970","noticias","type-noticias","status-publish","has-post-thumbnail","hentry"],"acf":[],"yoast_head":"<!-- This site is optimized with the Yoast SEO plugin v26.2 - https:\/\/yoast.com\/wordpress\/plugins\/seo\/ -->\n<title>Ap\u00f3s 24 anos, Afonso Gonzaga deixa a presid\u00eancia do SIFUMG - Regional Centro-Oeste<\/title>\n<meta name=\"robots\" content=\"index, follow, max-snippet:-1, max-image-preview:large, max-video-preview:-1\" \/>\n<link rel=\"canonical\" href=\"https:\/\/www.fiemg.com.br\/regional-centro-oeste\/noticias\/apos-24-anos-afonso-gonzaga-deixa-a-presidencia-do-sifumg\/\" \/>\n<meta property=\"og:locale\" content=\"pt_BR\" \/>\n<meta property=\"og:type\" content=\"article\" \/>\n<meta property=\"og:title\" content=\"Ap\u00f3s 24 anos, Afonso Gonzaga deixa a presid\u00eancia do SIFUMG - Regional Centro-Oeste\" \/>\n<meta property=\"og:description\" content=\"O ex-presidente da FIEMG Regional Centro-Oeste, Afonso Gonzaga, ap\u00f3s 24 anos liderando o Sindicato da Ind\u00fastria da Fundi\u00e7\u00e3o no Estado de Minas Gerais (SIFUMG), deixou a presid\u00eancia da entidade. Em cerim\u00f4nia de posse realizada no in\u00edcio do m\u00eas, na sede da FIEMG em Belo Horizonte, o empres\u00e1rio Br\u00e1ulio Campos, assumiu o Sindicato que tem 90 [&hellip;]\" \/>\n<meta property=\"og:url\" content=\"https:\/\/www.fiemg.com.br\/regional-centro-oeste\/noticias\/apos-24-anos-afonso-gonzaga-deixa-a-presidencia-do-sifumg\/\" \/>\n<meta property=\"og:site_name\" content=\"Regional Centro-Oeste\" \/>\n<meta property=\"article:modified_time\" content=\"2025-04-25T13:30:13+00:00\" \/>\n<meta property=\"og:image\" content=\"https:\/\/www.fiemg.com.br\/regional-centro-oeste\/wp-content\/uploads\/sites\/16\/2025\/04\/Afonso-Gonzaga-e1745587805507.jpg\" \/>\n\t<meta property=\"og:image:width\" content=\"584\" \/>\n\t<meta property=\"og:image:height\" content=\"479\" \/>\n\t<meta property=\"og:image:type\" content=\"image\/jpeg\" \/>\n<meta name=\"twitter:card\" content=\"summary_large_image\" \/>\n<meta name=\"twitter:label1\" content=\"Est. tempo de leitura\" \/>\n\t<meta name=\"twitter:data1\" content=\"4 minutos\" \/>\n<script type=\"application\/ld+json\" class=\"yoast-schema-graph\">{\"@context\":\"https:\/\/schema.org\",\"@graph\":[{\"@type\":\"WebPage\",\"@id\":\"https:\/\/www.fiemg.com.br\/regional-centro-oeste\/noticias\/apos-24-anos-afonso-gonzaga-deixa-a-presidencia-do-sifumg\/\",\"url\":\"https:\/\/www.fiemg.com.br\/regional-centro-oeste\/noticias\/apos-24-anos-afonso-gonzaga-deixa-a-presidencia-do-sifumg\/\",\"name\":\"Ap\u00f3s 24 anos, Afonso Gonzaga deixa a presid\u00eancia do SIFUMG - Regional Centro-Oeste\",\"isPartOf\":{\"@id\":\"https:\/\/www.fiemg.com.br\/regional-centro-oeste\/#website\"},\"primaryImageOfPage\":{\"@id\":\"https:\/\/www.fiemg.com.br\/regional-centro-oeste\/noticias\/apos-24-anos-afonso-gonzaga-deixa-a-presidencia-do-sifumg\/#primaryimage\"},\"image\":{\"@id\":\"https:\/\/www.fiemg.com.br\/regional-centro-oeste\/noticias\/apos-24-anos-afonso-gonzaga-deixa-a-presidencia-do-sifumg\/#primaryimage\"},\"thumbnailUrl\":\"https:\/\/www.fiemg.com.br\/regional-centro-oeste\/wp-content\/uploads\/sites\/16\/2025\/04\/Afonso-Gonzaga-e1745587805507.jpg\",\"datePublished\":\"2025-04-25T13:30:11+00:00\",\"dateModified\":\"2025-04-25T13:30:13+00:00\",\"breadcrumb\":{\"@id\":\"https:\/\/www.fiemg.com.br\/regional-centro-oeste\/noticias\/apos-24-anos-afonso-gonzaga-deixa-a-presidencia-do-sifumg\/#breadcrumb\"},\"inLanguage\":\"pt-BR\",\"potentialAction\":[{\"@type\":\"ReadAction\",\"target\":[\"https:\/\/www.fiemg.com.br\/regional-centro-oeste\/noticias\/apos-24-anos-afonso-gonzaga-deixa-a-presidencia-do-sifumg\/\"]}]},{\"@type\":\"ImageObject\",\"inLanguage\":\"pt-BR\",\"@id\":\"https:\/\/www.fiemg.com.br\/regional-centro-oeste\/noticias\/apos-24-anos-afonso-gonzaga-deixa-a-presidencia-do-sifumg\/#primaryimage\",\"url\":\"https:\/\/www.fiemg.com.br\/regional-centro-oeste\/wp-content\/uploads\/sites\/16\/2025\/04\/Afonso-Gonzaga-e1745587805507.jpg\",\"contentUrl\":\"https:\/\/www.fiemg.com.br\/regional-centro-oeste\/wp-content\/uploads\/sites\/16\/2025\/04\/Afonso-Gonzaga-e1745587805507.jpg\",\"width\":584,\"height\":479},{\"@type\":\"BreadcrumbList\",\"@id\":\"https:\/\/www.fiemg.com.br\/regional-centro-oeste\/noticias\/apos-24-anos-afonso-gonzaga-deixa-a-presidencia-do-sifumg\/#breadcrumb\",\"itemListElement\":[{\"@type\":\"ListItem\",\"position\":1,\"name\":\"In\u00edcio\",\"item\":\"https:\/\/www.fiemg.com.br\/regional-centro-oeste\/\"},{\"@type\":\"ListItem\",\"position\":2,\"name\":\"Ap\u00f3s 24 anos, Afonso Gonzaga deixa a presid\u00eancia do SIFUMG\"}]},{\"@type\":\"WebSite\",\"@id\":\"https:\/\/www.fiemg.com.br\/regional-centro-oeste\/#website\",\"url\":\"https:\/\/www.fiemg.com.br\/regional-centro-oeste\/\",\"name\":\"Regional Centro-Oeste\",\"description\":\"Federa\u00e7\u00e3o das Ind\u00fastrias do Estado de Minas Gerais\",\"publisher\":{\"@id\":\"https:\/\/www.fiemg.com.br\/regional-centro-oeste\/#organization\"},\"potentialAction\":[{\"@type\":\"SearchAction\",\"target\":{\"@type\":\"EntryPoint\",\"urlTemplate\":\"https:\/\/www.fiemg.com.br\/regional-centro-oeste\/?s={search_term_string}\"},\"query-input\":{\"@type\":\"PropertyValueSpecification\",\"valueRequired\":true,\"valueName\":\"search_term_string\"}}],\"inLanguage\":\"pt-BR\"},{\"@type\":\"Organization\",\"@id\":\"https:\/\/www.fiemg.com.br\/regional-centro-oeste\/#organization\",\"name\":\"Regional Centro-Oeste\",\"url\":\"https:\/\/www.fiemg.com.br\/regional-centro-oeste\/\",\"logo\":{\"@type\":\"ImageObject\",\"inLanguage\":\"pt-BR\",\"@id\":\"https:\/\/www.fiemg.com.br\/regional-centro-oeste\/#\/schema\/logo\/image\/\",\"url\":\"https:\/\/www.fiemg.com.br\/regional-centro-oeste\/wp-content\/uploads\/sites\/16\/2023\/02\/Ativo-1.png\",\"contentUrl\":\"https:\/\/www.fiemg.com.br\/regional-centro-oeste\/wp-content\/uploads\/sites\/16\/2023\/02\/Ativo-1.png\",\"width\":563,\"height\":149,\"caption\":\"Regional Centro-Oeste\"},\"image\":{\"@id\":\"https:\/\/www.fiemg.com.br\/regional-centro-oeste\/#\/schema\/logo\/image\/\"}}]}<\/script>\n<!-- \/ Yoast SEO plugin. -->","yoast_head_json":{"title":"Ap\u00f3s 24 anos, Afonso Gonzaga deixa a presid\u00eancia do SIFUMG - Regional Centro-Oeste","robots":{"index":"index","follow":"follow","max-snippet":"max-snippet:-1","max-image-preview":"max-image-preview:large","max-video-preview":"max-video-preview:-1"},"canonical":"https:\/\/www.fiemg.com.br\/regional-centro-oeste\/noticias\/apos-24-anos-afonso-gonzaga-deixa-a-presidencia-do-sifumg\/","og_locale":"pt_BR","og_type":"article","og_title":"Ap\u00f3s 24 anos, Afonso Gonzaga deixa a presid\u00eancia do SIFUMG - Regional Centro-Oeste","og_description":"O ex-presidente da FIEMG Regional Centro-Oeste, Afonso Gonzaga, ap\u00f3s 24 anos liderando o Sindicato da Ind\u00fastria da Fundi\u00e7\u00e3o no Estado de Minas Gerais (SIFUMG), deixou a presid\u00eancia da entidade. Em cerim\u00f4nia de posse realizada no in\u00edcio do m\u00eas, na sede da FIEMG em Belo Horizonte, o empres\u00e1rio Br\u00e1ulio Campos, assumiu o Sindicato que tem 90 [&hellip;]","og_url":"https:\/\/www.fiemg.com.br\/regional-centro-oeste\/noticias\/apos-24-anos-afonso-gonzaga-deixa-a-presidencia-do-sifumg\/","og_site_name":"Regional Centro-Oeste","article_modified_time":"2025-04-25T13:30:13+00:00","og_image":[{"width":584,"height":479,"url":"https:\/\/www.fiemg.com.br\/regional-centro-oeste\/wp-content\/uploads\/sites\/16\/2025\/04\/Afonso-Gonzaga-e1745587805507.jpg","type":"image\/jpeg"}],"twitter_card":"summary_large_image","twitter_misc":{"Est. tempo de leitura":"4 minutos"},"schema":{"@context":"https:\/\/schema.org","@graph":[{"@type":"WebPage","@id":"https:\/\/www.fiemg.com.br\/regional-centro-oeste\/noticias\/apos-24-anos-afonso-gonzaga-deixa-a-presidencia-do-sifumg\/","url":"https:\/\/www.fiemg.com.br\/regional-centro-oeste\/noticias\/apos-24-anos-afonso-gonzaga-deixa-a-presidencia-do-sifumg\/","name":"Ap\u00f3s 24 anos, Afonso Gonzaga deixa a presid\u00eancia do SIFUMG - Regional Centro-Oeste","isPartOf":{"@id":"https:\/\/www.fiemg.com.br\/regional-centro-oeste\/#website"},"primaryImageOfPage":{"@id":"https:\/\/www.fiemg.com.br\/regional-centro-oeste\/noticias\/apos-24-anos-afonso-gonzaga-deixa-a-presidencia-do-sifumg\/#primaryimage"},"image":{"@id":"https:\/\/www.fiemg.com.br\/regional-centro-oeste\/noticias\/apos-24-anos-afonso-gonzaga-deixa-a-presidencia-do-sifumg\/#primaryimage"},"thumbnailUrl":"https:\/\/www.fiemg.com.br\/regional-centro-oeste\/wp-content\/uploads\/sites\/16\/2025\/04\/Afonso-Gonzaga-e1745587805507.jpg","datePublished":"2025-04-25T13:30:11+00:00","dateModified":"2025-04-25T13:30:13+00:00","breadcrumb":{"@id":"https:\/\/www.fiemg.com.br\/regional-centro-oeste\/noticias\/apos-24-anos-afonso-gonzaga-deixa-a-presidencia-do-sifumg\/#breadcrumb"},"inLanguage":"pt-BR","potentialAction":[{"@type":"ReadAction","target":["https:\/\/www.fiemg.com.br\/regional-centro-oeste\/noticias\/apos-24-anos-afonso-gonzaga-deixa-a-presidencia-do-sifumg\/"]}]},{"@type":"ImageObject","inLanguage":"pt-BR","@id":"https:\/\/www.fiemg.com.br\/regional-centro-oeste\/noticias\/apos-24-anos-afonso-gonzaga-deixa-a-presidencia-do-sifumg\/#primaryimage","url":"https:\/\/www.fiemg.com.br\/regional-centro-oeste\/wp-content\/uploads\/sites\/16\/2025\/04\/Afonso-Gonzaga-e1745587805507.jpg","contentUrl":"https:\/\/www.fiemg.com.br\/regional-centro-oeste\/wp-content\/uploads\/sites\/16\/2025\/04\/Afonso-Gonzaga-e1745587805507.jpg","width":584,"height":479},{"@type":"BreadcrumbList","@id":"https:\/\/www.fiemg.com.br\/regional-centro-oeste\/noticias\/apos-24-anos-afonso-gonzaga-deixa-a-presidencia-do-sifumg\/#breadcrumb","itemListElement":[{"@type":"ListItem","position":1,"name":"In\u00edcio","item":"https:\/\/www.fiemg.com.br\/regional-centro-oeste\/"},{"@type":"ListItem","position":2,"name":"Ap\u00f3s 24 anos, Afonso Gonzaga deixa a presid\u00eancia do SIFUMG"}]},{"@type":"WebSite","@id":"https:\/\/www.fiemg.com.br\/regional-centro-oeste\/#website","url":"https:\/\/www.fiemg.com.br\/regional-centro-oeste\/","name":"Regional Centro-Oeste","description":"Federa\u00e7\u00e3o das Ind\u00fastrias do Estado de Minas Gerais","publisher":{"@id":"https:\/\/www.fiemg.com.br\/regional-centro-oeste\/#organization"},"potentialAction":[{"@type":"SearchAction","target":{"@type":"EntryPoint","urlTemplate":"https:\/\/www.fiemg.com.br\/regional-centro-oeste\/?s={search_term_string}"},"query-input":{"@type":"PropertyValueSpecification","valueRequired":true,"valueName":"search_term_string"}}],"inLanguage":"pt-BR"},{"@type":"Organization","@id":"https:\/\/www.fiemg.com.br\/regional-centro-oeste\/#organization","name":"Regional Centro-Oeste","url":"https:\/\/www.fiemg.com.br\/regional-centro-oeste\/","logo":{"@type":"ImageObject","inLanguage":"pt-BR","@id":"https:\/\/www.fiemg.com.br\/regional-centro-oeste\/#\/schema\/logo\/image\/","url":"https:\/\/www.fiemg.com.br\/regional-centro-oeste\/wp-content\/uploads\/sites\/16\/2023\/02\/Ativo-1.png","contentUrl":"https:\/\/www.fiemg.com.br\/regional-centro-oeste\/wp-content\/uploads\/sites\/16\/2023\/02\/Ativo-1.png","width":563,"height":149,"caption":"Regional Centro-Oeste"},"image":{"@id":"https:\/\/www.fiemg.com.br\/regional-centro-oeste\/#\/schema\/logo\/image\/"}}]}},"_links":{"self":[{"href":"https:\/\/www.fiemg.com.br\/regional-centro-oeste\/wp-json\/wp\/v2\/noticias\/2970","targetHints":{"allow":["GET"]}}],"collection":[{"href":"https:\/\/www.fiemg.com.br\/regional-centro-oeste\/wp-json\/wp\/v2\/noticias"}],"about":[{"href":"https:\/\/www.fiemg.com.br\/regional-centro-oeste\/wp-json\/wp\/v2\/types\/noticias"}],"wp:featuredmedia":[{"embeddable":true,"href":"https:\/\/www.fiemg.com.br\/regional-centro-oeste\/wp-json\/wp\/v2\/media\/2971"}],"wp:attachment":[{"href":"https:\/\/www.fiemg.com.br\/regional-centro-oeste\/wp-json\/wp\/v2\/media?parent=2970"}],"wp:term":[{"taxonomy":"category","embeddable":true,"href":"https:\/\/www.fiemg.com.br\/regional-centro-oeste\/wp-json\/wp\/v2\/categories?post=2970"},{"taxonomy":"post_tag","embeddable":true,"href":"https:\/\/www.fiemg.com.br\/regional-centro-oeste\/wp-json\/wp\/v2\/tags?post=2970"}],"curies":[{"name":"wp","href":"https:\/\/api.w.org\/{rel}","templated":true}]}}