{"id":3159,"date":"2025-08-07T16:37:29","date_gmt":"2025-08-07T19:37:29","guid":{"rendered":"https:\/\/www.fiemg.com.br\/regional-centro-oeste\/?post_type=noticias&#038;p=3159"},"modified":"2025-08-07T16:37:30","modified_gmt":"2025-08-07T19:37:30","slug":"oliveira-vai-receber-posto-avancado-sesi-senai-fiemg","status":"publish","type":"noticias","link":"https:\/\/www.fiemg.com.br\/regional-centro-oeste\/noticias\/oliveira-vai-receber-posto-avancado-sesi-senai-fiemg\/","title":{"rendered":"Oliveira vai receber posto avan\u00e7ado SESI SENAI FIEMG"},"content":{"rendered":"\n<figure class=\"wp-block-image aligncenter size-large\"><img fetchpriority=\"high\" decoding=\"async\" width=\"1024\" height=\"398\" src=\"https:\/\/www.fiemg.com.br\/regional-centro-oeste\/wp-content\/uploads\/sites\/16\/2025\/08\/reuniao-vp-regional-acinol-scaled-e1754595306208-1024x398.jpg\" alt=\"\" class=\"wp-image-3160\" srcset=\"https:\/\/www.fiemg.com.br\/regional-centro-oeste\/wp-content\/uploads\/sites\/16\/2025\/08\/reuniao-vp-regional-acinol-scaled-e1754595306208-1024x398.jpg 1024w, https:\/\/www.fiemg.com.br\/regional-centro-oeste\/wp-content\/uploads\/sites\/16\/2025\/08\/reuniao-vp-regional-acinol-scaled-e1754595306208-300x117.jpg 300w, https:\/\/www.fiemg.com.br\/regional-centro-oeste\/wp-content\/uploads\/sites\/16\/2025\/08\/reuniao-vp-regional-acinol-scaled-e1754595306208-768x299.jpg 768w, https:\/\/www.fiemg.com.br\/regional-centro-oeste\/wp-content\/uploads\/sites\/16\/2025\/08\/reuniao-vp-regional-acinol-scaled-e1754595306208-1536x598.jpg 1536w, https:\/\/www.fiemg.com.br\/regional-centro-oeste\/wp-content\/uploads\/sites\/16\/2025\/08\/reuniao-vp-regional-acinol-scaled-e1754595306208.jpg 1920w\" sizes=\"(max-width: 1024px) 100vw, 1024px\" \/><\/figure>\n\n\n\n<p>Com intuito de aumentar a representatividade da FIEMG no interior, a Federa\u00e7\u00e3o das Ind\u00fastrias iniciou um projeto de instala\u00e7\u00e3o de postos avan\u00e7ados SESI SENAI FIEMG em cidades da regi\u00e3o. Em reuni\u00e3o realizada na manh\u00e3 de ontem (06), em Oliveira, foi firmada parceria com a Associa\u00e7\u00e3o Comercial Industrial de Oliveira (Acinol), que ir\u00e1 abrigar o primeiro posto avan\u00e7ado do Centro-Oeste.<\/p>\n\n\n\n<p>Participaram da reuni\u00e3o o presidente da FIEMG Regional Centro-Oeste, Eduardo Soares; o gerente regional SESI e SENAI, Cristiano J\u00e1come; a presidente da Acinol, Mar\u00edlia Geralda Aparecida Silva Le\u00e3o e demais representantes da entidade.<\/p>\n\n\n\n<p>O posto avan\u00e7ado ter\u00e1 como objetivo estreitar rela\u00e7\u00f5es entre FIEMG e empres\u00e1rios da cidade, ampliando a oferta de solu\u00e7\u00f5es e servi\u00e7os SESI SENAI que atendam \u00e0s reais necessidades do setor empresarial. Para o presidente da FIEMG Regional, conhecer as reais demandas das ind\u00fastrias \u00e9 essencial para conseguir atender de forma eficaz e resolutiva. \u201cSESI e SENAI t\u00eam produtos e servi\u00e7os com potencial de alavancar o setor produtivo em rela\u00e7\u00e3o \u00e0 inova\u00e7\u00e3o, qualifica\u00e7\u00e3o profissional e tecnologia. \u00c9 importante conhecermos as particularidades de cada regi\u00e3o e ofertar as solu\u00e7\u00f5es mais adequadas \u00e0 cada demanda e assim contribuir com o aumento da competitividade da ind\u00fastria\u201d, enfatizou.<\/p>\n\n\n\n<p>De acordo com a presidente da Acinol, a parceria com SESI SENAI FIEMG vai fortalecer o desenvolvimento das ind\u00fastrias locais , trazendo mais oportunidades para a regi\u00e3o. \u201cO Posto Avan\u00e7ado da FIEMG representa um ganho imenso para o nosso munic\u00edpio. Agradecemos ao presidente Eduardo, primeiramente pela confian\u00e7a em nosso trabalho, tem sido um grande parceiro nosso na FIEMG, contribuindo de forma significativa para que essa conquista se tornasse realidade\u201d, afirmou.<\/p>\n\n\n\n<p>Escola SESI<\/p>\n\n\n\n<p>Ainda cumprindo agenda em Oliveira, o presidente regional, Eduardo Soares e o gerente regional, Cristiano J\u00e1come, se reuniram com o prefeito, Erik Assis Castro e secret\u00e1rios do munic\u00edpio. O assunto do encontro foi o planejamento para a poss\u00edvel instala\u00e7\u00e3o de uma Escola SESI na cidade. Im\u00f3veis em potencial para abrigar a nova unidade j\u00e1 foram visitados e submetidos \u00e0 an\u00e1lise da engenharia da FIEMG que vai analisar a viabilidade da interven\u00e7\u00e3o de obra.<\/p>\n\n\n\n<figure class=\"wp-block-image aligncenter size-large is-resized\"><img decoding=\"async\" width=\"1024\" height=\"768\" src=\"https:\/\/www.fiemg.com.br\/regional-centro-oeste\/wp-content\/uploads\/sites\/16\/2025\/08\/VP-Regional-reuniao-Oliveira-prefeito-1024x768.jpg\" alt=\"\" class=\"wp-image-3161\" style=\"width:513px;height:auto\" srcset=\"https:\/\/www.fiemg.com.br\/regional-centro-oeste\/wp-content\/uploads\/sites\/16\/2025\/08\/VP-Regional-reuniao-Oliveira-prefeito-1024x768.jpg 1024w, https:\/\/www.fiemg.com.br\/regional-centro-oeste\/wp-content\/uploads\/sites\/16\/2025\/08\/VP-Regional-reuniao-Oliveira-prefeito-300x225.jpg 300w, https:\/\/www.fiemg.com.br\/regional-centro-oeste\/wp-content\/uploads\/sites\/16\/2025\/08\/VP-Regional-reuniao-Oliveira-prefeito-768x576.jpg 768w, https:\/\/www.fiemg.com.br\/regional-centro-oeste\/wp-content\/uploads\/sites\/16\/2025\/08\/VP-Regional-reuniao-Oliveira-prefeito-1536x1152.jpg 1536w, https:\/\/www.fiemg.com.br\/regional-centro-oeste\/wp-content\/uploads\/sites\/16\/2025\/08\/VP-Regional-reuniao-Oliveira-prefeito.jpg 1600w\" sizes=\"(max-width: 1024px) 100vw, 1024px\" \/><\/figure>\n","protected":false},"featured_media":3162,"template":"","categories":[],"tags":[],"class_list":["post-3159","noticias","type-noticias","status-publish","has-post-thumbnail","hentry"],"acf":[],"yoast_head":"<!-- This site is optimized with the Yoast SEO plugin v26.2 - https:\/\/yoast.com\/wordpress\/plugins\/seo\/ -->\n<title>Oliveira vai receber posto avan\u00e7ado SESI SENAI FIEMG - Regional Centro-Oeste<\/title>\n<meta name=\"robots\" content=\"index, follow, max-snippet:-1, max-image-preview:large, max-video-preview:-1\" \/>\n<link rel=\"canonical\" href=\"https:\/\/www.fiemg.com.br\/regional-centro-oeste\/noticias\/oliveira-vai-receber-posto-avancado-sesi-senai-fiemg\/\" \/>\n<meta property=\"og:locale\" content=\"pt_BR\" \/>\n<meta property=\"og:type\" content=\"article\" \/>\n<meta property=\"og:title\" content=\"Oliveira vai receber posto avan\u00e7ado SESI SENAI FIEMG - Regional Centro-Oeste\" \/>\n<meta property=\"og:description\" content=\"Com intuito de aumentar a representatividade da FIEMG no interior, a Federa\u00e7\u00e3o das Ind\u00fastrias iniciou um projeto de instala\u00e7\u00e3o de postos avan\u00e7ados SESI SENAI FIEMG em cidades da regi\u00e3o. Em reuni\u00e3o realizada na manh\u00e3 de ontem (06), em Oliveira, foi firmada parceria com a Associa\u00e7\u00e3o Comercial Industrial de Oliveira (Acinol), que ir\u00e1 abrigar o primeiro [&hellip;]\" \/>\n<meta property=\"og:url\" content=\"https:\/\/www.fiemg.com.br\/regional-centro-oeste\/noticias\/oliveira-vai-receber-posto-avancado-sesi-senai-fiemg\/\" \/>\n<meta property=\"og:site_name\" content=\"Regional Centro-Oeste\" \/>\n<meta property=\"article:modified_time\" content=\"2025-08-07T19:37:30+00:00\" \/>\n<meta property=\"og:image\" content=\"https:\/\/www.fiemg.com.br\/regional-centro-oeste\/wp-content\/uploads\/sites\/16\/2025\/08\/2reuniao-vp-regional-acinol-scaled-e1754595432922.jpg\" \/>\n\t<meta property=\"og:image:width\" content=\"1920\" \/>\n\t<meta property=\"og:image:height\" content=\"1920\" \/>\n\t<meta property=\"og:image:type\" content=\"image\/jpeg\" \/>\n<meta name=\"twitter:card\" content=\"summary_large_image\" \/>\n<meta name=\"twitter:label1\" content=\"Est. tempo de leitura\" \/>\n\t<meta name=\"twitter:data1\" content=\"3 minutos\" \/>\n<script type=\"application\/ld+json\" class=\"yoast-schema-graph\">{\"@context\":\"https:\/\/schema.org\",\"@graph\":[{\"@type\":\"WebPage\",\"@id\":\"https:\/\/www.fiemg.com.br\/regional-centro-oeste\/noticias\/oliveira-vai-receber-posto-avancado-sesi-senai-fiemg\/\",\"url\":\"https:\/\/www.fiemg.com.br\/regional-centro-oeste\/noticias\/oliveira-vai-receber-posto-avancado-sesi-senai-fiemg\/\",\"name\":\"Oliveira vai receber posto avan\u00e7ado SESI SENAI FIEMG - Regional Centro-Oeste\",\"isPartOf\":{\"@id\":\"https:\/\/www.fiemg.com.br\/regional-centro-oeste\/#website\"},\"primaryImageOfPage\":{\"@id\":\"https:\/\/www.fiemg.com.br\/regional-centro-oeste\/noticias\/oliveira-vai-receber-posto-avancado-sesi-senai-fiemg\/#primaryimage\"},\"image\":{\"@id\":\"https:\/\/www.fiemg.com.br\/regional-centro-oeste\/noticias\/oliveira-vai-receber-posto-avancado-sesi-senai-fiemg\/#primaryimage\"},\"thumbnailUrl\":\"https:\/\/www.fiemg.com.br\/regional-centro-oeste\/wp-content\/uploads\/sites\/16\/2025\/08\/2reuniao-vp-regional-acinol-scaled-e1754595432922.jpg\",\"datePublished\":\"2025-08-07T19:37:29+00:00\",\"dateModified\":\"2025-08-07T19:37:30+00:00\",\"breadcrumb\":{\"@id\":\"https:\/\/www.fiemg.com.br\/regional-centro-oeste\/noticias\/oliveira-vai-receber-posto-avancado-sesi-senai-fiemg\/#breadcrumb\"},\"inLanguage\":\"pt-BR\",\"potentialAction\":[{\"@type\":\"ReadAction\",\"target\":[\"https:\/\/www.fiemg.com.br\/regional-centro-oeste\/noticias\/oliveira-vai-receber-posto-avancado-sesi-senai-fiemg\/\"]}]},{\"@type\":\"ImageObject\",\"inLanguage\":\"pt-BR\",\"@id\":\"https:\/\/www.fiemg.com.br\/regional-centro-oeste\/noticias\/oliveira-vai-receber-posto-avancado-sesi-senai-fiemg\/#primaryimage\",\"url\":\"https:\/\/www.fiemg.com.br\/regional-centro-oeste\/wp-content\/uploads\/sites\/16\/2025\/08\/2reuniao-vp-regional-acinol-scaled-e1754595432922.jpg\",\"contentUrl\":\"https:\/\/www.fiemg.com.br\/regional-centro-oeste\/wp-content\/uploads\/sites\/16\/2025\/08\/2reuniao-vp-regional-acinol-scaled-e1754595432922.jpg\",\"width\":1920,\"height\":1920},{\"@type\":\"BreadcrumbList\",\"@id\":\"https:\/\/www.fiemg.com.br\/regional-centro-oeste\/noticias\/oliveira-vai-receber-posto-avancado-sesi-senai-fiemg\/#breadcrumb\",\"itemListElement\":[{\"@type\":\"ListItem\",\"position\":1,\"name\":\"In\u00edcio\",\"item\":\"https:\/\/www.fiemg.com.br\/regional-centro-oeste\/\"},{\"@type\":\"ListItem\",\"position\":2,\"name\":\"Oliveira vai receber posto avan\u00e7ado SESI SENAI FIEMG\"}]},{\"@type\":\"WebSite\",\"@id\":\"https:\/\/www.fiemg.com.br\/regional-centro-oeste\/#website\",\"url\":\"https:\/\/www.fiemg.com.br\/regional-centro-oeste\/\",\"name\":\"Regional Centro-Oeste\",\"description\":\"Federa\u00e7\u00e3o das Ind\u00fastrias do Estado de Minas Gerais\",\"publisher\":{\"@id\":\"https:\/\/www.fiemg.com.br\/regional-centro-oeste\/#organization\"},\"potentialAction\":[{\"@type\":\"SearchAction\",\"target\":{\"@type\":\"EntryPoint\",\"urlTemplate\":\"https:\/\/www.fiemg.com.br\/regional-centro-oeste\/?s={search_term_string}\"},\"query-input\":{\"@type\":\"PropertyValueSpecification\",\"valueRequired\":true,\"valueName\":\"search_term_string\"}}],\"inLanguage\":\"pt-BR\"},{\"@type\":\"Organization\",\"@id\":\"https:\/\/www.fiemg.com.br\/regional-centro-oeste\/#organization\",\"name\":\"Regional Centro-Oeste\",\"url\":\"https:\/\/www.fiemg.com.br\/regional-centro-oeste\/\",\"logo\":{\"@type\":\"ImageObject\",\"inLanguage\":\"pt-BR\",\"@id\":\"https:\/\/www.fiemg.com.br\/regional-centro-oeste\/#\/schema\/logo\/image\/\",\"url\":\"https:\/\/www.fiemg.com.br\/regional-centro-oeste\/wp-content\/uploads\/sites\/16\/2023\/02\/Ativo-1.png\",\"contentUrl\":\"https:\/\/www.fiemg.com.br\/regional-centro-oeste\/wp-content\/uploads\/sites\/16\/2023\/02\/Ativo-1.png\",\"width\":563,\"height\":149,\"caption\":\"Regional Centro-Oeste\"},\"image\":{\"@id\":\"https:\/\/www.fiemg.com.br\/regional-centro-oeste\/#\/schema\/logo\/image\/\"}}]}<\/script>\n<!-- \/ Yoast SEO plugin. -->","yoast_head_json":{"title":"Oliveira vai receber posto avan\u00e7ado SESI SENAI FIEMG - Regional Centro-Oeste","robots":{"index":"index","follow":"follow","max-snippet":"max-snippet:-1","max-image-preview":"max-image-preview:large","max-video-preview":"max-video-preview:-1"},"canonical":"https:\/\/www.fiemg.com.br\/regional-centro-oeste\/noticias\/oliveira-vai-receber-posto-avancado-sesi-senai-fiemg\/","og_locale":"pt_BR","og_type":"article","og_title":"Oliveira vai receber posto avan\u00e7ado SESI SENAI FIEMG - Regional Centro-Oeste","og_description":"Com intuito de aumentar a representatividade da FIEMG no interior, a Federa\u00e7\u00e3o das Ind\u00fastrias iniciou um projeto de instala\u00e7\u00e3o de postos avan\u00e7ados SESI SENAI FIEMG em cidades da regi\u00e3o. Em reuni\u00e3o realizada na manh\u00e3 de ontem (06), em Oliveira, foi firmada parceria com a Associa\u00e7\u00e3o Comercial Industrial de Oliveira (Acinol), que ir\u00e1 abrigar o primeiro [&hellip;]","og_url":"https:\/\/www.fiemg.com.br\/regional-centro-oeste\/noticias\/oliveira-vai-receber-posto-avancado-sesi-senai-fiemg\/","og_site_name":"Regional Centro-Oeste","article_modified_time":"2025-08-07T19:37:30+00:00","og_image":[{"width":1920,"height":1920,"url":"https:\/\/www.fiemg.com.br\/regional-centro-oeste\/wp-content\/uploads\/sites\/16\/2025\/08\/2reuniao-vp-regional-acinol-scaled-e1754595432922.jpg","type":"image\/jpeg"}],"twitter_card":"summary_large_image","twitter_misc":{"Est. tempo de leitura":"3 minutos"},"schema":{"@context":"https:\/\/schema.org","@graph":[{"@type":"WebPage","@id":"https:\/\/www.fiemg.com.br\/regional-centro-oeste\/noticias\/oliveira-vai-receber-posto-avancado-sesi-senai-fiemg\/","url":"https:\/\/www.fiemg.com.br\/regional-centro-oeste\/noticias\/oliveira-vai-receber-posto-avancado-sesi-senai-fiemg\/","name":"Oliveira vai receber posto avan\u00e7ado SESI SENAI FIEMG - Regional Centro-Oeste","isPartOf":{"@id":"https:\/\/www.fiemg.com.br\/regional-centro-oeste\/#website"},"primaryImageOfPage":{"@id":"https:\/\/www.fiemg.com.br\/regional-centro-oeste\/noticias\/oliveira-vai-receber-posto-avancado-sesi-senai-fiemg\/#primaryimage"},"image":{"@id":"https:\/\/www.fiemg.com.br\/regional-centro-oeste\/noticias\/oliveira-vai-receber-posto-avancado-sesi-senai-fiemg\/#primaryimage"},"thumbnailUrl":"https:\/\/www.fiemg.com.br\/regional-centro-oeste\/wp-content\/uploads\/sites\/16\/2025\/08\/2reuniao-vp-regional-acinol-scaled-e1754595432922.jpg","datePublished":"2025-08-07T19:37:29+00:00","dateModified":"2025-08-07T19:37:30+00:00","breadcrumb":{"@id":"https:\/\/www.fiemg.com.br\/regional-centro-oeste\/noticias\/oliveira-vai-receber-posto-avancado-sesi-senai-fiemg\/#breadcrumb"},"inLanguage":"pt-BR","potentialAction":[{"@type":"ReadAction","target":["https:\/\/www.fiemg.com.br\/regional-centro-oeste\/noticias\/oliveira-vai-receber-posto-avancado-sesi-senai-fiemg\/"]}]},{"@type":"ImageObject","inLanguage":"pt-BR","@id":"https:\/\/www.fiemg.com.br\/regional-centro-oeste\/noticias\/oliveira-vai-receber-posto-avancado-sesi-senai-fiemg\/#primaryimage","url":"https:\/\/www.fiemg.com.br\/regional-centro-oeste\/wp-content\/uploads\/sites\/16\/2025\/08\/2reuniao-vp-regional-acinol-scaled-e1754595432922.jpg","contentUrl":"https:\/\/www.fiemg.com.br\/regional-centro-oeste\/wp-content\/uploads\/sites\/16\/2025\/08\/2reuniao-vp-regional-acinol-scaled-e1754595432922.jpg","width":1920,"height":1920},{"@type":"BreadcrumbList","@id":"https:\/\/www.fiemg.com.br\/regional-centro-oeste\/noticias\/oliveira-vai-receber-posto-avancado-sesi-senai-fiemg\/#breadcrumb","itemListElement":[{"@type":"ListItem","position":1,"name":"In\u00edcio","item":"https:\/\/www.fiemg.com.br\/regional-centro-oeste\/"},{"@type":"ListItem","position":2,"name":"Oliveira vai receber posto avan\u00e7ado SESI SENAI FIEMG"}]},{"@type":"WebSite","@id":"https:\/\/www.fiemg.com.br\/regional-centro-oeste\/#website","url":"https:\/\/www.fiemg.com.br\/regional-centro-oeste\/","name":"Regional Centro-Oeste","description":"Federa\u00e7\u00e3o das Ind\u00fastrias do Estado de Minas Gerais","publisher":{"@id":"https:\/\/www.fiemg.com.br\/regional-centro-oeste\/#organization"},"potentialAction":[{"@type":"SearchAction","target":{"@type":"EntryPoint","urlTemplate":"https:\/\/www.fiemg.com.br\/regional-centro-oeste\/?s={search_term_string}"},"query-input":{"@type":"PropertyValueSpecification","valueRequired":true,"valueName":"search_term_string"}}],"inLanguage":"pt-BR"},{"@type":"Organization","@id":"https:\/\/www.fiemg.com.br\/regional-centro-oeste\/#organization","name":"Regional Centro-Oeste","url":"https:\/\/www.fiemg.com.br\/regional-centro-oeste\/","logo":{"@type":"ImageObject","inLanguage":"pt-BR","@id":"https:\/\/www.fiemg.com.br\/regional-centro-oeste\/#\/schema\/logo\/image\/","url":"https:\/\/www.fiemg.com.br\/regional-centro-oeste\/wp-content\/uploads\/sites\/16\/2023\/02\/Ativo-1.png","contentUrl":"https:\/\/www.fiemg.com.br\/regional-centro-oeste\/wp-content\/uploads\/sites\/16\/2023\/02\/Ativo-1.png","width":563,"height":149,"caption":"Regional Centro-Oeste"},"image":{"@id":"https:\/\/www.fiemg.com.br\/regional-centro-oeste\/#\/schema\/logo\/image\/"}}]}},"_links":{"self":[{"href":"https:\/\/www.fiemg.com.br\/regional-centro-oeste\/wp-json\/wp\/v2\/noticias\/3159","targetHints":{"allow":["GET"]}}],"collection":[{"href":"https:\/\/www.fiemg.com.br\/regional-centro-oeste\/wp-json\/wp\/v2\/noticias"}],"about":[{"href":"https:\/\/www.fiemg.com.br\/regional-centro-oeste\/wp-json\/wp\/v2\/types\/noticias"}],"wp:featuredmedia":[{"embeddable":true,"href":"https:\/\/www.fiemg.com.br\/regional-centro-oeste\/wp-json\/wp\/v2\/media\/3162"}],"wp:attachment":[{"href":"https:\/\/www.fiemg.com.br\/regional-centro-oeste\/wp-json\/wp\/v2\/media?parent=3159"}],"wp:term":[{"taxonomy":"category","embeddable":true,"href":"https:\/\/www.fiemg.com.br\/regional-centro-oeste\/wp-json\/wp\/v2\/categories?post=3159"},{"taxonomy":"post_tag","embeddable":true,"href":"https:\/\/www.fiemg.com.br\/regional-centro-oeste\/wp-json\/wp\/v2\/tags?post=3159"}],"curies":[{"name":"wp","href":"https:\/\/api.w.org\/{rel}","templated":true}]}}