{"id":3167,"date":"2025-08-08T14:06:17","date_gmt":"2025-08-08T17:06:17","guid":{"rendered":"https:\/\/www.fiemg.com.br\/regional-centro-oeste\/?post_type=noticias&#038;p=3167"},"modified":"2025-08-08T14:06:18","modified_gmt":"2025-08-08T17:06:18","slug":"analista-ambiental-da-fiemg-participa-de-1o-forum-de-integracao-das-bacias-hidrograficas-dos-afluentes-do-alto-sao-francisco-e-do-rio-para","status":"publish","type":"noticias","link":"https:\/\/www.fiemg.com.br\/regional-centro-oeste\/noticias\/analista-ambiental-da-fiemg-participa-de-1o-forum-de-integracao-das-bacias-hidrograficas-dos-afluentes-do-alto-sao-francisco-e-do-rio-para\/","title":{"rendered":"Analista ambiental da FIEMG participa de\u00a01\u00ba F\u00f3rum de Integra\u00e7\u00e3o das Bacias Hidrogr\u00e1ficas dos Afluentes do Alto S\u00e3o Francisco e do Rio Par\u00e1"},"content":{"rendered":"\n<figure class=\"wp-block-image aligncenter size-full\"><img fetchpriority=\"high\" decoding=\"async\" width=\"1024\" height=\"398\" src=\"https:\/\/www.fiemg.com.br\/regional-centro-oeste\/wp-content\/uploads\/sites\/16\/2025\/08\/Analista-ambiental-tulio-mesa-discurso-evento-samonte-e1754672686874.jpg\" alt=\"\" class=\"wp-image-3170\" srcset=\"https:\/\/www.fiemg.com.br\/regional-centro-oeste\/wp-content\/uploads\/sites\/16\/2025\/08\/Analista-ambiental-tulio-mesa-discurso-evento-samonte-e1754672686874.jpg 1024w, https:\/\/www.fiemg.com.br\/regional-centro-oeste\/wp-content\/uploads\/sites\/16\/2025\/08\/Analista-ambiental-tulio-mesa-discurso-evento-samonte-e1754672686874-300x117.jpg 300w, https:\/\/www.fiemg.com.br\/regional-centro-oeste\/wp-content\/uploads\/sites\/16\/2025\/08\/Analista-ambiental-tulio-mesa-discurso-evento-samonte-e1754672686874-768x299.jpg 768w\" sizes=\"(max-width: 1024px) 100vw, 1024px\" \/><\/figure>\n\n\n\n<p>O analista ambiental da FIEMG Regional Centro-Oeste e presidente da CBH do Rio Par\u00e1, T\u00falio de S\u00e1, participou, nos dias 05 e 06 de agosto do 1\u00ba F\u00f3rum de Integra\u00e7\u00e3o das Bacias Hidrogr\u00e1ficas dos Afluentes do Alto S\u00e3o Francisco e do Rio Par\u00e1. O encontro, que aconteceu na C\u00e2mara Municipal de Santo Ant\u00f4nio do Monte, teve como objetivo fortalecer o v\u00ednculo entre os Comit\u00eas e os munic\u00edpios da regi\u00e3o.<\/p>\n\n\n\n<p>Estiveram presentes representantes dos poderes p\u00fablicos, secret\u00e1rios municipais, t\u00e9cnicos, especialistas, produtores rurais e membros da sociedade civil para discutir os desafios e caminhos da governan\u00e7a h\u00eddrica na regi\u00e3o. Durante o encontro, \u00f3rg\u00e3os gestores e representantes das bacias esclareceram o papel da gest\u00e3o compartilhada e responderam d\u00favidas do p\u00fablico.<\/p>\n\n\n\n<p>Para T\u00falio de S\u00e1, presidente do CBH do Rio Par\u00e1, o principal avan\u00e7o foi a articula\u00e7\u00e3o entre diferentes atores envolvidos com as Bacias. \u201cA contribui\u00e7\u00e3o prim\u00e1ria \u00e9 o trabalho e a integra\u00e7\u00e3o. Conseguimos mobilizar representantes de diversos munic\u00edpios das duas bacias, o que garantiu a participa\u00e7\u00e3o de autoridades e \u00f3rg\u00e3os importantes. Isso demonstra que os comit\u00eas est\u00e3o atuando, mas tamb\u00e9m evidencia que precisamos do apoio da sociedade para dar continuidade a esse trabalho coletivo\u201d, destacou.<\/p>\n\n\n\n<p>O evento foi uma realiza\u00e7\u00e3o entre o CBH Rio Par\u00e1 (SF2), o CBH Afluentes do Alto S\u00e3o Francisco (SF1) e a Prefeitura Municipal de Santo Ant\u00f4nio do Monte.<\/p>\n\n\n\n<p>Mat\u00e9ria com contribui\u00e7\u00e3o da <strong><em>Assessoria de Comunica\u00e7\u00e3o do CBH do Rio Par\u00e1.<\/em><\/strong><\/p>\n\n\n\n<figure class=\"wp-block-image aligncenter size-full is-resized\"><img decoding=\"async\" width=\"683\" height=\"683\" src=\"https:\/\/www.fiemg.com.br\/regional-centro-oeste\/wp-content\/uploads\/sites\/16\/2025\/08\/Analista-ambiental-tulio-evento-samonte-e1754672739637.jpg\" alt=\"\" class=\"wp-image-3169\" style=\"width:363px;height:auto\" srcset=\"https:\/\/www.fiemg.com.br\/regional-centro-oeste\/wp-content\/uploads\/sites\/16\/2025\/08\/Analista-ambiental-tulio-evento-samonte-e1754672739637.jpg 683w, https:\/\/www.fiemg.com.br\/regional-centro-oeste\/wp-content\/uploads\/sites\/16\/2025\/08\/Analista-ambiental-tulio-evento-samonte-e1754672739637-300x300.jpg 300w, https:\/\/www.fiemg.com.br\/regional-centro-oeste\/wp-content\/uploads\/sites\/16\/2025\/08\/Analista-ambiental-tulio-evento-samonte-e1754672739637-150x150.jpg 150w\" sizes=\"(max-width: 683px) 100vw, 683px\" \/><\/figure>\n","protected":false},"featured_media":3168,"template":"","categories":[],"tags":[],"class_list":["post-3167","noticias","type-noticias","status-publish","has-post-thumbnail","hentry"],"acf":[],"yoast_head":"<!-- This site is optimized with the Yoast SEO plugin v26.2 - https:\/\/yoast.com\/wordpress\/plugins\/seo\/ -->\n<title>Analista ambiental da FIEMG participa de\u00a01\u00ba F\u00f3rum de Integra\u00e7\u00e3o das Bacias Hidrogr\u00e1ficas dos Afluentes do Alto S\u00e3o Francisco e do Rio Par\u00e1 - Regional Centro-Oeste<\/title>\n<meta name=\"robots\" content=\"index, follow, max-snippet:-1, max-image-preview:large, max-video-preview:-1\" \/>\n<link rel=\"canonical\" href=\"https:\/\/www.fiemg.com.br\/regional-centro-oeste\/noticias\/analista-ambiental-da-fiemg-participa-de-1o-forum-de-integracao-das-bacias-hidrograficas-dos-afluentes-do-alto-sao-francisco-e-do-rio-para\/\" \/>\n<meta property=\"og:locale\" content=\"pt_BR\" \/>\n<meta property=\"og:type\" content=\"article\" \/>\n<meta property=\"og:title\" content=\"Analista ambiental da FIEMG participa de\u00a01\u00ba F\u00f3rum de Integra\u00e7\u00e3o das Bacias Hidrogr\u00e1ficas dos Afluentes do Alto S\u00e3o Francisco e do Rio Par\u00e1 - Regional Centro-Oeste\" \/>\n<meta property=\"og:description\" content=\"O analista ambiental da FIEMG Regional Centro-Oeste e presidente da CBH do Rio Par\u00e1, T\u00falio de S\u00e1, participou, nos dias 05 e 06 de agosto do 1\u00ba F\u00f3rum de Integra\u00e7\u00e3o das Bacias Hidrogr\u00e1ficas dos Afluentes do Alto S\u00e3o Francisco e do Rio Par\u00e1. O encontro, que aconteceu na C\u00e2mara Municipal de Santo Ant\u00f4nio do Monte, [&hellip;]\" \/>\n<meta property=\"og:url\" content=\"https:\/\/www.fiemg.com.br\/regional-centro-oeste\/noticias\/analista-ambiental-da-fiemg-participa-de-1o-forum-de-integracao-das-bacias-hidrograficas-dos-afluentes-do-alto-sao-francisco-e-do-rio-para\/\" \/>\n<meta property=\"og:site_name\" content=\"Regional Centro-Oeste\" \/>\n<meta property=\"article:modified_time\" content=\"2025-08-08T17:06:18+00:00\" \/>\n<meta property=\"og:image\" content=\"https:\/\/www.fiemg.com.br\/regional-centro-oeste\/wp-content\/uploads\/sites\/16\/2025\/08\/Analista-ambiental-tulio-discurso-evento-samonte-e1754672769217.jpg\" \/>\n\t<meta property=\"og:image:width\" content=\"683\" \/>\n\t<meta property=\"og:image:height\" content=\"683\" \/>\n\t<meta property=\"og:image:type\" content=\"image\/jpeg\" \/>\n<meta name=\"twitter:card\" content=\"summary_large_image\" \/>\n<meta name=\"twitter:label1\" content=\"Est. tempo de leitura\" \/>\n\t<meta name=\"twitter:data1\" content=\"2 minutos\" \/>\n<script type=\"application\/ld+json\" class=\"yoast-schema-graph\">{\"@context\":\"https:\/\/schema.org\",\"@graph\":[{\"@type\":\"WebPage\",\"@id\":\"https:\/\/www.fiemg.com.br\/regional-centro-oeste\/noticias\/analista-ambiental-da-fiemg-participa-de-1o-forum-de-integracao-das-bacias-hidrograficas-dos-afluentes-do-alto-sao-francisco-e-do-rio-para\/\",\"url\":\"https:\/\/www.fiemg.com.br\/regional-centro-oeste\/noticias\/analista-ambiental-da-fiemg-participa-de-1o-forum-de-integracao-das-bacias-hidrograficas-dos-afluentes-do-alto-sao-francisco-e-do-rio-para\/\",\"name\":\"Analista ambiental da FIEMG participa de\u00a01\u00ba F\u00f3rum de Integra\u00e7\u00e3o das Bacias Hidrogr\u00e1ficas dos Afluentes do Alto S\u00e3o Francisco e do Rio Par\u00e1 - Regional Centro-Oeste\",\"isPartOf\":{\"@id\":\"https:\/\/www.fiemg.com.br\/regional-centro-oeste\/#website\"},\"primaryImageOfPage\":{\"@id\":\"https:\/\/www.fiemg.com.br\/regional-centro-oeste\/noticias\/analista-ambiental-da-fiemg-participa-de-1o-forum-de-integracao-das-bacias-hidrograficas-dos-afluentes-do-alto-sao-francisco-e-do-rio-para\/#primaryimage\"},\"image\":{\"@id\":\"https:\/\/www.fiemg.com.br\/regional-centro-oeste\/noticias\/analista-ambiental-da-fiemg-participa-de-1o-forum-de-integracao-das-bacias-hidrograficas-dos-afluentes-do-alto-sao-francisco-e-do-rio-para\/#primaryimage\"},\"thumbnailUrl\":\"https:\/\/www.fiemg.com.br\/regional-centro-oeste\/wp-content\/uploads\/sites\/16\/2025\/08\/Analista-ambiental-tulio-discurso-evento-samonte-e1754672769217.jpg\",\"datePublished\":\"2025-08-08T17:06:17+00:00\",\"dateModified\":\"2025-08-08T17:06:18+00:00\",\"breadcrumb\":{\"@id\":\"https:\/\/www.fiemg.com.br\/regional-centro-oeste\/noticias\/analista-ambiental-da-fiemg-participa-de-1o-forum-de-integracao-das-bacias-hidrograficas-dos-afluentes-do-alto-sao-francisco-e-do-rio-para\/#breadcrumb\"},\"inLanguage\":\"pt-BR\",\"potentialAction\":[{\"@type\":\"ReadAction\",\"target\":[\"https:\/\/www.fiemg.com.br\/regional-centro-oeste\/noticias\/analista-ambiental-da-fiemg-participa-de-1o-forum-de-integracao-das-bacias-hidrograficas-dos-afluentes-do-alto-sao-francisco-e-do-rio-para\/\"]}]},{\"@type\":\"ImageObject\",\"inLanguage\":\"pt-BR\",\"@id\":\"https:\/\/www.fiemg.com.br\/regional-centro-oeste\/noticias\/analista-ambiental-da-fiemg-participa-de-1o-forum-de-integracao-das-bacias-hidrograficas-dos-afluentes-do-alto-sao-francisco-e-do-rio-para\/#primaryimage\",\"url\":\"https:\/\/www.fiemg.com.br\/regional-centro-oeste\/wp-content\/uploads\/sites\/16\/2025\/08\/Analista-ambiental-tulio-discurso-evento-samonte-e1754672769217.jpg\",\"contentUrl\":\"https:\/\/www.fiemg.com.br\/regional-centro-oeste\/wp-content\/uploads\/sites\/16\/2025\/08\/Analista-ambiental-tulio-discurso-evento-samonte-e1754672769217.jpg\",\"width\":683,\"height\":683},{\"@type\":\"BreadcrumbList\",\"@id\":\"https:\/\/www.fiemg.com.br\/regional-centro-oeste\/noticias\/analista-ambiental-da-fiemg-participa-de-1o-forum-de-integracao-das-bacias-hidrograficas-dos-afluentes-do-alto-sao-francisco-e-do-rio-para\/#breadcrumb\",\"itemListElement\":[{\"@type\":\"ListItem\",\"position\":1,\"name\":\"In\u00edcio\",\"item\":\"https:\/\/www.fiemg.com.br\/regional-centro-oeste\/\"},{\"@type\":\"ListItem\",\"position\":2,\"name\":\"Analista ambiental da FIEMG participa de\u00a01\u00ba F\u00f3rum de Integra\u00e7\u00e3o das Bacias Hidrogr\u00e1ficas dos Afluentes do Alto S\u00e3o Francisco e do Rio Par\u00e1\"}]},{\"@type\":\"WebSite\",\"@id\":\"https:\/\/www.fiemg.com.br\/regional-centro-oeste\/#website\",\"url\":\"https:\/\/www.fiemg.com.br\/regional-centro-oeste\/\",\"name\":\"Regional Centro-Oeste\",\"description\":\"Federa\u00e7\u00e3o das Ind\u00fastrias do Estado de Minas Gerais\",\"publisher\":{\"@id\":\"https:\/\/www.fiemg.com.br\/regional-centro-oeste\/#organization\"},\"potentialAction\":[{\"@type\":\"SearchAction\",\"target\":{\"@type\":\"EntryPoint\",\"urlTemplate\":\"https:\/\/www.fiemg.com.br\/regional-centro-oeste\/?s={search_term_string}\"},\"query-input\":{\"@type\":\"PropertyValueSpecification\",\"valueRequired\":true,\"valueName\":\"search_term_string\"}}],\"inLanguage\":\"pt-BR\"},{\"@type\":\"Organization\",\"@id\":\"https:\/\/www.fiemg.com.br\/regional-centro-oeste\/#organization\",\"name\":\"Regional Centro-Oeste\",\"url\":\"https:\/\/www.fiemg.com.br\/regional-centro-oeste\/\",\"logo\":{\"@type\":\"ImageObject\",\"inLanguage\":\"pt-BR\",\"@id\":\"https:\/\/www.fiemg.com.br\/regional-centro-oeste\/#\/schema\/logo\/image\/\",\"url\":\"https:\/\/www.fiemg.com.br\/regional-centro-oeste\/wp-content\/uploads\/sites\/16\/2023\/02\/Ativo-1.png\",\"contentUrl\":\"https:\/\/www.fiemg.com.br\/regional-centro-oeste\/wp-content\/uploads\/sites\/16\/2023\/02\/Ativo-1.png\",\"width\":563,\"height\":149,\"caption\":\"Regional Centro-Oeste\"},\"image\":{\"@id\":\"https:\/\/www.fiemg.com.br\/regional-centro-oeste\/#\/schema\/logo\/image\/\"}}]}<\/script>\n<!-- \/ Yoast SEO plugin. -->","yoast_head_json":{"title":"Analista ambiental da FIEMG participa de\u00a01\u00ba F\u00f3rum de Integra\u00e7\u00e3o das Bacias Hidrogr\u00e1ficas dos Afluentes do Alto S\u00e3o Francisco e do Rio Par\u00e1 - Regional Centro-Oeste","robots":{"index":"index","follow":"follow","max-snippet":"max-snippet:-1","max-image-preview":"max-image-preview:large","max-video-preview":"max-video-preview:-1"},"canonical":"https:\/\/www.fiemg.com.br\/regional-centro-oeste\/noticias\/analista-ambiental-da-fiemg-participa-de-1o-forum-de-integracao-das-bacias-hidrograficas-dos-afluentes-do-alto-sao-francisco-e-do-rio-para\/","og_locale":"pt_BR","og_type":"article","og_title":"Analista ambiental da FIEMG participa de\u00a01\u00ba F\u00f3rum de Integra\u00e7\u00e3o das Bacias Hidrogr\u00e1ficas dos Afluentes do Alto S\u00e3o Francisco e do Rio Par\u00e1 - Regional Centro-Oeste","og_description":"O analista ambiental da FIEMG Regional Centro-Oeste e presidente da CBH do Rio Par\u00e1, T\u00falio de S\u00e1, participou, nos dias 05 e 06 de agosto do 1\u00ba F\u00f3rum de Integra\u00e7\u00e3o das Bacias Hidrogr\u00e1ficas dos Afluentes do Alto S\u00e3o Francisco e do Rio Par\u00e1. O encontro, que aconteceu na C\u00e2mara Municipal de Santo Ant\u00f4nio do Monte, [&hellip;]","og_url":"https:\/\/www.fiemg.com.br\/regional-centro-oeste\/noticias\/analista-ambiental-da-fiemg-participa-de-1o-forum-de-integracao-das-bacias-hidrograficas-dos-afluentes-do-alto-sao-francisco-e-do-rio-para\/","og_site_name":"Regional Centro-Oeste","article_modified_time":"2025-08-08T17:06:18+00:00","og_image":[{"width":683,"height":683,"url":"https:\/\/www.fiemg.com.br\/regional-centro-oeste\/wp-content\/uploads\/sites\/16\/2025\/08\/Analista-ambiental-tulio-discurso-evento-samonte-e1754672769217.jpg","type":"image\/jpeg"}],"twitter_card":"summary_large_image","twitter_misc":{"Est. tempo de leitura":"2 minutos"},"schema":{"@context":"https:\/\/schema.org","@graph":[{"@type":"WebPage","@id":"https:\/\/www.fiemg.com.br\/regional-centro-oeste\/noticias\/analista-ambiental-da-fiemg-participa-de-1o-forum-de-integracao-das-bacias-hidrograficas-dos-afluentes-do-alto-sao-francisco-e-do-rio-para\/","url":"https:\/\/www.fiemg.com.br\/regional-centro-oeste\/noticias\/analista-ambiental-da-fiemg-participa-de-1o-forum-de-integracao-das-bacias-hidrograficas-dos-afluentes-do-alto-sao-francisco-e-do-rio-para\/","name":"Analista ambiental da FIEMG participa de\u00a01\u00ba F\u00f3rum de Integra\u00e7\u00e3o das Bacias Hidrogr\u00e1ficas dos Afluentes do Alto S\u00e3o Francisco e do Rio Par\u00e1 - Regional Centro-Oeste","isPartOf":{"@id":"https:\/\/www.fiemg.com.br\/regional-centro-oeste\/#website"},"primaryImageOfPage":{"@id":"https:\/\/www.fiemg.com.br\/regional-centro-oeste\/noticias\/analista-ambiental-da-fiemg-participa-de-1o-forum-de-integracao-das-bacias-hidrograficas-dos-afluentes-do-alto-sao-francisco-e-do-rio-para\/#primaryimage"},"image":{"@id":"https:\/\/www.fiemg.com.br\/regional-centro-oeste\/noticias\/analista-ambiental-da-fiemg-participa-de-1o-forum-de-integracao-das-bacias-hidrograficas-dos-afluentes-do-alto-sao-francisco-e-do-rio-para\/#primaryimage"},"thumbnailUrl":"https:\/\/www.fiemg.com.br\/regional-centro-oeste\/wp-content\/uploads\/sites\/16\/2025\/08\/Analista-ambiental-tulio-discurso-evento-samonte-e1754672769217.jpg","datePublished":"2025-08-08T17:06:17+00:00","dateModified":"2025-08-08T17:06:18+00:00","breadcrumb":{"@id":"https:\/\/www.fiemg.com.br\/regional-centro-oeste\/noticias\/analista-ambiental-da-fiemg-participa-de-1o-forum-de-integracao-das-bacias-hidrograficas-dos-afluentes-do-alto-sao-francisco-e-do-rio-para\/#breadcrumb"},"inLanguage":"pt-BR","potentialAction":[{"@type":"ReadAction","target":["https:\/\/www.fiemg.com.br\/regional-centro-oeste\/noticias\/analista-ambiental-da-fiemg-participa-de-1o-forum-de-integracao-das-bacias-hidrograficas-dos-afluentes-do-alto-sao-francisco-e-do-rio-para\/"]}]},{"@type":"ImageObject","inLanguage":"pt-BR","@id":"https:\/\/www.fiemg.com.br\/regional-centro-oeste\/noticias\/analista-ambiental-da-fiemg-participa-de-1o-forum-de-integracao-das-bacias-hidrograficas-dos-afluentes-do-alto-sao-francisco-e-do-rio-para\/#primaryimage","url":"https:\/\/www.fiemg.com.br\/regional-centro-oeste\/wp-content\/uploads\/sites\/16\/2025\/08\/Analista-ambiental-tulio-discurso-evento-samonte-e1754672769217.jpg","contentUrl":"https:\/\/www.fiemg.com.br\/regional-centro-oeste\/wp-content\/uploads\/sites\/16\/2025\/08\/Analista-ambiental-tulio-discurso-evento-samonte-e1754672769217.jpg","width":683,"height":683},{"@type":"BreadcrumbList","@id":"https:\/\/www.fiemg.com.br\/regional-centro-oeste\/noticias\/analista-ambiental-da-fiemg-participa-de-1o-forum-de-integracao-das-bacias-hidrograficas-dos-afluentes-do-alto-sao-francisco-e-do-rio-para\/#breadcrumb","itemListElement":[{"@type":"ListItem","position":1,"name":"In\u00edcio","item":"https:\/\/www.fiemg.com.br\/regional-centro-oeste\/"},{"@type":"ListItem","position":2,"name":"Analista ambiental da FIEMG participa de\u00a01\u00ba F\u00f3rum de Integra\u00e7\u00e3o das Bacias Hidrogr\u00e1ficas dos Afluentes do Alto S\u00e3o Francisco e do Rio Par\u00e1"}]},{"@type":"WebSite","@id":"https:\/\/www.fiemg.com.br\/regional-centro-oeste\/#website","url":"https:\/\/www.fiemg.com.br\/regional-centro-oeste\/","name":"Regional Centro-Oeste","description":"Federa\u00e7\u00e3o das Ind\u00fastrias do Estado de Minas Gerais","publisher":{"@id":"https:\/\/www.fiemg.com.br\/regional-centro-oeste\/#organization"},"potentialAction":[{"@type":"SearchAction","target":{"@type":"EntryPoint","urlTemplate":"https:\/\/www.fiemg.com.br\/regional-centro-oeste\/?s={search_term_string}"},"query-input":{"@type":"PropertyValueSpecification","valueRequired":true,"valueName":"search_term_string"}}],"inLanguage":"pt-BR"},{"@type":"Organization","@id":"https:\/\/www.fiemg.com.br\/regional-centro-oeste\/#organization","name":"Regional Centro-Oeste","url":"https:\/\/www.fiemg.com.br\/regional-centro-oeste\/","logo":{"@type":"ImageObject","inLanguage":"pt-BR","@id":"https:\/\/www.fiemg.com.br\/regional-centro-oeste\/#\/schema\/logo\/image\/","url":"https:\/\/www.fiemg.com.br\/regional-centro-oeste\/wp-content\/uploads\/sites\/16\/2023\/02\/Ativo-1.png","contentUrl":"https:\/\/www.fiemg.com.br\/regional-centro-oeste\/wp-content\/uploads\/sites\/16\/2023\/02\/Ativo-1.png","width":563,"height":149,"caption":"Regional Centro-Oeste"},"image":{"@id":"https:\/\/www.fiemg.com.br\/regional-centro-oeste\/#\/schema\/logo\/image\/"}}]}},"_links":{"self":[{"href":"https:\/\/www.fiemg.com.br\/regional-centro-oeste\/wp-json\/wp\/v2\/noticias\/3167","targetHints":{"allow":["GET"]}}],"collection":[{"href":"https:\/\/www.fiemg.com.br\/regional-centro-oeste\/wp-json\/wp\/v2\/noticias"}],"about":[{"href":"https:\/\/www.fiemg.com.br\/regional-centro-oeste\/wp-json\/wp\/v2\/types\/noticias"}],"wp:featuredmedia":[{"embeddable":true,"href":"https:\/\/www.fiemg.com.br\/regional-centro-oeste\/wp-json\/wp\/v2\/media\/3168"}],"wp:attachment":[{"href":"https:\/\/www.fiemg.com.br\/regional-centro-oeste\/wp-json\/wp\/v2\/media?parent=3167"}],"wp:term":[{"taxonomy":"category","embeddable":true,"href":"https:\/\/www.fiemg.com.br\/regional-centro-oeste\/wp-json\/wp\/v2\/categories?post=3167"},{"taxonomy":"post_tag","embeddable":true,"href":"https:\/\/www.fiemg.com.br\/regional-centro-oeste\/wp-json\/wp\/v2\/tags?post=3167"}],"curies":[{"name":"wp","href":"https:\/\/api.w.org\/{rel}","templated":true}]}}