{"id":3297,"date":"2025-11-07T13:55:39","date_gmt":"2025-11-07T16:55:39","guid":{"rendered":"https:\/\/www.fiemg.com.br\/regional-centro-oeste\/?post_type=noticias&#038;p=3297"},"modified":"2025-11-07T13:55:42","modified_gmt":"2025-11-07T16:55:42","slug":"1o-censo-do-mercado-imobiliario-de-divinopolis-e-apresentado-em-evento-na-fiemg","status":"publish","type":"noticias","link":"https:\/\/www.fiemg.com.br\/regional-centro-oeste\/noticias\/1o-censo-do-mercado-imobiliario-de-divinopolis-e-apresentado-em-evento-na-fiemg\/","title":{"rendered":"1\u00ba Censo do Mercado Imobili\u00e1rio de Divin\u00f3polis \u00e9 apresentado em evento na FIEMG"},"content":{"rendered":"\n<figure class=\"wp-block-image aligncenter size-large\"><img fetchpriority=\"high\" decoding=\"async\" width=\"1024\" height=\"397\" src=\"https:\/\/www.fiemg.com.br\/regional-centro-oeste\/wp-content\/uploads\/sites\/16\/2025\/11\/evento-apresentacao-censo-imobiliario-e1762534455265-1024x397.jpg\" alt=\"\" class=\"wp-image-3299\" srcset=\"https:\/\/www.fiemg.com.br\/regional-centro-oeste\/wp-content\/uploads\/sites\/16\/2025\/11\/evento-apresentacao-censo-imobiliario-e1762534455265-1024x397.jpg 1024w, https:\/\/www.fiemg.com.br\/regional-centro-oeste\/wp-content\/uploads\/sites\/16\/2025\/11\/evento-apresentacao-censo-imobiliario-e1762534455265-300x116.jpg 300w, https:\/\/www.fiemg.com.br\/regional-centro-oeste\/wp-content\/uploads\/sites\/16\/2025\/11\/evento-apresentacao-censo-imobiliario-e1762534455265-768x298.jpg 768w, https:\/\/www.fiemg.com.br\/regional-centro-oeste\/wp-content\/uploads\/sites\/16\/2025\/11\/evento-apresentacao-censo-imobiliario-e1762534455265-1536x595.jpg 1536w, https:\/\/www.fiemg.com.br\/regional-centro-oeste\/wp-content\/uploads\/sites\/16\/2025\/11\/evento-apresentacao-censo-imobiliario-e1762534455265.jpg 1600w\" sizes=\"(max-width: 1024px) 100vw, 1024px\" \/><\/figure>\n\n\n\n<p>O Sindicato das Ind\u00fastrias da Constru\u00e7\u00e3o Civil do Centro-Oeste de Minas (SINDUSCON-CO) realizou, a noite de ontem (06), na sede da FIEMG Regional Centro-Oeste, a apresenta\u00e7\u00e3o do 1\u00ba Censo do Mercado Imobili\u00e1rio de Divin\u00f3polis.<\/p>\n\n\n\n<p>O evento reuniu empres\u00e1rios, construtores, engenheiros, representantes de entidades, profissionais do setor da constru\u00e7\u00e3o civil e representantes da Caixa Econ\u00f4mica Federal, todos interessados em conhecer os dados mais recentes sobre o desempenho e as tend\u00eancias do mercado imobili\u00e1rio local.<\/p>\n\n\n\n<p>O Censo Imobili\u00e1rio \u00e9 um levantamento detalhado que re\u00fane informa\u00e7\u00f5es sobre todos os im\u00f3veis de uma determinada \u00e1rea, possibilitando uma vis\u00e3o ampla do panorama imobili\u00e1rio de Divin\u00f3polis. O estudo contempla dados como tipo de im\u00f3vel (residencial, comercial ou industrial), tamanho, localiza\u00e7\u00e3o, situa\u00e7\u00e3o de ocupa\u00e7\u00e3o (ocupado ou vago), valor de mercado, al\u00e9m de aspectos f\u00edsicos e estruturais dos im\u00f3veis.<\/p>\n\n\n\n<p>A abertura do evento foi conduzida pelo Presidente do SINDUSCON-CO, Leonardo Antunes, que destacou a import\u00e2ncia do levantamento para orientar decis\u00f5es estrat\u00e9gicas. \u201c\u00c9 importante que o setor tenha informa\u00e7\u00f5es sobre os im\u00f3veis, tend\u00eancias e oportunidade, para assim, contribuir para o desenvolvimento sustent\u00e1vel da constru\u00e7\u00e3o civil em Divin\u00f3polis e regi\u00e3o\u201d, afirmou.<\/p>\n\n\n\n<figure class=\"wp-block-image aligncenter size-large is-resized\"><img decoding=\"async\" width=\"768\" height=\"1024\" src=\"https:\/\/www.fiemg.com.br\/regional-centro-oeste\/wp-content\/uploads\/sites\/16\/2025\/11\/apresentacao-censo-imobiliario-768x1024.jpg\" alt=\"\" class=\"wp-image-3298\" style=\"width:293px;height:auto\" srcset=\"https:\/\/www.fiemg.com.br\/regional-centro-oeste\/wp-content\/uploads\/sites\/16\/2025\/11\/apresentacao-censo-imobiliario-768x1024.jpg 768w, https:\/\/www.fiemg.com.br\/regional-centro-oeste\/wp-content\/uploads\/sites\/16\/2025\/11\/apresentacao-censo-imobiliario-225x300.jpg 225w, https:\/\/www.fiemg.com.br\/regional-centro-oeste\/wp-content\/uploads\/sites\/16\/2025\/11\/apresentacao-censo-imobiliario-1152x1536.jpg 1152w, https:\/\/www.fiemg.com.br\/regional-centro-oeste\/wp-content\/uploads\/sites\/16\/2025\/11\/apresentacao-censo-imobiliario.jpg 1200w\" sizes=\"(max-width: 768px) 100vw, 768px\" \/><\/figure>\n\n\n\n<p>Em seguida, o especialista em Intelig\u00eancia de Mercado da Brain Intelig\u00eancia Estrat\u00e9gica, Hamilton Leite, apresentou os resultados do estudo, que trouxe um panorama detalhado sobre o comportamento do mercado imobili\u00e1rio divinopolitano, incluindo informa\u00e7\u00f5es sobre oferta, demanda, lan\u00e7amentos e perfil dos consumidores.<\/p>\n\n\n\n<p>Ode acordo com o presidente da FIEMG Regional Centro-Oeste e vice-presidente do SINDUSCON-CO, Eduardo Soares, o levantamento oferece subs\u00eddios valiosos para empresas e investidores compreenderem o atual cen\u00e1rio e planejarem suas a\u00e7\u00f5es com base em dados concretos e atualizados. \u201cO 1\u00ba Censo do Mercado Imobili\u00e1rio de Divin\u00f3polis representa um marco para o setor, refor\u00e7ando a import\u00e2ncia da an\u00e1lise t\u00e9cnica e da intelig\u00eancia de mercado na constru\u00e7\u00e3o civil\u201d, finalizou.<\/p>\n\n\n\n<p>O evento foi uma realiza\u00e7\u00e3o do SINDUSCON-CO, com o apoio do CREA-MG, FIEMG e IEL, evidenciando a parceria entre as entidades em prol do fortalecimento e desenvolvimento do setor da constru\u00e7\u00e3o civil.<\/p>\n","protected":false},"featured_media":3300,"template":"","categories":[],"tags":[],"class_list":["post-3297","noticias","type-noticias","status-publish","has-post-thumbnail","hentry"],"acf":[],"yoast_head":"<!-- This site is optimized with the Yoast SEO plugin v26.2 - https:\/\/yoast.com\/wordpress\/plugins\/seo\/ -->\n<title>1\u00ba Censo do Mercado Imobili\u00e1rio de Divin\u00f3polis \u00e9 apresentado em evento na FIEMG - Regional Centro-Oeste<\/title>\n<meta name=\"robots\" content=\"index, follow, max-snippet:-1, max-image-preview:large, max-video-preview:-1\" \/>\n<link rel=\"canonical\" href=\"https:\/\/www.fiemg.com.br\/regional-centro-oeste\/noticias\/1o-censo-do-mercado-imobiliario-de-divinopolis-e-apresentado-em-evento-na-fiemg\/\" \/>\n<meta property=\"og:locale\" content=\"pt_BR\" \/>\n<meta property=\"og:type\" content=\"article\" \/>\n<meta property=\"og:title\" content=\"1\u00ba Censo do Mercado Imobili\u00e1rio de Divin\u00f3polis \u00e9 apresentado em evento na FIEMG - Regional Centro-Oeste\" \/>\n<meta property=\"og:description\" content=\"O Sindicato das Ind\u00fastrias da Constru\u00e7\u00e3o Civil do Centro-Oeste de Minas (SINDUSCON-CO) realizou, a noite de ontem (06), na sede da FIEMG Regional Centro-Oeste, a apresenta\u00e7\u00e3o do 1\u00ba Censo do Mercado Imobili\u00e1rio de Divin\u00f3polis. O evento reuniu empres\u00e1rios, construtores, engenheiros, representantes de entidades, profissionais do setor da constru\u00e7\u00e3o civil e representantes da Caixa Econ\u00f4mica Federal, [&hellip;]\" \/>\n<meta property=\"og:url\" content=\"https:\/\/www.fiemg.com.br\/regional-centro-oeste\/noticias\/1o-censo-do-mercado-imobiliario-de-divinopolis-e-apresentado-em-evento-na-fiemg\/\" \/>\n<meta property=\"og:site_name\" content=\"Regional Centro-Oeste\" \/>\n<meta property=\"article:modified_time\" content=\"2025-11-07T16:55:42+00:00\" \/>\n<meta property=\"og:image\" content=\"https:\/\/www.fiemg.com.br\/regional-centro-oeste\/wp-content\/uploads\/sites\/16\/2025\/11\/evento-sinduscon-apresentacao-censo-imobiliario-e1762534528103.jpg\" \/>\n\t<meta property=\"og:image:width\" content=\"1355\" \/>\n\t<meta property=\"og:image:height\" content=\"968\" \/>\n\t<meta property=\"og:image:type\" content=\"image\/jpeg\" \/>\n<meta name=\"twitter:card\" content=\"summary_large_image\" \/>\n<meta name=\"twitter:label1\" content=\"Est. tempo de leitura\" \/>\n\t<meta name=\"twitter:data1\" content=\"3 minutos\" \/>\n<script type=\"application\/ld+json\" class=\"yoast-schema-graph\">{\"@context\":\"https:\/\/schema.org\",\"@graph\":[{\"@type\":\"WebPage\",\"@id\":\"https:\/\/www.fiemg.com.br\/regional-centro-oeste\/noticias\/1o-censo-do-mercado-imobiliario-de-divinopolis-e-apresentado-em-evento-na-fiemg\/\",\"url\":\"https:\/\/www.fiemg.com.br\/regional-centro-oeste\/noticias\/1o-censo-do-mercado-imobiliario-de-divinopolis-e-apresentado-em-evento-na-fiemg\/\",\"name\":\"1\u00ba Censo do Mercado Imobili\u00e1rio de Divin\u00f3polis \u00e9 apresentado em evento na FIEMG - Regional Centro-Oeste\",\"isPartOf\":{\"@id\":\"https:\/\/www.fiemg.com.br\/regional-centro-oeste\/#website\"},\"primaryImageOfPage\":{\"@id\":\"https:\/\/www.fiemg.com.br\/regional-centro-oeste\/noticias\/1o-censo-do-mercado-imobiliario-de-divinopolis-e-apresentado-em-evento-na-fiemg\/#primaryimage\"},\"image\":{\"@id\":\"https:\/\/www.fiemg.com.br\/regional-centro-oeste\/noticias\/1o-censo-do-mercado-imobiliario-de-divinopolis-e-apresentado-em-evento-na-fiemg\/#primaryimage\"},\"thumbnailUrl\":\"https:\/\/www.fiemg.com.br\/regional-centro-oeste\/wp-content\/uploads\/sites\/16\/2025\/11\/evento-sinduscon-apresentacao-censo-imobiliario-e1762534528103.jpg\",\"datePublished\":\"2025-11-07T16:55:39+00:00\",\"dateModified\":\"2025-11-07T16:55:42+00:00\",\"breadcrumb\":{\"@id\":\"https:\/\/www.fiemg.com.br\/regional-centro-oeste\/noticias\/1o-censo-do-mercado-imobiliario-de-divinopolis-e-apresentado-em-evento-na-fiemg\/#breadcrumb\"},\"inLanguage\":\"pt-BR\",\"potentialAction\":[{\"@type\":\"ReadAction\",\"target\":[\"https:\/\/www.fiemg.com.br\/regional-centro-oeste\/noticias\/1o-censo-do-mercado-imobiliario-de-divinopolis-e-apresentado-em-evento-na-fiemg\/\"]}]},{\"@type\":\"ImageObject\",\"inLanguage\":\"pt-BR\",\"@id\":\"https:\/\/www.fiemg.com.br\/regional-centro-oeste\/noticias\/1o-censo-do-mercado-imobiliario-de-divinopolis-e-apresentado-em-evento-na-fiemg\/#primaryimage\",\"url\":\"https:\/\/www.fiemg.com.br\/regional-centro-oeste\/wp-content\/uploads\/sites\/16\/2025\/11\/evento-sinduscon-apresentacao-censo-imobiliario-e1762534528103.jpg\",\"contentUrl\":\"https:\/\/www.fiemg.com.br\/regional-centro-oeste\/wp-content\/uploads\/sites\/16\/2025\/11\/evento-sinduscon-apresentacao-censo-imobiliario-e1762534528103.jpg\",\"width\":1355,\"height\":968},{\"@type\":\"BreadcrumbList\",\"@id\":\"https:\/\/www.fiemg.com.br\/regional-centro-oeste\/noticias\/1o-censo-do-mercado-imobiliario-de-divinopolis-e-apresentado-em-evento-na-fiemg\/#breadcrumb\",\"itemListElement\":[{\"@type\":\"ListItem\",\"position\":1,\"name\":\"In\u00edcio\",\"item\":\"https:\/\/www.fiemg.com.br\/regional-centro-oeste\/\"},{\"@type\":\"ListItem\",\"position\":2,\"name\":\"1\u00ba Censo do Mercado Imobili\u00e1rio de Divin\u00f3polis \u00e9 apresentado em evento na FIEMG\"}]},{\"@type\":\"WebSite\",\"@id\":\"https:\/\/www.fiemg.com.br\/regional-centro-oeste\/#website\",\"url\":\"https:\/\/www.fiemg.com.br\/regional-centro-oeste\/\",\"name\":\"Regional Centro-Oeste\",\"description\":\"Federa\u00e7\u00e3o das Ind\u00fastrias do Estado de Minas Gerais\",\"publisher\":{\"@id\":\"https:\/\/www.fiemg.com.br\/regional-centro-oeste\/#organization\"},\"potentialAction\":[{\"@type\":\"SearchAction\",\"target\":{\"@type\":\"EntryPoint\",\"urlTemplate\":\"https:\/\/www.fiemg.com.br\/regional-centro-oeste\/?s={search_term_string}\"},\"query-input\":{\"@type\":\"PropertyValueSpecification\",\"valueRequired\":true,\"valueName\":\"search_term_string\"}}],\"inLanguage\":\"pt-BR\"},{\"@type\":\"Organization\",\"@id\":\"https:\/\/www.fiemg.com.br\/regional-centro-oeste\/#organization\",\"name\":\"Regional Centro-Oeste\",\"url\":\"https:\/\/www.fiemg.com.br\/regional-centro-oeste\/\",\"logo\":{\"@type\":\"ImageObject\",\"inLanguage\":\"pt-BR\",\"@id\":\"https:\/\/www.fiemg.com.br\/regional-centro-oeste\/#\/schema\/logo\/image\/\",\"url\":\"https:\/\/www.fiemg.com.br\/regional-centro-oeste\/wp-content\/uploads\/sites\/16\/2023\/02\/Ativo-1.png\",\"contentUrl\":\"https:\/\/www.fiemg.com.br\/regional-centro-oeste\/wp-content\/uploads\/sites\/16\/2023\/02\/Ativo-1.png\",\"width\":563,\"height\":149,\"caption\":\"Regional Centro-Oeste\"},\"image\":{\"@id\":\"https:\/\/www.fiemg.com.br\/regional-centro-oeste\/#\/schema\/logo\/image\/\"}}]}<\/script>\n<!-- \/ Yoast SEO plugin. -->","yoast_head_json":{"title":"1\u00ba Censo do Mercado Imobili\u00e1rio de Divin\u00f3polis \u00e9 apresentado em evento na FIEMG - Regional Centro-Oeste","robots":{"index":"index","follow":"follow","max-snippet":"max-snippet:-1","max-image-preview":"max-image-preview:large","max-video-preview":"max-video-preview:-1"},"canonical":"https:\/\/www.fiemg.com.br\/regional-centro-oeste\/noticias\/1o-censo-do-mercado-imobiliario-de-divinopolis-e-apresentado-em-evento-na-fiemg\/","og_locale":"pt_BR","og_type":"article","og_title":"1\u00ba Censo do Mercado Imobili\u00e1rio de Divin\u00f3polis \u00e9 apresentado em evento na FIEMG - Regional Centro-Oeste","og_description":"O Sindicato das Ind\u00fastrias da Constru\u00e7\u00e3o Civil do Centro-Oeste de Minas (SINDUSCON-CO) realizou, a noite de ontem (06), na sede da FIEMG Regional Centro-Oeste, a apresenta\u00e7\u00e3o do 1\u00ba Censo do Mercado Imobili\u00e1rio de Divin\u00f3polis. O evento reuniu empres\u00e1rios, construtores, engenheiros, representantes de entidades, profissionais do setor da constru\u00e7\u00e3o civil e representantes da Caixa Econ\u00f4mica Federal, [&hellip;]","og_url":"https:\/\/www.fiemg.com.br\/regional-centro-oeste\/noticias\/1o-censo-do-mercado-imobiliario-de-divinopolis-e-apresentado-em-evento-na-fiemg\/","og_site_name":"Regional Centro-Oeste","article_modified_time":"2025-11-07T16:55:42+00:00","og_image":[{"width":1355,"height":968,"url":"https:\/\/www.fiemg.com.br\/regional-centro-oeste\/wp-content\/uploads\/sites\/16\/2025\/11\/evento-sinduscon-apresentacao-censo-imobiliario-e1762534528103.jpg","type":"image\/jpeg"}],"twitter_card":"summary_large_image","twitter_misc":{"Est. tempo de leitura":"3 minutos"},"schema":{"@context":"https:\/\/schema.org","@graph":[{"@type":"WebPage","@id":"https:\/\/www.fiemg.com.br\/regional-centro-oeste\/noticias\/1o-censo-do-mercado-imobiliario-de-divinopolis-e-apresentado-em-evento-na-fiemg\/","url":"https:\/\/www.fiemg.com.br\/regional-centro-oeste\/noticias\/1o-censo-do-mercado-imobiliario-de-divinopolis-e-apresentado-em-evento-na-fiemg\/","name":"1\u00ba Censo do Mercado Imobili\u00e1rio de Divin\u00f3polis \u00e9 apresentado em evento na FIEMG - Regional Centro-Oeste","isPartOf":{"@id":"https:\/\/www.fiemg.com.br\/regional-centro-oeste\/#website"},"primaryImageOfPage":{"@id":"https:\/\/www.fiemg.com.br\/regional-centro-oeste\/noticias\/1o-censo-do-mercado-imobiliario-de-divinopolis-e-apresentado-em-evento-na-fiemg\/#primaryimage"},"image":{"@id":"https:\/\/www.fiemg.com.br\/regional-centro-oeste\/noticias\/1o-censo-do-mercado-imobiliario-de-divinopolis-e-apresentado-em-evento-na-fiemg\/#primaryimage"},"thumbnailUrl":"https:\/\/www.fiemg.com.br\/regional-centro-oeste\/wp-content\/uploads\/sites\/16\/2025\/11\/evento-sinduscon-apresentacao-censo-imobiliario-e1762534528103.jpg","datePublished":"2025-11-07T16:55:39+00:00","dateModified":"2025-11-07T16:55:42+00:00","breadcrumb":{"@id":"https:\/\/www.fiemg.com.br\/regional-centro-oeste\/noticias\/1o-censo-do-mercado-imobiliario-de-divinopolis-e-apresentado-em-evento-na-fiemg\/#breadcrumb"},"inLanguage":"pt-BR","potentialAction":[{"@type":"ReadAction","target":["https:\/\/www.fiemg.com.br\/regional-centro-oeste\/noticias\/1o-censo-do-mercado-imobiliario-de-divinopolis-e-apresentado-em-evento-na-fiemg\/"]}]},{"@type":"ImageObject","inLanguage":"pt-BR","@id":"https:\/\/www.fiemg.com.br\/regional-centro-oeste\/noticias\/1o-censo-do-mercado-imobiliario-de-divinopolis-e-apresentado-em-evento-na-fiemg\/#primaryimage","url":"https:\/\/www.fiemg.com.br\/regional-centro-oeste\/wp-content\/uploads\/sites\/16\/2025\/11\/evento-sinduscon-apresentacao-censo-imobiliario-e1762534528103.jpg","contentUrl":"https:\/\/www.fiemg.com.br\/regional-centro-oeste\/wp-content\/uploads\/sites\/16\/2025\/11\/evento-sinduscon-apresentacao-censo-imobiliario-e1762534528103.jpg","width":1355,"height":968},{"@type":"BreadcrumbList","@id":"https:\/\/www.fiemg.com.br\/regional-centro-oeste\/noticias\/1o-censo-do-mercado-imobiliario-de-divinopolis-e-apresentado-em-evento-na-fiemg\/#breadcrumb","itemListElement":[{"@type":"ListItem","position":1,"name":"In\u00edcio","item":"https:\/\/www.fiemg.com.br\/regional-centro-oeste\/"},{"@type":"ListItem","position":2,"name":"1\u00ba Censo do Mercado Imobili\u00e1rio de Divin\u00f3polis \u00e9 apresentado em evento na FIEMG"}]},{"@type":"WebSite","@id":"https:\/\/www.fiemg.com.br\/regional-centro-oeste\/#website","url":"https:\/\/www.fiemg.com.br\/regional-centro-oeste\/","name":"Regional Centro-Oeste","description":"Federa\u00e7\u00e3o das Ind\u00fastrias do Estado de Minas Gerais","publisher":{"@id":"https:\/\/www.fiemg.com.br\/regional-centro-oeste\/#organization"},"potentialAction":[{"@type":"SearchAction","target":{"@type":"EntryPoint","urlTemplate":"https:\/\/www.fiemg.com.br\/regional-centro-oeste\/?s={search_term_string}"},"query-input":{"@type":"PropertyValueSpecification","valueRequired":true,"valueName":"search_term_string"}}],"inLanguage":"pt-BR"},{"@type":"Organization","@id":"https:\/\/www.fiemg.com.br\/regional-centro-oeste\/#organization","name":"Regional Centro-Oeste","url":"https:\/\/www.fiemg.com.br\/regional-centro-oeste\/","logo":{"@type":"ImageObject","inLanguage":"pt-BR","@id":"https:\/\/www.fiemg.com.br\/regional-centro-oeste\/#\/schema\/logo\/image\/","url":"https:\/\/www.fiemg.com.br\/regional-centro-oeste\/wp-content\/uploads\/sites\/16\/2023\/02\/Ativo-1.png","contentUrl":"https:\/\/www.fiemg.com.br\/regional-centro-oeste\/wp-content\/uploads\/sites\/16\/2023\/02\/Ativo-1.png","width":563,"height":149,"caption":"Regional Centro-Oeste"},"image":{"@id":"https:\/\/www.fiemg.com.br\/regional-centro-oeste\/#\/schema\/logo\/image\/"}}]}},"_links":{"self":[{"href":"https:\/\/www.fiemg.com.br\/regional-centro-oeste\/wp-json\/wp\/v2\/noticias\/3297","targetHints":{"allow":["GET"]}}],"collection":[{"href":"https:\/\/www.fiemg.com.br\/regional-centro-oeste\/wp-json\/wp\/v2\/noticias"}],"about":[{"href":"https:\/\/www.fiemg.com.br\/regional-centro-oeste\/wp-json\/wp\/v2\/types\/noticias"}],"wp:featuredmedia":[{"embeddable":true,"href":"https:\/\/www.fiemg.com.br\/regional-centro-oeste\/wp-json\/wp\/v2\/media\/3300"}],"wp:attachment":[{"href":"https:\/\/www.fiemg.com.br\/regional-centro-oeste\/wp-json\/wp\/v2\/media?parent=3297"}],"wp:term":[{"taxonomy":"category","embeddable":true,"href":"https:\/\/www.fiemg.com.br\/regional-centro-oeste\/wp-json\/wp\/v2\/categories?post=3297"},{"taxonomy":"post_tag","embeddable":true,"href":"https:\/\/www.fiemg.com.br\/regional-centro-oeste\/wp-json\/wp\/v2\/tags?post=3297"}],"curies":[{"name":"wp","href":"https:\/\/api.w.org\/{rel}","templated":true}]}}