{"id":3304,"date":"2025-11-11T10:26:10","date_gmt":"2025-11-11T13:26:10","guid":{"rendered":"https:\/\/www.fiemg.com.br\/regional-centro-oeste\/?post_type=noticias&#038;p=3304"},"modified":"2025-11-11T10:26:13","modified_gmt":"2025-11-11T13:26:13","slug":"aluno-do-senai-para-de-minas-conquista-medalha-de-ouro-worldskills-americas-2025","status":"publish","type":"noticias","link":"https:\/\/www.fiemg.com.br\/regional-centro-oeste\/noticias\/aluno-do-senai-para-de-minas-conquista-medalha-de-ouro-worldskills-americas-2025\/","title":{"rendered":"Aluno do SENAI Par\u00e1 de Minas conquista medalha de ouro WorldSkills Am\u00e9ricas 2025"},"content":{"rendered":"\n<figure class=\"wp-block-image aligncenter size-large\"><img fetchpriority=\"high\" decoding=\"async\" width=\"1024\" height=\"517\" src=\"https:\/\/www.fiemg.com.br\/regional-centro-oeste\/wp-content\/uploads\/sites\/16\/2025\/11\/welinton-aluno-senai-para-de-minas-e1762867440218-1024x517.jpg\" alt=\"\" class=\"wp-image-3306\" srcset=\"https:\/\/www.fiemg.com.br\/regional-centro-oeste\/wp-content\/uploads\/sites\/16\/2025\/11\/welinton-aluno-senai-para-de-minas-e1762867440218-1024x517.jpg 1024w, https:\/\/www.fiemg.com.br\/regional-centro-oeste\/wp-content\/uploads\/sites\/16\/2025\/11\/welinton-aluno-senai-para-de-minas-e1762867440218-300x152.jpg 300w, https:\/\/www.fiemg.com.br\/regional-centro-oeste\/wp-content\/uploads\/sites\/16\/2025\/11\/welinton-aluno-senai-para-de-minas-e1762867440218-768x388.jpg 768w, https:\/\/www.fiemg.com.br\/regional-centro-oeste\/wp-content\/uploads\/sites\/16\/2025\/11\/welinton-aluno-senai-para-de-minas-e1762867440218-1536x776.jpg 1536w, https:\/\/www.fiemg.com.br\/regional-centro-oeste\/wp-content\/uploads\/sites\/16\/2025\/11\/welinton-aluno-senai-para-de-minas-e1762867440218.jpg 1600w\" sizes=\"(max-width: 1024px) 100vw, 1024px\" \/><\/figure>\n\n\n\n<p>Na 6\u00aa edi\u00e7\u00e3o da&nbsp;<a href=\"https:\/\/worldskillsamericas.org\/\" target=\"_blank\" rel=\"noreferrer noopener\">WorldSkills Am\u00e9ricas<\/a>, realizada de 3 a 8 de novembro, em Santiago, no Chile, o time brasileiro conquistou 18 medalhas na competi\u00e7\u00e3o e se consagrou como o grande campe\u00e3o do maior torneio de educa\u00e7\u00e3o profissional do continente.&nbsp;Dentre os vencedores est\u00e1 o aluno do SENAI de Par\u00e1 de Minas, Welinton Mendon\u00e7a, de 21 anos,&nbsp;que trouxe a medalha de ouro na categoria Desenho Mec\u00e2nico em CAD.<\/p>\n\n\n\n<p>O torneio re\u00fane mais de 300 participantes, entre competidores, especialistas e delegados t\u00e9cnicos de 13 pa\u00edses: Bol\u00edvia, Barbados, Chile, Col\u00f4mbia, Costa Rica, Guatemala, M\u00e9xico, Panam\u00e1, Paraguai, Peru, Rep\u00fablica Dominicana, Uruguai e Brasil.<\/p>\n\n\n\n<p>Para o medalhista, a experiencia de disputar e vencer uma competi\u00e7\u00e3o no exterior representa a coroa\u00e7\u00e3o de todo esfor\u00e7o e dedica\u00e7\u00e3o. \u201cParticipar da WorldSkills Am\u00e9ricas me trouxe muito aprendizado, conex\u00f5es, troca de conhecimento e evolu\u00e7\u00e3o pessoal e profissional. \u00c9 incr\u00edvel estar em outro pa\u00eds e conseguir se destacar representando o Brasil e trazer essa medalha\u201d, comemorou o medalhista de ouro.<\/p>\n\n\n\n<p>O evento, considerado o principal encontro das Am\u00e9ricas voltado \u00e0 educa\u00e7\u00e3o profissional, tem o objetivo de promover a troca de experi\u00eancias, o aprimoramento t\u00e9cnico e a integra\u00e7\u00e3o entre os pa\u00edses por meio da competi\u00e7\u00e3o de habilidades.<\/p>\n\n\n\n<p>O instrutor do SENAI Par\u00e1 de Minas e treinador do Welinton, Andr\u00e9 Peixoto, pontuou que a Worldskills Am\u00e9ricas \u00e9 uma etapa importante na prepara\u00e7\u00e3o pela etapa mundial que acontecer\u00e1 no ano que vem em Xangai, na China. \u201cEssa competi\u00e7\u00e3o engrandece o nosso potencial frente a ind\u00fastria mostrando como o SENAI vem se atualizando e formando cada vez mais profissionais de ponta\u201d, finalizou.<\/p>\n\n\n\n<figure class=\"wp-block-image aligncenter size-large is-resized\"><img decoding=\"async\" width=\"1024\" height=\"510\" src=\"https:\/\/www.fiemg.com.br\/regional-centro-oeste\/wp-content\/uploads\/sites\/16\/2025\/11\/World-Skills-chile-e1762867519848-1024x510.jpg\" alt=\"\" class=\"wp-image-3307\" style=\"width:494px;height:auto\" srcset=\"https:\/\/www.fiemg.com.br\/regional-centro-oeste\/wp-content\/uploads\/sites\/16\/2025\/11\/World-Skills-chile-e1762867519848-1024x510.jpg 1024w, https:\/\/www.fiemg.com.br\/regional-centro-oeste\/wp-content\/uploads\/sites\/16\/2025\/11\/World-Skills-chile-e1762867519848-300x149.jpg 300w, https:\/\/www.fiemg.com.br\/regional-centro-oeste\/wp-content\/uploads\/sites\/16\/2025\/11\/World-Skills-chile-e1762867519848-768x382.jpg 768w, https:\/\/www.fiemg.com.br\/regional-centro-oeste\/wp-content\/uploads\/sites\/16\/2025\/11\/World-Skills-chile-e1762867519848.jpg 1500w\" sizes=\"(max-width: 1024px) 100vw, 1024px\" \/><\/figure>\n\n\n\n<p>Minas Gerais em destaque<\/p>\n\n\n\n<p>A delega\u00e7\u00e3o mineira, formada por competidores do SENAI-MG, representou o Brasil em seis ocupa\u00e7\u00f5es nesta edi\u00e7\u00e3o da WorldSkills Am\u00e9ricas: #04 \u2013 Mecatr\u00f4nica; #05 \u2013 Desenho Mec\u00e2nico em CAD; #23 \u2013 Rob\u00f3tica M\u00f3vel; #32 \u2013 Confeitaria; #48 \u2013 Ind\u00fastria 4.0; e #54 \u2013 Seguran\u00e7a Cibern\u00e9tica.<\/p>\n","protected":false},"featured_media":3305,"template":"","categories":[],"tags":[],"class_list":["post-3304","noticias","type-noticias","status-publish","has-post-thumbnail","hentry"],"acf":[],"yoast_head":"<!-- This site is optimized with the Yoast SEO plugin v26.2 - https:\/\/yoast.com\/wordpress\/plugins\/seo\/ -->\n<title>Aluno do SENAI Par\u00e1 de Minas conquista medalha de ouro WorldSkills Am\u00e9ricas 2025 - Regional Centro-Oeste<\/title>\n<meta name=\"robots\" content=\"index, follow, max-snippet:-1, max-image-preview:large, max-video-preview:-1\" \/>\n<link rel=\"canonical\" href=\"https:\/\/www.fiemg.com.br\/regional-centro-oeste\/noticias\/aluno-do-senai-para-de-minas-conquista-medalha-de-ouro-worldskills-americas-2025\/\" \/>\n<meta property=\"og:locale\" content=\"pt_BR\" \/>\n<meta property=\"og:type\" content=\"article\" \/>\n<meta property=\"og:title\" content=\"Aluno do SENAI Par\u00e1 de Minas conquista medalha de ouro WorldSkills Am\u00e9ricas 2025 - Regional Centro-Oeste\" \/>\n<meta property=\"og:description\" content=\"Na 6\u00aa edi\u00e7\u00e3o da&nbsp;WorldSkills Am\u00e9ricas, realizada de 3 a 8 de novembro, em Santiago, no Chile, o time brasileiro conquistou 18 medalhas na competi\u00e7\u00e3o e se consagrou como o grande campe\u00e3o do maior torneio de educa\u00e7\u00e3o profissional do continente.&nbsp;Dentre os vencedores est\u00e1 o aluno do SENAI de Par\u00e1 de Minas, Welinton Mendon\u00e7a, de 21 anos,&nbsp;que [&hellip;]\" \/>\n<meta property=\"og:url\" content=\"https:\/\/www.fiemg.com.br\/regional-centro-oeste\/noticias\/aluno-do-senai-para-de-minas-conquista-medalha-de-ouro-worldskills-americas-2025\/\" \/>\n<meta property=\"og:site_name\" content=\"Regional Centro-Oeste\" \/>\n<meta property=\"article:modified_time\" content=\"2025-11-11T13:26:13+00:00\" \/>\n<meta property=\"og:image\" content=\"https:\/\/www.fiemg.com.br\/regional-centro-oeste\/wp-content\/uploads\/sites\/16\/2025\/11\/brasil-world-skills-chile-e1762867557274.jpg\" \/>\n\t<meta property=\"og:image:width\" content=\"1160\" \/>\n\t<meta property=\"og:image:height\" content=\"1032\" \/>\n\t<meta property=\"og:image:type\" content=\"image\/jpeg\" \/>\n<meta name=\"twitter:card\" content=\"summary_large_image\" \/>\n<meta name=\"twitter:label1\" content=\"Est. tempo de leitura\" \/>\n\t<meta name=\"twitter:data1\" content=\"3 minutos\" \/>\n<script type=\"application\/ld+json\" class=\"yoast-schema-graph\">{\"@context\":\"https:\/\/schema.org\",\"@graph\":[{\"@type\":\"WebPage\",\"@id\":\"https:\/\/www.fiemg.com.br\/regional-centro-oeste\/noticias\/aluno-do-senai-para-de-minas-conquista-medalha-de-ouro-worldskills-americas-2025\/\",\"url\":\"https:\/\/www.fiemg.com.br\/regional-centro-oeste\/noticias\/aluno-do-senai-para-de-minas-conquista-medalha-de-ouro-worldskills-americas-2025\/\",\"name\":\"Aluno do SENAI Par\u00e1 de Minas conquista medalha de ouro WorldSkills Am\u00e9ricas 2025 - Regional Centro-Oeste\",\"isPartOf\":{\"@id\":\"https:\/\/www.fiemg.com.br\/regional-centro-oeste\/#website\"},\"primaryImageOfPage\":{\"@id\":\"https:\/\/www.fiemg.com.br\/regional-centro-oeste\/noticias\/aluno-do-senai-para-de-minas-conquista-medalha-de-ouro-worldskills-americas-2025\/#primaryimage\"},\"image\":{\"@id\":\"https:\/\/www.fiemg.com.br\/regional-centro-oeste\/noticias\/aluno-do-senai-para-de-minas-conquista-medalha-de-ouro-worldskills-americas-2025\/#primaryimage\"},\"thumbnailUrl\":\"https:\/\/www.fiemg.com.br\/regional-centro-oeste\/wp-content\/uploads\/sites\/16\/2025\/11\/brasil-world-skills-chile-e1762867557274.jpg\",\"datePublished\":\"2025-11-11T13:26:10+00:00\",\"dateModified\":\"2025-11-11T13:26:13+00:00\",\"breadcrumb\":{\"@id\":\"https:\/\/www.fiemg.com.br\/regional-centro-oeste\/noticias\/aluno-do-senai-para-de-minas-conquista-medalha-de-ouro-worldskills-americas-2025\/#breadcrumb\"},\"inLanguage\":\"pt-BR\",\"potentialAction\":[{\"@type\":\"ReadAction\",\"target\":[\"https:\/\/www.fiemg.com.br\/regional-centro-oeste\/noticias\/aluno-do-senai-para-de-minas-conquista-medalha-de-ouro-worldskills-americas-2025\/\"]}]},{\"@type\":\"ImageObject\",\"inLanguage\":\"pt-BR\",\"@id\":\"https:\/\/www.fiemg.com.br\/regional-centro-oeste\/noticias\/aluno-do-senai-para-de-minas-conquista-medalha-de-ouro-worldskills-americas-2025\/#primaryimage\",\"url\":\"https:\/\/www.fiemg.com.br\/regional-centro-oeste\/wp-content\/uploads\/sites\/16\/2025\/11\/brasil-world-skills-chile-e1762867557274.jpg\",\"contentUrl\":\"https:\/\/www.fiemg.com.br\/regional-centro-oeste\/wp-content\/uploads\/sites\/16\/2025\/11\/brasil-world-skills-chile-e1762867557274.jpg\",\"width\":1160,\"height\":1032},{\"@type\":\"BreadcrumbList\",\"@id\":\"https:\/\/www.fiemg.com.br\/regional-centro-oeste\/noticias\/aluno-do-senai-para-de-minas-conquista-medalha-de-ouro-worldskills-americas-2025\/#breadcrumb\",\"itemListElement\":[{\"@type\":\"ListItem\",\"position\":1,\"name\":\"In\u00edcio\",\"item\":\"https:\/\/www.fiemg.com.br\/regional-centro-oeste\/\"},{\"@type\":\"ListItem\",\"position\":2,\"name\":\"Aluno do SENAI Par\u00e1 de Minas conquista medalha de ouro WorldSkills Am\u00e9ricas 2025\"}]},{\"@type\":\"WebSite\",\"@id\":\"https:\/\/www.fiemg.com.br\/regional-centro-oeste\/#website\",\"url\":\"https:\/\/www.fiemg.com.br\/regional-centro-oeste\/\",\"name\":\"Regional Centro-Oeste\",\"description\":\"Federa\u00e7\u00e3o das Ind\u00fastrias do Estado de Minas Gerais\",\"publisher\":{\"@id\":\"https:\/\/www.fiemg.com.br\/regional-centro-oeste\/#organization\"},\"potentialAction\":[{\"@type\":\"SearchAction\",\"target\":{\"@type\":\"EntryPoint\",\"urlTemplate\":\"https:\/\/www.fiemg.com.br\/regional-centro-oeste\/?s={search_term_string}\"},\"query-input\":{\"@type\":\"PropertyValueSpecification\",\"valueRequired\":true,\"valueName\":\"search_term_string\"}}],\"inLanguage\":\"pt-BR\"},{\"@type\":\"Organization\",\"@id\":\"https:\/\/www.fiemg.com.br\/regional-centro-oeste\/#organization\",\"name\":\"Regional Centro-Oeste\",\"url\":\"https:\/\/www.fiemg.com.br\/regional-centro-oeste\/\",\"logo\":{\"@type\":\"ImageObject\",\"inLanguage\":\"pt-BR\",\"@id\":\"https:\/\/www.fiemg.com.br\/regional-centro-oeste\/#\/schema\/logo\/image\/\",\"url\":\"https:\/\/www.fiemg.com.br\/regional-centro-oeste\/wp-content\/uploads\/sites\/16\/2023\/02\/Ativo-1.png\",\"contentUrl\":\"https:\/\/www.fiemg.com.br\/regional-centro-oeste\/wp-content\/uploads\/sites\/16\/2023\/02\/Ativo-1.png\",\"width\":563,\"height\":149,\"caption\":\"Regional Centro-Oeste\"},\"image\":{\"@id\":\"https:\/\/www.fiemg.com.br\/regional-centro-oeste\/#\/schema\/logo\/image\/\"}}]}<\/script>\n<!-- \/ Yoast SEO plugin. -->","yoast_head_json":{"title":"Aluno do SENAI Par\u00e1 de Minas conquista medalha de ouro WorldSkills Am\u00e9ricas 2025 - Regional Centro-Oeste","robots":{"index":"index","follow":"follow","max-snippet":"max-snippet:-1","max-image-preview":"max-image-preview:large","max-video-preview":"max-video-preview:-1"},"canonical":"https:\/\/www.fiemg.com.br\/regional-centro-oeste\/noticias\/aluno-do-senai-para-de-minas-conquista-medalha-de-ouro-worldskills-americas-2025\/","og_locale":"pt_BR","og_type":"article","og_title":"Aluno do SENAI Par\u00e1 de Minas conquista medalha de ouro WorldSkills Am\u00e9ricas 2025 - Regional Centro-Oeste","og_description":"Na 6\u00aa edi\u00e7\u00e3o da&nbsp;WorldSkills Am\u00e9ricas, realizada de 3 a 8 de novembro, em Santiago, no Chile, o time brasileiro conquistou 18 medalhas na competi\u00e7\u00e3o e se consagrou como o grande campe\u00e3o do maior torneio de educa\u00e7\u00e3o profissional do continente.&nbsp;Dentre os vencedores est\u00e1 o aluno do SENAI de Par\u00e1 de Minas, Welinton Mendon\u00e7a, de 21 anos,&nbsp;que [&hellip;]","og_url":"https:\/\/www.fiemg.com.br\/regional-centro-oeste\/noticias\/aluno-do-senai-para-de-minas-conquista-medalha-de-ouro-worldskills-americas-2025\/","og_site_name":"Regional Centro-Oeste","article_modified_time":"2025-11-11T13:26:13+00:00","og_image":[{"width":1160,"height":1032,"url":"https:\/\/www.fiemg.com.br\/regional-centro-oeste\/wp-content\/uploads\/sites\/16\/2025\/11\/brasil-world-skills-chile-e1762867557274.jpg","type":"image\/jpeg"}],"twitter_card":"summary_large_image","twitter_misc":{"Est. tempo de leitura":"3 minutos"},"schema":{"@context":"https:\/\/schema.org","@graph":[{"@type":"WebPage","@id":"https:\/\/www.fiemg.com.br\/regional-centro-oeste\/noticias\/aluno-do-senai-para-de-minas-conquista-medalha-de-ouro-worldskills-americas-2025\/","url":"https:\/\/www.fiemg.com.br\/regional-centro-oeste\/noticias\/aluno-do-senai-para-de-minas-conquista-medalha-de-ouro-worldskills-americas-2025\/","name":"Aluno do SENAI Par\u00e1 de Minas conquista medalha de ouro WorldSkills Am\u00e9ricas 2025 - Regional Centro-Oeste","isPartOf":{"@id":"https:\/\/www.fiemg.com.br\/regional-centro-oeste\/#website"},"primaryImageOfPage":{"@id":"https:\/\/www.fiemg.com.br\/regional-centro-oeste\/noticias\/aluno-do-senai-para-de-minas-conquista-medalha-de-ouro-worldskills-americas-2025\/#primaryimage"},"image":{"@id":"https:\/\/www.fiemg.com.br\/regional-centro-oeste\/noticias\/aluno-do-senai-para-de-minas-conquista-medalha-de-ouro-worldskills-americas-2025\/#primaryimage"},"thumbnailUrl":"https:\/\/www.fiemg.com.br\/regional-centro-oeste\/wp-content\/uploads\/sites\/16\/2025\/11\/brasil-world-skills-chile-e1762867557274.jpg","datePublished":"2025-11-11T13:26:10+00:00","dateModified":"2025-11-11T13:26:13+00:00","breadcrumb":{"@id":"https:\/\/www.fiemg.com.br\/regional-centro-oeste\/noticias\/aluno-do-senai-para-de-minas-conquista-medalha-de-ouro-worldskills-americas-2025\/#breadcrumb"},"inLanguage":"pt-BR","potentialAction":[{"@type":"ReadAction","target":["https:\/\/www.fiemg.com.br\/regional-centro-oeste\/noticias\/aluno-do-senai-para-de-minas-conquista-medalha-de-ouro-worldskills-americas-2025\/"]}]},{"@type":"ImageObject","inLanguage":"pt-BR","@id":"https:\/\/www.fiemg.com.br\/regional-centro-oeste\/noticias\/aluno-do-senai-para-de-minas-conquista-medalha-de-ouro-worldskills-americas-2025\/#primaryimage","url":"https:\/\/www.fiemg.com.br\/regional-centro-oeste\/wp-content\/uploads\/sites\/16\/2025\/11\/brasil-world-skills-chile-e1762867557274.jpg","contentUrl":"https:\/\/www.fiemg.com.br\/regional-centro-oeste\/wp-content\/uploads\/sites\/16\/2025\/11\/brasil-world-skills-chile-e1762867557274.jpg","width":1160,"height":1032},{"@type":"BreadcrumbList","@id":"https:\/\/www.fiemg.com.br\/regional-centro-oeste\/noticias\/aluno-do-senai-para-de-minas-conquista-medalha-de-ouro-worldskills-americas-2025\/#breadcrumb","itemListElement":[{"@type":"ListItem","position":1,"name":"In\u00edcio","item":"https:\/\/www.fiemg.com.br\/regional-centro-oeste\/"},{"@type":"ListItem","position":2,"name":"Aluno do SENAI Par\u00e1 de Minas conquista medalha de ouro WorldSkills Am\u00e9ricas 2025"}]},{"@type":"WebSite","@id":"https:\/\/www.fiemg.com.br\/regional-centro-oeste\/#website","url":"https:\/\/www.fiemg.com.br\/regional-centro-oeste\/","name":"Regional Centro-Oeste","description":"Federa\u00e7\u00e3o das Ind\u00fastrias do Estado de Minas Gerais","publisher":{"@id":"https:\/\/www.fiemg.com.br\/regional-centro-oeste\/#organization"},"potentialAction":[{"@type":"SearchAction","target":{"@type":"EntryPoint","urlTemplate":"https:\/\/www.fiemg.com.br\/regional-centro-oeste\/?s={search_term_string}"},"query-input":{"@type":"PropertyValueSpecification","valueRequired":true,"valueName":"search_term_string"}}],"inLanguage":"pt-BR"},{"@type":"Organization","@id":"https:\/\/www.fiemg.com.br\/regional-centro-oeste\/#organization","name":"Regional Centro-Oeste","url":"https:\/\/www.fiemg.com.br\/regional-centro-oeste\/","logo":{"@type":"ImageObject","inLanguage":"pt-BR","@id":"https:\/\/www.fiemg.com.br\/regional-centro-oeste\/#\/schema\/logo\/image\/","url":"https:\/\/www.fiemg.com.br\/regional-centro-oeste\/wp-content\/uploads\/sites\/16\/2023\/02\/Ativo-1.png","contentUrl":"https:\/\/www.fiemg.com.br\/regional-centro-oeste\/wp-content\/uploads\/sites\/16\/2023\/02\/Ativo-1.png","width":563,"height":149,"caption":"Regional Centro-Oeste"},"image":{"@id":"https:\/\/www.fiemg.com.br\/regional-centro-oeste\/#\/schema\/logo\/image\/"}}]}},"_links":{"self":[{"href":"https:\/\/www.fiemg.com.br\/regional-centro-oeste\/wp-json\/wp\/v2\/noticias\/3304","targetHints":{"allow":["GET"]}}],"collection":[{"href":"https:\/\/www.fiemg.com.br\/regional-centro-oeste\/wp-json\/wp\/v2\/noticias"}],"about":[{"href":"https:\/\/www.fiemg.com.br\/regional-centro-oeste\/wp-json\/wp\/v2\/types\/noticias"}],"wp:featuredmedia":[{"embeddable":true,"href":"https:\/\/www.fiemg.com.br\/regional-centro-oeste\/wp-json\/wp\/v2\/media\/3305"}],"wp:attachment":[{"href":"https:\/\/www.fiemg.com.br\/regional-centro-oeste\/wp-json\/wp\/v2\/media?parent=3304"}],"wp:term":[{"taxonomy":"category","embeddable":true,"href":"https:\/\/www.fiemg.com.br\/regional-centro-oeste\/wp-json\/wp\/v2\/categories?post=3304"},{"taxonomy":"post_tag","embeddable":true,"href":"https:\/\/www.fiemg.com.br\/regional-centro-oeste\/wp-json\/wp\/v2\/tags?post=3304"}],"curies":[{"name":"wp","href":"https:\/\/api.w.org\/{rel}","templated":true}]}}