{"id":3354,"date":"2025-11-19T19:06:07","date_gmt":"2025-11-19T22:06:07","guid":{"rendered":"https:\/\/www.fiemg.com.br\/regional-centro-oeste\/?post_type=noticias&#038;p=3354"},"modified":"2025-11-19T19:06:10","modified_gmt":"2025-11-19T22:06:10","slug":"comitiva-de-divinopolis-esta-em-balneario-camburiu-para-conhecer-boas-praticas-de-reaproveitamento-de-residuos-solidos","status":"publish","type":"noticias","link":"https:\/\/www.fiemg.com.br\/regional-centro-oeste\/noticias\/comitiva-de-divinopolis-esta-em-balneario-camburiu-para-conhecer-boas-praticas-de-reaproveitamento-de-residuos-solidos\/","title":{"rendered":"Comitiva de Divin\u00f3polis est\u00e1 em Balne\u00e1rio Camburi\u00fa para conhecer boas pr\u00e1ticas de reaproveitamento de res\u00edduos s\u00f3lidos"},"content":{"rendered":"\n<figure class=\"wp-block-image aligncenter size-large\"><img fetchpriority=\"high\" decoding=\"async\" width=\"1024\" height=\"576\" src=\"https:\/\/www.fiemg.com.br\/regional-centro-oeste\/wp-content\/uploads\/sites\/16\/2025\/11\/Comitiva-usina-residuos-balneario-camburiu-1024x576.jpg\" alt=\"\" class=\"wp-image-3355\" srcset=\"https:\/\/www.fiemg.com.br\/regional-centro-oeste\/wp-content\/uploads\/sites\/16\/2025\/11\/Comitiva-usina-residuos-balneario-camburiu-1024x576.jpg 1024w, https:\/\/www.fiemg.com.br\/regional-centro-oeste\/wp-content\/uploads\/sites\/16\/2025\/11\/Comitiva-usina-residuos-balneario-camburiu-300x169.jpg 300w, https:\/\/www.fiemg.com.br\/regional-centro-oeste\/wp-content\/uploads\/sites\/16\/2025\/11\/Comitiva-usina-residuos-balneario-camburiu-768x432.jpg 768w, https:\/\/www.fiemg.com.br\/regional-centro-oeste\/wp-content\/uploads\/sites\/16\/2025\/11\/Comitiva-usina-residuos-balneario-camburiu-1536x864.jpg 1536w, https:\/\/www.fiemg.com.br\/regional-centro-oeste\/wp-content\/uploads\/sites\/16\/2025\/11\/Comitiva-usina-residuos-balneario-camburiu.jpg 1600w\" sizes=\"(max-width: 1024px) 100vw, 1024px\" \/><\/figure>\n\n\n\n<p>Lideran\u00e7as de Divin\u00f3polis est\u00e3o numa miss\u00e3o em Balne\u00e1rio Camburi\u00fa, Santa Catarina, para conhecer as instala\u00e7\u00f5es da usina de reciclagem que atende o munic\u00edpio. Integram a comitiva, o presidente da FIEMG Regional Centro-Oeste, Eduardo Soares; o presidente do Sindicato da Ind\u00fastria da Constru\u00e7\u00e3o Civil do Centro-Oeste de Minas (SINDUSCON-CO), Leonardo Antunes; o gerente regional do SEBRAE-MG, Leonardo Mol; o presidente da Ag\u00eancia Novo Oeste, Leonardo Gabriel; a vice-prefeita de Divin\u00f3polis, Janete Aparecida; o secret\u00e1rio municipal de desenvolvimento econ\u00f4mico, Igor Cardoso; o secret\u00e1rio de governo, Matheus Tavares e a analista t\u00e9cnica do SEBRAE-MG, Nayara Aguilar.<\/p>\n\n\n\n<p>O grupo visitou a sede do SINDUSCON-BC, onde se reuniu com o presidente da entidade, Carlos Haacke para trocar informa\u00e7\u00f5es, estrat\u00e9gias e boas pr\u00e1ticas. Dentre os assuntos tratados, destaque para a Lei de Uso de Ocupa\u00e7\u00e3o do Solo e o processo de reciclagem do res\u00edduo s\u00f3lido, assuntos de grande relev\u00e2ncia para a sustentabilidade e desenvolvimento.<\/p>\n\n\n\n<figure class=\"wp-block-image aligncenter size-large is-resized\"><img decoding=\"async\" width=\"1024\" height=\"457\" src=\"https:\/\/www.fiemg.com.br\/regional-centro-oeste\/wp-content\/uploads\/sites\/16\/2025\/11\/visita-sinduscon-bc-1024x457.jpg\" alt=\"\" class=\"wp-image-3358\" style=\"width:506px;height:auto\" srcset=\"https:\/\/www.fiemg.com.br\/regional-centro-oeste\/wp-content\/uploads\/sites\/16\/2025\/11\/visita-sinduscon-bc-1024x457.jpg 1024w, https:\/\/www.fiemg.com.br\/regional-centro-oeste\/wp-content\/uploads\/sites\/16\/2025\/11\/visita-sinduscon-bc-300x134.jpg 300w, https:\/\/www.fiemg.com.br\/regional-centro-oeste\/wp-content\/uploads\/sites\/16\/2025\/11\/visita-sinduscon-bc-768x343.jpg 768w, https:\/\/www.fiemg.com.br\/regional-centro-oeste\/wp-content\/uploads\/sites\/16\/2025\/11\/visita-sinduscon-bc-1536x685.jpg 1536w, https:\/\/www.fiemg.com.br\/regional-centro-oeste\/wp-content\/uploads\/sites\/16\/2025\/11\/visita-sinduscon-bc.jpg 1600w\" sizes=\"(max-width: 1024px) 100vw, 1024px\" \/><\/figure>\n\n\n\n<p>A comitiva teve ainda a oportunidade de conhecer o futuro edif\u00edcio Senna Tower, empreendimento com mais de 550 metros de altura e 228 apartamentos. Uma infraestrutura completa para moradores, al\u00e9m de \u00e1rea de com\u00e9rcio e servi\u00e7os. Tamb\u00e9m fez parte do roteiro, a visita ao Expocenter de Balne\u00e1rio Cambori\u00fa e a Usina de Reciclagem.<\/p>\n\n\n\n<p>A usina funciona atrav\u00e9s da tritura\u00e7\u00e3o dos restos de constru\u00e7\u00e3o, como concreto, alvenaria e blocos cer\u00e2micos. O material processado (agregado reciclado) pode ent\u00e3o ser reutilizado em novas obras, como em bases para pavimenta\u00e7\u00e3o e aterros, promovendo a sustentabilidade e a economia circular na constru\u00e7\u00e3o civil.&nbsp;<\/p>\n\n\n\n<div class=\"wp-block-columns is-layout-flex wp-container-core-columns-is-layout-28f84493 wp-block-columns-is-layout-flex\">\n<div class=\"wp-block-column is-layout-flow wp-block-column-is-layout-flow\">\n<figure class=\"wp-block-image aligncenter size-large is-resized\"><img decoding=\"async\" width=\"576\" height=\"1024\" src=\"https:\/\/www.fiemg.com.br\/regional-centro-oeste\/wp-content\/uploads\/sites\/16\/2025\/11\/edificio-senna-BC-576x1024.jpg\" alt=\"\" class=\"wp-image-3356\" style=\"width:236px;height:auto\" srcset=\"https:\/\/www.fiemg.com.br\/regional-centro-oeste\/wp-content\/uploads\/sites\/16\/2025\/11\/edificio-senna-BC-576x1024.jpg 576w, https:\/\/www.fiemg.com.br\/regional-centro-oeste\/wp-content\/uploads\/sites\/16\/2025\/11\/edificio-senna-BC-169x300.jpg 169w, https:\/\/www.fiemg.com.br\/regional-centro-oeste\/wp-content\/uploads\/sites\/16\/2025\/11\/edificio-senna-BC-768x1365.jpg 768w, https:\/\/www.fiemg.com.br\/regional-centro-oeste\/wp-content\/uploads\/sites\/16\/2025\/11\/edificio-senna-BC-864x1536.jpg 864w, https:\/\/www.fiemg.com.br\/regional-centro-oeste\/wp-content\/uploads\/sites\/16\/2025\/11\/edificio-senna-BC.jpg 900w\" sizes=\"(max-width: 576px) 100vw, 576px\" \/><\/figure>\n<\/div>\n\n\n\n<div class=\"wp-block-column is-layout-flow wp-block-column-is-layout-flow\">\n<figure class=\"wp-block-image size-large is-resized\"><img loading=\"lazy\" decoding=\"async\" width=\"576\" height=\"1024\" src=\"https:\/\/www.fiemg.com.br\/regional-centro-oeste\/wp-content\/uploads\/sites\/16\/2025\/11\/senna-tower-576x1024.jpg\" alt=\"\" class=\"wp-image-3359\" style=\"width:241px;height:auto\" srcset=\"https:\/\/www.fiemg.com.br\/regional-centro-oeste\/wp-content\/uploads\/sites\/16\/2025\/11\/senna-tower-576x1024.jpg 576w, https:\/\/www.fiemg.com.br\/regional-centro-oeste\/wp-content\/uploads\/sites\/16\/2025\/11\/senna-tower-169x300.jpg 169w, https:\/\/www.fiemg.com.br\/regional-centro-oeste\/wp-content\/uploads\/sites\/16\/2025\/11\/senna-tower-768x1365.jpg 768w, https:\/\/www.fiemg.com.br\/regional-centro-oeste\/wp-content\/uploads\/sites\/16\/2025\/11\/senna-tower-864x1536.jpg 864w, https:\/\/www.fiemg.com.br\/regional-centro-oeste\/wp-content\/uploads\/sites\/16\/2025\/11\/senna-tower.jpg 900w\" sizes=\"(max-width: 576px) 100vw, 576px\" \/><\/figure>\n<\/div>\n<\/div>\n\n\n\n<p>De acordo com Roberto Bastos, s\u00f3cio propriet\u00e1rio da Usicam, empresa respons\u00e1vel pela gest\u00e3o da usina, o empreendimento tem capacidade para processar at\u00e9 1.500 metros c\u00fabicos de res\u00edduos por dia, sendo que o despojo oriundo da constru\u00e7\u00e3o civil \u00e9 100% reutilizado, n\u00e3o gerando nenhum descarte ao meio ambiente. Atualmente, a usina recebe 30 mil metros c\u00fabicos por m\u00eas e, ainda segundo o empres\u00e1rio, o resultado n\u00e3o \u00e9 ainda mais satisfat\u00f3rio por falta de conscientiza\u00e7\u00e3o. \u201cA reciclagem da constru\u00e7\u00e3o civil \u00e9 primordial para um futuro sustent\u00e1vel, s\u00f3 que para isso funcionar \u00e9 necess\u00e1rio mais consci\u00eancia da pr\u00f3pria popula\u00e7\u00e3o e at\u00e9 mesmo de algumas empresas para fazerem o descarte correto\u201d, afirmou.<\/p>\n\n\n\n<p>Para o presidente da FIEMG Regional e vice-presidente do SINDUSCON-CO, conhecer de perto uma usina que alcan\u00e7a 100% de reaproveitamento dos res\u00edduos da constru\u00e7\u00e3o civil mostra que \u00e9 poss\u00edvel transformar desafios ambientais em oportunidades de desenvolvimento. \u201cEsta miss\u00e3o refor\u00e7a nosso compromisso em buscar solu\u00e7\u00f5es inovadoras e sustent\u00e1veis para o Centro-Oeste de Minas, estimulando a economia circular e fortalecendo a ind\u00fastria da constru\u00e7\u00e3o civil na regi\u00e3o. Precisamos resolver esta quest\u00e3o em nosso munic\u00edpio e que poder\u00e1 servir de modelo para outros munic\u00edpios de nossa regi\u00e3o\u201d.<\/p>\n\n\n\n<p>Ainda segundo o presidente, o envolvimento do Poder P\u00fablico, atrav\u00e9s da vice-prefeita e secret\u00e1rios, al\u00e9m dos representantes do SEBRAE e SINDUSCON-CO, enriqueceram ainda mais a visita e \u00e9 a comprova\u00e7\u00e3o da import\u00e2ncia da uni\u00e3o se for\u00e7as em prol do desenvolvimento. \u201cEstamos voltando com muitas ideias para desenvolver e cuidar de nossa cidade e regi\u00e3o, melhorando o ambiente de neg\u00f3cios e consequentemente a qualidade de vida a todos os cidad\u00e3os\u201d, .finalizou Eduardo Soares.<\/p>\n\n\n\n<figure class=\"wp-block-image aligncenter size-large\"><img loading=\"lazy\" decoding=\"async\" width=\"1024\" height=\"576\" src=\"https:\/\/www.fiemg.com.br\/regional-centro-oeste\/wp-content\/uploads\/sites\/16\/2025\/11\/viista-prefeitura-bc-1024x576.jpg\" alt=\"\" class=\"wp-image-3357\" srcset=\"https:\/\/www.fiemg.com.br\/regional-centro-oeste\/wp-content\/uploads\/sites\/16\/2025\/11\/viista-prefeitura-bc-1024x576.jpg 1024w, https:\/\/www.fiemg.com.br\/regional-centro-oeste\/wp-content\/uploads\/sites\/16\/2025\/11\/viista-prefeitura-bc-300x169.jpg 300w, https:\/\/www.fiemg.com.br\/regional-centro-oeste\/wp-content\/uploads\/sites\/16\/2025\/11\/viista-prefeitura-bc-768x432.jpg 768w, https:\/\/www.fiemg.com.br\/regional-centro-oeste\/wp-content\/uploads\/sites\/16\/2025\/11\/viista-prefeitura-bc-1536x864.jpg 1536w, https:\/\/www.fiemg.com.br\/regional-centro-oeste\/wp-content\/uploads\/sites\/16\/2025\/11\/viista-prefeitura-bc.jpg 1600w\" sizes=\"(max-width: 1024px) 100vw, 1024px\" \/><\/figure>\n","protected":false},"featured_media":3360,"template":"","categories":[],"tags":[],"class_list":["post-3354","noticias","type-noticias","status-publish","has-post-thumbnail","hentry"],"acf":[],"yoast_head":"<!-- This site is optimized with the Yoast SEO plugin v26.2 - https:\/\/yoast.com\/wordpress\/plugins\/seo\/ -->\n<title>Comitiva de Divin\u00f3polis est\u00e1 em Balne\u00e1rio Camburi\u00fa para conhecer boas pr\u00e1ticas de reaproveitamento de res\u00edduos s\u00f3lidos - Regional Centro-Oeste<\/title>\n<meta name=\"robots\" content=\"index, follow, max-snippet:-1, max-image-preview:large, max-video-preview:-1\" \/>\n<link rel=\"canonical\" href=\"https:\/\/www.fiemg.com.br\/regional-centro-oeste\/noticias\/comitiva-de-divinopolis-esta-em-balneario-camburiu-para-conhecer-boas-praticas-de-reaproveitamento-de-residuos-solidos\/\" \/>\n<meta property=\"og:locale\" content=\"pt_BR\" \/>\n<meta property=\"og:type\" content=\"article\" \/>\n<meta property=\"og:title\" content=\"Comitiva de Divin\u00f3polis est\u00e1 em Balne\u00e1rio Camburi\u00fa para conhecer boas pr\u00e1ticas de reaproveitamento de res\u00edduos s\u00f3lidos - Regional Centro-Oeste\" \/>\n<meta property=\"og:description\" content=\"Lideran\u00e7as de Divin\u00f3polis est\u00e3o numa miss\u00e3o em Balne\u00e1rio Camburi\u00fa, Santa Catarina, para conhecer as instala\u00e7\u00f5es da usina de reciclagem que atende o munic\u00edpio. Integram a comitiva, o presidente da FIEMG Regional Centro-Oeste, Eduardo Soares; o presidente do Sindicato da Ind\u00fastria da Constru\u00e7\u00e3o Civil do Centro-Oeste de Minas (SINDUSCON-CO), Leonardo Antunes; o gerente regional do SEBRAE-MG, [&hellip;]\" \/>\n<meta property=\"og:url\" content=\"https:\/\/www.fiemg.com.br\/regional-centro-oeste\/noticias\/comitiva-de-divinopolis-esta-em-balneario-camburiu-para-conhecer-boas-praticas-de-reaproveitamento-de-residuos-solidos\/\" \/>\n<meta property=\"og:site_name\" content=\"Regional Centro-Oeste\" \/>\n<meta property=\"article:modified_time\" content=\"2025-11-19T22:06:10+00:00\" \/>\n<meta property=\"og:image\" content=\"https:\/\/www.fiemg.com.br\/regional-centro-oeste\/wp-content\/uploads\/sites\/16\/2025\/11\/usina-reciclagem-e1763589957156.jpg\" \/>\n\t<meta property=\"og:image:width\" content=\"900\" \/>\n\t<meta property=\"og:image:height\" content=\"1136\" \/>\n\t<meta property=\"og:image:type\" content=\"image\/jpeg\" \/>\n<meta name=\"twitter:card\" content=\"summary_large_image\" \/>\n<meta name=\"twitter:label1\" content=\"Est. tempo de leitura\" \/>\n\t<meta name=\"twitter:data1\" content=\"5 minutos\" \/>\n<script type=\"application\/ld+json\" class=\"yoast-schema-graph\">{\"@context\":\"https:\/\/schema.org\",\"@graph\":[{\"@type\":\"WebPage\",\"@id\":\"https:\/\/www.fiemg.com.br\/regional-centro-oeste\/noticias\/comitiva-de-divinopolis-esta-em-balneario-camburiu-para-conhecer-boas-praticas-de-reaproveitamento-de-residuos-solidos\/\",\"url\":\"https:\/\/www.fiemg.com.br\/regional-centro-oeste\/noticias\/comitiva-de-divinopolis-esta-em-balneario-camburiu-para-conhecer-boas-praticas-de-reaproveitamento-de-residuos-solidos\/\",\"name\":\"Comitiva de Divin\u00f3polis est\u00e1 em Balne\u00e1rio Camburi\u00fa para conhecer boas pr\u00e1ticas de reaproveitamento de res\u00edduos s\u00f3lidos - Regional Centro-Oeste\",\"isPartOf\":{\"@id\":\"https:\/\/www.fiemg.com.br\/regional-centro-oeste\/#website\"},\"primaryImageOfPage\":{\"@id\":\"https:\/\/www.fiemg.com.br\/regional-centro-oeste\/noticias\/comitiva-de-divinopolis-esta-em-balneario-camburiu-para-conhecer-boas-praticas-de-reaproveitamento-de-residuos-solidos\/#primaryimage\"},\"image\":{\"@id\":\"https:\/\/www.fiemg.com.br\/regional-centro-oeste\/noticias\/comitiva-de-divinopolis-esta-em-balneario-camburiu-para-conhecer-boas-praticas-de-reaproveitamento-de-residuos-solidos\/#primaryimage\"},\"thumbnailUrl\":\"https:\/\/www.fiemg.com.br\/regional-centro-oeste\/wp-content\/uploads\/sites\/16\/2025\/11\/usina-reciclagem-e1763589957156.jpg\",\"datePublished\":\"2025-11-19T22:06:07+00:00\",\"dateModified\":\"2025-11-19T22:06:10+00:00\",\"breadcrumb\":{\"@id\":\"https:\/\/www.fiemg.com.br\/regional-centro-oeste\/noticias\/comitiva-de-divinopolis-esta-em-balneario-camburiu-para-conhecer-boas-praticas-de-reaproveitamento-de-residuos-solidos\/#breadcrumb\"},\"inLanguage\":\"pt-BR\",\"potentialAction\":[{\"@type\":\"ReadAction\",\"target\":[\"https:\/\/www.fiemg.com.br\/regional-centro-oeste\/noticias\/comitiva-de-divinopolis-esta-em-balneario-camburiu-para-conhecer-boas-praticas-de-reaproveitamento-de-residuos-solidos\/\"]}]},{\"@type\":\"ImageObject\",\"inLanguage\":\"pt-BR\",\"@id\":\"https:\/\/www.fiemg.com.br\/regional-centro-oeste\/noticias\/comitiva-de-divinopolis-esta-em-balneario-camburiu-para-conhecer-boas-praticas-de-reaproveitamento-de-residuos-solidos\/#primaryimage\",\"url\":\"https:\/\/www.fiemg.com.br\/regional-centro-oeste\/wp-content\/uploads\/sites\/16\/2025\/11\/usina-reciclagem-e1763589957156.jpg\",\"contentUrl\":\"https:\/\/www.fiemg.com.br\/regional-centro-oeste\/wp-content\/uploads\/sites\/16\/2025\/11\/usina-reciclagem-e1763589957156.jpg\",\"width\":900,\"height\":1136},{\"@type\":\"BreadcrumbList\",\"@id\":\"https:\/\/www.fiemg.com.br\/regional-centro-oeste\/noticias\/comitiva-de-divinopolis-esta-em-balneario-camburiu-para-conhecer-boas-praticas-de-reaproveitamento-de-residuos-solidos\/#breadcrumb\",\"itemListElement\":[{\"@type\":\"ListItem\",\"position\":1,\"name\":\"In\u00edcio\",\"item\":\"https:\/\/www.fiemg.com.br\/regional-centro-oeste\/\"},{\"@type\":\"ListItem\",\"position\":2,\"name\":\"Comitiva de Divin\u00f3polis est\u00e1 em Balne\u00e1rio Camburi\u00fa para conhecer boas pr\u00e1ticas de reaproveitamento de res\u00edduos s\u00f3lidos\"}]},{\"@type\":\"WebSite\",\"@id\":\"https:\/\/www.fiemg.com.br\/regional-centro-oeste\/#website\",\"url\":\"https:\/\/www.fiemg.com.br\/regional-centro-oeste\/\",\"name\":\"Regional Centro-Oeste\",\"description\":\"Federa\u00e7\u00e3o das Ind\u00fastrias do Estado de Minas Gerais\",\"publisher\":{\"@id\":\"https:\/\/www.fiemg.com.br\/regional-centro-oeste\/#organization\"},\"potentialAction\":[{\"@type\":\"SearchAction\",\"target\":{\"@type\":\"EntryPoint\",\"urlTemplate\":\"https:\/\/www.fiemg.com.br\/regional-centro-oeste\/?s={search_term_string}\"},\"query-input\":{\"@type\":\"PropertyValueSpecification\",\"valueRequired\":true,\"valueName\":\"search_term_string\"}}],\"inLanguage\":\"pt-BR\"},{\"@type\":\"Organization\",\"@id\":\"https:\/\/www.fiemg.com.br\/regional-centro-oeste\/#organization\",\"name\":\"Regional Centro-Oeste\",\"url\":\"https:\/\/www.fiemg.com.br\/regional-centro-oeste\/\",\"logo\":{\"@type\":\"ImageObject\",\"inLanguage\":\"pt-BR\",\"@id\":\"https:\/\/www.fiemg.com.br\/regional-centro-oeste\/#\/schema\/logo\/image\/\",\"url\":\"https:\/\/www.fiemg.com.br\/regional-centro-oeste\/wp-content\/uploads\/sites\/16\/2023\/02\/Ativo-1.png\",\"contentUrl\":\"https:\/\/www.fiemg.com.br\/regional-centro-oeste\/wp-content\/uploads\/sites\/16\/2023\/02\/Ativo-1.png\",\"width\":563,\"height\":149,\"caption\":\"Regional Centro-Oeste\"},\"image\":{\"@id\":\"https:\/\/www.fiemg.com.br\/regional-centro-oeste\/#\/schema\/logo\/image\/\"}}]}<\/script>\n<!-- \/ Yoast SEO plugin. -->","yoast_head_json":{"title":"Comitiva de Divin\u00f3polis est\u00e1 em Balne\u00e1rio Camburi\u00fa para conhecer boas pr\u00e1ticas de reaproveitamento de res\u00edduos s\u00f3lidos - Regional Centro-Oeste","robots":{"index":"index","follow":"follow","max-snippet":"max-snippet:-1","max-image-preview":"max-image-preview:large","max-video-preview":"max-video-preview:-1"},"canonical":"https:\/\/www.fiemg.com.br\/regional-centro-oeste\/noticias\/comitiva-de-divinopolis-esta-em-balneario-camburiu-para-conhecer-boas-praticas-de-reaproveitamento-de-residuos-solidos\/","og_locale":"pt_BR","og_type":"article","og_title":"Comitiva de Divin\u00f3polis est\u00e1 em Balne\u00e1rio Camburi\u00fa para conhecer boas pr\u00e1ticas de reaproveitamento de res\u00edduos s\u00f3lidos - Regional Centro-Oeste","og_description":"Lideran\u00e7as de Divin\u00f3polis est\u00e3o numa miss\u00e3o em Balne\u00e1rio Camburi\u00fa, Santa Catarina, para conhecer as instala\u00e7\u00f5es da usina de reciclagem que atende o munic\u00edpio. Integram a comitiva, o presidente da FIEMG Regional Centro-Oeste, Eduardo Soares; o presidente do Sindicato da Ind\u00fastria da Constru\u00e7\u00e3o Civil do Centro-Oeste de Minas (SINDUSCON-CO), Leonardo Antunes; o gerente regional do SEBRAE-MG, [&hellip;]","og_url":"https:\/\/www.fiemg.com.br\/regional-centro-oeste\/noticias\/comitiva-de-divinopolis-esta-em-balneario-camburiu-para-conhecer-boas-praticas-de-reaproveitamento-de-residuos-solidos\/","og_site_name":"Regional Centro-Oeste","article_modified_time":"2025-11-19T22:06:10+00:00","og_image":[{"width":900,"height":1136,"url":"https:\/\/www.fiemg.com.br\/regional-centro-oeste\/wp-content\/uploads\/sites\/16\/2025\/11\/usina-reciclagem-e1763589957156.jpg","type":"image\/jpeg"}],"twitter_card":"summary_large_image","twitter_misc":{"Est. tempo de leitura":"5 minutos"},"schema":{"@context":"https:\/\/schema.org","@graph":[{"@type":"WebPage","@id":"https:\/\/www.fiemg.com.br\/regional-centro-oeste\/noticias\/comitiva-de-divinopolis-esta-em-balneario-camburiu-para-conhecer-boas-praticas-de-reaproveitamento-de-residuos-solidos\/","url":"https:\/\/www.fiemg.com.br\/regional-centro-oeste\/noticias\/comitiva-de-divinopolis-esta-em-balneario-camburiu-para-conhecer-boas-praticas-de-reaproveitamento-de-residuos-solidos\/","name":"Comitiva de Divin\u00f3polis est\u00e1 em Balne\u00e1rio Camburi\u00fa para conhecer boas pr\u00e1ticas de reaproveitamento de res\u00edduos s\u00f3lidos - Regional Centro-Oeste","isPartOf":{"@id":"https:\/\/www.fiemg.com.br\/regional-centro-oeste\/#website"},"primaryImageOfPage":{"@id":"https:\/\/www.fiemg.com.br\/regional-centro-oeste\/noticias\/comitiva-de-divinopolis-esta-em-balneario-camburiu-para-conhecer-boas-praticas-de-reaproveitamento-de-residuos-solidos\/#primaryimage"},"image":{"@id":"https:\/\/www.fiemg.com.br\/regional-centro-oeste\/noticias\/comitiva-de-divinopolis-esta-em-balneario-camburiu-para-conhecer-boas-praticas-de-reaproveitamento-de-residuos-solidos\/#primaryimage"},"thumbnailUrl":"https:\/\/www.fiemg.com.br\/regional-centro-oeste\/wp-content\/uploads\/sites\/16\/2025\/11\/usina-reciclagem-e1763589957156.jpg","datePublished":"2025-11-19T22:06:07+00:00","dateModified":"2025-11-19T22:06:10+00:00","breadcrumb":{"@id":"https:\/\/www.fiemg.com.br\/regional-centro-oeste\/noticias\/comitiva-de-divinopolis-esta-em-balneario-camburiu-para-conhecer-boas-praticas-de-reaproveitamento-de-residuos-solidos\/#breadcrumb"},"inLanguage":"pt-BR","potentialAction":[{"@type":"ReadAction","target":["https:\/\/www.fiemg.com.br\/regional-centro-oeste\/noticias\/comitiva-de-divinopolis-esta-em-balneario-camburiu-para-conhecer-boas-praticas-de-reaproveitamento-de-residuos-solidos\/"]}]},{"@type":"ImageObject","inLanguage":"pt-BR","@id":"https:\/\/www.fiemg.com.br\/regional-centro-oeste\/noticias\/comitiva-de-divinopolis-esta-em-balneario-camburiu-para-conhecer-boas-praticas-de-reaproveitamento-de-residuos-solidos\/#primaryimage","url":"https:\/\/www.fiemg.com.br\/regional-centro-oeste\/wp-content\/uploads\/sites\/16\/2025\/11\/usina-reciclagem-e1763589957156.jpg","contentUrl":"https:\/\/www.fiemg.com.br\/regional-centro-oeste\/wp-content\/uploads\/sites\/16\/2025\/11\/usina-reciclagem-e1763589957156.jpg","width":900,"height":1136},{"@type":"BreadcrumbList","@id":"https:\/\/www.fiemg.com.br\/regional-centro-oeste\/noticias\/comitiva-de-divinopolis-esta-em-balneario-camburiu-para-conhecer-boas-praticas-de-reaproveitamento-de-residuos-solidos\/#breadcrumb","itemListElement":[{"@type":"ListItem","position":1,"name":"In\u00edcio","item":"https:\/\/www.fiemg.com.br\/regional-centro-oeste\/"},{"@type":"ListItem","position":2,"name":"Comitiva de Divin\u00f3polis est\u00e1 em Balne\u00e1rio Camburi\u00fa para conhecer boas pr\u00e1ticas de reaproveitamento de res\u00edduos s\u00f3lidos"}]},{"@type":"WebSite","@id":"https:\/\/www.fiemg.com.br\/regional-centro-oeste\/#website","url":"https:\/\/www.fiemg.com.br\/regional-centro-oeste\/","name":"Regional Centro-Oeste","description":"Federa\u00e7\u00e3o das Ind\u00fastrias do Estado de Minas Gerais","publisher":{"@id":"https:\/\/www.fiemg.com.br\/regional-centro-oeste\/#organization"},"potentialAction":[{"@type":"SearchAction","target":{"@type":"EntryPoint","urlTemplate":"https:\/\/www.fiemg.com.br\/regional-centro-oeste\/?s={search_term_string}"},"query-input":{"@type":"PropertyValueSpecification","valueRequired":true,"valueName":"search_term_string"}}],"inLanguage":"pt-BR"},{"@type":"Organization","@id":"https:\/\/www.fiemg.com.br\/regional-centro-oeste\/#organization","name":"Regional Centro-Oeste","url":"https:\/\/www.fiemg.com.br\/regional-centro-oeste\/","logo":{"@type":"ImageObject","inLanguage":"pt-BR","@id":"https:\/\/www.fiemg.com.br\/regional-centro-oeste\/#\/schema\/logo\/image\/","url":"https:\/\/www.fiemg.com.br\/regional-centro-oeste\/wp-content\/uploads\/sites\/16\/2023\/02\/Ativo-1.png","contentUrl":"https:\/\/www.fiemg.com.br\/regional-centro-oeste\/wp-content\/uploads\/sites\/16\/2023\/02\/Ativo-1.png","width":563,"height":149,"caption":"Regional Centro-Oeste"},"image":{"@id":"https:\/\/www.fiemg.com.br\/regional-centro-oeste\/#\/schema\/logo\/image\/"}}]}},"_links":{"self":[{"href":"https:\/\/www.fiemg.com.br\/regional-centro-oeste\/wp-json\/wp\/v2\/noticias\/3354","targetHints":{"allow":["GET"]}}],"collection":[{"href":"https:\/\/www.fiemg.com.br\/regional-centro-oeste\/wp-json\/wp\/v2\/noticias"}],"about":[{"href":"https:\/\/www.fiemg.com.br\/regional-centro-oeste\/wp-json\/wp\/v2\/types\/noticias"}],"wp:featuredmedia":[{"embeddable":true,"href":"https:\/\/www.fiemg.com.br\/regional-centro-oeste\/wp-json\/wp\/v2\/media\/3360"}],"wp:attachment":[{"href":"https:\/\/www.fiemg.com.br\/regional-centro-oeste\/wp-json\/wp\/v2\/media?parent=3354"}],"wp:term":[{"taxonomy":"category","embeddable":true,"href":"https:\/\/www.fiemg.com.br\/regional-centro-oeste\/wp-json\/wp\/v2\/categories?post=3354"},{"taxonomy":"post_tag","embeddable":true,"href":"https:\/\/www.fiemg.com.br\/regional-centro-oeste\/wp-json\/wp\/v2\/tags?post=3354"}],"curies":[{"name":"wp","href":"https:\/\/api.w.org\/{rel}","templated":true}]}}