{"id":3369,"date":"2025-11-28T14:32:32","date_gmt":"2025-11-28T17:32:32","guid":{"rendered":"https:\/\/www.fiemg.com.br\/regional-centro-oeste\/?post_type=noticias&#038;p=3369"},"modified":"2025-11-28T14:32:35","modified_gmt":"2025-11-28T17:32:35","slug":"palestra-tecnica-capacita-profissionais-da-construcao-civil-sobre-aplicacoes-do-eva","status":"publish","type":"noticias","link":"https:\/\/www.fiemg.com.br\/regional-centro-oeste\/noticias\/palestra-tecnica-capacita-profissionais-da-construcao-civil-sobre-aplicacoes-do-eva\/","title":{"rendered":"Palestra t\u00e9cnica capacita profissionais da constru\u00e7\u00e3o civil sobre aplica\u00e7\u00f5es do EVA"},"content":{"rendered":"\n<figure class=\"wp-block-image aligncenter size-large\"><img fetchpriority=\"high\" decoding=\"async\" width=\"1024\" height=\"397\" src=\"https:\/\/www.fiemg.com.br\/regional-centro-oeste\/wp-content\/uploads\/sites\/16\/2025\/11\/2palestra-EVA-Sinduscon-e1764351108143-1024x397.jpg\" alt=\"\" class=\"wp-image-3370\" srcset=\"https:\/\/www.fiemg.com.br\/regional-centro-oeste\/wp-content\/uploads\/sites\/16\/2025\/11\/2palestra-EVA-Sinduscon-e1764351108143-1024x397.jpg 1024w, https:\/\/www.fiemg.com.br\/regional-centro-oeste\/wp-content\/uploads\/sites\/16\/2025\/11\/2palestra-EVA-Sinduscon-e1764351108143-300x116.jpg 300w, https:\/\/www.fiemg.com.br\/regional-centro-oeste\/wp-content\/uploads\/sites\/16\/2025\/11\/2palestra-EVA-Sinduscon-e1764351108143-768x298.jpg 768w, https:\/\/www.fiemg.com.br\/regional-centro-oeste\/wp-content\/uploads\/sites\/16\/2025\/11\/2palestra-EVA-Sinduscon-e1764351108143-1536x595.jpg 1536w, https:\/\/www.fiemg.com.br\/regional-centro-oeste\/wp-content\/uploads\/sites\/16\/2025\/11\/2palestra-EVA-Sinduscon-e1764351108143.jpg 1600w\" sizes=\"(max-width: 1024px) 100vw, 1024px\" \/><\/figure>\n\n\n\n<p>O Sindicato da Ind\u00fastria da Constru\u00e7\u00e3o Civil do Centro-Oeste de Minas (SINDUSCON-CO) promoveu, na \u00faltima ter\u00e7a-feira (25), na sede da FIEMG Regional Centro-Oeste, mais uma capacita\u00e7\u00e3o voltada para associados e profissionais do setor. A programa\u00e7\u00e3o integrou a agenda de a\u00e7\u00f5es do sindicato destinadas a fortalecer a qualifica\u00e7\u00e3o t\u00e9cnica e estimular a ado\u00e7\u00e3o de novas solu\u00e7\u00f5es na constru\u00e7\u00e3o civil.<\/p>\n\n\n\n<p>A palestra <strong>\u201cEVA na constru\u00e7\u00e3o civil \u2013 Inova\u00e7\u00e3o, versatilidade e efici\u00eancia\u201d<\/strong>, foi conduzida por <strong>Lucas Fernando<\/strong>, s\u00f3cio fundador da <strong>Bari EVA &amp; Cia<\/strong>, empresa especializada na produ\u00e7\u00e3o e comercializa\u00e7\u00e3o de materiais em EVA (Etil Vinil Acetato).<\/p>\n\n\n\n<p>Durante a apresenta\u00e7\u00e3o, o palestrante destacou as propriedades do EVA que t\u00eam impulsionado sua utiliza\u00e7\u00e3o em diferentes segmentos, com \u00eanfase no avan\u00e7o do material na constru\u00e7\u00e3o civil. Ele explicou que o EVA vem ganhando espa\u00e7o como alternativa sustent\u00e1vel, leve, econ\u00f4mica e funcional, apresentando grande potencial para substituir insumos tradicionais em diversas aplica\u00e7\u00f5es.<\/p>\n\n\n\n<p>O p\u00fablico conheceu exemplos pr\u00e1ticos do uso do material em solu\u00e7\u00f5es para isolamento, acabamento, prote\u00e7\u00e3o e outras finalidades relacionadas ao setor. O palestrante tamb\u00e9m ampliou o panorama, mostrando a versatilidade do EVA em \u00e1reas como artesanato, educa\u00e7\u00e3o, decora\u00e7\u00e3o, embalagens, festas e processos industriais.<\/p>\n\n\n\n<p>A <strong>Bari EVA &amp; Cia<\/strong> se destaca no mercado pela oferta de produtos com alta durabilidade, variedade de cores, texturas e formatos, atendendo desde ind\u00fastrias at\u00e9 pequenos empreendedores. A participa\u00e7\u00e3o da empresa no evento refor\u00e7ou o compromisso do SINDUSCON-CO em aproximar o setor produtivo de inova\u00e7\u00f5es que contribuam para a moderniza\u00e7\u00e3o das obras e para o aumento da efici\u00eancia no canteiro.<\/p>\n\n\n\n<p>Ao final, os participantes puderam esclarecer d\u00favidas e discutir oportunidades de aplica\u00e7\u00e3o do material em seus projetos, fortalecendo a troca de conhecimento entre profissionais e empresas da regi\u00e3o.<\/p>\n","protected":false},"featured_media":3371,"template":"","categories":[],"tags":[],"class_list":["post-3369","noticias","type-noticias","status-publish","has-post-thumbnail","hentry"],"acf":[],"yoast_head":"<!-- This site is optimized with the Yoast SEO plugin v26.2 - https:\/\/yoast.com\/wordpress\/plugins\/seo\/ -->\n<title>Palestra t\u00e9cnica capacita profissionais da constru\u00e7\u00e3o civil sobre aplica\u00e7\u00f5es do EVA - Regional Centro-Oeste<\/title>\n<meta name=\"robots\" content=\"index, follow, max-snippet:-1, max-image-preview:large, max-video-preview:-1\" \/>\n<link rel=\"canonical\" href=\"https:\/\/www.fiemg.com.br\/regional-centro-oeste\/noticias\/palestra-tecnica-capacita-profissionais-da-construcao-civil-sobre-aplicacoes-do-eva\/\" \/>\n<meta property=\"og:locale\" content=\"pt_BR\" \/>\n<meta property=\"og:type\" content=\"article\" \/>\n<meta property=\"og:title\" content=\"Palestra t\u00e9cnica capacita profissionais da constru\u00e7\u00e3o civil sobre aplica\u00e7\u00f5es do EVA - Regional Centro-Oeste\" \/>\n<meta property=\"og:description\" content=\"O Sindicato da Ind\u00fastria da Constru\u00e7\u00e3o Civil do Centro-Oeste de Minas (SINDUSCON-CO) promoveu, na \u00faltima ter\u00e7a-feira (25), na sede da FIEMG Regional Centro-Oeste, mais uma capacita\u00e7\u00e3o voltada para associados e profissionais do setor. A programa\u00e7\u00e3o integrou a agenda de a\u00e7\u00f5es do sindicato destinadas a fortalecer a qualifica\u00e7\u00e3o t\u00e9cnica e estimular a ado\u00e7\u00e3o de novas solu\u00e7\u00f5es [&hellip;]\" \/>\n<meta property=\"og:url\" content=\"https:\/\/www.fiemg.com.br\/regional-centro-oeste\/noticias\/palestra-tecnica-capacita-profissionais-da-construcao-civil-sobre-aplicacoes-do-eva\/\" \/>\n<meta property=\"og:site_name\" content=\"Regional Centro-Oeste\" \/>\n<meta property=\"article:modified_time\" content=\"2025-11-28T17:32:35+00:00\" \/>\n<meta property=\"og:image\" content=\"https:\/\/www.fiemg.com.br\/regional-centro-oeste\/wp-content\/uploads\/sites\/16\/2025\/11\/palestra-EVA-Sinduscon-e1764351142653.jpg\" \/>\n\t<meta property=\"og:image:width\" content=\"1230\" \/>\n\t<meta property=\"og:image:height\" content=\"1010\" \/>\n\t<meta property=\"og:image:type\" content=\"image\/jpeg\" \/>\n<meta name=\"twitter:card\" content=\"summary_large_image\" \/>\n<meta name=\"twitter:label1\" content=\"Est. tempo de leitura\" \/>\n\t<meta name=\"twitter:data1\" content=\"2 minutos\" \/>\n<script type=\"application\/ld+json\" class=\"yoast-schema-graph\">{\"@context\":\"https:\/\/schema.org\",\"@graph\":[{\"@type\":\"WebPage\",\"@id\":\"https:\/\/www.fiemg.com.br\/regional-centro-oeste\/noticias\/palestra-tecnica-capacita-profissionais-da-construcao-civil-sobre-aplicacoes-do-eva\/\",\"url\":\"https:\/\/www.fiemg.com.br\/regional-centro-oeste\/noticias\/palestra-tecnica-capacita-profissionais-da-construcao-civil-sobre-aplicacoes-do-eva\/\",\"name\":\"Palestra t\u00e9cnica capacita profissionais da constru\u00e7\u00e3o civil sobre aplica\u00e7\u00f5es do EVA - Regional Centro-Oeste\",\"isPartOf\":{\"@id\":\"https:\/\/www.fiemg.com.br\/regional-centro-oeste\/#website\"},\"primaryImageOfPage\":{\"@id\":\"https:\/\/www.fiemg.com.br\/regional-centro-oeste\/noticias\/palestra-tecnica-capacita-profissionais-da-construcao-civil-sobre-aplicacoes-do-eva\/#primaryimage\"},\"image\":{\"@id\":\"https:\/\/www.fiemg.com.br\/regional-centro-oeste\/noticias\/palestra-tecnica-capacita-profissionais-da-construcao-civil-sobre-aplicacoes-do-eva\/#primaryimage\"},\"thumbnailUrl\":\"https:\/\/www.fiemg.com.br\/regional-centro-oeste\/wp-content\/uploads\/sites\/16\/2025\/11\/palestra-EVA-Sinduscon-e1764351142653.jpg\",\"datePublished\":\"2025-11-28T17:32:32+00:00\",\"dateModified\":\"2025-11-28T17:32:35+00:00\",\"breadcrumb\":{\"@id\":\"https:\/\/www.fiemg.com.br\/regional-centro-oeste\/noticias\/palestra-tecnica-capacita-profissionais-da-construcao-civil-sobre-aplicacoes-do-eva\/#breadcrumb\"},\"inLanguage\":\"pt-BR\",\"potentialAction\":[{\"@type\":\"ReadAction\",\"target\":[\"https:\/\/www.fiemg.com.br\/regional-centro-oeste\/noticias\/palestra-tecnica-capacita-profissionais-da-construcao-civil-sobre-aplicacoes-do-eva\/\"]}]},{\"@type\":\"ImageObject\",\"inLanguage\":\"pt-BR\",\"@id\":\"https:\/\/www.fiemg.com.br\/regional-centro-oeste\/noticias\/palestra-tecnica-capacita-profissionais-da-construcao-civil-sobre-aplicacoes-do-eva\/#primaryimage\",\"url\":\"https:\/\/www.fiemg.com.br\/regional-centro-oeste\/wp-content\/uploads\/sites\/16\/2025\/11\/palestra-EVA-Sinduscon-e1764351142653.jpg\",\"contentUrl\":\"https:\/\/www.fiemg.com.br\/regional-centro-oeste\/wp-content\/uploads\/sites\/16\/2025\/11\/palestra-EVA-Sinduscon-e1764351142653.jpg\",\"width\":1230,\"height\":1010},{\"@type\":\"BreadcrumbList\",\"@id\":\"https:\/\/www.fiemg.com.br\/regional-centro-oeste\/noticias\/palestra-tecnica-capacita-profissionais-da-construcao-civil-sobre-aplicacoes-do-eva\/#breadcrumb\",\"itemListElement\":[{\"@type\":\"ListItem\",\"position\":1,\"name\":\"In\u00edcio\",\"item\":\"https:\/\/www.fiemg.com.br\/regional-centro-oeste\/\"},{\"@type\":\"ListItem\",\"position\":2,\"name\":\"Palestra t\u00e9cnica capacita profissionais da constru\u00e7\u00e3o civil sobre aplica\u00e7\u00f5es do EVA\"}]},{\"@type\":\"WebSite\",\"@id\":\"https:\/\/www.fiemg.com.br\/regional-centro-oeste\/#website\",\"url\":\"https:\/\/www.fiemg.com.br\/regional-centro-oeste\/\",\"name\":\"Regional Centro-Oeste\",\"description\":\"Federa\u00e7\u00e3o das Ind\u00fastrias do Estado de Minas Gerais\",\"publisher\":{\"@id\":\"https:\/\/www.fiemg.com.br\/regional-centro-oeste\/#organization\"},\"potentialAction\":[{\"@type\":\"SearchAction\",\"target\":{\"@type\":\"EntryPoint\",\"urlTemplate\":\"https:\/\/www.fiemg.com.br\/regional-centro-oeste\/?s={search_term_string}\"},\"query-input\":{\"@type\":\"PropertyValueSpecification\",\"valueRequired\":true,\"valueName\":\"search_term_string\"}}],\"inLanguage\":\"pt-BR\"},{\"@type\":\"Organization\",\"@id\":\"https:\/\/www.fiemg.com.br\/regional-centro-oeste\/#organization\",\"name\":\"Regional Centro-Oeste\",\"url\":\"https:\/\/www.fiemg.com.br\/regional-centro-oeste\/\",\"logo\":{\"@type\":\"ImageObject\",\"inLanguage\":\"pt-BR\",\"@id\":\"https:\/\/www.fiemg.com.br\/regional-centro-oeste\/#\/schema\/logo\/image\/\",\"url\":\"https:\/\/www.fiemg.com.br\/regional-centro-oeste\/wp-content\/uploads\/sites\/16\/2023\/02\/Ativo-1.png\",\"contentUrl\":\"https:\/\/www.fiemg.com.br\/regional-centro-oeste\/wp-content\/uploads\/sites\/16\/2023\/02\/Ativo-1.png\",\"width\":563,\"height\":149,\"caption\":\"Regional Centro-Oeste\"},\"image\":{\"@id\":\"https:\/\/www.fiemg.com.br\/regional-centro-oeste\/#\/schema\/logo\/image\/\"}}]}<\/script>\n<!-- \/ Yoast SEO plugin. -->","yoast_head_json":{"title":"Palestra t\u00e9cnica capacita profissionais da constru\u00e7\u00e3o civil sobre aplica\u00e7\u00f5es do EVA - Regional Centro-Oeste","robots":{"index":"index","follow":"follow","max-snippet":"max-snippet:-1","max-image-preview":"max-image-preview:large","max-video-preview":"max-video-preview:-1"},"canonical":"https:\/\/www.fiemg.com.br\/regional-centro-oeste\/noticias\/palestra-tecnica-capacita-profissionais-da-construcao-civil-sobre-aplicacoes-do-eva\/","og_locale":"pt_BR","og_type":"article","og_title":"Palestra t\u00e9cnica capacita profissionais da constru\u00e7\u00e3o civil sobre aplica\u00e7\u00f5es do EVA - Regional Centro-Oeste","og_description":"O Sindicato da Ind\u00fastria da Constru\u00e7\u00e3o Civil do Centro-Oeste de Minas (SINDUSCON-CO) promoveu, na \u00faltima ter\u00e7a-feira (25), na sede da FIEMG Regional Centro-Oeste, mais uma capacita\u00e7\u00e3o voltada para associados e profissionais do setor. A programa\u00e7\u00e3o integrou a agenda de a\u00e7\u00f5es do sindicato destinadas a fortalecer a qualifica\u00e7\u00e3o t\u00e9cnica e estimular a ado\u00e7\u00e3o de novas solu\u00e7\u00f5es [&hellip;]","og_url":"https:\/\/www.fiemg.com.br\/regional-centro-oeste\/noticias\/palestra-tecnica-capacita-profissionais-da-construcao-civil-sobre-aplicacoes-do-eva\/","og_site_name":"Regional Centro-Oeste","article_modified_time":"2025-11-28T17:32:35+00:00","og_image":[{"width":1230,"height":1010,"url":"https:\/\/www.fiemg.com.br\/regional-centro-oeste\/wp-content\/uploads\/sites\/16\/2025\/11\/palestra-EVA-Sinduscon-e1764351142653.jpg","type":"image\/jpeg"}],"twitter_card":"summary_large_image","twitter_misc":{"Est. tempo de leitura":"2 minutos"},"schema":{"@context":"https:\/\/schema.org","@graph":[{"@type":"WebPage","@id":"https:\/\/www.fiemg.com.br\/regional-centro-oeste\/noticias\/palestra-tecnica-capacita-profissionais-da-construcao-civil-sobre-aplicacoes-do-eva\/","url":"https:\/\/www.fiemg.com.br\/regional-centro-oeste\/noticias\/palestra-tecnica-capacita-profissionais-da-construcao-civil-sobre-aplicacoes-do-eva\/","name":"Palestra t\u00e9cnica capacita profissionais da constru\u00e7\u00e3o civil sobre aplica\u00e7\u00f5es do EVA - Regional Centro-Oeste","isPartOf":{"@id":"https:\/\/www.fiemg.com.br\/regional-centro-oeste\/#website"},"primaryImageOfPage":{"@id":"https:\/\/www.fiemg.com.br\/regional-centro-oeste\/noticias\/palestra-tecnica-capacita-profissionais-da-construcao-civil-sobre-aplicacoes-do-eva\/#primaryimage"},"image":{"@id":"https:\/\/www.fiemg.com.br\/regional-centro-oeste\/noticias\/palestra-tecnica-capacita-profissionais-da-construcao-civil-sobre-aplicacoes-do-eva\/#primaryimage"},"thumbnailUrl":"https:\/\/www.fiemg.com.br\/regional-centro-oeste\/wp-content\/uploads\/sites\/16\/2025\/11\/palestra-EVA-Sinduscon-e1764351142653.jpg","datePublished":"2025-11-28T17:32:32+00:00","dateModified":"2025-11-28T17:32:35+00:00","breadcrumb":{"@id":"https:\/\/www.fiemg.com.br\/regional-centro-oeste\/noticias\/palestra-tecnica-capacita-profissionais-da-construcao-civil-sobre-aplicacoes-do-eva\/#breadcrumb"},"inLanguage":"pt-BR","potentialAction":[{"@type":"ReadAction","target":["https:\/\/www.fiemg.com.br\/regional-centro-oeste\/noticias\/palestra-tecnica-capacita-profissionais-da-construcao-civil-sobre-aplicacoes-do-eva\/"]}]},{"@type":"ImageObject","inLanguage":"pt-BR","@id":"https:\/\/www.fiemg.com.br\/regional-centro-oeste\/noticias\/palestra-tecnica-capacita-profissionais-da-construcao-civil-sobre-aplicacoes-do-eva\/#primaryimage","url":"https:\/\/www.fiemg.com.br\/regional-centro-oeste\/wp-content\/uploads\/sites\/16\/2025\/11\/palestra-EVA-Sinduscon-e1764351142653.jpg","contentUrl":"https:\/\/www.fiemg.com.br\/regional-centro-oeste\/wp-content\/uploads\/sites\/16\/2025\/11\/palestra-EVA-Sinduscon-e1764351142653.jpg","width":1230,"height":1010},{"@type":"BreadcrumbList","@id":"https:\/\/www.fiemg.com.br\/regional-centro-oeste\/noticias\/palestra-tecnica-capacita-profissionais-da-construcao-civil-sobre-aplicacoes-do-eva\/#breadcrumb","itemListElement":[{"@type":"ListItem","position":1,"name":"In\u00edcio","item":"https:\/\/www.fiemg.com.br\/regional-centro-oeste\/"},{"@type":"ListItem","position":2,"name":"Palestra t\u00e9cnica capacita profissionais da constru\u00e7\u00e3o civil sobre aplica\u00e7\u00f5es do EVA"}]},{"@type":"WebSite","@id":"https:\/\/www.fiemg.com.br\/regional-centro-oeste\/#website","url":"https:\/\/www.fiemg.com.br\/regional-centro-oeste\/","name":"Regional Centro-Oeste","description":"Federa\u00e7\u00e3o das Ind\u00fastrias do Estado de Minas Gerais","publisher":{"@id":"https:\/\/www.fiemg.com.br\/regional-centro-oeste\/#organization"},"potentialAction":[{"@type":"SearchAction","target":{"@type":"EntryPoint","urlTemplate":"https:\/\/www.fiemg.com.br\/regional-centro-oeste\/?s={search_term_string}"},"query-input":{"@type":"PropertyValueSpecification","valueRequired":true,"valueName":"search_term_string"}}],"inLanguage":"pt-BR"},{"@type":"Organization","@id":"https:\/\/www.fiemg.com.br\/regional-centro-oeste\/#organization","name":"Regional Centro-Oeste","url":"https:\/\/www.fiemg.com.br\/regional-centro-oeste\/","logo":{"@type":"ImageObject","inLanguage":"pt-BR","@id":"https:\/\/www.fiemg.com.br\/regional-centro-oeste\/#\/schema\/logo\/image\/","url":"https:\/\/www.fiemg.com.br\/regional-centro-oeste\/wp-content\/uploads\/sites\/16\/2023\/02\/Ativo-1.png","contentUrl":"https:\/\/www.fiemg.com.br\/regional-centro-oeste\/wp-content\/uploads\/sites\/16\/2023\/02\/Ativo-1.png","width":563,"height":149,"caption":"Regional Centro-Oeste"},"image":{"@id":"https:\/\/www.fiemg.com.br\/regional-centro-oeste\/#\/schema\/logo\/image\/"}}]}},"_links":{"self":[{"href":"https:\/\/www.fiemg.com.br\/regional-centro-oeste\/wp-json\/wp\/v2\/noticias\/3369","targetHints":{"allow":["GET"]}}],"collection":[{"href":"https:\/\/www.fiemg.com.br\/regional-centro-oeste\/wp-json\/wp\/v2\/noticias"}],"about":[{"href":"https:\/\/www.fiemg.com.br\/regional-centro-oeste\/wp-json\/wp\/v2\/types\/noticias"}],"wp:featuredmedia":[{"embeddable":true,"href":"https:\/\/www.fiemg.com.br\/regional-centro-oeste\/wp-json\/wp\/v2\/media\/3371"}],"wp:attachment":[{"href":"https:\/\/www.fiemg.com.br\/regional-centro-oeste\/wp-json\/wp\/v2\/media?parent=3369"}],"wp:term":[{"taxonomy":"category","embeddable":true,"href":"https:\/\/www.fiemg.com.br\/regional-centro-oeste\/wp-json\/wp\/v2\/categories?post=3369"},{"taxonomy":"post_tag","embeddable":true,"href":"https:\/\/www.fiemg.com.br\/regional-centro-oeste\/wp-json\/wp\/v2\/tags?post=3369"}],"curies":[{"name":"wp","href":"https:\/\/api.w.org\/{rel}","templated":true}]}}