{"id":3378,"date":"2025-12-09T13:57:55","date_gmt":"2025-12-09T16:57:55","guid":{"rendered":"https:\/\/www.fiemg.com.br\/regional-centro-oeste\/?post_type=noticias&#038;p=3378"},"modified":"2025-12-09T13:57:59","modified_gmt":"2025-12-09T16:57:59","slug":"grupo-infraestrutura-do-comdes-encerra-atividades-de-2025-com-balanco-positivo-e-confraternizacao","status":"publish","type":"noticias","link":"https:\/\/www.fiemg.com.br\/regional-centro-oeste\/noticias\/grupo-infraestrutura-do-comdes-encerra-atividades-de-2025-com-balanco-positivo-e-confraternizacao\/","title":{"rendered":"Grupo Infraestrutura do COMDES encerra atividades de 2025 com balan\u00e7o positivo e confraterniza\u00e7\u00e3o"},"content":{"rendered":"\n<figure class=\"wp-block-image aligncenter size-large\"><img fetchpriority=\"high\" decoding=\"async\" width=\"1024\" height=\"456\" src=\"https:\/\/www.fiemg.com.br\/regional-centro-oeste\/wp-content\/uploads\/sites\/16\/2025\/12\/Confra-infraestrutura-1024x456.jpg\" alt=\"\" class=\"wp-image-3379\" srcset=\"https:\/\/www.fiemg.com.br\/regional-centro-oeste\/wp-content\/uploads\/sites\/16\/2025\/12\/Confra-infraestrutura-1024x456.jpg 1024w, https:\/\/www.fiemg.com.br\/regional-centro-oeste\/wp-content\/uploads\/sites\/16\/2025\/12\/Confra-infraestrutura-300x134.jpg 300w, https:\/\/www.fiemg.com.br\/regional-centro-oeste\/wp-content\/uploads\/sites\/16\/2025\/12\/Confra-infraestrutura-768x342.jpg 768w, https:\/\/www.fiemg.com.br\/regional-centro-oeste\/wp-content\/uploads\/sites\/16\/2025\/12\/Confra-infraestrutura-1536x684.jpg 1536w, https:\/\/www.fiemg.com.br\/regional-centro-oeste\/wp-content\/uploads\/sites\/16\/2025\/12\/Confra-infraestrutura.jpg 1600w\" sizes=\"(max-width: 1024px) 100vw, 1024px\" \/><\/figure>\n\n\n\n<p>O grupo tem\u00e1tico Infraestrutura, vinculado ao Conselho Municipal de Desenvolvimento Econ\u00f4mico e Social de Divin\u00f3polis (COMDES), encerrou suas atividades de 2025 ap\u00f3s um ano de debates e planejamento de a\u00e7\u00f5es voltadas ao desenvolvimento do munic\u00edpio. A \u00faltima reuni\u00e3o oficial ocorreu na ter\u00e7a-feira (2), na sede da FIEMG Regional Centro-Oeste, que sediou os encontros ao longo do ano. Para celebrar os avan\u00e7os obtidos, os membros do grupo participaram de uma confraterniza\u00e7\u00e3o realizada nesta segunda-feira (8).<\/p>\n\n\n\n<p>Com participa\u00e7\u00e3o ativa do presidente da FIEMG Regional Centro-Oeste, Eduardo Soares, o grupo Infraestrutura promoveu discuss\u00f5es sobre demandas priorit\u00e1rias para o crescimento sustent\u00e1vel da cidade, especialmente nas \u00e1reas de mobilidade, obras estruturantes e planejamento urbano. Al\u00e9m dele, o dirigente tamb\u00e9m integra o grupo tem\u00e1tico Turismo e Agroneg\u00f3cio, que funciona de forma complementar dentro do COMDES. Membros do Grupo Gestor tamb\u00e9m participam das subdivis\u00f5es setoriais, fortalecendo a articula\u00e7\u00e3o entre diferentes frentes de trabalho.<\/p>\n\n\n\n<figure class=\"wp-block-image aligncenter size-large is-resized\"><img decoding=\"async\" width=\"1024\" height=\"603\" src=\"https:\/\/www.fiemg.com.br\/regional-centro-oeste\/wp-content\/uploads\/sites\/16\/2025\/12\/reuniao-infraestrutura-e1765299417387-1024x603.jpg\" alt=\"\" class=\"wp-image-3381\" style=\"width:464px;height:auto\" srcset=\"https:\/\/www.fiemg.com.br\/regional-centro-oeste\/wp-content\/uploads\/sites\/16\/2025\/12\/reuniao-infraestrutura-e1765299417387-1024x603.jpg 1024w, https:\/\/www.fiemg.com.br\/regional-centro-oeste\/wp-content\/uploads\/sites\/16\/2025\/12\/reuniao-infraestrutura-e1765299417387-300x177.jpg 300w, https:\/\/www.fiemg.com.br\/regional-centro-oeste\/wp-content\/uploads\/sites\/16\/2025\/12\/reuniao-infraestrutura-e1765299417387-768x452.jpg 768w, https:\/\/www.fiemg.com.br\/regional-centro-oeste\/wp-content\/uploads\/sites\/16\/2025\/12\/reuniao-infraestrutura-e1765299417387.jpg 1380w\" sizes=\"(max-width: 1024px) 100vw, 1024px\" \/><\/figure>\n\n\n\n<p>Segundo Eduardo Soares, os avan\u00e7os registrados ao longo de 2025 refletem a import\u00e2ncia do di\u00e1logo constante entre os diversos setores da sociedade civil organizada. Ele destaca que novos projetos ser\u00e3o priorizados em 2026, com o objetivo de acelerar iniciativas essenciais para o desenvolvimento socioecon\u00f4mico e para a atra\u00e7\u00e3o de investimentos.<\/p>\n\n\n\n<p>\u201cA uni\u00e3o entre Poder P\u00fablico, setor empresarial, entidades de classe e seus respectivos corpos t\u00e9cnicos \u00e9 essencial para buscar solu\u00e7\u00f5es pertinentes a cada demanda do munic\u00edpio de forma mais assertiva\u201d, afirmou.<\/p>\n\n\n\n<p>Ao longo do pr\u00f3ximo ano, os grupos devem intensificar o planejamento e as a\u00e7\u00f5es estrat\u00e9gicas, ampliando o impacto das pol\u00edticas de desenvolvimento e fortalecendo a atua\u00e7\u00e3o conjunta entre os setores envolvidos.<\/p>\n","protected":false},"featured_media":3380,"template":"","categories":[],"tags":[],"class_list":["post-3378","noticias","type-noticias","status-publish","has-post-thumbnail","hentry"],"acf":[],"yoast_head":"<!-- This site is optimized with the Yoast SEO plugin v26.2 - https:\/\/yoast.com\/wordpress\/plugins\/seo\/ -->\n<title>Grupo Infraestrutura do COMDES encerra atividades de 2025 com balan\u00e7o positivo e confraterniza\u00e7\u00e3o - Regional Centro-Oeste<\/title>\n<meta name=\"robots\" content=\"index, follow, max-snippet:-1, max-image-preview:large, max-video-preview:-1\" \/>\n<link rel=\"canonical\" href=\"https:\/\/www.fiemg.com.br\/regional-centro-oeste\/noticias\/grupo-infraestrutura-do-comdes-encerra-atividades-de-2025-com-balanco-positivo-e-confraternizacao\/\" \/>\n<meta property=\"og:locale\" content=\"pt_BR\" \/>\n<meta property=\"og:type\" content=\"article\" \/>\n<meta property=\"og:title\" content=\"Grupo Infraestrutura do COMDES encerra atividades de 2025 com balan\u00e7o positivo e confraterniza\u00e7\u00e3o - Regional Centro-Oeste\" \/>\n<meta property=\"og:description\" content=\"O grupo tem\u00e1tico Infraestrutura, vinculado ao Conselho Municipal de Desenvolvimento Econ\u00f4mico e Social de Divin\u00f3polis (COMDES), encerrou suas atividades de 2025 ap\u00f3s um ano de debates e planejamento de a\u00e7\u00f5es voltadas ao desenvolvimento do munic\u00edpio. A \u00faltima reuni\u00e3o oficial ocorreu na ter\u00e7a-feira (2), na sede da FIEMG Regional Centro-Oeste, que sediou os encontros ao longo [&hellip;]\" \/>\n<meta property=\"og:url\" content=\"https:\/\/www.fiemg.com.br\/regional-centro-oeste\/noticias\/grupo-infraestrutura-do-comdes-encerra-atividades-de-2025-com-balanco-positivo-e-confraternizacao\/\" \/>\n<meta property=\"og:site_name\" content=\"Regional Centro-Oeste\" \/>\n<meta property=\"article:modified_time\" content=\"2025-12-09T16:57:59+00:00\" \/>\n<meta property=\"og:image\" content=\"https:\/\/www.fiemg.com.br\/regional-centro-oeste\/wp-content\/uploads\/sites\/16\/2025\/12\/encontro-Confra-infraestrutura-e1765299467903.jpg\" \/>\n\t<meta property=\"og:image:width\" content=\"712\" \/>\n\t<meta property=\"og:image:height\" content=\"712\" \/>\n\t<meta property=\"og:image:type\" content=\"image\/jpeg\" \/>\n<meta name=\"twitter:card\" content=\"summary_large_image\" \/>\n<meta name=\"twitter:label1\" content=\"Est. tempo de leitura\" \/>\n\t<meta name=\"twitter:data1\" content=\"3 minutos\" \/>\n<script type=\"application\/ld+json\" class=\"yoast-schema-graph\">{\"@context\":\"https:\/\/schema.org\",\"@graph\":[{\"@type\":\"WebPage\",\"@id\":\"https:\/\/www.fiemg.com.br\/regional-centro-oeste\/noticias\/grupo-infraestrutura-do-comdes-encerra-atividades-de-2025-com-balanco-positivo-e-confraternizacao\/\",\"url\":\"https:\/\/www.fiemg.com.br\/regional-centro-oeste\/noticias\/grupo-infraestrutura-do-comdes-encerra-atividades-de-2025-com-balanco-positivo-e-confraternizacao\/\",\"name\":\"Grupo Infraestrutura do COMDES encerra atividades de 2025 com balan\u00e7o positivo e confraterniza\u00e7\u00e3o - Regional Centro-Oeste\",\"isPartOf\":{\"@id\":\"https:\/\/www.fiemg.com.br\/regional-centro-oeste\/#website\"},\"primaryImageOfPage\":{\"@id\":\"https:\/\/www.fiemg.com.br\/regional-centro-oeste\/noticias\/grupo-infraestrutura-do-comdes-encerra-atividades-de-2025-com-balanco-positivo-e-confraternizacao\/#primaryimage\"},\"image\":{\"@id\":\"https:\/\/www.fiemg.com.br\/regional-centro-oeste\/noticias\/grupo-infraestrutura-do-comdes-encerra-atividades-de-2025-com-balanco-positivo-e-confraternizacao\/#primaryimage\"},\"thumbnailUrl\":\"https:\/\/www.fiemg.com.br\/regional-centro-oeste\/wp-content\/uploads\/sites\/16\/2025\/12\/encontro-Confra-infraestrutura-e1765299467903.jpg\",\"datePublished\":\"2025-12-09T16:57:55+00:00\",\"dateModified\":\"2025-12-09T16:57:59+00:00\",\"breadcrumb\":{\"@id\":\"https:\/\/www.fiemg.com.br\/regional-centro-oeste\/noticias\/grupo-infraestrutura-do-comdes-encerra-atividades-de-2025-com-balanco-positivo-e-confraternizacao\/#breadcrumb\"},\"inLanguage\":\"pt-BR\",\"potentialAction\":[{\"@type\":\"ReadAction\",\"target\":[\"https:\/\/www.fiemg.com.br\/regional-centro-oeste\/noticias\/grupo-infraestrutura-do-comdes-encerra-atividades-de-2025-com-balanco-positivo-e-confraternizacao\/\"]}]},{\"@type\":\"ImageObject\",\"inLanguage\":\"pt-BR\",\"@id\":\"https:\/\/www.fiemg.com.br\/regional-centro-oeste\/noticias\/grupo-infraestrutura-do-comdes-encerra-atividades-de-2025-com-balanco-positivo-e-confraternizacao\/#primaryimage\",\"url\":\"https:\/\/www.fiemg.com.br\/regional-centro-oeste\/wp-content\/uploads\/sites\/16\/2025\/12\/encontro-Confra-infraestrutura-e1765299467903.jpg\",\"contentUrl\":\"https:\/\/www.fiemg.com.br\/regional-centro-oeste\/wp-content\/uploads\/sites\/16\/2025\/12\/encontro-Confra-infraestrutura-e1765299467903.jpg\",\"width\":712,\"height\":712},{\"@type\":\"BreadcrumbList\",\"@id\":\"https:\/\/www.fiemg.com.br\/regional-centro-oeste\/noticias\/grupo-infraestrutura-do-comdes-encerra-atividades-de-2025-com-balanco-positivo-e-confraternizacao\/#breadcrumb\",\"itemListElement\":[{\"@type\":\"ListItem\",\"position\":1,\"name\":\"In\u00edcio\",\"item\":\"https:\/\/www.fiemg.com.br\/regional-centro-oeste\/\"},{\"@type\":\"ListItem\",\"position\":2,\"name\":\"Grupo Infraestrutura do COMDES encerra atividades de 2025 com balan\u00e7o positivo e confraterniza\u00e7\u00e3o\"}]},{\"@type\":\"WebSite\",\"@id\":\"https:\/\/www.fiemg.com.br\/regional-centro-oeste\/#website\",\"url\":\"https:\/\/www.fiemg.com.br\/regional-centro-oeste\/\",\"name\":\"Regional Centro-Oeste\",\"description\":\"Federa\u00e7\u00e3o das Ind\u00fastrias do Estado de Minas Gerais\",\"publisher\":{\"@id\":\"https:\/\/www.fiemg.com.br\/regional-centro-oeste\/#organization\"},\"potentialAction\":[{\"@type\":\"SearchAction\",\"target\":{\"@type\":\"EntryPoint\",\"urlTemplate\":\"https:\/\/www.fiemg.com.br\/regional-centro-oeste\/?s={search_term_string}\"},\"query-input\":{\"@type\":\"PropertyValueSpecification\",\"valueRequired\":true,\"valueName\":\"search_term_string\"}}],\"inLanguage\":\"pt-BR\"},{\"@type\":\"Organization\",\"@id\":\"https:\/\/www.fiemg.com.br\/regional-centro-oeste\/#organization\",\"name\":\"Regional Centro-Oeste\",\"url\":\"https:\/\/www.fiemg.com.br\/regional-centro-oeste\/\",\"logo\":{\"@type\":\"ImageObject\",\"inLanguage\":\"pt-BR\",\"@id\":\"https:\/\/www.fiemg.com.br\/regional-centro-oeste\/#\/schema\/logo\/image\/\",\"url\":\"https:\/\/www.fiemg.com.br\/regional-centro-oeste\/wp-content\/uploads\/sites\/16\/2023\/02\/Ativo-1.png\",\"contentUrl\":\"https:\/\/www.fiemg.com.br\/regional-centro-oeste\/wp-content\/uploads\/sites\/16\/2023\/02\/Ativo-1.png\",\"width\":563,\"height\":149,\"caption\":\"Regional Centro-Oeste\"},\"image\":{\"@id\":\"https:\/\/www.fiemg.com.br\/regional-centro-oeste\/#\/schema\/logo\/image\/\"}}]}<\/script>\n<!-- \/ Yoast SEO plugin. -->","yoast_head_json":{"title":"Grupo Infraestrutura do COMDES encerra atividades de 2025 com balan\u00e7o positivo e confraterniza\u00e7\u00e3o - Regional Centro-Oeste","robots":{"index":"index","follow":"follow","max-snippet":"max-snippet:-1","max-image-preview":"max-image-preview:large","max-video-preview":"max-video-preview:-1"},"canonical":"https:\/\/www.fiemg.com.br\/regional-centro-oeste\/noticias\/grupo-infraestrutura-do-comdes-encerra-atividades-de-2025-com-balanco-positivo-e-confraternizacao\/","og_locale":"pt_BR","og_type":"article","og_title":"Grupo Infraestrutura do COMDES encerra atividades de 2025 com balan\u00e7o positivo e confraterniza\u00e7\u00e3o - Regional Centro-Oeste","og_description":"O grupo tem\u00e1tico Infraestrutura, vinculado ao Conselho Municipal de Desenvolvimento Econ\u00f4mico e Social de Divin\u00f3polis (COMDES), encerrou suas atividades de 2025 ap\u00f3s um ano de debates e planejamento de a\u00e7\u00f5es voltadas ao desenvolvimento do munic\u00edpio. A \u00faltima reuni\u00e3o oficial ocorreu na ter\u00e7a-feira (2), na sede da FIEMG Regional Centro-Oeste, que sediou os encontros ao longo [&hellip;]","og_url":"https:\/\/www.fiemg.com.br\/regional-centro-oeste\/noticias\/grupo-infraestrutura-do-comdes-encerra-atividades-de-2025-com-balanco-positivo-e-confraternizacao\/","og_site_name":"Regional Centro-Oeste","article_modified_time":"2025-12-09T16:57:59+00:00","og_image":[{"width":712,"height":712,"url":"https:\/\/www.fiemg.com.br\/regional-centro-oeste\/wp-content\/uploads\/sites\/16\/2025\/12\/encontro-Confra-infraestrutura-e1765299467903.jpg","type":"image\/jpeg"}],"twitter_card":"summary_large_image","twitter_misc":{"Est. tempo de leitura":"3 minutos"},"schema":{"@context":"https:\/\/schema.org","@graph":[{"@type":"WebPage","@id":"https:\/\/www.fiemg.com.br\/regional-centro-oeste\/noticias\/grupo-infraestrutura-do-comdes-encerra-atividades-de-2025-com-balanco-positivo-e-confraternizacao\/","url":"https:\/\/www.fiemg.com.br\/regional-centro-oeste\/noticias\/grupo-infraestrutura-do-comdes-encerra-atividades-de-2025-com-balanco-positivo-e-confraternizacao\/","name":"Grupo Infraestrutura do COMDES encerra atividades de 2025 com balan\u00e7o positivo e confraterniza\u00e7\u00e3o - Regional Centro-Oeste","isPartOf":{"@id":"https:\/\/www.fiemg.com.br\/regional-centro-oeste\/#website"},"primaryImageOfPage":{"@id":"https:\/\/www.fiemg.com.br\/regional-centro-oeste\/noticias\/grupo-infraestrutura-do-comdes-encerra-atividades-de-2025-com-balanco-positivo-e-confraternizacao\/#primaryimage"},"image":{"@id":"https:\/\/www.fiemg.com.br\/regional-centro-oeste\/noticias\/grupo-infraestrutura-do-comdes-encerra-atividades-de-2025-com-balanco-positivo-e-confraternizacao\/#primaryimage"},"thumbnailUrl":"https:\/\/www.fiemg.com.br\/regional-centro-oeste\/wp-content\/uploads\/sites\/16\/2025\/12\/encontro-Confra-infraestrutura-e1765299467903.jpg","datePublished":"2025-12-09T16:57:55+00:00","dateModified":"2025-12-09T16:57:59+00:00","breadcrumb":{"@id":"https:\/\/www.fiemg.com.br\/regional-centro-oeste\/noticias\/grupo-infraestrutura-do-comdes-encerra-atividades-de-2025-com-balanco-positivo-e-confraternizacao\/#breadcrumb"},"inLanguage":"pt-BR","potentialAction":[{"@type":"ReadAction","target":["https:\/\/www.fiemg.com.br\/regional-centro-oeste\/noticias\/grupo-infraestrutura-do-comdes-encerra-atividades-de-2025-com-balanco-positivo-e-confraternizacao\/"]}]},{"@type":"ImageObject","inLanguage":"pt-BR","@id":"https:\/\/www.fiemg.com.br\/regional-centro-oeste\/noticias\/grupo-infraestrutura-do-comdes-encerra-atividades-de-2025-com-balanco-positivo-e-confraternizacao\/#primaryimage","url":"https:\/\/www.fiemg.com.br\/regional-centro-oeste\/wp-content\/uploads\/sites\/16\/2025\/12\/encontro-Confra-infraestrutura-e1765299467903.jpg","contentUrl":"https:\/\/www.fiemg.com.br\/regional-centro-oeste\/wp-content\/uploads\/sites\/16\/2025\/12\/encontro-Confra-infraestrutura-e1765299467903.jpg","width":712,"height":712},{"@type":"BreadcrumbList","@id":"https:\/\/www.fiemg.com.br\/regional-centro-oeste\/noticias\/grupo-infraestrutura-do-comdes-encerra-atividades-de-2025-com-balanco-positivo-e-confraternizacao\/#breadcrumb","itemListElement":[{"@type":"ListItem","position":1,"name":"In\u00edcio","item":"https:\/\/www.fiemg.com.br\/regional-centro-oeste\/"},{"@type":"ListItem","position":2,"name":"Grupo Infraestrutura do COMDES encerra atividades de 2025 com balan\u00e7o positivo e confraterniza\u00e7\u00e3o"}]},{"@type":"WebSite","@id":"https:\/\/www.fiemg.com.br\/regional-centro-oeste\/#website","url":"https:\/\/www.fiemg.com.br\/regional-centro-oeste\/","name":"Regional Centro-Oeste","description":"Federa\u00e7\u00e3o das Ind\u00fastrias do Estado de Minas Gerais","publisher":{"@id":"https:\/\/www.fiemg.com.br\/regional-centro-oeste\/#organization"},"potentialAction":[{"@type":"SearchAction","target":{"@type":"EntryPoint","urlTemplate":"https:\/\/www.fiemg.com.br\/regional-centro-oeste\/?s={search_term_string}"},"query-input":{"@type":"PropertyValueSpecification","valueRequired":true,"valueName":"search_term_string"}}],"inLanguage":"pt-BR"},{"@type":"Organization","@id":"https:\/\/www.fiemg.com.br\/regional-centro-oeste\/#organization","name":"Regional Centro-Oeste","url":"https:\/\/www.fiemg.com.br\/regional-centro-oeste\/","logo":{"@type":"ImageObject","inLanguage":"pt-BR","@id":"https:\/\/www.fiemg.com.br\/regional-centro-oeste\/#\/schema\/logo\/image\/","url":"https:\/\/www.fiemg.com.br\/regional-centro-oeste\/wp-content\/uploads\/sites\/16\/2023\/02\/Ativo-1.png","contentUrl":"https:\/\/www.fiemg.com.br\/regional-centro-oeste\/wp-content\/uploads\/sites\/16\/2023\/02\/Ativo-1.png","width":563,"height":149,"caption":"Regional Centro-Oeste"},"image":{"@id":"https:\/\/www.fiemg.com.br\/regional-centro-oeste\/#\/schema\/logo\/image\/"}}]}},"_links":{"self":[{"href":"https:\/\/www.fiemg.com.br\/regional-centro-oeste\/wp-json\/wp\/v2\/noticias\/3378","targetHints":{"allow":["GET"]}}],"collection":[{"href":"https:\/\/www.fiemg.com.br\/regional-centro-oeste\/wp-json\/wp\/v2\/noticias"}],"about":[{"href":"https:\/\/www.fiemg.com.br\/regional-centro-oeste\/wp-json\/wp\/v2\/types\/noticias"}],"wp:featuredmedia":[{"embeddable":true,"href":"https:\/\/www.fiemg.com.br\/regional-centro-oeste\/wp-json\/wp\/v2\/media\/3380"}],"wp:attachment":[{"href":"https:\/\/www.fiemg.com.br\/regional-centro-oeste\/wp-json\/wp\/v2\/media?parent=3378"}],"wp:term":[{"taxonomy":"category","embeddable":true,"href":"https:\/\/www.fiemg.com.br\/regional-centro-oeste\/wp-json\/wp\/v2\/categories?post=3378"},{"taxonomy":"post_tag","embeddable":true,"href":"https:\/\/www.fiemg.com.br\/regional-centro-oeste\/wp-json\/wp\/v2\/tags?post=3378"}],"curies":[{"name":"wp","href":"https:\/\/api.w.org\/{rel}","templated":true}]}}