{"id":3396,"date":"2026-01-07T13:50:20","date_gmt":"2026-01-07T16:50:20","guid":{"rendered":"https:\/\/www.fiemg.com.br\/regional-centro-oeste\/?post_type=noticias&#038;p=3396"},"modified":"2026-01-07T13:50:23","modified_gmt":"2026-01-07T16:50:23","slug":"presidente-da-fiemg-prestigia-posse-do-novo-presidente-da-acom","status":"publish","type":"noticias","link":"https:\/\/www.fiemg.com.br\/regional-centro-oeste\/noticias\/presidente-da-fiemg-prestigia-posse-do-novo-presidente-da-acom\/","title":{"rendered":"Presidente da FIEMG prestigia posse do novo presidente da Acom"},"content":{"rendered":"\n<figure class=\"wp-block-image size-large\"><img fetchpriority=\"high\" decoding=\"async\" width=\"1024\" height=\"398\" src=\"https:\/\/www.fiemg.com.br\/regional-centro-oeste\/wp-content\/uploads\/sites\/16\/2026\/01\/MG_7821-scaled-e1767804482856-1024x398.jpg\" alt=\"\" class=\"wp-image-3401\" srcset=\"https:\/\/www.fiemg.com.br\/regional-centro-oeste\/wp-content\/uploads\/sites\/16\/2026\/01\/MG_7821-scaled-e1767804482856-1024x398.jpg 1024w, https:\/\/www.fiemg.com.br\/regional-centro-oeste\/wp-content\/uploads\/sites\/16\/2026\/01\/MG_7821-scaled-e1767804482856-300x116.jpg 300w, https:\/\/www.fiemg.com.br\/regional-centro-oeste\/wp-content\/uploads\/sites\/16\/2026\/01\/MG_7821-scaled-e1767804482856-768x298.jpg 768w, https:\/\/www.fiemg.com.br\/regional-centro-oeste\/wp-content\/uploads\/sites\/16\/2026\/01\/MG_7821-scaled-e1767804482856-1536x596.jpg 1536w, https:\/\/www.fiemg.com.br\/regional-centro-oeste\/wp-content\/uploads\/sites\/16\/2026\/01\/MG_7821-scaled-e1767804482856-2048x795.jpg 2048w\" sizes=\"(max-width: 1024px) 100vw, 1024px\" \/><\/figure>\n\n\n\n<p>A Associa\u00e7\u00e3o de Combate ao C\u00e2ncer do Centro-Oeste de Minas (Acom) realizou, na noite desta ter\u00e7a-feira (6), a cerim\u00f4nia de posse da nova diretoria que estar\u00e1 \u00e0 frente da entidade no bi\u00eanio 2026\u20132027. Na ocasi\u00e3o, Rafael Pinto Nogueira tomou posse como novo presidente da institui\u00e7\u00e3o. O evento contou com a presen\u00e7a do presidente da FIEMG Regional Centro-Oeste, Eduardo Soares.<\/p>\n\n\n\n<p>Ao longo de seus quase 31 anos de atua\u00e7\u00e3o, a Acom j\u00e1 foi presidida por sete dirigentes. Nos \u00faltimos anos, a FIEMG tem se consolidado como parceira da entidade, por meio da cess\u00e3o gratuita de espa\u00e7os para a realiza\u00e7\u00e3o de eventos, treinamentos e reuni\u00f5es.<\/p>\n\n\n\n<p>Para o presidente regional da FIEMG, Eduardo Soares, a Federa\u00e7\u00e3o cumpre seu papel social ao apoiar iniciativas que promovem cuidado e solidariedade.<br>\u201cSempre estaremos ao lado da Acom, contribuindo com o que for poss\u00edvel para levar tratamento e dignidade a quem precisa. Parabenizo o novo presidente e desejo sucesso na gest\u00e3o\u201d, destacou.<\/p>\n\n\n\n<figure class=\"wp-block-image aligncenter size-large is-resized\"><img decoding=\"async\" width=\"1024\" height=\"683\" src=\"https:\/\/www.fiemg.com.br\/regional-centro-oeste\/wp-content\/uploads\/sites\/16\/2026\/01\/MG_7712-1024x683.jpg\" alt=\"\" class=\"wp-image-3399\" style=\"width:350px;height:auto\" srcset=\"https:\/\/www.fiemg.com.br\/regional-centro-oeste\/wp-content\/uploads\/sites\/16\/2026\/01\/MG_7712-1024x683.jpg 1024w, https:\/\/www.fiemg.com.br\/regional-centro-oeste\/wp-content\/uploads\/sites\/16\/2026\/01\/MG_7712-300x200.jpg 300w, https:\/\/www.fiemg.com.br\/regional-centro-oeste\/wp-content\/uploads\/sites\/16\/2026\/01\/MG_7712-768x512.jpg 768w, https:\/\/www.fiemg.com.br\/regional-centro-oeste\/wp-content\/uploads\/sites\/16\/2026\/01\/MG_7712-1536x1024.jpg 1536w, https:\/\/www.fiemg.com.br\/regional-centro-oeste\/wp-content\/uploads\/sites\/16\/2026\/01\/MG_7712-2048x1365.jpg 2048w\" sizes=\"(max-width: 1024px) 100vw, 1024px\" \/><\/figure>\n\n\n\n<p>Nova diretoria<\/p>\n\n\n\n<p>A diretoria \u00e9 composta por seis membros, sem cargos vital\u00edcios e sem remunera\u00e7\u00e3o, sendo um presidente, um vice-presidente, dois secret\u00e1rios e dois tesoureiros, e cada fun\u00e7\u00e3o \u00e9 ocupada por um titular e um substituto.<\/p>\n\n\n\n<p>Foram empossados nessa ter\u00e7a-feira: Arlindo Martins do Amaral no cargo de vice-presidente; Ang\u00e9lica Campos Tavares Rodrigues, no cargo de secret\u00e1ria; Vin\u00edcius do Couto Lauar, no cargo de secret\u00e1rio substituto; Elson Coelho de Resende, no cargo de tesoureiro; e Honor Caldas de Faria, no cargo de tesoureiro substituto.<\/p>\n\n\n\n<p>\u201cAssumir a presid\u00eancia da Acom \u00e9, acima de tudo, assumir um compromisso com vidas. Nosso trabalho seguir\u00e1 rigorosamente o planejamento estrat\u00e9gico da institui\u00e7\u00e3o, que tem como vis\u00e3o ser excel\u00eancia at\u00e9 2028 na promo\u00e7\u00e3o da sa\u00fade, sempre com foco nas pessoas que convivem com o c\u00e2ncer. Vamos fortalecer a gest\u00e3o, ampliar parcerias e garantir que cada a\u00e7\u00e3o da Acom esteja alinhada ao cuidado, ao acolhimento e \u00e0 dignidade dos pacientes e de suas fam\u00edlias. A Acom \u00e9 feita de pessoas para pessoas, e \u00e9 com esse prop\u00f3sito que seguimos trabalhando para transformar realidades e levar esperan\u00e7a todo centro oeste mineiro\u201d, conclui o presidente.<\/p>\n","protected":false},"featured_media":3400,"template":"","categories":[],"tags":[],"class_list":["post-3396","noticias","type-noticias","status-publish","has-post-thumbnail","hentry"],"acf":[],"yoast_head":"<!-- This site is optimized with the Yoast SEO plugin v26.2 - https:\/\/yoast.com\/wordpress\/plugins\/seo\/ -->\n<title>Presidente da FIEMG prestigia posse do novo presidente da Acom - Regional Centro-Oeste<\/title>\n<meta name=\"robots\" content=\"index, follow, max-snippet:-1, max-image-preview:large, max-video-preview:-1\" \/>\n<link rel=\"canonical\" href=\"https:\/\/www.fiemg.com.br\/regional-centro-oeste\/noticias\/presidente-da-fiemg-prestigia-posse-do-novo-presidente-da-acom\/\" \/>\n<meta property=\"og:locale\" content=\"pt_BR\" \/>\n<meta property=\"og:type\" content=\"article\" \/>\n<meta property=\"og:title\" content=\"Presidente da FIEMG prestigia posse do novo presidente da Acom - Regional Centro-Oeste\" \/>\n<meta property=\"og:description\" content=\"A Associa\u00e7\u00e3o de Combate ao C\u00e2ncer do Centro-Oeste de Minas (Acom) realizou, na noite desta ter\u00e7a-feira (6), a cerim\u00f4nia de posse da nova diretoria que estar\u00e1 \u00e0 frente da entidade no bi\u00eanio 2026\u20132027. Na ocasi\u00e3o, Rafael Pinto Nogueira tomou posse como novo presidente da institui\u00e7\u00e3o. O evento contou com a presen\u00e7a do presidente da FIEMG [&hellip;]\" \/>\n<meta property=\"og:url\" content=\"https:\/\/www.fiemg.com.br\/regional-centro-oeste\/noticias\/presidente-da-fiemg-prestigia-posse-do-novo-presidente-da-acom\/\" \/>\n<meta property=\"og:site_name\" content=\"Regional Centro-Oeste\" \/>\n<meta property=\"article:modified_time\" content=\"2026-01-07T16:50:23+00:00\" \/>\n<meta property=\"og:image\" content=\"https:\/\/www.fiemg.com.br\/regional-centro-oeste\/wp-content\/uploads\/sites\/16\/2026\/01\/MG_7726-scaled.jpg\" \/>\n\t<meta property=\"og:image:width\" content=\"2560\" \/>\n\t<meta property=\"og:image:height\" content=\"1707\" \/>\n\t<meta property=\"og:image:type\" content=\"image\/jpeg\" \/>\n<meta name=\"twitter:card\" content=\"summary_large_image\" \/>\n<meta name=\"twitter:label1\" content=\"Est. tempo de leitura\" \/>\n\t<meta name=\"twitter:data1\" content=\"3 minutos\" \/>\n<script type=\"application\/ld+json\" class=\"yoast-schema-graph\">{\"@context\":\"https:\/\/schema.org\",\"@graph\":[{\"@type\":\"WebPage\",\"@id\":\"https:\/\/www.fiemg.com.br\/regional-centro-oeste\/noticias\/presidente-da-fiemg-prestigia-posse-do-novo-presidente-da-acom\/\",\"url\":\"https:\/\/www.fiemg.com.br\/regional-centro-oeste\/noticias\/presidente-da-fiemg-prestigia-posse-do-novo-presidente-da-acom\/\",\"name\":\"Presidente da FIEMG prestigia posse do novo presidente da Acom - Regional Centro-Oeste\",\"isPartOf\":{\"@id\":\"https:\/\/www.fiemg.com.br\/regional-centro-oeste\/#website\"},\"primaryImageOfPage\":{\"@id\":\"https:\/\/www.fiemg.com.br\/regional-centro-oeste\/noticias\/presidente-da-fiemg-prestigia-posse-do-novo-presidente-da-acom\/#primaryimage\"},\"image\":{\"@id\":\"https:\/\/www.fiemg.com.br\/regional-centro-oeste\/noticias\/presidente-da-fiemg-prestigia-posse-do-novo-presidente-da-acom\/#primaryimage\"},\"thumbnailUrl\":\"https:\/\/www.fiemg.com.br\/regional-centro-oeste\/wp-content\/uploads\/sites\/16\/2026\/01\/MG_7726-scaled.jpg\",\"datePublished\":\"2026-01-07T16:50:20+00:00\",\"dateModified\":\"2026-01-07T16:50:23+00:00\",\"breadcrumb\":{\"@id\":\"https:\/\/www.fiemg.com.br\/regional-centro-oeste\/noticias\/presidente-da-fiemg-prestigia-posse-do-novo-presidente-da-acom\/#breadcrumb\"},\"inLanguage\":\"pt-BR\",\"potentialAction\":[{\"@type\":\"ReadAction\",\"target\":[\"https:\/\/www.fiemg.com.br\/regional-centro-oeste\/noticias\/presidente-da-fiemg-prestigia-posse-do-novo-presidente-da-acom\/\"]}]},{\"@type\":\"ImageObject\",\"inLanguage\":\"pt-BR\",\"@id\":\"https:\/\/www.fiemg.com.br\/regional-centro-oeste\/noticias\/presidente-da-fiemg-prestigia-posse-do-novo-presidente-da-acom\/#primaryimage\",\"url\":\"https:\/\/www.fiemg.com.br\/regional-centro-oeste\/wp-content\/uploads\/sites\/16\/2026\/01\/MG_7726-scaled.jpg\",\"contentUrl\":\"https:\/\/www.fiemg.com.br\/regional-centro-oeste\/wp-content\/uploads\/sites\/16\/2026\/01\/MG_7726-scaled.jpg\",\"width\":2560,\"height\":1707},{\"@type\":\"BreadcrumbList\",\"@id\":\"https:\/\/www.fiemg.com.br\/regional-centro-oeste\/noticias\/presidente-da-fiemg-prestigia-posse-do-novo-presidente-da-acom\/#breadcrumb\",\"itemListElement\":[{\"@type\":\"ListItem\",\"position\":1,\"name\":\"In\u00edcio\",\"item\":\"https:\/\/www.fiemg.com.br\/regional-centro-oeste\/\"},{\"@type\":\"ListItem\",\"position\":2,\"name\":\"Presidente da FIEMG prestigia posse do novo presidente da Acom\"}]},{\"@type\":\"WebSite\",\"@id\":\"https:\/\/www.fiemg.com.br\/regional-centro-oeste\/#website\",\"url\":\"https:\/\/www.fiemg.com.br\/regional-centro-oeste\/\",\"name\":\"Regional Centro-Oeste\",\"description\":\"Federa\u00e7\u00e3o das Ind\u00fastrias do Estado de Minas Gerais\",\"publisher\":{\"@id\":\"https:\/\/www.fiemg.com.br\/regional-centro-oeste\/#organization\"},\"potentialAction\":[{\"@type\":\"SearchAction\",\"target\":{\"@type\":\"EntryPoint\",\"urlTemplate\":\"https:\/\/www.fiemg.com.br\/regional-centro-oeste\/?s={search_term_string}\"},\"query-input\":{\"@type\":\"PropertyValueSpecification\",\"valueRequired\":true,\"valueName\":\"search_term_string\"}}],\"inLanguage\":\"pt-BR\"},{\"@type\":\"Organization\",\"@id\":\"https:\/\/www.fiemg.com.br\/regional-centro-oeste\/#organization\",\"name\":\"Regional Centro-Oeste\",\"url\":\"https:\/\/www.fiemg.com.br\/regional-centro-oeste\/\",\"logo\":{\"@type\":\"ImageObject\",\"inLanguage\":\"pt-BR\",\"@id\":\"https:\/\/www.fiemg.com.br\/regional-centro-oeste\/#\/schema\/logo\/image\/\",\"url\":\"https:\/\/www.fiemg.com.br\/regional-centro-oeste\/wp-content\/uploads\/sites\/16\/2023\/02\/Ativo-1.png\",\"contentUrl\":\"https:\/\/www.fiemg.com.br\/regional-centro-oeste\/wp-content\/uploads\/sites\/16\/2023\/02\/Ativo-1.png\",\"width\":563,\"height\":149,\"caption\":\"Regional Centro-Oeste\"},\"image\":{\"@id\":\"https:\/\/www.fiemg.com.br\/regional-centro-oeste\/#\/schema\/logo\/image\/\"}}]}<\/script>\n<!-- \/ Yoast SEO plugin. -->","yoast_head_json":{"title":"Presidente da FIEMG prestigia posse do novo presidente da Acom - Regional Centro-Oeste","robots":{"index":"index","follow":"follow","max-snippet":"max-snippet:-1","max-image-preview":"max-image-preview:large","max-video-preview":"max-video-preview:-1"},"canonical":"https:\/\/www.fiemg.com.br\/regional-centro-oeste\/noticias\/presidente-da-fiemg-prestigia-posse-do-novo-presidente-da-acom\/","og_locale":"pt_BR","og_type":"article","og_title":"Presidente da FIEMG prestigia posse do novo presidente da Acom - Regional Centro-Oeste","og_description":"A Associa\u00e7\u00e3o de Combate ao C\u00e2ncer do Centro-Oeste de Minas (Acom) realizou, na noite desta ter\u00e7a-feira (6), a cerim\u00f4nia de posse da nova diretoria que estar\u00e1 \u00e0 frente da entidade no bi\u00eanio 2026\u20132027. Na ocasi\u00e3o, Rafael Pinto Nogueira tomou posse como novo presidente da institui\u00e7\u00e3o. O evento contou com a presen\u00e7a do presidente da FIEMG [&hellip;]","og_url":"https:\/\/www.fiemg.com.br\/regional-centro-oeste\/noticias\/presidente-da-fiemg-prestigia-posse-do-novo-presidente-da-acom\/","og_site_name":"Regional Centro-Oeste","article_modified_time":"2026-01-07T16:50:23+00:00","og_image":[{"width":2560,"height":1707,"url":"https:\/\/www.fiemg.com.br\/regional-centro-oeste\/wp-content\/uploads\/sites\/16\/2026\/01\/MG_7726-scaled.jpg","type":"image\/jpeg"}],"twitter_card":"summary_large_image","twitter_misc":{"Est. tempo de leitura":"3 minutos"},"schema":{"@context":"https:\/\/schema.org","@graph":[{"@type":"WebPage","@id":"https:\/\/www.fiemg.com.br\/regional-centro-oeste\/noticias\/presidente-da-fiemg-prestigia-posse-do-novo-presidente-da-acom\/","url":"https:\/\/www.fiemg.com.br\/regional-centro-oeste\/noticias\/presidente-da-fiemg-prestigia-posse-do-novo-presidente-da-acom\/","name":"Presidente da FIEMG prestigia posse do novo presidente da Acom - Regional Centro-Oeste","isPartOf":{"@id":"https:\/\/www.fiemg.com.br\/regional-centro-oeste\/#website"},"primaryImageOfPage":{"@id":"https:\/\/www.fiemg.com.br\/regional-centro-oeste\/noticias\/presidente-da-fiemg-prestigia-posse-do-novo-presidente-da-acom\/#primaryimage"},"image":{"@id":"https:\/\/www.fiemg.com.br\/regional-centro-oeste\/noticias\/presidente-da-fiemg-prestigia-posse-do-novo-presidente-da-acom\/#primaryimage"},"thumbnailUrl":"https:\/\/www.fiemg.com.br\/regional-centro-oeste\/wp-content\/uploads\/sites\/16\/2026\/01\/MG_7726-scaled.jpg","datePublished":"2026-01-07T16:50:20+00:00","dateModified":"2026-01-07T16:50:23+00:00","breadcrumb":{"@id":"https:\/\/www.fiemg.com.br\/regional-centro-oeste\/noticias\/presidente-da-fiemg-prestigia-posse-do-novo-presidente-da-acom\/#breadcrumb"},"inLanguage":"pt-BR","potentialAction":[{"@type":"ReadAction","target":["https:\/\/www.fiemg.com.br\/regional-centro-oeste\/noticias\/presidente-da-fiemg-prestigia-posse-do-novo-presidente-da-acom\/"]}]},{"@type":"ImageObject","inLanguage":"pt-BR","@id":"https:\/\/www.fiemg.com.br\/regional-centro-oeste\/noticias\/presidente-da-fiemg-prestigia-posse-do-novo-presidente-da-acom\/#primaryimage","url":"https:\/\/www.fiemg.com.br\/regional-centro-oeste\/wp-content\/uploads\/sites\/16\/2026\/01\/MG_7726-scaled.jpg","contentUrl":"https:\/\/www.fiemg.com.br\/regional-centro-oeste\/wp-content\/uploads\/sites\/16\/2026\/01\/MG_7726-scaled.jpg","width":2560,"height":1707},{"@type":"BreadcrumbList","@id":"https:\/\/www.fiemg.com.br\/regional-centro-oeste\/noticias\/presidente-da-fiemg-prestigia-posse-do-novo-presidente-da-acom\/#breadcrumb","itemListElement":[{"@type":"ListItem","position":1,"name":"In\u00edcio","item":"https:\/\/www.fiemg.com.br\/regional-centro-oeste\/"},{"@type":"ListItem","position":2,"name":"Presidente da FIEMG prestigia posse do novo presidente da Acom"}]},{"@type":"WebSite","@id":"https:\/\/www.fiemg.com.br\/regional-centro-oeste\/#website","url":"https:\/\/www.fiemg.com.br\/regional-centro-oeste\/","name":"Regional Centro-Oeste","description":"Federa\u00e7\u00e3o das Ind\u00fastrias do Estado de Minas Gerais","publisher":{"@id":"https:\/\/www.fiemg.com.br\/regional-centro-oeste\/#organization"},"potentialAction":[{"@type":"SearchAction","target":{"@type":"EntryPoint","urlTemplate":"https:\/\/www.fiemg.com.br\/regional-centro-oeste\/?s={search_term_string}"},"query-input":{"@type":"PropertyValueSpecification","valueRequired":true,"valueName":"search_term_string"}}],"inLanguage":"pt-BR"},{"@type":"Organization","@id":"https:\/\/www.fiemg.com.br\/regional-centro-oeste\/#organization","name":"Regional Centro-Oeste","url":"https:\/\/www.fiemg.com.br\/regional-centro-oeste\/","logo":{"@type":"ImageObject","inLanguage":"pt-BR","@id":"https:\/\/www.fiemg.com.br\/regional-centro-oeste\/#\/schema\/logo\/image\/","url":"https:\/\/www.fiemg.com.br\/regional-centro-oeste\/wp-content\/uploads\/sites\/16\/2023\/02\/Ativo-1.png","contentUrl":"https:\/\/www.fiemg.com.br\/regional-centro-oeste\/wp-content\/uploads\/sites\/16\/2023\/02\/Ativo-1.png","width":563,"height":149,"caption":"Regional Centro-Oeste"},"image":{"@id":"https:\/\/www.fiemg.com.br\/regional-centro-oeste\/#\/schema\/logo\/image\/"}}]}},"_links":{"self":[{"href":"https:\/\/www.fiemg.com.br\/regional-centro-oeste\/wp-json\/wp\/v2\/noticias\/3396","targetHints":{"allow":["GET"]}}],"collection":[{"href":"https:\/\/www.fiemg.com.br\/regional-centro-oeste\/wp-json\/wp\/v2\/noticias"}],"about":[{"href":"https:\/\/www.fiemg.com.br\/regional-centro-oeste\/wp-json\/wp\/v2\/types\/noticias"}],"wp:featuredmedia":[{"embeddable":true,"href":"https:\/\/www.fiemg.com.br\/regional-centro-oeste\/wp-json\/wp\/v2\/media\/3400"}],"wp:attachment":[{"href":"https:\/\/www.fiemg.com.br\/regional-centro-oeste\/wp-json\/wp\/v2\/media?parent=3396"}],"wp:term":[{"taxonomy":"category","embeddable":true,"href":"https:\/\/www.fiemg.com.br\/regional-centro-oeste\/wp-json\/wp\/v2\/categories?post=3396"},{"taxonomy":"post_tag","embeddable":true,"href":"https:\/\/www.fiemg.com.br\/regional-centro-oeste\/wp-json\/wp\/v2\/tags?post=3396"}],"curies":[{"name":"wp","href":"https:\/\/api.w.org\/{rel}","templated":true}]}}