{"id":3583,"date":"2026-03-09T10:52:58","date_gmt":"2026-03-09T13:52:58","guid":{"rendered":"https:\/\/www.fiemg.com.br\/regional-centro-oeste\/?post_type=noticias&#038;p=3583"},"modified":"2026-03-09T10:59:19","modified_gmt":"2026-03-09T13:59:19","slug":"fiemg-regional-centro-oeste-promove-acoes-de-valorizacao-e-bem-estar-no-dia-internacional-da-mulher","status":"publish","type":"noticias","link":"https:\/\/www.fiemg.com.br\/regional-centro-oeste\/noticias\/fiemg-regional-centro-oeste-promove-acoes-de-valorizacao-e-bem-estar-no-dia-internacional-da-mulher\/","title":{"rendered":"FIEMG Regional Centro-Oeste promove a\u00e7\u00f5es de valoriza\u00e7\u00e3o e bem-estar no Dia Internacional da Mulher"},"content":{"rendered":"\n<figure class=\"wp-block-image aligncenter size-large\"><img fetchpriority=\"high\" decoding=\"async\" width=\"1024\" height=\"397\" src=\"https:\/\/www.fiemg.com.br\/regional-centro-oeste\/wp-content\/uploads\/sites\/16\/2026\/03\/largada-corrida-e1773064249684-1024x397.jpg\" alt=\"\" class=\"wp-image-3588\" srcset=\"https:\/\/www.fiemg.com.br\/regional-centro-oeste\/wp-content\/uploads\/sites\/16\/2026\/03\/largada-corrida-e1773064249684-1024x397.jpg 1024w, https:\/\/www.fiemg.com.br\/regional-centro-oeste\/wp-content\/uploads\/sites\/16\/2026\/03\/largada-corrida-e1773064249684-300x116.jpg 300w, https:\/\/www.fiemg.com.br\/regional-centro-oeste\/wp-content\/uploads\/sites\/16\/2026\/03\/largada-corrida-e1773064249684-768x298.jpg 768w, https:\/\/www.fiemg.com.br\/regional-centro-oeste\/wp-content\/uploads\/sites\/16\/2026\/03\/largada-corrida-e1773064249684-1536x595.jpg 1536w, https:\/\/www.fiemg.com.br\/regional-centro-oeste\/wp-content\/uploads\/sites\/16\/2026\/03\/largada-corrida-e1773064249684.jpg 1600w\" sizes=\"(max-width: 1024px) 100vw, 1024px\" \/><\/figure>\n\n\n\n<p>A FIEMG Regional Centro-Oeste realizou, ao longo da \u00faltima semana, uma programa\u00e7\u00e3o especial em celebra\u00e7\u00e3o ao Dia Internacional da Mulher, destacando a valoriza\u00e7\u00e3o feminina, o cuidado com a sa\u00fade e o fortalecimento da integra\u00e7\u00e3o entre colaboradoras da institui\u00e7\u00e3o.<\/p>\n\n\n\n<p>As atividades tiveram in\u00edcio na sexta-feira com o \u201cCaf\u00e9 com Elas\u201d, um momento de acolhimento e di\u00e1logo realizado na FIEMG Regional. O encontro reuniu colaboradoras da Regional Centro-Oeste, do SST Centro-Oeste e do SENAI Divin\u00f3polis, em um bate-papo conduzido pela psic\u00f3loga Naiara Fabiana.<\/p>\n\n\n\n<p>Durante o encontro, foram abordados temas relacionados \u00e0 sa\u00fade emocional, \u00e0 viol\u00eancia contra a mulher e meios de combat\u00ea-la e aos desafios enfrentados pelas mulheres no cotidiano. O momento tamb\u00e9m proporcionou integra\u00e7\u00e3o entre as participantes, troca de experi\u00eancias e reflex\u00f5es sobre o fortalecimento do protagonismo feminino nos ambientes profissionais e na sociedade.<\/p>\n\n\n\n<div class=\"wp-block-columns is-layout-flex wp-container-core-columns-is-layout-28f84493 wp-block-columns-is-layout-flex\">\n<div class=\"wp-block-column is-layout-flow wp-block-column-is-layout-flow\">\n<figure class=\"wp-block-image size-large\"><img decoding=\"async\" width=\"1024\" height=\"810\" src=\"https:\/\/www.fiemg.com.br\/regional-centro-oeste\/wp-content\/uploads\/sites\/16\/2026\/03\/cafe-com-elas-1024x810.jpg\" alt=\"\" class=\"wp-image-3585\" srcset=\"https:\/\/www.fiemg.com.br\/regional-centro-oeste\/wp-content\/uploads\/sites\/16\/2026\/03\/cafe-com-elas-1024x810.jpg 1024w, https:\/\/www.fiemg.com.br\/regional-centro-oeste\/wp-content\/uploads\/sites\/16\/2026\/03\/cafe-com-elas-300x237.jpg 300w, https:\/\/www.fiemg.com.br\/regional-centro-oeste\/wp-content\/uploads\/sites\/16\/2026\/03\/cafe-com-elas-768x607.jpg 768w, https:\/\/www.fiemg.com.br\/regional-centro-oeste\/wp-content\/uploads\/sites\/16\/2026\/03\/cafe-com-elas.jpg 1280w\" sizes=\"(max-width: 1024px) 100vw, 1024px\" \/><\/figure>\n<\/div>\n\n\n\n<div class=\"wp-block-column is-layout-flow wp-block-column-is-layout-flow\">\n<figure class=\"wp-block-image size-large\"><img decoding=\"async\" width=\"1024\" height=\"768\" src=\"https:\/\/www.fiemg.com.br\/regional-centro-oeste\/wp-content\/uploads\/sites\/16\/2026\/03\/palestra-cafe-com-elas-1024x768.jpg\" alt=\"\" class=\"wp-image-3592\" srcset=\"https:\/\/www.fiemg.com.br\/regional-centro-oeste\/wp-content\/uploads\/sites\/16\/2026\/03\/palestra-cafe-com-elas-1024x768.jpg 1024w, https:\/\/www.fiemg.com.br\/regional-centro-oeste\/wp-content\/uploads\/sites\/16\/2026\/03\/palestra-cafe-com-elas-300x225.jpg 300w, https:\/\/www.fiemg.com.br\/regional-centro-oeste\/wp-content\/uploads\/sites\/16\/2026\/03\/palestra-cafe-com-elas-768x576.jpg 768w, https:\/\/www.fiemg.com.br\/regional-centro-oeste\/wp-content\/uploads\/sites\/16\/2026\/03\/palestra-cafe-com-elas-1536x1152.jpg 1536w, https:\/\/www.fiemg.com.br\/regional-centro-oeste\/wp-content\/uploads\/sites\/16\/2026\/03\/palestra-cafe-com-elas.jpg 1600w\" sizes=\"(max-width: 1024px) 100vw, 1024px\" \/><\/figure>\n<\/div>\n<\/div>\n\n\n\n<p>Encerrando a programa\u00e7\u00e3o, no domingo (8), colaboradores e familiares participaram da Cuide-se Run, corrida e caminhada promovida simultaneamente em diversas cidades de Minas Gerais pelo Sistema FIEMG. A iniciativa tem como foco incentivar h\u00e1bitos saud\u00e1veis, promover a pr\u00e1tica de atividades f\u00edsicas e refor\u00e7ar a import\u00e2ncia do cuidado com a sa\u00fade f\u00edsica e mental.<\/p>\n\n\n\n<p>A edi\u00e7\u00e3o de 2026 da Cuide-se Run, realizada justamente no Dia Internacional da Mulher, reuniu participantes em um momento de celebra\u00e7\u00e3o, integra\u00e7\u00e3o e bem-estar. A a\u00e7\u00e3o refor\u00e7a o compromisso da FIEMG com a qualidade de vida de seus colaboradores e com a promo\u00e7\u00e3o de iniciativas que estimulem equil\u00edbrio, sa\u00fade e conviv\u00eancia.<\/p>\n\n\n\n<div class=\"wp-block-columns is-layout-flex wp-container-core-columns-is-layout-28f84493 wp-block-columns-is-layout-flex\">\n<div class=\"wp-block-column is-layout-flow wp-block-column-is-layout-flow\">\n<figure class=\"wp-block-image size-large\"><img loading=\"lazy\" decoding=\"async\" width=\"1024\" height=\"768\" src=\"https:\/\/www.fiemg.com.br\/regional-centro-oeste\/wp-content\/uploads\/sites\/16\/2026\/03\/alongamento-corrida-1024x768.jpg\" alt=\"\" class=\"wp-image-3584\" srcset=\"https:\/\/www.fiemg.com.br\/regional-centro-oeste\/wp-content\/uploads\/sites\/16\/2026\/03\/alongamento-corrida-1024x768.jpg 1024w, https:\/\/www.fiemg.com.br\/regional-centro-oeste\/wp-content\/uploads\/sites\/16\/2026\/03\/alongamento-corrida-300x225.jpg 300w, https:\/\/www.fiemg.com.br\/regional-centro-oeste\/wp-content\/uploads\/sites\/16\/2026\/03\/alongamento-corrida-768x576.jpg 768w, https:\/\/www.fiemg.com.br\/regional-centro-oeste\/wp-content\/uploads\/sites\/16\/2026\/03\/alongamento-corrida-1536x1152.jpg 1536w, https:\/\/www.fiemg.com.br\/regional-centro-oeste\/wp-content\/uploads\/sites\/16\/2026\/03\/alongamento-corrida.jpg 1600w\" sizes=\"(max-width: 1024px) 100vw, 1024px\" \/><\/figure>\n<\/div>\n\n\n\n<div class=\"wp-block-column is-layout-flow wp-block-column-is-layout-flow\">\n<figure class=\"wp-block-image size-large\"><img loading=\"lazy\" decoding=\"async\" width=\"1024\" height=\"768\" src=\"https:\/\/www.fiemg.com.br\/regional-centro-oeste\/wp-content\/uploads\/sites\/16\/2026\/03\/equi-e-corrida-1024x768.jpg\" alt=\"\" class=\"wp-image-3593\" srcset=\"https:\/\/www.fiemg.com.br\/regional-centro-oeste\/wp-content\/uploads\/sites\/16\/2026\/03\/equi-e-corrida-1024x768.jpg 1024w, https:\/\/www.fiemg.com.br\/regional-centro-oeste\/wp-content\/uploads\/sites\/16\/2026\/03\/equi-e-corrida-300x225.jpg 300w, https:\/\/www.fiemg.com.br\/regional-centro-oeste\/wp-content\/uploads\/sites\/16\/2026\/03\/equi-e-corrida-768x576.jpg 768w, https:\/\/www.fiemg.com.br\/regional-centro-oeste\/wp-content\/uploads\/sites\/16\/2026\/03\/equi-e-corrida-1536x1152.jpg 1536w, https:\/\/www.fiemg.com.br\/regional-centro-oeste\/wp-content\/uploads\/sites\/16\/2026\/03\/equi-e-corrida.jpg 1600w\" sizes=\"(max-width: 1024px) 100vw, 1024px\" \/><\/figure>\n<\/div>\n<\/div>\n","protected":false},"featured_media":3591,"template":"","categories":[],"tags":[],"class_list":["post-3583","noticias","type-noticias","status-publish","has-post-thumbnail","hentry"],"acf":[],"yoast_head":"<!-- This site is optimized with the Yoast SEO plugin v26.2 - https:\/\/yoast.com\/wordpress\/plugins\/seo\/ -->\n<title>FIEMG Regional Centro-Oeste promove a\u00e7\u00f5es de valoriza\u00e7\u00e3o e bem-estar no Dia Internacional da Mulher - Regional Centro-Oeste<\/title>\n<meta name=\"robots\" content=\"index, follow, max-snippet:-1, max-image-preview:large, max-video-preview:-1\" \/>\n<link rel=\"canonical\" href=\"https:\/\/www.fiemg.com.br\/regional-centro-oeste\/noticias\/fiemg-regional-centro-oeste-promove-acoes-de-valorizacao-e-bem-estar-no-dia-internacional-da-mulher\/\" \/>\n<meta property=\"og:locale\" content=\"pt_BR\" \/>\n<meta property=\"og:type\" content=\"article\" \/>\n<meta property=\"og:title\" content=\"FIEMG Regional Centro-Oeste promove a\u00e7\u00f5es de valoriza\u00e7\u00e3o e bem-estar no Dia Internacional da Mulher - Regional Centro-Oeste\" \/>\n<meta property=\"og:description\" content=\"A FIEMG Regional Centro-Oeste realizou, ao longo da \u00faltima semana, uma programa\u00e7\u00e3o especial em celebra\u00e7\u00e3o ao Dia Internacional da Mulher, destacando a valoriza\u00e7\u00e3o feminina, o cuidado com a sa\u00fade e o fortalecimento da integra\u00e7\u00e3o entre colaboradoras da institui\u00e7\u00e3o. As atividades tiveram in\u00edcio na sexta-feira com o \u201cCaf\u00e9 com Elas\u201d, um momento de acolhimento e di\u00e1logo [&hellip;]\" \/>\n<meta property=\"og:url\" content=\"https:\/\/www.fiemg.com.br\/regional-centro-oeste\/noticias\/fiemg-regional-centro-oeste-promove-acoes-de-valorizacao-e-bem-estar-no-dia-internacional-da-mulher\/\" \/>\n<meta property=\"og:site_name\" content=\"Regional Centro-Oeste\" \/>\n<meta property=\"article:modified_time\" content=\"2026-03-09T13:59:19+00:00\" \/>\n<meta property=\"og:image\" content=\"https:\/\/www.fiemg.com.br\/regional-centro-oeste\/wp-content\/uploads\/sites\/16\/2026\/03\/meninas-corrida-e1773064622834.jpg\" \/>\n\t<meta property=\"og:image:width\" content=\"1200\" \/>\n\t<meta property=\"og:image:height\" content=\"1200\" \/>\n\t<meta property=\"og:image:type\" content=\"image\/jpeg\" \/>\n<meta name=\"twitter:card\" content=\"summary_large_image\" \/>\n<meta name=\"twitter:label1\" content=\"Est. tempo de leitura\" \/>\n\t<meta name=\"twitter:data1\" content=\"3 minutos\" \/>\n<script type=\"application\/ld+json\" class=\"yoast-schema-graph\">{\"@context\":\"https:\/\/schema.org\",\"@graph\":[{\"@type\":\"WebPage\",\"@id\":\"https:\/\/www.fiemg.com.br\/regional-centro-oeste\/noticias\/fiemg-regional-centro-oeste-promove-acoes-de-valorizacao-e-bem-estar-no-dia-internacional-da-mulher\/\",\"url\":\"https:\/\/www.fiemg.com.br\/regional-centro-oeste\/noticias\/fiemg-regional-centro-oeste-promove-acoes-de-valorizacao-e-bem-estar-no-dia-internacional-da-mulher\/\",\"name\":\"FIEMG Regional Centro-Oeste promove a\u00e7\u00f5es de valoriza\u00e7\u00e3o e bem-estar no Dia Internacional da Mulher - Regional Centro-Oeste\",\"isPartOf\":{\"@id\":\"https:\/\/www.fiemg.com.br\/regional-centro-oeste\/#website\"},\"primaryImageOfPage\":{\"@id\":\"https:\/\/www.fiemg.com.br\/regional-centro-oeste\/noticias\/fiemg-regional-centro-oeste-promove-acoes-de-valorizacao-e-bem-estar-no-dia-internacional-da-mulher\/#primaryimage\"},\"image\":{\"@id\":\"https:\/\/www.fiemg.com.br\/regional-centro-oeste\/noticias\/fiemg-regional-centro-oeste-promove-acoes-de-valorizacao-e-bem-estar-no-dia-internacional-da-mulher\/#primaryimage\"},\"thumbnailUrl\":\"https:\/\/www.fiemg.com.br\/regional-centro-oeste\/wp-content\/uploads\/sites\/16\/2026\/03\/meninas-corrida-e1773064622834.jpg\",\"datePublished\":\"2026-03-09T13:52:58+00:00\",\"dateModified\":\"2026-03-09T13:59:19+00:00\",\"breadcrumb\":{\"@id\":\"https:\/\/www.fiemg.com.br\/regional-centro-oeste\/noticias\/fiemg-regional-centro-oeste-promove-acoes-de-valorizacao-e-bem-estar-no-dia-internacional-da-mulher\/#breadcrumb\"},\"inLanguage\":\"pt-BR\",\"potentialAction\":[{\"@type\":\"ReadAction\",\"target\":[\"https:\/\/www.fiemg.com.br\/regional-centro-oeste\/noticias\/fiemg-regional-centro-oeste-promove-acoes-de-valorizacao-e-bem-estar-no-dia-internacional-da-mulher\/\"]}]},{\"@type\":\"ImageObject\",\"inLanguage\":\"pt-BR\",\"@id\":\"https:\/\/www.fiemg.com.br\/regional-centro-oeste\/noticias\/fiemg-regional-centro-oeste-promove-acoes-de-valorizacao-e-bem-estar-no-dia-internacional-da-mulher\/#primaryimage\",\"url\":\"https:\/\/www.fiemg.com.br\/regional-centro-oeste\/wp-content\/uploads\/sites\/16\/2026\/03\/meninas-corrida-e1773064622834.jpg\",\"contentUrl\":\"https:\/\/www.fiemg.com.br\/regional-centro-oeste\/wp-content\/uploads\/sites\/16\/2026\/03\/meninas-corrida-e1773064622834.jpg\",\"width\":1200,\"height\":1200},{\"@type\":\"BreadcrumbList\",\"@id\":\"https:\/\/www.fiemg.com.br\/regional-centro-oeste\/noticias\/fiemg-regional-centro-oeste-promove-acoes-de-valorizacao-e-bem-estar-no-dia-internacional-da-mulher\/#breadcrumb\",\"itemListElement\":[{\"@type\":\"ListItem\",\"position\":1,\"name\":\"In\u00edcio\",\"item\":\"https:\/\/www.fiemg.com.br\/regional-centro-oeste\/\"},{\"@type\":\"ListItem\",\"position\":2,\"name\":\"FIEMG Regional Centro-Oeste promove a\u00e7\u00f5es de valoriza\u00e7\u00e3o e bem-estar no Dia Internacional da Mulher\"}]},{\"@type\":\"WebSite\",\"@id\":\"https:\/\/www.fiemg.com.br\/regional-centro-oeste\/#website\",\"url\":\"https:\/\/www.fiemg.com.br\/regional-centro-oeste\/\",\"name\":\"Regional Centro-Oeste\",\"description\":\"Federa\u00e7\u00e3o das Ind\u00fastrias do Estado de Minas Gerais\",\"publisher\":{\"@id\":\"https:\/\/www.fiemg.com.br\/regional-centro-oeste\/#organization\"},\"potentialAction\":[{\"@type\":\"SearchAction\",\"target\":{\"@type\":\"EntryPoint\",\"urlTemplate\":\"https:\/\/www.fiemg.com.br\/regional-centro-oeste\/?s={search_term_string}\"},\"query-input\":{\"@type\":\"PropertyValueSpecification\",\"valueRequired\":true,\"valueName\":\"search_term_string\"}}],\"inLanguage\":\"pt-BR\"},{\"@type\":\"Organization\",\"@id\":\"https:\/\/www.fiemg.com.br\/regional-centro-oeste\/#organization\",\"name\":\"Regional Centro-Oeste\",\"url\":\"https:\/\/www.fiemg.com.br\/regional-centro-oeste\/\",\"logo\":{\"@type\":\"ImageObject\",\"inLanguage\":\"pt-BR\",\"@id\":\"https:\/\/www.fiemg.com.br\/regional-centro-oeste\/#\/schema\/logo\/image\/\",\"url\":\"https:\/\/www.fiemg.com.br\/regional-centro-oeste\/wp-content\/uploads\/sites\/16\/2023\/02\/Ativo-1.png\",\"contentUrl\":\"https:\/\/www.fiemg.com.br\/regional-centro-oeste\/wp-content\/uploads\/sites\/16\/2023\/02\/Ativo-1.png\",\"width\":563,\"height\":149,\"caption\":\"Regional Centro-Oeste\"},\"image\":{\"@id\":\"https:\/\/www.fiemg.com.br\/regional-centro-oeste\/#\/schema\/logo\/image\/\"}}]}<\/script>\n<!-- \/ Yoast SEO plugin. -->","yoast_head_json":{"title":"FIEMG Regional Centro-Oeste promove a\u00e7\u00f5es de valoriza\u00e7\u00e3o e bem-estar no Dia Internacional da Mulher - Regional Centro-Oeste","robots":{"index":"index","follow":"follow","max-snippet":"max-snippet:-1","max-image-preview":"max-image-preview:large","max-video-preview":"max-video-preview:-1"},"canonical":"https:\/\/www.fiemg.com.br\/regional-centro-oeste\/noticias\/fiemg-regional-centro-oeste-promove-acoes-de-valorizacao-e-bem-estar-no-dia-internacional-da-mulher\/","og_locale":"pt_BR","og_type":"article","og_title":"FIEMG Regional Centro-Oeste promove a\u00e7\u00f5es de valoriza\u00e7\u00e3o e bem-estar no Dia Internacional da Mulher - Regional Centro-Oeste","og_description":"A FIEMG Regional Centro-Oeste realizou, ao longo da \u00faltima semana, uma programa\u00e7\u00e3o especial em celebra\u00e7\u00e3o ao Dia Internacional da Mulher, destacando a valoriza\u00e7\u00e3o feminina, o cuidado com a sa\u00fade e o fortalecimento da integra\u00e7\u00e3o entre colaboradoras da institui\u00e7\u00e3o. As atividades tiveram in\u00edcio na sexta-feira com o \u201cCaf\u00e9 com Elas\u201d, um momento de acolhimento e di\u00e1logo [&hellip;]","og_url":"https:\/\/www.fiemg.com.br\/regional-centro-oeste\/noticias\/fiemg-regional-centro-oeste-promove-acoes-de-valorizacao-e-bem-estar-no-dia-internacional-da-mulher\/","og_site_name":"Regional Centro-Oeste","article_modified_time":"2026-03-09T13:59:19+00:00","og_image":[{"width":1200,"height":1200,"url":"https:\/\/www.fiemg.com.br\/regional-centro-oeste\/wp-content\/uploads\/sites\/16\/2026\/03\/meninas-corrida-e1773064622834.jpg","type":"image\/jpeg"}],"twitter_card":"summary_large_image","twitter_misc":{"Est. tempo de leitura":"3 minutos"},"schema":{"@context":"https:\/\/schema.org","@graph":[{"@type":"WebPage","@id":"https:\/\/www.fiemg.com.br\/regional-centro-oeste\/noticias\/fiemg-regional-centro-oeste-promove-acoes-de-valorizacao-e-bem-estar-no-dia-internacional-da-mulher\/","url":"https:\/\/www.fiemg.com.br\/regional-centro-oeste\/noticias\/fiemg-regional-centro-oeste-promove-acoes-de-valorizacao-e-bem-estar-no-dia-internacional-da-mulher\/","name":"FIEMG Regional Centro-Oeste promove a\u00e7\u00f5es de valoriza\u00e7\u00e3o e bem-estar no Dia Internacional da Mulher - Regional Centro-Oeste","isPartOf":{"@id":"https:\/\/www.fiemg.com.br\/regional-centro-oeste\/#website"},"primaryImageOfPage":{"@id":"https:\/\/www.fiemg.com.br\/regional-centro-oeste\/noticias\/fiemg-regional-centro-oeste-promove-acoes-de-valorizacao-e-bem-estar-no-dia-internacional-da-mulher\/#primaryimage"},"image":{"@id":"https:\/\/www.fiemg.com.br\/regional-centro-oeste\/noticias\/fiemg-regional-centro-oeste-promove-acoes-de-valorizacao-e-bem-estar-no-dia-internacional-da-mulher\/#primaryimage"},"thumbnailUrl":"https:\/\/www.fiemg.com.br\/regional-centro-oeste\/wp-content\/uploads\/sites\/16\/2026\/03\/meninas-corrida-e1773064622834.jpg","datePublished":"2026-03-09T13:52:58+00:00","dateModified":"2026-03-09T13:59:19+00:00","breadcrumb":{"@id":"https:\/\/www.fiemg.com.br\/regional-centro-oeste\/noticias\/fiemg-regional-centro-oeste-promove-acoes-de-valorizacao-e-bem-estar-no-dia-internacional-da-mulher\/#breadcrumb"},"inLanguage":"pt-BR","potentialAction":[{"@type":"ReadAction","target":["https:\/\/www.fiemg.com.br\/regional-centro-oeste\/noticias\/fiemg-regional-centro-oeste-promove-acoes-de-valorizacao-e-bem-estar-no-dia-internacional-da-mulher\/"]}]},{"@type":"ImageObject","inLanguage":"pt-BR","@id":"https:\/\/www.fiemg.com.br\/regional-centro-oeste\/noticias\/fiemg-regional-centro-oeste-promove-acoes-de-valorizacao-e-bem-estar-no-dia-internacional-da-mulher\/#primaryimage","url":"https:\/\/www.fiemg.com.br\/regional-centro-oeste\/wp-content\/uploads\/sites\/16\/2026\/03\/meninas-corrida-e1773064622834.jpg","contentUrl":"https:\/\/www.fiemg.com.br\/regional-centro-oeste\/wp-content\/uploads\/sites\/16\/2026\/03\/meninas-corrida-e1773064622834.jpg","width":1200,"height":1200},{"@type":"BreadcrumbList","@id":"https:\/\/www.fiemg.com.br\/regional-centro-oeste\/noticias\/fiemg-regional-centro-oeste-promove-acoes-de-valorizacao-e-bem-estar-no-dia-internacional-da-mulher\/#breadcrumb","itemListElement":[{"@type":"ListItem","position":1,"name":"In\u00edcio","item":"https:\/\/www.fiemg.com.br\/regional-centro-oeste\/"},{"@type":"ListItem","position":2,"name":"FIEMG Regional Centro-Oeste promove a\u00e7\u00f5es de valoriza\u00e7\u00e3o e bem-estar no Dia Internacional da Mulher"}]},{"@type":"WebSite","@id":"https:\/\/www.fiemg.com.br\/regional-centro-oeste\/#website","url":"https:\/\/www.fiemg.com.br\/regional-centro-oeste\/","name":"Regional Centro-Oeste","description":"Federa\u00e7\u00e3o das Ind\u00fastrias do Estado de Minas Gerais","publisher":{"@id":"https:\/\/www.fiemg.com.br\/regional-centro-oeste\/#organization"},"potentialAction":[{"@type":"SearchAction","target":{"@type":"EntryPoint","urlTemplate":"https:\/\/www.fiemg.com.br\/regional-centro-oeste\/?s={search_term_string}"},"query-input":{"@type":"PropertyValueSpecification","valueRequired":true,"valueName":"search_term_string"}}],"inLanguage":"pt-BR"},{"@type":"Organization","@id":"https:\/\/www.fiemg.com.br\/regional-centro-oeste\/#organization","name":"Regional Centro-Oeste","url":"https:\/\/www.fiemg.com.br\/regional-centro-oeste\/","logo":{"@type":"ImageObject","inLanguage":"pt-BR","@id":"https:\/\/www.fiemg.com.br\/regional-centro-oeste\/#\/schema\/logo\/image\/","url":"https:\/\/www.fiemg.com.br\/regional-centro-oeste\/wp-content\/uploads\/sites\/16\/2023\/02\/Ativo-1.png","contentUrl":"https:\/\/www.fiemg.com.br\/regional-centro-oeste\/wp-content\/uploads\/sites\/16\/2023\/02\/Ativo-1.png","width":563,"height":149,"caption":"Regional Centro-Oeste"},"image":{"@id":"https:\/\/www.fiemg.com.br\/regional-centro-oeste\/#\/schema\/logo\/image\/"}}]}},"_links":{"self":[{"href":"https:\/\/www.fiemg.com.br\/regional-centro-oeste\/wp-json\/wp\/v2\/noticias\/3583","targetHints":{"allow":["GET"]}}],"collection":[{"href":"https:\/\/www.fiemg.com.br\/regional-centro-oeste\/wp-json\/wp\/v2\/noticias"}],"about":[{"href":"https:\/\/www.fiemg.com.br\/regional-centro-oeste\/wp-json\/wp\/v2\/types\/noticias"}],"wp:featuredmedia":[{"embeddable":true,"href":"https:\/\/www.fiemg.com.br\/regional-centro-oeste\/wp-json\/wp\/v2\/media\/3591"}],"wp:attachment":[{"href":"https:\/\/www.fiemg.com.br\/regional-centro-oeste\/wp-json\/wp\/v2\/media?parent=3583"}],"wp:term":[{"taxonomy":"category","embeddable":true,"href":"https:\/\/www.fiemg.com.br\/regional-centro-oeste\/wp-json\/wp\/v2\/categories?post=3583"},{"taxonomy":"post_tag","embeddable":true,"href":"https:\/\/www.fiemg.com.br\/regional-centro-oeste\/wp-json\/wp\/v2\/tags?post=3583"}],"curies":[{"name":"wp","href":"https:\/\/api.w.org\/{rel}","templated":true}]}}