{"id":3601,"date":"2026-03-12T13:37:15","date_gmt":"2026-03-12T16:37:15","guid":{"rendered":"https:\/\/www.fiemg.com.br\/regional-centro-oeste\/?post_type=noticias&#038;p=3601"},"modified":"2026-03-12T13:43:22","modified_gmt":"2026-03-12T16:43:22","slug":"fiemg-regional-centro-oeste-promove-cafe-empresarial-sobre-oportunidades-de-exportacao","status":"publish","type":"noticias","link":"https:\/\/www.fiemg.com.br\/regional-centro-oeste\/noticias\/fiemg-regional-centro-oeste-promove-cafe-empresarial-sobre-oportunidades-de-exportacao\/","title":{"rendered":"FIEMG Regional Centro-Oeste promove Caf\u00e9 Empresarial sobre oportunidades de exporta\u00e7\u00e3o"},"content":{"rendered":"\n<figure class=\"wp-block-image size-full\"><img fetchpriority=\"high\" decoding=\"async\" width=\"1024\" height=\"448\" src=\"https:\/\/www.fiemg.com.br\/regional-centro-oeste\/wp-content\/uploads\/sites\/16\/2026\/03\/fiemg-exportacao.png\" alt=\"\" class=\"wp-image-3553\" srcset=\"https:\/\/www.fiemg.com.br\/regional-centro-oeste\/wp-content\/uploads\/sites\/16\/2026\/03\/fiemg-exportacao.png 1024w, https:\/\/www.fiemg.com.br\/regional-centro-oeste\/wp-content\/uploads\/sites\/16\/2026\/03\/fiemg-exportacao-300x131.png 300w, https:\/\/www.fiemg.com.br\/regional-centro-oeste\/wp-content\/uploads\/sites\/16\/2026\/03\/fiemg-exportacao-768x336.png 768w\" sizes=\"(max-width: 1024px) 100vw, 1024px\" \/><\/figure>\n\n\n\n<p>Empres\u00e1rios da regi\u00e3o ter\u00e3o a oportunidade de conhecer caminhos para inserir seus produtos e servi\u00e7os no mercado internacional durante o Caf\u00e9 Empresarial da FIEMG Regional Centro-Oeste, que ser\u00e1 realizado no dia 26 de mar\u00e7o, das 7h50 \u00e0s 10h, na sede da entidade em Divin\u00f3polis.<\/p>\n\n\n\n<p>Este ser\u00e1 o segundo Caf\u00e9 Empresarial promovido pela Regional em 2026, refor\u00e7ando a proposta da FIEMG de aproximar o setor produtivo de temas estrat\u00e9gicos para o desenvolvimento e a competitividade das empresas.<\/p>\n\n\n\n<p>A iniciativa \u00e9 realizada em parceria com a Ag\u00eancia Brasileira de Promo\u00e7\u00e3o de Exporta\u00e7\u00f5es e Investimentos (ApexBrasil) e apresentar\u00e1 aos participantes o Programa de Qualifica\u00e7\u00e3o para Exporta\u00e7\u00e3o (PEIEX), que oferece capacita\u00e7\u00e3o e orienta\u00e7\u00e3o gratuita para empresas interessadas em iniciar ou ampliar sua atua\u00e7\u00e3o no com\u00e9rcio exterior.<\/p>\n\n\n\n<p>O objetivo do encontro \u00e9 mostrar como o programa pode ajudar as empresas a se prepararem de forma estruturada para exportar, aumentando sua competitividade e ampliando oportunidades de neg\u00f3cios no mercado internacional.<\/p>\n\n\n\n<p>Segundo o presidente da Federa\u00e7\u00e3o das Ind\u00fastrias do Estado de Minas Gerais Regional Centro-Oeste, Eduardo Soares, a internacionaliza\u00e7\u00e3o \u00e9 um caminho cada vez mais relevante para o crescimento das ind\u00fastrias.<\/p>\n\n\n\n<p>\u201cNosso objetivo com o Caf\u00e9 Empresarial \u00e9 aproximar os empres\u00e1rios de iniciativas que possam fortalecer seus neg\u00f3cios. A exporta\u00e7\u00e3o deixou de ser uma realidade apenas das grandes empresas e hoje representa uma oportunidade concreta tamb\u00e9m para pequenos e m\u00e9dios empreendimentos que desejam ampliar mercados e ganhar competitividade\u201d, destaca.<\/p>\n\n\n\n<p>Servi\u00e7o<\/p>\n\n\n\n<p><br>Caf\u00e9 Empresarial \u2013 Oportunidade de prepara\u00e7\u00e3o da sua empresa para exportar<br>Data: 26 de mar\u00e7o de 2026<\/p>\n\n\n\n<p>Hor\u00e1rio: 7h50 \u00e0s 10h<br>Local: FIEMG Regional Centro-Oeste<\/p>\n\n\n\n<p>Endere\u00e7o: Rua Eng. Benjamin Oliveira, 144 \u2013 Divin\u00f3polis<\/p>\n\n\n\n<p>Informa\u00e7\u00f5es:<br>FIEMG Regional Centro-Oeste<\/p>\n\n\n\n<p>eventosreg-co@fiemg.com.br<br>(37) 3690-4400<\/p>\n","protected":false},"featured_media":3602,"template":"","categories":[],"tags":[],"class_list":["post-3601","noticias","type-noticias","status-publish","has-post-thumbnail","hentry"],"acf":[],"yoast_head":"<!-- This site is optimized with the Yoast SEO plugin v26.2 - https:\/\/yoast.com\/wordpress\/plugins\/seo\/ -->\n<title>FIEMG Regional Centro-Oeste promove Caf\u00e9 Empresarial sobre oportunidades de exporta\u00e7\u00e3o - Regional Centro-Oeste<\/title>\n<meta name=\"robots\" content=\"index, follow, max-snippet:-1, max-image-preview:large, max-video-preview:-1\" \/>\n<link rel=\"canonical\" href=\"https:\/\/www.fiemg.com.br\/regional-centro-oeste\/noticias\/fiemg-regional-centro-oeste-promove-cafe-empresarial-sobre-oportunidades-de-exportacao\/\" \/>\n<meta property=\"og:locale\" content=\"pt_BR\" \/>\n<meta property=\"og:type\" content=\"article\" \/>\n<meta property=\"og:title\" content=\"FIEMG Regional Centro-Oeste promove Caf\u00e9 Empresarial sobre oportunidades de exporta\u00e7\u00e3o - Regional Centro-Oeste\" \/>\n<meta property=\"og:description\" content=\"Empres\u00e1rios da regi\u00e3o ter\u00e3o a oportunidade de conhecer caminhos para inserir seus produtos e servi\u00e7os no mercado internacional durante o Caf\u00e9 Empresarial da FIEMG Regional Centro-Oeste, que ser\u00e1 realizado no dia 26 de mar\u00e7o, das 7h50 \u00e0s 10h, na sede da entidade em Divin\u00f3polis. Este ser\u00e1 o segundo Caf\u00e9 Empresarial promovido pela Regional em 2026, [&hellip;]\" \/>\n<meta property=\"og:url\" content=\"https:\/\/www.fiemg.com.br\/regional-centro-oeste\/noticias\/fiemg-regional-centro-oeste-promove-cafe-empresarial-sobre-oportunidades-de-exportacao\/\" \/>\n<meta property=\"og:site_name\" content=\"Regional Centro-Oeste\" \/>\n<meta property=\"article:modified_time\" content=\"2026-03-12T16:43:22+00:00\" \/>\n<meta property=\"og:image\" content=\"https:\/\/www.fiemg.com.br\/regional-centro-oeste\/wp-content\/uploads\/sites\/16\/2026\/03\/Post-Instagram_Peiex_1080x1080px.png\" \/>\n\t<meta property=\"og:image:width\" content=\"1080\" \/>\n\t<meta property=\"og:image:height\" content=\"1080\" \/>\n\t<meta property=\"og:image:type\" content=\"image\/png\" \/>\n<meta name=\"twitter:card\" content=\"summary_large_image\" \/>\n<meta name=\"twitter:label1\" content=\"Est. tempo de leitura\" \/>\n\t<meta name=\"twitter:data1\" content=\"2 minutos\" \/>\n<script type=\"application\/ld+json\" class=\"yoast-schema-graph\">{\"@context\":\"https:\/\/schema.org\",\"@graph\":[{\"@type\":\"WebPage\",\"@id\":\"https:\/\/www.fiemg.com.br\/regional-centro-oeste\/noticias\/fiemg-regional-centro-oeste-promove-cafe-empresarial-sobre-oportunidades-de-exportacao\/\",\"url\":\"https:\/\/www.fiemg.com.br\/regional-centro-oeste\/noticias\/fiemg-regional-centro-oeste-promove-cafe-empresarial-sobre-oportunidades-de-exportacao\/\",\"name\":\"FIEMG Regional Centro-Oeste promove Caf\u00e9 Empresarial sobre oportunidades de exporta\u00e7\u00e3o - Regional Centro-Oeste\",\"isPartOf\":{\"@id\":\"https:\/\/www.fiemg.com.br\/regional-centro-oeste\/#website\"},\"primaryImageOfPage\":{\"@id\":\"https:\/\/www.fiemg.com.br\/regional-centro-oeste\/noticias\/fiemg-regional-centro-oeste-promove-cafe-empresarial-sobre-oportunidades-de-exportacao\/#primaryimage\"},\"image\":{\"@id\":\"https:\/\/www.fiemg.com.br\/regional-centro-oeste\/noticias\/fiemg-regional-centro-oeste-promove-cafe-empresarial-sobre-oportunidades-de-exportacao\/#primaryimage\"},\"thumbnailUrl\":\"https:\/\/www.fiemg.com.br\/regional-centro-oeste\/wp-content\/uploads\/sites\/16\/2026\/03\/Post-Instagram_Peiex_1080x1080px.png\",\"datePublished\":\"2026-03-12T16:37:15+00:00\",\"dateModified\":\"2026-03-12T16:43:22+00:00\",\"breadcrumb\":{\"@id\":\"https:\/\/www.fiemg.com.br\/regional-centro-oeste\/noticias\/fiemg-regional-centro-oeste-promove-cafe-empresarial-sobre-oportunidades-de-exportacao\/#breadcrumb\"},\"inLanguage\":\"pt-BR\",\"potentialAction\":[{\"@type\":\"ReadAction\",\"target\":[\"https:\/\/www.fiemg.com.br\/regional-centro-oeste\/noticias\/fiemg-regional-centro-oeste-promove-cafe-empresarial-sobre-oportunidades-de-exportacao\/\"]}]},{\"@type\":\"ImageObject\",\"inLanguage\":\"pt-BR\",\"@id\":\"https:\/\/www.fiemg.com.br\/regional-centro-oeste\/noticias\/fiemg-regional-centro-oeste-promove-cafe-empresarial-sobre-oportunidades-de-exportacao\/#primaryimage\",\"url\":\"https:\/\/www.fiemg.com.br\/regional-centro-oeste\/wp-content\/uploads\/sites\/16\/2026\/03\/Post-Instagram_Peiex_1080x1080px.png\",\"contentUrl\":\"https:\/\/www.fiemg.com.br\/regional-centro-oeste\/wp-content\/uploads\/sites\/16\/2026\/03\/Post-Instagram_Peiex_1080x1080px.png\",\"width\":1080,\"height\":1080},{\"@type\":\"BreadcrumbList\",\"@id\":\"https:\/\/www.fiemg.com.br\/regional-centro-oeste\/noticias\/fiemg-regional-centro-oeste-promove-cafe-empresarial-sobre-oportunidades-de-exportacao\/#breadcrumb\",\"itemListElement\":[{\"@type\":\"ListItem\",\"position\":1,\"name\":\"In\u00edcio\",\"item\":\"https:\/\/www.fiemg.com.br\/regional-centro-oeste\/\"},{\"@type\":\"ListItem\",\"position\":2,\"name\":\"FIEMG Regional Centro-Oeste promove Caf\u00e9 Empresarial sobre oportunidades de exporta\u00e7\u00e3o\"}]},{\"@type\":\"WebSite\",\"@id\":\"https:\/\/www.fiemg.com.br\/regional-centro-oeste\/#website\",\"url\":\"https:\/\/www.fiemg.com.br\/regional-centro-oeste\/\",\"name\":\"Regional Centro-Oeste\",\"description\":\"Federa\u00e7\u00e3o das Ind\u00fastrias do Estado de Minas Gerais\",\"publisher\":{\"@id\":\"https:\/\/www.fiemg.com.br\/regional-centro-oeste\/#organization\"},\"potentialAction\":[{\"@type\":\"SearchAction\",\"target\":{\"@type\":\"EntryPoint\",\"urlTemplate\":\"https:\/\/www.fiemg.com.br\/regional-centro-oeste\/?s={search_term_string}\"},\"query-input\":{\"@type\":\"PropertyValueSpecification\",\"valueRequired\":true,\"valueName\":\"search_term_string\"}}],\"inLanguage\":\"pt-BR\"},{\"@type\":\"Organization\",\"@id\":\"https:\/\/www.fiemg.com.br\/regional-centro-oeste\/#organization\",\"name\":\"Regional Centro-Oeste\",\"url\":\"https:\/\/www.fiemg.com.br\/regional-centro-oeste\/\",\"logo\":{\"@type\":\"ImageObject\",\"inLanguage\":\"pt-BR\",\"@id\":\"https:\/\/www.fiemg.com.br\/regional-centro-oeste\/#\/schema\/logo\/image\/\",\"url\":\"https:\/\/www.fiemg.com.br\/regional-centro-oeste\/wp-content\/uploads\/sites\/16\/2023\/02\/Ativo-1.png\",\"contentUrl\":\"https:\/\/www.fiemg.com.br\/regional-centro-oeste\/wp-content\/uploads\/sites\/16\/2023\/02\/Ativo-1.png\",\"width\":563,\"height\":149,\"caption\":\"Regional Centro-Oeste\"},\"image\":{\"@id\":\"https:\/\/www.fiemg.com.br\/regional-centro-oeste\/#\/schema\/logo\/image\/\"}}]}<\/script>\n<!-- \/ Yoast SEO plugin. -->","yoast_head_json":{"title":"FIEMG Regional Centro-Oeste promove Caf\u00e9 Empresarial sobre oportunidades de exporta\u00e7\u00e3o - Regional Centro-Oeste","robots":{"index":"index","follow":"follow","max-snippet":"max-snippet:-1","max-image-preview":"max-image-preview:large","max-video-preview":"max-video-preview:-1"},"canonical":"https:\/\/www.fiemg.com.br\/regional-centro-oeste\/noticias\/fiemg-regional-centro-oeste-promove-cafe-empresarial-sobre-oportunidades-de-exportacao\/","og_locale":"pt_BR","og_type":"article","og_title":"FIEMG Regional Centro-Oeste promove Caf\u00e9 Empresarial sobre oportunidades de exporta\u00e7\u00e3o - Regional Centro-Oeste","og_description":"Empres\u00e1rios da regi\u00e3o ter\u00e3o a oportunidade de conhecer caminhos para inserir seus produtos e servi\u00e7os no mercado internacional durante o Caf\u00e9 Empresarial da FIEMG Regional Centro-Oeste, que ser\u00e1 realizado no dia 26 de mar\u00e7o, das 7h50 \u00e0s 10h, na sede da entidade em Divin\u00f3polis. Este ser\u00e1 o segundo Caf\u00e9 Empresarial promovido pela Regional em 2026, [&hellip;]","og_url":"https:\/\/www.fiemg.com.br\/regional-centro-oeste\/noticias\/fiemg-regional-centro-oeste-promove-cafe-empresarial-sobre-oportunidades-de-exportacao\/","og_site_name":"Regional Centro-Oeste","article_modified_time":"2026-03-12T16:43:22+00:00","og_image":[{"width":1080,"height":1080,"url":"https:\/\/www.fiemg.com.br\/regional-centro-oeste\/wp-content\/uploads\/sites\/16\/2026\/03\/Post-Instagram_Peiex_1080x1080px.png","type":"image\/png"}],"twitter_card":"summary_large_image","twitter_misc":{"Est. tempo de leitura":"2 minutos"},"schema":{"@context":"https:\/\/schema.org","@graph":[{"@type":"WebPage","@id":"https:\/\/www.fiemg.com.br\/regional-centro-oeste\/noticias\/fiemg-regional-centro-oeste-promove-cafe-empresarial-sobre-oportunidades-de-exportacao\/","url":"https:\/\/www.fiemg.com.br\/regional-centro-oeste\/noticias\/fiemg-regional-centro-oeste-promove-cafe-empresarial-sobre-oportunidades-de-exportacao\/","name":"FIEMG Regional Centro-Oeste promove Caf\u00e9 Empresarial sobre oportunidades de exporta\u00e7\u00e3o - Regional Centro-Oeste","isPartOf":{"@id":"https:\/\/www.fiemg.com.br\/regional-centro-oeste\/#website"},"primaryImageOfPage":{"@id":"https:\/\/www.fiemg.com.br\/regional-centro-oeste\/noticias\/fiemg-regional-centro-oeste-promove-cafe-empresarial-sobre-oportunidades-de-exportacao\/#primaryimage"},"image":{"@id":"https:\/\/www.fiemg.com.br\/regional-centro-oeste\/noticias\/fiemg-regional-centro-oeste-promove-cafe-empresarial-sobre-oportunidades-de-exportacao\/#primaryimage"},"thumbnailUrl":"https:\/\/www.fiemg.com.br\/regional-centro-oeste\/wp-content\/uploads\/sites\/16\/2026\/03\/Post-Instagram_Peiex_1080x1080px.png","datePublished":"2026-03-12T16:37:15+00:00","dateModified":"2026-03-12T16:43:22+00:00","breadcrumb":{"@id":"https:\/\/www.fiemg.com.br\/regional-centro-oeste\/noticias\/fiemg-regional-centro-oeste-promove-cafe-empresarial-sobre-oportunidades-de-exportacao\/#breadcrumb"},"inLanguage":"pt-BR","potentialAction":[{"@type":"ReadAction","target":["https:\/\/www.fiemg.com.br\/regional-centro-oeste\/noticias\/fiemg-regional-centro-oeste-promove-cafe-empresarial-sobre-oportunidades-de-exportacao\/"]}]},{"@type":"ImageObject","inLanguage":"pt-BR","@id":"https:\/\/www.fiemg.com.br\/regional-centro-oeste\/noticias\/fiemg-regional-centro-oeste-promove-cafe-empresarial-sobre-oportunidades-de-exportacao\/#primaryimage","url":"https:\/\/www.fiemg.com.br\/regional-centro-oeste\/wp-content\/uploads\/sites\/16\/2026\/03\/Post-Instagram_Peiex_1080x1080px.png","contentUrl":"https:\/\/www.fiemg.com.br\/regional-centro-oeste\/wp-content\/uploads\/sites\/16\/2026\/03\/Post-Instagram_Peiex_1080x1080px.png","width":1080,"height":1080},{"@type":"BreadcrumbList","@id":"https:\/\/www.fiemg.com.br\/regional-centro-oeste\/noticias\/fiemg-regional-centro-oeste-promove-cafe-empresarial-sobre-oportunidades-de-exportacao\/#breadcrumb","itemListElement":[{"@type":"ListItem","position":1,"name":"In\u00edcio","item":"https:\/\/www.fiemg.com.br\/regional-centro-oeste\/"},{"@type":"ListItem","position":2,"name":"FIEMG Regional Centro-Oeste promove Caf\u00e9 Empresarial sobre oportunidades de exporta\u00e7\u00e3o"}]},{"@type":"WebSite","@id":"https:\/\/www.fiemg.com.br\/regional-centro-oeste\/#website","url":"https:\/\/www.fiemg.com.br\/regional-centro-oeste\/","name":"Regional Centro-Oeste","description":"Federa\u00e7\u00e3o das Ind\u00fastrias do Estado de Minas Gerais","publisher":{"@id":"https:\/\/www.fiemg.com.br\/regional-centro-oeste\/#organization"},"potentialAction":[{"@type":"SearchAction","target":{"@type":"EntryPoint","urlTemplate":"https:\/\/www.fiemg.com.br\/regional-centro-oeste\/?s={search_term_string}"},"query-input":{"@type":"PropertyValueSpecification","valueRequired":true,"valueName":"search_term_string"}}],"inLanguage":"pt-BR"},{"@type":"Organization","@id":"https:\/\/www.fiemg.com.br\/regional-centro-oeste\/#organization","name":"Regional Centro-Oeste","url":"https:\/\/www.fiemg.com.br\/regional-centro-oeste\/","logo":{"@type":"ImageObject","inLanguage":"pt-BR","@id":"https:\/\/www.fiemg.com.br\/regional-centro-oeste\/#\/schema\/logo\/image\/","url":"https:\/\/www.fiemg.com.br\/regional-centro-oeste\/wp-content\/uploads\/sites\/16\/2023\/02\/Ativo-1.png","contentUrl":"https:\/\/www.fiemg.com.br\/regional-centro-oeste\/wp-content\/uploads\/sites\/16\/2023\/02\/Ativo-1.png","width":563,"height":149,"caption":"Regional Centro-Oeste"},"image":{"@id":"https:\/\/www.fiemg.com.br\/regional-centro-oeste\/#\/schema\/logo\/image\/"}}]}},"_links":{"self":[{"href":"https:\/\/www.fiemg.com.br\/regional-centro-oeste\/wp-json\/wp\/v2\/noticias\/3601","targetHints":{"allow":["GET"]}}],"collection":[{"href":"https:\/\/www.fiemg.com.br\/regional-centro-oeste\/wp-json\/wp\/v2\/noticias"}],"about":[{"href":"https:\/\/www.fiemg.com.br\/regional-centro-oeste\/wp-json\/wp\/v2\/types\/noticias"}],"wp:featuredmedia":[{"embeddable":true,"href":"https:\/\/www.fiemg.com.br\/regional-centro-oeste\/wp-json\/wp\/v2\/media\/3602"}],"wp:attachment":[{"href":"https:\/\/www.fiemg.com.br\/regional-centro-oeste\/wp-json\/wp\/v2\/media?parent=3601"}],"wp:term":[{"taxonomy":"category","embeddable":true,"href":"https:\/\/www.fiemg.com.br\/regional-centro-oeste\/wp-json\/wp\/v2\/categories?post=3601"},{"taxonomy":"post_tag","embeddable":true,"href":"https:\/\/www.fiemg.com.br\/regional-centro-oeste\/wp-json\/wp\/v2\/tags?post=3601"}],"curies":[{"name":"wp","href":"https:\/\/api.w.org\/{rel}","templated":true}]}}