{"id":3603,"date":"2026-03-12T14:59:01","date_gmt":"2026-03-12T17:59:01","guid":{"rendered":"https:\/\/www.fiemg.com.br\/regional-centro-oeste\/?post_type=noticias&#038;p=3603"},"modified":"2026-03-12T14:59:04","modified_gmt":"2026-03-12T17:59:04","slug":"cefet-mg-campus-divinopolis-celebra-30-anos-de-historia-parceria-e-transformacao-pela-educacao","status":"publish","type":"noticias","link":"https:\/\/www.fiemg.com.br\/regional-centro-oeste\/noticias\/cefet-mg-campus-divinopolis-celebra-30-anos-de-historia-parceria-e-transformacao-pela-educacao\/","title":{"rendered":"CEFET-MG Campus Divin\u00f3polis celebra 30 anos de hist\u00f3ria, parceria e transforma\u00e7\u00e3o pela educa\u00e7\u00e3o"},"content":{"rendered":"\n<figure class=\"wp-block-image aligncenter size-full\"><img fetchpriority=\"high\" decoding=\"async\" width=\"720\" height=\"399\" src=\"https:\/\/www.fiemg.com.br\/regional-centro-oeste\/wp-content\/uploads\/sites\/16\/2026\/03\/2entidades-30-anos-cefet.jpg\" alt=\"\" class=\"wp-image-3608\" srcset=\"https:\/\/www.fiemg.com.br\/regional-centro-oeste\/wp-content\/uploads\/sites\/16\/2026\/03\/2entidades-30-anos-cefet.jpg 720w, https:\/\/www.fiemg.com.br\/regional-centro-oeste\/wp-content\/uploads\/sites\/16\/2026\/03\/2entidades-30-anos-cefet-300x166.jpg 300w\" sizes=\"(max-width: 720px) 100vw, 720px\" \/><\/figure>\n\n\n\n<p>O campus do CEFET-MG em Divin\u00f3polis comemorou seus 30 anos de hist\u00f3ria com uma solenidade que reuniu representantes do poder p\u00fablico, entidades de classe, lideran\u00e7as empresariais e membros da comunidade acad\u00eamica. O momento foi marcado por homenagens e pelo resgate da trajet\u00f3ria constru\u00edda coletivamente para viabilizar a presen\u00e7a da institui\u00e7\u00e3o na cidade.<\/p>\n\n\n\n<p>Entre as entidades presentes estavam a Federa\u00e7\u00e3o das Ind\u00fastrias do Estado de Minas Gerais (FIEMG) e o Servi\u00e7o Nacional de Aprendizagem Industrial (SENAI), ACID, Ag\u00eancia Novo Oeste, UEMG, al\u00e9m de representantes de diversos setores da sociedade que contribu\u00edram para consolidar o campus ao longo das \u00faltimas tr\u00eas d\u00e9cadas.<\/p>\n\n\n\n<p>A hist\u00f3ria do CEFET em Divin\u00f3polis come\u00e7ou antes mesmo da estrutura f\u00edsica da institui\u00e7\u00e3o. A aula inaugural foi realizada nas instala\u00e7\u00f5es do SENAI, que acolheu os primeiros alunos enquanto o campus ainda estava sendo estruturado num gesto que simboliza a uni\u00e3o entre educa\u00e7\u00e3o e setor produtivo.<\/p>\n\n\n\n<p>Na \u00e9poca da implanta\u00e7\u00e3o, a mobiliza\u00e7\u00e3o da sociedade civil organizada e do setor empresarial foi fundamental para viabilizar a vinda da escola. Entidades representativas e lideran\u00e7as locais se uniram ao poder p\u00fablico para buscar recursos e defender a import\u00e2ncia de instalar na cidade uma institui\u00e7\u00e3o p\u00fablica, gratuita e de excel\u00eancia.<\/p>\n\n\n\n<p>Durante a solenidade, o professor Eduardo destacou o car\u00e1ter coletivo que marcou o nascimento do campus.<\/p>\n\n\n\n<p>\u201cO campus come\u00e7ou como um sonho coletivo que desejou trazer uma escola com ensino p\u00fablico, gratuito e de qualidade para transformar vidas. \u00c9 preciso reconhecer o papel da cidade de Divin\u00f3polis nessa trajet\u00f3ria, desde o in\u00edcio acreditando nesse projeto\u201d, afirmou.<\/p>\n\n\n\n<p>O presidente da FIEMG Regional Centro-Oeste, Eduardo Soares, que \u00e0 \u00e9poca presidia a Associa\u00e7\u00e3o Comercial, Industrial, Agropecu\u00e1ria e Servi\u00e7os de Divin\u00f3polis (ACID) e participou ativamente das articula\u00e7\u00f5es para a implanta\u00e7\u00e3o da institui\u00e7\u00e3o, ressaltou o esfor\u00e7o conjunto que tornou o projeto realidade.<\/p>\n\n\n\n<p>\u201cA vinda do CEFET para Divin\u00f3polis foi fruto da mobiliza\u00e7\u00e3o de muitas pessoas e institui\u00e7\u00f5es que acreditavam no poder transformador da educa\u00e7\u00e3o. Por isso, parabenizamos o CEFET, com muita honra, tendo em vista que acompanhamos o projeto antes e durante esses 30 anos. &nbsp;O setor produtivo esteve ao lado do poder p\u00fablico para viabilizar esse projeto, porque sab\u00edamos que investir em educa\u00e7\u00e3o t\u00e9cnica e tecnol\u00f3gica \u00e9 investir no futuro da cidade\u201d, lembrou o l\u00edder empresarial.<\/p>\n\n\n\n<figure class=\"wp-block-image aligncenter size-large is-resized\"><img decoding=\"async\" width=\"1024\" height=\"576\" src=\"https:\/\/www.fiemg.com.br\/regional-centro-oeste\/wp-content\/uploads\/sites\/16\/2026\/03\/mesa-de-honra-30-anos-cefet-1024x576.jpg\" alt=\"\" class=\"wp-image-3605\" style=\"width:470px;height:auto\" srcset=\"https:\/\/www.fiemg.com.br\/regional-centro-oeste\/wp-content\/uploads\/sites\/16\/2026\/03\/mesa-de-honra-30-anos-cefet-1024x576.jpg 1024w, https:\/\/www.fiemg.com.br\/regional-centro-oeste\/wp-content\/uploads\/sites\/16\/2026\/03\/mesa-de-honra-30-anos-cefet-300x169.jpg 300w, https:\/\/www.fiemg.com.br\/regional-centro-oeste\/wp-content\/uploads\/sites\/16\/2026\/03\/mesa-de-honra-30-anos-cefet-768x432.jpg 768w, https:\/\/www.fiemg.com.br\/regional-centro-oeste\/wp-content\/uploads\/sites\/16\/2026\/03\/mesa-de-honra-30-anos-cefet-1536x864.jpg 1536w, https:\/\/www.fiemg.com.br\/regional-centro-oeste\/wp-content\/uploads\/sites\/16\/2026\/03\/mesa-de-honra-30-anos-cefet.jpg 1600w\" sizes=\"(max-width: 1024px) 100vw, 1024px\" \/><\/figure>\n","protected":false},"featured_media":3606,"template":"","categories":[],"tags":[],"class_list":["post-3603","noticias","type-noticias","status-publish","has-post-thumbnail","hentry"],"acf":[],"yoast_head":"<!-- This site is optimized with the Yoast SEO plugin v26.2 - https:\/\/yoast.com\/wordpress\/plugins\/seo\/ -->\n<title>CEFET-MG Campus Divin\u00f3polis celebra 30 anos de hist\u00f3ria, parceria e transforma\u00e7\u00e3o pela educa\u00e7\u00e3o - Regional Centro-Oeste<\/title>\n<meta name=\"robots\" content=\"index, follow, max-snippet:-1, max-image-preview:large, max-video-preview:-1\" \/>\n<link rel=\"canonical\" href=\"https:\/\/www.fiemg.com.br\/regional-centro-oeste\/noticias\/cefet-mg-campus-divinopolis-celebra-30-anos-de-historia-parceria-e-transformacao-pela-educacao\/\" \/>\n<meta property=\"og:locale\" content=\"pt_BR\" \/>\n<meta property=\"og:type\" content=\"article\" \/>\n<meta property=\"og:title\" content=\"CEFET-MG Campus Divin\u00f3polis celebra 30 anos de hist\u00f3ria, parceria e transforma\u00e7\u00e3o pela educa\u00e7\u00e3o - Regional Centro-Oeste\" \/>\n<meta property=\"og:description\" content=\"O campus do CEFET-MG em Divin\u00f3polis comemorou seus 30 anos de hist\u00f3ria com uma solenidade que reuniu representantes do poder p\u00fablico, entidades de classe, lideran\u00e7as empresariais e membros da comunidade acad\u00eamica. O momento foi marcado por homenagens e pelo resgate da trajet\u00f3ria constru\u00edda coletivamente para viabilizar a presen\u00e7a da institui\u00e7\u00e3o na cidade. Entre as entidades [&hellip;]\" \/>\n<meta property=\"og:url\" content=\"https:\/\/www.fiemg.com.br\/regional-centro-oeste\/noticias\/cefet-mg-campus-divinopolis-celebra-30-anos-de-historia-parceria-e-transformacao-pela-educacao\/\" \/>\n<meta property=\"og:site_name\" content=\"Regional Centro-Oeste\" \/>\n<meta property=\"article:modified_time\" content=\"2026-03-12T17:59:04+00:00\" \/>\n<meta property=\"og:image\" content=\"https:\/\/www.fiemg.com.br\/regional-centro-oeste\/wp-content\/uploads\/sites\/16\/2026\/03\/senai-fiemg-30-anos-cefet-e1773338312419.jpg\" \/>\n\t<meta property=\"og:image:width\" content=\"900\" \/>\n\t<meta property=\"og:image:height\" content=\"900\" \/>\n\t<meta property=\"og:image:type\" content=\"image\/jpeg\" \/>\n<meta name=\"twitter:card\" content=\"summary_large_image\" \/>\n<meta name=\"twitter:label1\" content=\"Est. tempo de leitura\" \/>\n\t<meta name=\"twitter:data1\" content=\"3 minutos\" \/>\n<script type=\"application\/ld+json\" class=\"yoast-schema-graph\">{\"@context\":\"https:\/\/schema.org\",\"@graph\":[{\"@type\":\"WebPage\",\"@id\":\"https:\/\/www.fiemg.com.br\/regional-centro-oeste\/noticias\/cefet-mg-campus-divinopolis-celebra-30-anos-de-historia-parceria-e-transformacao-pela-educacao\/\",\"url\":\"https:\/\/www.fiemg.com.br\/regional-centro-oeste\/noticias\/cefet-mg-campus-divinopolis-celebra-30-anos-de-historia-parceria-e-transformacao-pela-educacao\/\",\"name\":\"CEFET-MG Campus Divin\u00f3polis celebra 30 anos de hist\u00f3ria, parceria e transforma\u00e7\u00e3o pela educa\u00e7\u00e3o - Regional Centro-Oeste\",\"isPartOf\":{\"@id\":\"https:\/\/www.fiemg.com.br\/regional-centro-oeste\/#website\"},\"primaryImageOfPage\":{\"@id\":\"https:\/\/www.fiemg.com.br\/regional-centro-oeste\/noticias\/cefet-mg-campus-divinopolis-celebra-30-anos-de-historia-parceria-e-transformacao-pela-educacao\/#primaryimage\"},\"image\":{\"@id\":\"https:\/\/www.fiemg.com.br\/regional-centro-oeste\/noticias\/cefet-mg-campus-divinopolis-celebra-30-anos-de-historia-parceria-e-transformacao-pela-educacao\/#primaryimage\"},\"thumbnailUrl\":\"https:\/\/www.fiemg.com.br\/regional-centro-oeste\/wp-content\/uploads\/sites\/16\/2026\/03\/senai-fiemg-30-anos-cefet-e1773338312419.jpg\",\"datePublished\":\"2026-03-12T17:59:01+00:00\",\"dateModified\":\"2026-03-12T17:59:04+00:00\",\"breadcrumb\":{\"@id\":\"https:\/\/www.fiemg.com.br\/regional-centro-oeste\/noticias\/cefet-mg-campus-divinopolis-celebra-30-anos-de-historia-parceria-e-transformacao-pela-educacao\/#breadcrumb\"},\"inLanguage\":\"pt-BR\",\"potentialAction\":[{\"@type\":\"ReadAction\",\"target\":[\"https:\/\/www.fiemg.com.br\/regional-centro-oeste\/noticias\/cefet-mg-campus-divinopolis-celebra-30-anos-de-historia-parceria-e-transformacao-pela-educacao\/\"]}]},{\"@type\":\"ImageObject\",\"inLanguage\":\"pt-BR\",\"@id\":\"https:\/\/www.fiemg.com.br\/regional-centro-oeste\/noticias\/cefet-mg-campus-divinopolis-celebra-30-anos-de-historia-parceria-e-transformacao-pela-educacao\/#primaryimage\",\"url\":\"https:\/\/www.fiemg.com.br\/regional-centro-oeste\/wp-content\/uploads\/sites\/16\/2026\/03\/senai-fiemg-30-anos-cefet-e1773338312419.jpg\",\"contentUrl\":\"https:\/\/www.fiemg.com.br\/regional-centro-oeste\/wp-content\/uploads\/sites\/16\/2026\/03\/senai-fiemg-30-anos-cefet-e1773338312419.jpg\",\"width\":900,\"height\":900},{\"@type\":\"BreadcrumbList\",\"@id\":\"https:\/\/www.fiemg.com.br\/regional-centro-oeste\/noticias\/cefet-mg-campus-divinopolis-celebra-30-anos-de-historia-parceria-e-transformacao-pela-educacao\/#breadcrumb\",\"itemListElement\":[{\"@type\":\"ListItem\",\"position\":1,\"name\":\"In\u00edcio\",\"item\":\"https:\/\/www.fiemg.com.br\/regional-centro-oeste\/\"},{\"@type\":\"ListItem\",\"position\":2,\"name\":\"CEFET-MG Campus Divin\u00f3polis celebra 30 anos de hist\u00f3ria, parceria e transforma\u00e7\u00e3o pela educa\u00e7\u00e3o\"}]},{\"@type\":\"WebSite\",\"@id\":\"https:\/\/www.fiemg.com.br\/regional-centro-oeste\/#website\",\"url\":\"https:\/\/www.fiemg.com.br\/regional-centro-oeste\/\",\"name\":\"Regional Centro-Oeste\",\"description\":\"Federa\u00e7\u00e3o das Ind\u00fastrias do Estado de Minas Gerais\",\"publisher\":{\"@id\":\"https:\/\/www.fiemg.com.br\/regional-centro-oeste\/#organization\"},\"potentialAction\":[{\"@type\":\"SearchAction\",\"target\":{\"@type\":\"EntryPoint\",\"urlTemplate\":\"https:\/\/www.fiemg.com.br\/regional-centro-oeste\/?s={search_term_string}\"},\"query-input\":{\"@type\":\"PropertyValueSpecification\",\"valueRequired\":true,\"valueName\":\"search_term_string\"}}],\"inLanguage\":\"pt-BR\"},{\"@type\":\"Organization\",\"@id\":\"https:\/\/www.fiemg.com.br\/regional-centro-oeste\/#organization\",\"name\":\"Regional Centro-Oeste\",\"url\":\"https:\/\/www.fiemg.com.br\/regional-centro-oeste\/\",\"logo\":{\"@type\":\"ImageObject\",\"inLanguage\":\"pt-BR\",\"@id\":\"https:\/\/www.fiemg.com.br\/regional-centro-oeste\/#\/schema\/logo\/image\/\",\"url\":\"https:\/\/www.fiemg.com.br\/regional-centro-oeste\/wp-content\/uploads\/sites\/16\/2023\/02\/Ativo-1.png\",\"contentUrl\":\"https:\/\/www.fiemg.com.br\/regional-centro-oeste\/wp-content\/uploads\/sites\/16\/2023\/02\/Ativo-1.png\",\"width\":563,\"height\":149,\"caption\":\"Regional Centro-Oeste\"},\"image\":{\"@id\":\"https:\/\/www.fiemg.com.br\/regional-centro-oeste\/#\/schema\/logo\/image\/\"}}]}<\/script>\n<!-- \/ Yoast SEO plugin. -->","yoast_head_json":{"title":"CEFET-MG Campus Divin\u00f3polis celebra 30 anos de hist\u00f3ria, parceria e transforma\u00e7\u00e3o pela educa\u00e7\u00e3o - Regional Centro-Oeste","robots":{"index":"index","follow":"follow","max-snippet":"max-snippet:-1","max-image-preview":"max-image-preview:large","max-video-preview":"max-video-preview:-1"},"canonical":"https:\/\/www.fiemg.com.br\/regional-centro-oeste\/noticias\/cefet-mg-campus-divinopolis-celebra-30-anos-de-historia-parceria-e-transformacao-pela-educacao\/","og_locale":"pt_BR","og_type":"article","og_title":"CEFET-MG Campus Divin\u00f3polis celebra 30 anos de hist\u00f3ria, parceria e transforma\u00e7\u00e3o pela educa\u00e7\u00e3o - Regional Centro-Oeste","og_description":"O campus do CEFET-MG em Divin\u00f3polis comemorou seus 30 anos de hist\u00f3ria com uma solenidade que reuniu representantes do poder p\u00fablico, entidades de classe, lideran\u00e7as empresariais e membros da comunidade acad\u00eamica. O momento foi marcado por homenagens e pelo resgate da trajet\u00f3ria constru\u00edda coletivamente para viabilizar a presen\u00e7a da institui\u00e7\u00e3o na cidade. Entre as entidades [&hellip;]","og_url":"https:\/\/www.fiemg.com.br\/regional-centro-oeste\/noticias\/cefet-mg-campus-divinopolis-celebra-30-anos-de-historia-parceria-e-transformacao-pela-educacao\/","og_site_name":"Regional Centro-Oeste","article_modified_time":"2026-03-12T17:59:04+00:00","og_image":[{"width":900,"height":900,"url":"https:\/\/www.fiemg.com.br\/regional-centro-oeste\/wp-content\/uploads\/sites\/16\/2026\/03\/senai-fiemg-30-anos-cefet-e1773338312419.jpg","type":"image\/jpeg"}],"twitter_card":"summary_large_image","twitter_misc":{"Est. tempo de leitura":"3 minutos"},"schema":{"@context":"https:\/\/schema.org","@graph":[{"@type":"WebPage","@id":"https:\/\/www.fiemg.com.br\/regional-centro-oeste\/noticias\/cefet-mg-campus-divinopolis-celebra-30-anos-de-historia-parceria-e-transformacao-pela-educacao\/","url":"https:\/\/www.fiemg.com.br\/regional-centro-oeste\/noticias\/cefet-mg-campus-divinopolis-celebra-30-anos-de-historia-parceria-e-transformacao-pela-educacao\/","name":"CEFET-MG Campus Divin\u00f3polis celebra 30 anos de hist\u00f3ria, parceria e transforma\u00e7\u00e3o pela educa\u00e7\u00e3o - Regional Centro-Oeste","isPartOf":{"@id":"https:\/\/www.fiemg.com.br\/regional-centro-oeste\/#website"},"primaryImageOfPage":{"@id":"https:\/\/www.fiemg.com.br\/regional-centro-oeste\/noticias\/cefet-mg-campus-divinopolis-celebra-30-anos-de-historia-parceria-e-transformacao-pela-educacao\/#primaryimage"},"image":{"@id":"https:\/\/www.fiemg.com.br\/regional-centro-oeste\/noticias\/cefet-mg-campus-divinopolis-celebra-30-anos-de-historia-parceria-e-transformacao-pela-educacao\/#primaryimage"},"thumbnailUrl":"https:\/\/www.fiemg.com.br\/regional-centro-oeste\/wp-content\/uploads\/sites\/16\/2026\/03\/senai-fiemg-30-anos-cefet-e1773338312419.jpg","datePublished":"2026-03-12T17:59:01+00:00","dateModified":"2026-03-12T17:59:04+00:00","breadcrumb":{"@id":"https:\/\/www.fiemg.com.br\/regional-centro-oeste\/noticias\/cefet-mg-campus-divinopolis-celebra-30-anos-de-historia-parceria-e-transformacao-pela-educacao\/#breadcrumb"},"inLanguage":"pt-BR","potentialAction":[{"@type":"ReadAction","target":["https:\/\/www.fiemg.com.br\/regional-centro-oeste\/noticias\/cefet-mg-campus-divinopolis-celebra-30-anos-de-historia-parceria-e-transformacao-pela-educacao\/"]}]},{"@type":"ImageObject","inLanguage":"pt-BR","@id":"https:\/\/www.fiemg.com.br\/regional-centro-oeste\/noticias\/cefet-mg-campus-divinopolis-celebra-30-anos-de-historia-parceria-e-transformacao-pela-educacao\/#primaryimage","url":"https:\/\/www.fiemg.com.br\/regional-centro-oeste\/wp-content\/uploads\/sites\/16\/2026\/03\/senai-fiemg-30-anos-cefet-e1773338312419.jpg","contentUrl":"https:\/\/www.fiemg.com.br\/regional-centro-oeste\/wp-content\/uploads\/sites\/16\/2026\/03\/senai-fiemg-30-anos-cefet-e1773338312419.jpg","width":900,"height":900},{"@type":"BreadcrumbList","@id":"https:\/\/www.fiemg.com.br\/regional-centro-oeste\/noticias\/cefet-mg-campus-divinopolis-celebra-30-anos-de-historia-parceria-e-transformacao-pela-educacao\/#breadcrumb","itemListElement":[{"@type":"ListItem","position":1,"name":"In\u00edcio","item":"https:\/\/www.fiemg.com.br\/regional-centro-oeste\/"},{"@type":"ListItem","position":2,"name":"CEFET-MG Campus Divin\u00f3polis celebra 30 anos de hist\u00f3ria, parceria e transforma\u00e7\u00e3o pela educa\u00e7\u00e3o"}]},{"@type":"WebSite","@id":"https:\/\/www.fiemg.com.br\/regional-centro-oeste\/#website","url":"https:\/\/www.fiemg.com.br\/regional-centro-oeste\/","name":"Regional Centro-Oeste","description":"Federa\u00e7\u00e3o das Ind\u00fastrias do Estado de Minas Gerais","publisher":{"@id":"https:\/\/www.fiemg.com.br\/regional-centro-oeste\/#organization"},"potentialAction":[{"@type":"SearchAction","target":{"@type":"EntryPoint","urlTemplate":"https:\/\/www.fiemg.com.br\/regional-centro-oeste\/?s={search_term_string}"},"query-input":{"@type":"PropertyValueSpecification","valueRequired":true,"valueName":"search_term_string"}}],"inLanguage":"pt-BR"},{"@type":"Organization","@id":"https:\/\/www.fiemg.com.br\/regional-centro-oeste\/#organization","name":"Regional Centro-Oeste","url":"https:\/\/www.fiemg.com.br\/regional-centro-oeste\/","logo":{"@type":"ImageObject","inLanguage":"pt-BR","@id":"https:\/\/www.fiemg.com.br\/regional-centro-oeste\/#\/schema\/logo\/image\/","url":"https:\/\/www.fiemg.com.br\/regional-centro-oeste\/wp-content\/uploads\/sites\/16\/2023\/02\/Ativo-1.png","contentUrl":"https:\/\/www.fiemg.com.br\/regional-centro-oeste\/wp-content\/uploads\/sites\/16\/2023\/02\/Ativo-1.png","width":563,"height":149,"caption":"Regional Centro-Oeste"},"image":{"@id":"https:\/\/www.fiemg.com.br\/regional-centro-oeste\/#\/schema\/logo\/image\/"}}]}},"_links":{"self":[{"href":"https:\/\/www.fiemg.com.br\/regional-centro-oeste\/wp-json\/wp\/v2\/noticias\/3603","targetHints":{"allow":["GET"]}}],"collection":[{"href":"https:\/\/www.fiemg.com.br\/regional-centro-oeste\/wp-json\/wp\/v2\/noticias"}],"about":[{"href":"https:\/\/www.fiemg.com.br\/regional-centro-oeste\/wp-json\/wp\/v2\/types\/noticias"}],"wp:featuredmedia":[{"embeddable":true,"href":"https:\/\/www.fiemg.com.br\/regional-centro-oeste\/wp-json\/wp\/v2\/media\/3606"}],"wp:attachment":[{"href":"https:\/\/www.fiemg.com.br\/regional-centro-oeste\/wp-json\/wp\/v2\/media?parent=3603"}],"wp:term":[{"taxonomy":"category","embeddable":true,"href":"https:\/\/www.fiemg.com.br\/regional-centro-oeste\/wp-json\/wp\/v2\/categories?post=3603"},{"taxonomy":"post_tag","embeddable":true,"href":"https:\/\/www.fiemg.com.br\/regional-centro-oeste\/wp-json\/wp\/v2\/tags?post=3603"}],"curies":[{"name":"wp","href":"https:\/\/api.w.org\/{rel}","templated":true}]}}