{"id":3636,"date":"2026-03-19T17:08:04","date_gmt":"2026-03-19T20:08:04","guid":{"rendered":"https:\/\/www.fiemg.com.br\/regional-centro-oeste\/noticias\/fiemg-alerta-para-baixa-efetividade-da-reducao-do-icms-sobre-o-diesel-e-risco-as-contas-publicas-estaduais\/"},"modified":"2026-03-19T17:08:04","modified_gmt":"2026-03-19T20:08:04","slug":"fiemg-alerta-para-baixa-efetividade-da-reducao-do-icms-sobre-o-diesel-e-risco-as-contas-publicas-estaduais","status":"publish","type":"noticias","link":"https:\/\/www.fiemg.com.br\/regional-centro-oeste\/noticias\/fiemg-alerta-para-baixa-efetividade-da-reducao-do-icms-sobre-o-diesel-e-risco-as-contas-publicas-estaduais\/","title":{"rendered":"FIEMG alerta para baixa efetividade da redu\u00e7\u00e3o do ICMS sobre o diesel e risco \u00e0s contas p\u00fablicas estaduais"},"content":{"rendered":"\n<figure class=\"wp-block-image aligncenter size-full is-resized\"><img fetchpriority=\"high\" decoding=\"async\" width=\"941\" height=\"434\" src=\"https:\/\/www.fiemg.com.br\/regional-centro-oeste\/wp-content\/uploads\/sites\/16\/2026\/03\/pis-2-1.png\" alt=\"\" class=\"wp-image-3638\" style=\"width:961px;height:auto\" srcset=\"https:\/\/www.fiemg.com.br\/regional-centro-oeste\/wp-content\/uploads\/sites\/16\/2026\/03\/pis-2-1.png 941w, https:\/\/www.fiemg.com.br\/regional-centro-oeste\/wp-content\/uploads\/sites\/16\/2026\/03\/pis-2-1-300x138.png 300w, https:\/\/www.fiemg.com.br\/regional-centro-oeste\/wp-content\/uploads\/sites\/16\/2026\/03\/pis-2-1-768x354.png 768w\" sizes=\"(max-width: 941px) 100vw, 941px\" \/><\/figure>\n\n\n\n<p>A Federa\u00e7\u00e3o das Ind\u00fastrias do Estado de Minas Gerais (FIEMG) alerta para a baixa efetividade da proposta de redu\u00e7\u00e3o tempor\u00e1ria do ICMS sobre o diesel e para os riscos que a medida pode trazer \u00e0s contas p\u00fablicas estaduais. O tema tem sido discutido nesta semana e foi pauta da \u00faltima reuni\u00e3o do Conselho Nacional de Pol\u00edtica Fazend\u00e1ria (Confaz), que re\u00fane os secret\u00e1rios de Fazenda dos estados.<\/p>\n\n\n\n<p>Para a entidade, ao contr\u00e1rio da redu\u00e7\u00e3o de tributos federais como PIS\/Cofins, que incidem diretamente na produ\u00e7\u00e3o, a diminui\u00e7\u00e3o do ICMS tende a ter impacto limitado ao longo da cadeia de circula\u00e7\u00e3o do combust\u00edvel, reduzindo as chances de repasse integral ao consumidor final. A FIEMG avalia ainda que a proposta desconsidera caracter\u00edsticas relevantes do mercado de combust\u00edveis, como a elevada concentra\u00e7\u00e3o e a baixa elasticidade da demanda, fatores que dificultam a transfer\u00eancia dos ganhos tribut\u00e1rios para os pre\u00e7os.<\/p>\n\n\n\n<p>\u201cApesar da inten\u00e7\u00e3o de conter os efeitos da alta internacional do petr\u00f3leo, a proposta de redu\u00e7\u00e3o do ICMS sobre o diesel n\u00e3o enfrenta o problema de forma eficaz. H\u00e1 evid\u00eancias de que a diminui\u00e7\u00e3o de tributos nesse mercado nem sempre se traduz em queda de pre\u00e7os ao consumidor, podendo ser parcialmente absorvida ao longo da cadeia\u201d, afirma o presidente da FIEMG, Fl\u00e1vio Roscoe.<\/p>\n\n\n\n<p>O presidente ressalta ainda a necessidade de considerar a realidade fiscal dos estados e a complexidade do setor. \u201c\u00c9 fundamental que qualquer medida leve em conta a sustentabilidade das contas p\u00fablicas e as caracter\u00edsticas do mercado de combust\u00edveis. Solu\u00e7\u00f5es simplificadas podem gerar efeitos limitados sobre os pre\u00e7os e trazer impactos relevantes para a gest\u00e3o fiscal dos estados\u201d, acrescenta.<\/p>\n\n\n\n<p>A FIEMG refor\u00e7a que o enfrentamento da alta dos combust\u00edveis exige medidas estruturais, que considerem o funcionamento da cadeia, o ambiente regulat\u00f3rio e a necessidade de equil\u00edbrio entre competitividade econ\u00f4mica e responsabilidade fiscal.<\/p>\n\n\n\n<p><strong>Imprensa FIEMG<\/strong><\/p>\n","protected":false},"featured_media":3637,"template":"","categories":[13],"tags":[71,188],"class_list":["post-3636","noticias","type-noticias","status-publish","has-post-thumbnail","hentry","category-destaques","tag-fiemg","tag-industria"],"acf":[],"yoast_head":"<!-- This site is optimized with the Yoast SEO plugin v26.2 - https:\/\/yoast.com\/wordpress\/plugins\/seo\/ -->\n<title>FIEMG alerta para baixa efetividade da redu\u00e7\u00e3o do ICMS sobre o diesel e risco \u00e0s contas p\u00fablicas estaduais - Regional Centro-Oeste<\/title>\n<meta name=\"description\" content=\"Entidade avalia que medida pode ter impacto limitado sobre pre\u00e7os e comprometer a sustentabilidade fiscal dos estados\" \/>\n<meta name=\"robots\" content=\"index, follow, max-snippet:-1, max-image-preview:large, max-video-preview:-1\" \/>\n<link rel=\"canonical\" href=\"https:\/\/www.fiemg.com.br\/regional-centro-oeste\/noticias\/fiemg-alerta-para-baixa-efetividade-da-reducao-do-icms-sobre-o-diesel-e-risco-as-contas-publicas-estaduais\/\" \/>\n<meta property=\"og:locale\" content=\"pt_BR\" \/>\n<meta property=\"og:type\" content=\"article\" \/>\n<meta property=\"og:title\" content=\"FIEMG alerta para baixa efetividade da redu\u00e7\u00e3o do ICMS sobre o diesel e risco \u00e0s contas p\u00fablicas estaduais - Regional Centro-Oeste\" \/>\n<meta property=\"og:description\" content=\"Entidade avalia que medida pode ter impacto limitado sobre pre\u00e7os e comprometer a sustentabilidade fiscal dos estados\" \/>\n<meta property=\"og:url\" content=\"https:\/\/www.fiemg.com.br\/regional-centro-oeste\/noticias\/fiemg-alerta-para-baixa-efetividade-da-reducao-do-icms-sobre-o-diesel-e-risco-as-contas-publicas-estaduais\/\" \/>\n<meta property=\"og:site_name\" content=\"Regional Centro-Oeste\" \/>\n<meta property=\"og:image\" content=\"https:\/\/www.fiemg.com.br\/regional-centro-oeste\/wp-content\/uploads\/sites\/16\/2026\/03\/PIS-CONFINS-1.jpeg\" \/>\n\t<meta property=\"og:image:width\" content=\"768\" \/>\n\t<meta property=\"og:image:height\" content=\"512\" \/>\n\t<meta property=\"og:image:type\" content=\"image\/jpeg\" \/>\n<meta name=\"twitter:card\" content=\"summary_large_image\" \/>\n<meta name=\"twitter:label1\" content=\"Est. tempo de leitura\" \/>\n\t<meta name=\"twitter:data1\" content=\"3 minutos\" \/>\n<script type=\"application\/ld+json\" class=\"yoast-schema-graph\">{\"@context\":\"https:\/\/schema.org\",\"@graph\":[{\"@type\":\"WebPage\",\"@id\":\"https:\/\/www.fiemg.com.br\/regional-centro-oeste\/noticias\/fiemg-alerta-para-baixa-efetividade-da-reducao-do-icms-sobre-o-diesel-e-risco-as-contas-publicas-estaduais\/\",\"url\":\"https:\/\/www.fiemg.com.br\/regional-centro-oeste\/noticias\/fiemg-alerta-para-baixa-efetividade-da-reducao-do-icms-sobre-o-diesel-e-risco-as-contas-publicas-estaduais\/\",\"name\":\"FIEMG alerta para baixa efetividade da redu\u00e7\u00e3o do ICMS sobre o diesel e risco \u00e0s contas p\u00fablicas estaduais - Regional Centro-Oeste\",\"isPartOf\":{\"@id\":\"https:\/\/www.fiemg.com.br\/regional-centro-oeste\/#website\"},\"primaryImageOfPage\":{\"@id\":\"https:\/\/www.fiemg.com.br\/regional-centro-oeste\/noticias\/fiemg-alerta-para-baixa-efetividade-da-reducao-do-icms-sobre-o-diesel-e-risco-as-contas-publicas-estaduais\/#primaryimage\"},\"image\":{\"@id\":\"https:\/\/www.fiemg.com.br\/regional-centro-oeste\/noticias\/fiemg-alerta-para-baixa-efetividade-da-reducao-do-icms-sobre-o-diesel-e-risco-as-contas-publicas-estaduais\/#primaryimage\"},\"thumbnailUrl\":\"https:\/\/www.fiemg.com.br\/regional-centro-oeste\/wp-content\/uploads\/sites\/16\/2026\/03\/PIS-CONFINS-1.jpeg\",\"datePublished\":\"2026-03-19T20:08:04+00:00\",\"description\":\"Entidade avalia que medida pode ter impacto limitado sobre pre\u00e7os e comprometer a sustentabilidade fiscal dos estados\",\"breadcrumb\":{\"@id\":\"https:\/\/www.fiemg.com.br\/regional-centro-oeste\/noticias\/fiemg-alerta-para-baixa-efetividade-da-reducao-do-icms-sobre-o-diesel-e-risco-as-contas-publicas-estaduais\/#breadcrumb\"},\"inLanguage\":\"pt-BR\",\"potentialAction\":[{\"@type\":\"ReadAction\",\"target\":[\"https:\/\/www.fiemg.com.br\/regional-centro-oeste\/noticias\/fiemg-alerta-para-baixa-efetividade-da-reducao-do-icms-sobre-o-diesel-e-risco-as-contas-publicas-estaduais\/\"]}]},{\"@type\":\"ImageObject\",\"inLanguage\":\"pt-BR\",\"@id\":\"https:\/\/www.fiemg.com.br\/regional-centro-oeste\/noticias\/fiemg-alerta-para-baixa-efetividade-da-reducao-do-icms-sobre-o-diesel-e-risco-as-contas-publicas-estaduais\/#primaryimage\",\"url\":\"https:\/\/www.fiemg.com.br\/regional-centro-oeste\/wp-content\/uploads\/sites\/16\/2026\/03\/PIS-CONFINS-1.jpeg\",\"contentUrl\":\"https:\/\/www.fiemg.com.br\/regional-centro-oeste\/wp-content\/uploads\/sites\/16\/2026\/03\/PIS-CONFINS-1.jpeg\",\"width\":768,\"height\":512},{\"@type\":\"BreadcrumbList\",\"@id\":\"https:\/\/www.fiemg.com.br\/regional-centro-oeste\/noticias\/fiemg-alerta-para-baixa-efetividade-da-reducao-do-icms-sobre-o-diesel-e-risco-as-contas-publicas-estaduais\/#breadcrumb\",\"itemListElement\":[{\"@type\":\"ListItem\",\"position\":1,\"name\":\"In\u00edcio\",\"item\":\"https:\/\/www.fiemg.com.br\/regional-centro-oeste\/\"},{\"@type\":\"ListItem\",\"position\":2,\"name\":\"FIEMG alerta para baixa efetividade da redu\u00e7\u00e3o do ICMS sobre o diesel e risco \u00e0s contas p\u00fablicas estaduais\"}]},{\"@type\":\"WebSite\",\"@id\":\"https:\/\/www.fiemg.com.br\/regional-centro-oeste\/#website\",\"url\":\"https:\/\/www.fiemg.com.br\/regional-centro-oeste\/\",\"name\":\"Regional Centro-Oeste\",\"description\":\"Federa\u00e7\u00e3o das Ind\u00fastrias do Estado de Minas Gerais\",\"publisher\":{\"@id\":\"https:\/\/www.fiemg.com.br\/regional-centro-oeste\/#organization\"},\"potentialAction\":[{\"@type\":\"SearchAction\",\"target\":{\"@type\":\"EntryPoint\",\"urlTemplate\":\"https:\/\/www.fiemg.com.br\/regional-centro-oeste\/?s={search_term_string}\"},\"query-input\":{\"@type\":\"PropertyValueSpecification\",\"valueRequired\":true,\"valueName\":\"search_term_string\"}}],\"inLanguage\":\"pt-BR\"},{\"@type\":\"Organization\",\"@id\":\"https:\/\/www.fiemg.com.br\/regional-centro-oeste\/#organization\",\"name\":\"Regional Centro-Oeste\",\"url\":\"https:\/\/www.fiemg.com.br\/regional-centro-oeste\/\",\"logo\":{\"@type\":\"ImageObject\",\"inLanguage\":\"pt-BR\",\"@id\":\"https:\/\/www.fiemg.com.br\/regional-centro-oeste\/#\/schema\/logo\/image\/\",\"url\":\"https:\/\/www.fiemg.com.br\/regional-centro-oeste\/wp-content\/uploads\/sites\/16\/2023\/02\/Ativo-1.png\",\"contentUrl\":\"https:\/\/www.fiemg.com.br\/regional-centro-oeste\/wp-content\/uploads\/sites\/16\/2023\/02\/Ativo-1.png\",\"width\":563,\"height\":149,\"caption\":\"Regional Centro-Oeste\"},\"image\":{\"@id\":\"https:\/\/www.fiemg.com.br\/regional-centro-oeste\/#\/schema\/logo\/image\/\"}}]}<\/script>\n<!-- \/ Yoast SEO plugin. -->","yoast_head_json":{"title":"FIEMG alerta para baixa efetividade da redu\u00e7\u00e3o do ICMS sobre o diesel e risco \u00e0s contas p\u00fablicas estaduais - Regional Centro-Oeste","description":"Entidade avalia que medida pode ter impacto limitado sobre pre\u00e7os e comprometer a sustentabilidade fiscal dos estados","robots":{"index":"index","follow":"follow","max-snippet":"max-snippet:-1","max-image-preview":"max-image-preview:large","max-video-preview":"max-video-preview:-1"},"canonical":"https:\/\/www.fiemg.com.br\/regional-centro-oeste\/noticias\/fiemg-alerta-para-baixa-efetividade-da-reducao-do-icms-sobre-o-diesel-e-risco-as-contas-publicas-estaduais\/","og_locale":"pt_BR","og_type":"article","og_title":"FIEMG alerta para baixa efetividade da redu\u00e7\u00e3o do ICMS sobre o diesel e risco \u00e0s contas p\u00fablicas estaduais - Regional Centro-Oeste","og_description":"Entidade avalia que medida pode ter impacto limitado sobre pre\u00e7os e comprometer a sustentabilidade fiscal dos estados","og_url":"https:\/\/www.fiemg.com.br\/regional-centro-oeste\/noticias\/fiemg-alerta-para-baixa-efetividade-da-reducao-do-icms-sobre-o-diesel-e-risco-as-contas-publicas-estaduais\/","og_site_name":"Regional Centro-Oeste","og_image":[{"width":768,"height":512,"url":"https:\/\/www.fiemg.com.br\/regional-centro-oeste\/wp-content\/uploads\/sites\/16\/2026\/03\/PIS-CONFINS-1.jpeg","type":"image\/jpeg"}],"twitter_card":"summary_large_image","twitter_misc":{"Est. tempo de leitura":"3 minutos"},"schema":{"@context":"https:\/\/schema.org","@graph":[{"@type":"WebPage","@id":"https:\/\/www.fiemg.com.br\/regional-centro-oeste\/noticias\/fiemg-alerta-para-baixa-efetividade-da-reducao-do-icms-sobre-o-diesel-e-risco-as-contas-publicas-estaduais\/","url":"https:\/\/www.fiemg.com.br\/regional-centro-oeste\/noticias\/fiemg-alerta-para-baixa-efetividade-da-reducao-do-icms-sobre-o-diesel-e-risco-as-contas-publicas-estaduais\/","name":"FIEMG alerta para baixa efetividade da redu\u00e7\u00e3o do ICMS sobre o diesel e risco \u00e0s contas p\u00fablicas estaduais - Regional Centro-Oeste","isPartOf":{"@id":"https:\/\/www.fiemg.com.br\/regional-centro-oeste\/#website"},"primaryImageOfPage":{"@id":"https:\/\/www.fiemg.com.br\/regional-centro-oeste\/noticias\/fiemg-alerta-para-baixa-efetividade-da-reducao-do-icms-sobre-o-diesel-e-risco-as-contas-publicas-estaduais\/#primaryimage"},"image":{"@id":"https:\/\/www.fiemg.com.br\/regional-centro-oeste\/noticias\/fiemg-alerta-para-baixa-efetividade-da-reducao-do-icms-sobre-o-diesel-e-risco-as-contas-publicas-estaduais\/#primaryimage"},"thumbnailUrl":"https:\/\/www.fiemg.com.br\/regional-centro-oeste\/wp-content\/uploads\/sites\/16\/2026\/03\/PIS-CONFINS-1.jpeg","datePublished":"2026-03-19T20:08:04+00:00","description":"Entidade avalia que medida pode ter impacto limitado sobre pre\u00e7os e comprometer a sustentabilidade fiscal dos estados","breadcrumb":{"@id":"https:\/\/www.fiemg.com.br\/regional-centro-oeste\/noticias\/fiemg-alerta-para-baixa-efetividade-da-reducao-do-icms-sobre-o-diesel-e-risco-as-contas-publicas-estaduais\/#breadcrumb"},"inLanguage":"pt-BR","potentialAction":[{"@type":"ReadAction","target":["https:\/\/www.fiemg.com.br\/regional-centro-oeste\/noticias\/fiemg-alerta-para-baixa-efetividade-da-reducao-do-icms-sobre-o-diesel-e-risco-as-contas-publicas-estaduais\/"]}]},{"@type":"ImageObject","inLanguage":"pt-BR","@id":"https:\/\/www.fiemg.com.br\/regional-centro-oeste\/noticias\/fiemg-alerta-para-baixa-efetividade-da-reducao-do-icms-sobre-o-diesel-e-risco-as-contas-publicas-estaduais\/#primaryimage","url":"https:\/\/www.fiemg.com.br\/regional-centro-oeste\/wp-content\/uploads\/sites\/16\/2026\/03\/PIS-CONFINS-1.jpeg","contentUrl":"https:\/\/www.fiemg.com.br\/regional-centro-oeste\/wp-content\/uploads\/sites\/16\/2026\/03\/PIS-CONFINS-1.jpeg","width":768,"height":512},{"@type":"BreadcrumbList","@id":"https:\/\/www.fiemg.com.br\/regional-centro-oeste\/noticias\/fiemg-alerta-para-baixa-efetividade-da-reducao-do-icms-sobre-o-diesel-e-risco-as-contas-publicas-estaduais\/#breadcrumb","itemListElement":[{"@type":"ListItem","position":1,"name":"In\u00edcio","item":"https:\/\/www.fiemg.com.br\/regional-centro-oeste\/"},{"@type":"ListItem","position":2,"name":"FIEMG alerta para baixa efetividade da redu\u00e7\u00e3o do ICMS sobre o diesel e risco \u00e0s contas p\u00fablicas estaduais"}]},{"@type":"WebSite","@id":"https:\/\/www.fiemg.com.br\/regional-centro-oeste\/#website","url":"https:\/\/www.fiemg.com.br\/regional-centro-oeste\/","name":"Regional Centro-Oeste","description":"Federa\u00e7\u00e3o das Ind\u00fastrias do Estado de Minas Gerais","publisher":{"@id":"https:\/\/www.fiemg.com.br\/regional-centro-oeste\/#organization"},"potentialAction":[{"@type":"SearchAction","target":{"@type":"EntryPoint","urlTemplate":"https:\/\/www.fiemg.com.br\/regional-centro-oeste\/?s={search_term_string}"},"query-input":{"@type":"PropertyValueSpecification","valueRequired":true,"valueName":"search_term_string"}}],"inLanguage":"pt-BR"},{"@type":"Organization","@id":"https:\/\/www.fiemg.com.br\/regional-centro-oeste\/#organization","name":"Regional Centro-Oeste","url":"https:\/\/www.fiemg.com.br\/regional-centro-oeste\/","logo":{"@type":"ImageObject","inLanguage":"pt-BR","@id":"https:\/\/www.fiemg.com.br\/regional-centro-oeste\/#\/schema\/logo\/image\/","url":"https:\/\/www.fiemg.com.br\/regional-centro-oeste\/wp-content\/uploads\/sites\/16\/2023\/02\/Ativo-1.png","contentUrl":"https:\/\/www.fiemg.com.br\/regional-centro-oeste\/wp-content\/uploads\/sites\/16\/2023\/02\/Ativo-1.png","width":563,"height":149,"caption":"Regional Centro-Oeste"},"image":{"@id":"https:\/\/www.fiemg.com.br\/regional-centro-oeste\/#\/schema\/logo\/image\/"}}]}},"_links":{"self":[{"href":"https:\/\/www.fiemg.com.br\/regional-centro-oeste\/wp-json\/wp\/v2\/noticias\/3636","targetHints":{"allow":["GET"]}}],"collection":[{"href":"https:\/\/www.fiemg.com.br\/regional-centro-oeste\/wp-json\/wp\/v2\/noticias"}],"about":[{"href":"https:\/\/www.fiemg.com.br\/regional-centro-oeste\/wp-json\/wp\/v2\/types\/noticias"}],"wp:featuredmedia":[{"embeddable":true,"href":"https:\/\/www.fiemg.com.br\/regional-centro-oeste\/wp-json\/wp\/v2\/media\/3637"}],"wp:attachment":[{"href":"https:\/\/www.fiemg.com.br\/regional-centro-oeste\/wp-json\/wp\/v2\/media?parent=3636"}],"wp:term":[{"taxonomy":"category","embeddable":true,"href":"https:\/\/www.fiemg.com.br\/regional-centro-oeste\/wp-json\/wp\/v2\/categories?post=3636"},{"taxonomy":"post_tag","embeddable":true,"href":"https:\/\/www.fiemg.com.br\/regional-centro-oeste\/wp-json\/wp\/v2\/tags?post=3636"}],"curies":[{"name":"wp","href":"https:\/\/api.w.org\/{rel}","templated":true}]}}