{"id":3639,"date":"2026-03-20T14:30:31","date_gmt":"2026-03-20T17:30:31","guid":{"rendered":"https:\/\/www.fiemg.com.br\/regional-centro-oeste\/?post_type=noticias&#038;p=3639"},"modified":"2026-03-20T14:30:37","modified_gmt":"2026-03-20T17:30:37","slug":"construcao-civil-em-minas-reforca-articulacao-estrategica-em-reuniao-na-fiemg","status":"publish","type":"noticias","link":"https:\/\/www.fiemg.com.br\/regional-centro-oeste\/noticias\/construcao-civil-em-minas-reforca-articulacao-estrategica-em-reuniao-na-fiemg\/","title":{"rendered":"Constru\u00e7\u00e3o civil em Minas refor\u00e7a articula\u00e7\u00e3o estrat\u00e9gica em reuni\u00e3o na FIEMG"},"content":{"rendered":"\n<figure class=\"wp-block-image aligncenter size-large\"><img fetchpriority=\"high\" decoding=\"async\" width=\"1024\" height=\"398\" src=\"https:\/\/www.fiemg.com.br\/regional-centro-oeste\/wp-content\/uploads\/sites\/16\/2026\/03\/liderancas-reuniao-cbic-e1774027773296-1024x398.jpg\" alt=\"\" class=\"wp-image-3640\" srcset=\"https:\/\/www.fiemg.com.br\/regional-centro-oeste\/wp-content\/uploads\/sites\/16\/2026\/03\/liderancas-reuniao-cbic-e1774027773296-1024x398.jpg 1024w, https:\/\/www.fiemg.com.br\/regional-centro-oeste\/wp-content\/uploads\/sites\/16\/2026\/03\/liderancas-reuniao-cbic-e1774027773296-300x116.jpg 300w, https:\/\/www.fiemg.com.br\/regional-centro-oeste\/wp-content\/uploads\/sites\/16\/2026\/03\/liderancas-reuniao-cbic-e1774027773296-768x298.jpg 768w, https:\/\/www.fiemg.com.br\/regional-centro-oeste\/wp-content\/uploads\/sites\/16\/2026\/03\/liderancas-reuniao-cbic-e1774027773296.jpg 1280w\" sizes=\"(max-width: 1024px) 100vw, 1024px\" \/><\/figure>\n\n\n\n<p>Representantes das principais entidades da constru\u00e7\u00e3o civil se reuniram na tarde de ontem (19), na sede da Federa\u00e7\u00e3o das Ind\u00fastrias do Estado de Minas Gerais, Belo Horizonte, durante encontro da Comiss\u00e3o da Ind\u00fastria Imobili\u00e1ria (CII). A reuni\u00e3o evidenciou o fortalecimento do di\u00e1logo institucional e a constru\u00e7\u00e3o de estrat\u00e9gias conjuntas para impulsionar o setor em Minas Gerais e no pa\u00eds.<\/p>\n\n\n\n<p>O encontro contou com a presen\u00e7a de importantes lideran\u00e7as, entre elas o presidente do SINDUSCON-MG, Raphael Lafet\u00e1; presidente da CBIC, Renato Correia; presidente da FIEMG, Fl\u00e1vio Roscoe e Geraldo Jardim Linhares J\u00fanior, presidente da C\u00e2mara da Ind\u00fastria da Constru\u00e7\u00e3o da entidade.<\/p>\n\n\n\n<p>Pelo SINDUSCON-CO, participaram o presidente, Leonardo Antunes e o vice-presidente da entidade e tamb\u00e9m presidente da FIEMG Regional Centro-Oeste, Eduardo Soares.<\/p>\n\n\n\n<p>Entre os principais temas da pauta, esteve o Fundo de Investimento Imobili\u00e1rio (FII) proposto pela CBIC, iniciativa voltada \u00e0 amplia\u00e7\u00e3o das fontes de financiamento para o setor, com potencial de atrair novos investidores e fortalecer o mercado imobili\u00e1rio. Tamb\u00e9m foram discutidas perspectivas do mercado imobili\u00e1rio, que segue aquecido em Minas Gerais, mesmo diante de desafios como custos de insumos e condi\u00e7\u00f5es de cr\u00e9dito.<\/p>\n\n\n\n<p>Outro ponto relevante foi o Projeto de Lei n\u00ba 574\/2025, que institui a &#8220;Opera\u00e7\u00e3o Urbana Simplificada (OUS) Regenera\u00e7\u00e3o dos Bairros do Centro&#8221;, visando revitalizar o centro de BH e adjac\u00eancias com incentivos fiscais e imobili\u00e1rios, gerando debates sobre o impacto social.<\/p>\n\n\n\n<p>A reuni\u00e3o refor\u00e7ou a import\u00e2ncia da integra\u00e7\u00e3o entre as institui\u00e7\u00f5es representativas, promovendo alinhamento de pautas e atua\u00e7\u00e3o conjunta em defesa dos interesses da ind\u00fastria da constru\u00e7\u00e3o. O setor, que responde por cerca de 6% do Produto Interno Bruto (PIB) brasileiro e gera milh\u00f5es de empregos, desempenha papel estrat\u00e9gico no desenvolvimento econ\u00f4mico e social do pa\u00eds.<\/p>\n\n\n\n<p>\u201cA constru\u00e7\u00e3o civil impacta diretamente diversas cadeias produtivas, como a ind\u00fastria de materiais, servi\u00e7os e com\u00e9rcio. Nesse contexto, o fortalecimento do di\u00e1logo entre entidades e lideran\u00e7as se mostra essencial para enfrentar desafios, propor solu\u00e7\u00f5es e aproveitar as oportunidades de crescimento\u201d, afirmou o vice-presidente do SINDUSCO-CO e presidente da FIEMG RCO, Eduardo Soares.<\/p>\n","protected":false},"featured_media":3641,"template":"","categories":[],"tags":[],"class_list":["post-3639","noticias","type-noticias","status-publish","has-post-thumbnail","hentry"],"acf":[],"yoast_head":"<!-- This site is optimized with the Yoast SEO plugin v26.2 - https:\/\/yoast.com\/wordpress\/plugins\/seo\/ -->\n<title>Constru\u00e7\u00e3o civil em Minas refor\u00e7a articula\u00e7\u00e3o estrat\u00e9gica em reuni\u00e3o na FIEMG - Regional Centro-Oeste<\/title>\n<meta name=\"robots\" content=\"index, follow, max-snippet:-1, max-image-preview:large, max-video-preview:-1\" \/>\n<link rel=\"canonical\" href=\"https:\/\/www.fiemg.com.br\/regional-centro-oeste\/noticias\/construcao-civil-em-minas-reforca-articulacao-estrategica-em-reuniao-na-fiemg\/\" \/>\n<meta property=\"og:locale\" content=\"pt_BR\" \/>\n<meta property=\"og:type\" content=\"article\" \/>\n<meta property=\"og:title\" content=\"Constru\u00e7\u00e3o civil em Minas refor\u00e7a articula\u00e7\u00e3o estrat\u00e9gica em reuni\u00e3o na FIEMG - Regional Centro-Oeste\" \/>\n<meta property=\"og:description\" content=\"Representantes das principais entidades da constru\u00e7\u00e3o civil se reuniram na tarde de ontem (19), na sede da Federa\u00e7\u00e3o das Ind\u00fastrias do Estado de Minas Gerais, Belo Horizonte, durante encontro da Comiss\u00e3o da Ind\u00fastria Imobili\u00e1ria (CII). A reuni\u00e3o evidenciou o fortalecimento do di\u00e1logo institucional e a constru\u00e7\u00e3o de estrat\u00e9gias conjuntas para impulsionar o setor em Minas [&hellip;]\" \/>\n<meta property=\"og:url\" content=\"https:\/\/www.fiemg.com.br\/regional-centro-oeste\/noticias\/construcao-civil-em-minas-reforca-articulacao-estrategica-em-reuniao-na-fiemg\/\" \/>\n<meta property=\"og:site_name\" content=\"Regional Centro-Oeste\" \/>\n<meta property=\"article:modified_time\" content=\"2026-03-20T17:30:37+00:00\" \/>\n<meta property=\"og:image\" content=\"https:\/\/www.fiemg.com.br\/regional-centro-oeste\/wp-content\/uploads\/sites\/16\/2026\/03\/reuniao-cbic-e1774027817323.jpg\" \/>\n\t<meta property=\"og:image:width\" content=\"1070\" \/>\n\t<meta property=\"og:image:height\" content=\"928\" \/>\n\t<meta property=\"og:image:type\" content=\"image\/jpeg\" \/>\n<meta name=\"twitter:card\" content=\"summary_large_image\" \/>\n<meta name=\"twitter:label1\" content=\"Est. tempo de leitura\" \/>\n\t<meta name=\"twitter:data1\" content=\"3 minutos\" \/>\n<script type=\"application\/ld+json\" class=\"yoast-schema-graph\">{\"@context\":\"https:\/\/schema.org\",\"@graph\":[{\"@type\":\"WebPage\",\"@id\":\"https:\/\/www.fiemg.com.br\/regional-centro-oeste\/noticias\/construcao-civil-em-minas-reforca-articulacao-estrategica-em-reuniao-na-fiemg\/\",\"url\":\"https:\/\/www.fiemg.com.br\/regional-centro-oeste\/noticias\/construcao-civil-em-minas-reforca-articulacao-estrategica-em-reuniao-na-fiemg\/\",\"name\":\"Constru\u00e7\u00e3o civil em Minas refor\u00e7a articula\u00e7\u00e3o estrat\u00e9gica em reuni\u00e3o na FIEMG - Regional Centro-Oeste\",\"isPartOf\":{\"@id\":\"https:\/\/www.fiemg.com.br\/regional-centro-oeste\/#website\"},\"primaryImageOfPage\":{\"@id\":\"https:\/\/www.fiemg.com.br\/regional-centro-oeste\/noticias\/construcao-civil-em-minas-reforca-articulacao-estrategica-em-reuniao-na-fiemg\/#primaryimage\"},\"image\":{\"@id\":\"https:\/\/www.fiemg.com.br\/regional-centro-oeste\/noticias\/construcao-civil-em-minas-reforca-articulacao-estrategica-em-reuniao-na-fiemg\/#primaryimage\"},\"thumbnailUrl\":\"https:\/\/www.fiemg.com.br\/regional-centro-oeste\/wp-content\/uploads\/sites\/16\/2026\/03\/reuniao-cbic-e1774027817323.jpg\",\"datePublished\":\"2026-03-20T17:30:31+00:00\",\"dateModified\":\"2026-03-20T17:30:37+00:00\",\"breadcrumb\":{\"@id\":\"https:\/\/www.fiemg.com.br\/regional-centro-oeste\/noticias\/construcao-civil-em-minas-reforca-articulacao-estrategica-em-reuniao-na-fiemg\/#breadcrumb\"},\"inLanguage\":\"pt-BR\",\"potentialAction\":[{\"@type\":\"ReadAction\",\"target\":[\"https:\/\/www.fiemg.com.br\/regional-centro-oeste\/noticias\/construcao-civil-em-minas-reforca-articulacao-estrategica-em-reuniao-na-fiemg\/\"]}]},{\"@type\":\"ImageObject\",\"inLanguage\":\"pt-BR\",\"@id\":\"https:\/\/www.fiemg.com.br\/regional-centro-oeste\/noticias\/construcao-civil-em-minas-reforca-articulacao-estrategica-em-reuniao-na-fiemg\/#primaryimage\",\"url\":\"https:\/\/www.fiemg.com.br\/regional-centro-oeste\/wp-content\/uploads\/sites\/16\/2026\/03\/reuniao-cbic-e1774027817323.jpg\",\"contentUrl\":\"https:\/\/www.fiemg.com.br\/regional-centro-oeste\/wp-content\/uploads\/sites\/16\/2026\/03\/reuniao-cbic-e1774027817323.jpg\",\"width\":1070,\"height\":928},{\"@type\":\"BreadcrumbList\",\"@id\":\"https:\/\/www.fiemg.com.br\/regional-centro-oeste\/noticias\/construcao-civil-em-minas-reforca-articulacao-estrategica-em-reuniao-na-fiemg\/#breadcrumb\",\"itemListElement\":[{\"@type\":\"ListItem\",\"position\":1,\"name\":\"In\u00edcio\",\"item\":\"https:\/\/www.fiemg.com.br\/regional-centro-oeste\/\"},{\"@type\":\"ListItem\",\"position\":2,\"name\":\"Constru\u00e7\u00e3o civil em Minas refor\u00e7a articula\u00e7\u00e3o estrat\u00e9gica em reuni\u00e3o na FIEMG\"}]},{\"@type\":\"WebSite\",\"@id\":\"https:\/\/www.fiemg.com.br\/regional-centro-oeste\/#website\",\"url\":\"https:\/\/www.fiemg.com.br\/regional-centro-oeste\/\",\"name\":\"Regional Centro-Oeste\",\"description\":\"Federa\u00e7\u00e3o das Ind\u00fastrias do Estado de Minas Gerais\",\"publisher\":{\"@id\":\"https:\/\/www.fiemg.com.br\/regional-centro-oeste\/#organization\"},\"potentialAction\":[{\"@type\":\"SearchAction\",\"target\":{\"@type\":\"EntryPoint\",\"urlTemplate\":\"https:\/\/www.fiemg.com.br\/regional-centro-oeste\/?s={search_term_string}\"},\"query-input\":{\"@type\":\"PropertyValueSpecification\",\"valueRequired\":true,\"valueName\":\"search_term_string\"}}],\"inLanguage\":\"pt-BR\"},{\"@type\":\"Organization\",\"@id\":\"https:\/\/www.fiemg.com.br\/regional-centro-oeste\/#organization\",\"name\":\"Regional Centro-Oeste\",\"url\":\"https:\/\/www.fiemg.com.br\/regional-centro-oeste\/\",\"logo\":{\"@type\":\"ImageObject\",\"inLanguage\":\"pt-BR\",\"@id\":\"https:\/\/www.fiemg.com.br\/regional-centro-oeste\/#\/schema\/logo\/image\/\",\"url\":\"https:\/\/www.fiemg.com.br\/regional-centro-oeste\/wp-content\/uploads\/sites\/16\/2023\/02\/Ativo-1.png\",\"contentUrl\":\"https:\/\/www.fiemg.com.br\/regional-centro-oeste\/wp-content\/uploads\/sites\/16\/2023\/02\/Ativo-1.png\",\"width\":563,\"height\":149,\"caption\":\"Regional Centro-Oeste\"},\"image\":{\"@id\":\"https:\/\/www.fiemg.com.br\/regional-centro-oeste\/#\/schema\/logo\/image\/\"}}]}<\/script>\n<!-- \/ Yoast SEO plugin. -->","yoast_head_json":{"title":"Constru\u00e7\u00e3o civil em Minas refor\u00e7a articula\u00e7\u00e3o estrat\u00e9gica em reuni\u00e3o na FIEMG - Regional Centro-Oeste","robots":{"index":"index","follow":"follow","max-snippet":"max-snippet:-1","max-image-preview":"max-image-preview:large","max-video-preview":"max-video-preview:-1"},"canonical":"https:\/\/www.fiemg.com.br\/regional-centro-oeste\/noticias\/construcao-civil-em-minas-reforca-articulacao-estrategica-em-reuniao-na-fiemg\/","og_locale":"pt_BR","og_type":"article","og_title":"Constru\u00e7\u00e3o civil em Minas refor\u00e7a articula\u00e7\u00e3o estrat\u00e9gica em reuni\u00e3o na FIEMG - Regional Centro-Oeste","og_description":"Representantes das principais entidades da constru\u00e7\u00e3o civil se reuniram na tarde de ontem (19), na sede da Federa\u00e7\u00e3o das Ind\u00fastrias do Estado de Minas Gerais, Belo Horizonte, durante encontro da Comiss\u00e3o da Ind\u00fastria Imobili\u00e1ria (CII). A reuni\u00e3o evidenciou o fortalecimento do di\u00e1logo institucional e a constru\u00e7\u00e3o de estrat\u00e9gias conjuntas para impulsionar o setor em Minas [&hellip;]","og_url":"https:\/\/www.fiemg.com.br\/regional-centro-oeste\/noticias\/construcao-civil-em-minas-reforca-articulacao-estrategica-em-reuniao-na-fiemg\/","og_site_name":"Regional Centro-Oeste","article_modified_time":"2026-03-20T17:30:37+00:00","og_image":[{"width":1070,"height":928,"url":"https:\/\/www.fiemg.com.br\/regional-centro-oeste\/wp-content\/uploads\/sites\/16\/2026\/03\/reuniao-cbic-e1774027817323.jpg","type":"image\/jpeg"}],"twitter_card":"summary_large_image","twitter_misc":{"Est. tempo de leitura":"3 minutos"},"schema":{"@context":"https:\/\/schema.org","@graph":[{"@type":"WebPage","@id":"https:\/\/www.fiemg.com.br\/regional-centro-oeste\/noticias\/construcao-civil-em-minas-reforca-articulacao-estrategica-em-reuniao-na-fiemg\/","url":"https:\/\/www.fiemg.com.br\/regional-centro-oeste\/noticias\/construcao-civil-em-minas-reforca-articulacao-estrategica-em-reuniao-na-fiemg\/","name":"Constru\u00e7\u00e3o civil em Minas refor\u00e7a articula\u00e7\u00e3o estrat\u00e9gica em reuni\u00e3o na FIEMG - Regional Centro-Oeste","isPartOf":{"@id":"https:\/\/www.fiemg.com.br\/regional-centro-oeste\/#website"},"primaryImageOfPage":{"@id":"https:\/\/www.fiemg.com.br\/regional-centro-oeste\/noticias\/construcao-civil-em-minas-reforca-articulacao-estrategica-em-reuniao-na-fiemg\/#primaryimage"},"image":{"@id":"https:\/\/www.fiemg.com.br\/regional-centro-oeste\/noticias\/construcao-civil-em-minas-reforca-articulacao-estrategica-em-reuniao-na-fiemg\/#primaryimage"},"thumbnailUrl":"https:\/\/www.fiemg.com.br\/regional-centro-oeste\/wp-content\/uploads\/sites\/16\/2026\/03\/reuniao-cbic-e1774027817323.jpg","datePublished":"2026-03-20T17:30:31+00:00","dateModified":"2026-03-20T17:30:37+00:00","breadcrumb":{"@id":"https:\/\/www.fiemg.com.br\/regional-centro-oeste\/noticias\/construcao-civil-em-minas-reforca-articulacao-estrategica-em-reuniao-na-fiemg\/#breadcrumb"},"inLanguage":"pt-BR","potentialAction":[{"@type":"ReadAction","target":["https:\/\/www.fiemg.com.br\/regional-centro-oeste\/noticias\/construcao-civil-em-minas-reforca-articulacao-estrategica-em-reuniao-na-fiemg\/"]}]},{"@type":"ImageObject","inLanguage":"pt-BR","@id":"https:\/\/www.fiemg.com.br\/regional-centro-oeste\/noticias\/construcao-civil-em-minas-reforca-articulacao-estrategica-em-reuniao-na-fiemg\/#primaryimage","url":"https:\/\/www.fiemg.com.br\/regional-centro-oeste\/wp-content\/uploads\/sites\/16\/2026\/03\/reuniao-cbic-e1774027817323.jpg","contentUrl":"https:\/\/www.fiemg.com.br\/regional-centro-oeste\/wp-content\/uploads\/sites\/16\/2026\/03\/reuniao-cbic-e1774027817323.jpg","width":1070,"height":928},{"@type":"BreadcrumbList","@id":"https:\/\/www.fiemg.com.br\/regional-centro-oeste\/noticias\/construcao-civil-em-minas-reforca-articulacao-estrategica-em-reuniao-na-fiemg\/#breadcrumb","itemListElement":[{"@type":"ListItem","position":1,"name":"In\u00edcio","item":"https:\/\/www.fiemg.com.br\/regional-centro-oeste\/"},{"@type":"ListItem","position":2,"name":"Constru\u00e7\u00e3o civil em Minas refor\u00e7a articula\u00e7\u00e3o estrat\u00e9gica em reuni\u00e3o na FIEMG"}]},{"@type":"WebSite","@id":"https:\/\/www.fiemg.com.br\/regional-centro-oeste\/#website","url":"https:\/\/www.fiemg.com.br\/regional-centro-oeste\/","name":"Regional Centro-Oeste","description":"Federa\u00e7\u00e3o das Ind\u00fastrias do Estado de Minas Gerais","publisher":{"@id":"https:\/\/www.fiemg.com.br\/regional-centro-oeste\/#organization"},"potentialAction":[{"@type":"SearchAction","target":{"@type":"EntryPoint","urlTemplate":"https:\/\/www.fiemg.com.br\/regional-centro-oeste\/?s={search_term_string}"},"query-input":{"@type":"PropertyValueSpecification","valueRequired":true,"valueName":"search_term_string"}}],"inLanguage":"pt-BR"},{"@type":"Organization","@id":"https:\/\/www.fiemg.com.br\/regional-centro-oeste\/#organization","name":"Regional Centro-Oeste","url":"https:\/\/www.fiemg.com.br\/regional-centro-oeste\/","logo":{"@type":"ImageObject","inLanguage":"pt-BR","@id":"https:\/\/www.fiemg.com.br\/regional-centro-oeste\/#\/schema\/logo\/image\/","url":"https:\/\/www.fiemg.com.br\/regional-centro-oeste\/wp-content\/uploads\/sites\/16\/2023\/02\/Ativo-1.png","contentUrl":"https:\/\/www.fiemg.com.br\/regional-centro-oeste\/wp-content\/uploads\/sites\/16\/2023\/02\/Ativo-1.png","width":563,"height":149,"caption":"Regional Centro-Oeste"},"image":{"@id":"https:\/\/www.fiemg.com.br\/regional-centro-oeste\/#\/schema\/logo\/image\/"}}]}},"_links":{"self":[{"href":"https:\/\/www.fiemg.com.br\/regional-centro-oeste\/wp-json\/wp\/v2\/noticias\/3639","targetHints":{"allow":["GET"]}}],"collection":[{"href":"https:\/\/www.fiemg.com.br\/regional-centro-oeste\/wp-json\/wp\/v2\/noticias"}],"about":[{"href":"https:\/\/www.fiemg.com.br\/regional-centro-oeste\/wp-json\/wp\/v2\/types\/noticias"}],"wp:featuredmedia":[{"embeddable":true,"href":"https:\/\/www.fiemg.com.br\/regional-centro-oeste\/wp-json\/wp\/v2\/media\/3641"}],"wp:attachment":[{"href":"https:\/\/www.fiemg.com.br\/regional-centro-oeste\/wp-json\/wp\/v2\/media?parent=3639"}],"wp:term":[{"taxonomy":"category","embeddable":true,"href":"https:\/\/www.fiemg.com.br\/regional-centro-oeste\/wp-json\/wp\/v2\/categories?post=3639"},{"taxonomy":"post_tag","embeddable":true,"href":"https:\/\/www.fiemg.com.br\/regional-centro-oeste\/wp-json\/wp\/v2\/tags?post=3639"}],"curies":[{"name":"wp","href":"https:\/\/api.w.org\/{rel}","templated":true}]}}