{"id":4597,"date":"2026-08-31T13:31:47","date_gmt":"2026-08-31T16:31:47","guid":{"rendered":"https:\/\/www.fiemg.com.br\/regional-centro-oeste\/?post_type=noticias&#038;p=4597"},"modified":"2026-08-31T13:31:48","modified_gmt":"2026-08-31T16:31:48","slug":"conexao-industrial-projeta-r-535-milhoes-em-negocios-a-partir-de-conexoes-entre-empresas","status":"publish","type":"noticias","link":"https:\/\/www.fiemg.com.br\/regional-centro-oeste\/noticias\/conexao-industrial-projeta-r-535-milhoes-em-negocios-a-partir-de-conexoes-entre-empresas\/","title":{"rendered":"Conex\u00e3o Industrial projeta R$ 5,35 milh\u00f5es em neg\u00f3cios a partir de conex\u00f5es entre empresas"},"content":{"rendered":"\n<figure class=\"wp-block-image aligncenter size-large\"><img fetchpriority=\"high\" decoding=\"async\" width=\"1024\" height=\"397\" src=\"https:\/\/www.fiemg.com.br\/regional-centro-oeste\/wp-content\/uploads\/sites\/16\/2026\/08\/938897ce-9ccb-4043-bfa6-8ecb84465148-1-e1788193818664-1024x397.jpg\" alt=\"\" class=\"wp-image-4598\" srcset=\"https:\/\/www.fiemg.com.br\/regional-centro-oeste\/wp-content\/uploads\/sites\/16\/2026\/08\/938897ce-9ccb-4043-bfa6-8ecb84465148-1-e1788193818664-1024x397.jpg 1024w, https:\/\/www.fiemg.com.br\/regional-centro-oeste\/wp-content\/uploads\/sites\/16\/2026\/08\/938897ce-9ccb-4043-bfa6-8ecb84465148-1-e1788193818664-300x116.jpg 300w, https:\/\/www.fiemg.com.br\/regional-centro-oeste\/wp-content\/uploads\/sites\/16\/2026\/08\/938897ce-9ccb-4043-bfa6-8ecb84465148-1-e1788193818664-768x298.jpg 768w, https:\/\/www.fiemg.com.br\/regional-centro-oeste\/wp-content\/uploads\/sites\/16\/2026\/08\/938897ce-9ccb-4043-bfa6-8ecb84465148-1-e1788193818664-1536x595.jpg 1536w, https:\/\/www.fiemg.com.br\/regional-centro-oeste\/wp-content\/uploads\/sites\/16\/2026\/08\/938897ce-9ccb-4043-bfa6-8ecb84465148-1-e1788193818664.jpg 1600w\" sizes=\"(max-width: 1024px) 100vw, 1024px\" \/><\/figure>\n\n\n\n<p class=\"has-text-align-center wp-block-paragraph\"><em>Encontro promovido pela FIEMG Regional Centro-Oeste aproximou fornecedores e grandes compradores e fortaleceu oportunidades de neg\u00f3cios entre empresas<\/em><\/p>\n\n\n\n<p class=\"wp-block-paragraph\">Realizado no dia 12 de agosto, em Divin\u00f3polis, o Conex\u00e3o Industrial 2026 encerrou sua primeira edi\u00e7\u00e3o com resultados que demonstram o potencial da iniciativa para aproximar empresas, ampliar mercados e gerar novas oportunidades de neg\u00f3cios para a ind\u00fastria do Centro-Oeste mineiro. A partir das conex\u00f5es realizadas durante o encontro, foi identificado um potencial estimado de R$ 7,4 milh\u00f5es em neg\u00f3cios, considerando as perspectivas apresentadas por fornecedores e compradores participantes.<\/p>\n\n\n\n<p class=\"wp-block-paragraph\">Ao todo, 52 fornecedores e nove compradores participaram da iniciativa apresentando produtos, servi\u00e7os e demandas com potencial de gerar novas rela\u00e7\u00f5es comerciais.<\/p>\n\n\n\n<p class=\"wp-block-paragraph\">Os n\u00fameros refletem neg\u00f3cios em diferentes faixas de valor. Entre os fornecedores que conseguiram mensurar as oportunidades, foram identificados R$ 450 mil em neg\u00f3cios de at\u00e9 R$ 50 mil, R$ 3,4 milh\u00f5es entre R$ 50 mil e R$ 200 mil, R$ 500 mil entre R$ 200 mil e R$ 500 mil e R$ 1 milh\u00e3o em oportunidades acima de R$ 1 milh\u00e3o.<\/p>\n\n\n\n<p class=\"wp-block-paragraph\">Do lado dos compradores, foram estimados R$ 50 mil em oportunidades de at\u00e9 R$ 50 mil e R$ 2 milh\u00f5es em neg\u00f3cios na faixa entre R$ 500 mil e R$ 1 milh\u00e3o.<\/p>\n\n\n\n<p class=\"wp-block-paragraph\">Al\u00e9m do volume financeiro, o resultado evidencia a capacidade do Conex\u00e3o Industrial de gerar conex\u00f5es qualificadas entre empresas. Uma parte expressiva dos participantes ainda n\u00e3o conseguiu mensurar financeiramente o potencial das negocia\u00e7\u00f5es iniciadas durante o evento, indicando que novas oportunidades podem surgir \u00e0 medida que os contatos realizados avancem para propostas, negocia\u00e7\u00f5es e contratos.<\/p>\n\n\n\n<p class=\"wp-block-paragraph\">Para o presidente da FIEMG Regional Centro-Oeste, Eduardo Soares, os resultados refor\u00e7am a import\u00e2ncia de criar ambientes que aproximem a ind\u00fastria de potenciais parceiros comerciais e estimulem a gera\u00e7\u00e3o de neg\u00f3cios dentro da pr\u00f3pria regi\u00e3o. \u201cO Conex\u00e3o Industrial nasceu com o prop\u00f3sito de aproximar quem precisa comprar de quem tem capacidade para fornecer. Os resultados mostram que conseguimos criar um ambiente efetivo para essas conex\u00f5es e, principalmente, que existe um grande potencial para que elas se transformem em neg\u00f3cios nos pr\u00f3ximos meses\u201d, destaca o l\u00edder empresarial.<\/p>\n\n\n\n<p class=\"wp-block-paragraph\">O Conex\u00e3o Industrial \u00e9 uma iniciativa da FIEMG Regional Centro-Oeste, com patroc\u00ednio master do SEBRAE-MG, parceria do IEL, atrav\u00e9s do FIEMG Competitiva e apoio institucional da ACID.<\/p>\n","protected":false},"featured_media":4599,"template":"","categories":[],"tags":[],"class_list":["post-4597","noticias","type-noticias","status-publish","has-post-thumbnail","hentry"],"acf":[],"yoast_head":"<!-- This site is optimized with the Yoast SEO plugin v27.7 - https:\/\/yoast.com\/product\/yoast-seo-wordpress\/ -->\n<title>Conex\u00e3o Industrial projeta R$ 5,35 milh\u00f5es em neg\u00f3cios a partir de conex\u00f5es entre empresas - Regional Centro-Oeste<\/title>\n<meta name=\"robots\" content=\"index, follow, max-snippet:-1, max-image-preview:large, max-video-preview:-1\" \/>\n<link rel=\"canonical\" href=\"https:\/\/www.fiemg.com.br\/regional-centro-oeste\/noticias\/conexao-industrial-projeta-r-535-milhoes-em-negocios-a-partir-de-conexoes-entre-empresas\/\" \/>\n<meta property=\"og:locale\" content=\"pt_BR\" \/>\n<meta property=\"og:type\" content=\"article\" \/>\n<meta property=\"og:title\" content=\"Conex\u00e3o Industrial projeta R$ 5,35 milh\u00f5es em neg\u00f3cios a partir de conex\u00f5es entre empresas - Regional Centro-Oeste\" \/>\n<meta property=\"og:description\" content=\"Encontro promovido pela FIEMG Regional Centro-Oeste aproximou fornecedores e grandes compradores e fortaleceu oportunidades de neg\u00f3cios entre empresas Realizado no dia 12 de agosto, em Divin\u00f3polis, o Conex\u00e3o Industrial 2026 encerrou sua primeira edi\u00e7\u00e3o com resultados que demonstram o potencial da iniciativa para aproximar empresas, ampliar mercados e gerar novas oportunidades de neg\u00f3cios para a [&hellip;]\" \/>\n<meta property=\"og:url\" content=\"https:\/\/www.fiemg.com.br\/regional-centro-oeste\/noticias\/conexao-industrial-projeta-r-535-milhoes-em-negocios-a-partir-de-conexoes-entre-empresas\/\" \/>\n<meta property=\"og:site_name\" content=\"Regional Centro-Oeste\" \/>\n<meta property=\"article:modified_time\" content=\"2026-08-31T16:31:48+00:00\" \/>\n<meta property=\"og:image\" content=\"https:\/\/www.fiemg.com.br\/regional-centro-oeste\/wp-content\/uploads\/sites\/16\/2026\/08\/ef3b75f2-b19b-4566-b12f-5b64d244b22e-e1788193894185.jpg\" \/>\n\t<meta property=\"og:image:width\" content=\"1395\" \/>\n\t<meta property=\"og:image:height\" content=\"1117\" \/>\n\t<meta property=\"og:image:type\" content=\"image\/jpeg\" \/>\n<meta name=\"twitter:card\" content=\"summary_large_image\" \/>\n<meta name=\"twitter:label1\" content=\"Est. tempo de leitura\" \/>\n\t<meta name=\"twitter:data1\" content=\"3 minutos\" \/>\n<script type=\"application\/ld+json\" class=\"yoast-schema-graph\">{\"@context\":\"https:\\\/\\\/schema.org\",\"@graph\":[{\"@type\":\"WebPage\",\"@id\":\"https:\\\/\\\/www.fiemg.com.br\\\/regional-centro-oeste\\\/noticias\\\/conexao-industrial-projeta-r-535-milhoes-em-negocios-a-partir-de-conexoes-entre-empresas\\\/\",\"url\":\"https:\\\/\\\/www.fiemg.com.br\\\/regional-centro-oeste\\\/noticias\\\/conexao-industrial-projeta-r-535-milhoes-em-negocios-a-partir-de-conexoes-entre-empresas\\\/\",\"name\":\"Conex\u00e3o Industrial projeta R$ 5,35 milh\u00f5es em neg\u00f3cios a partir de conex\u00f5es entre empresas - Regional Centro-Oeste\",\"isPartOf\":{\"@id\":\"https:\\\/\\\/www.fiemg.com.br\\\/regional-centro-oeste\\\/#website\"},\"primaryImageOfPage\":{\"@id\":\"https:\\\/\\\/www.fiemg.com.br\\\/regional-centro-oeste\\\/noticias\\\/conexao-industrial-projeta-r-535-milhoes-em-negocios-a-partir-de-conexoes-entre-empresas\\\/#primaryimage\"},\"image\":{\"@id\":\"https:\\\/\\\/www.fiemg.com.br\\\/regional-centro-oeste\\\/noticias\\\/conexao-industrial-projeta-r-535-milhoes-em-negocios-a-partir-de-conexoes-entre-empresas\\\/#primaryimage\"},\"thumbnailUrl\":\"https:\\\/\\\/www.fiemg.com.br\\\/regional-centro-oeste\\\/wp-content\\\/uploads\\\/sites\\\/16\\\/2026\\\/08\\\/ef3b75f2-b19b-4566-b12f-5b64d244b22e-e1788193894185.jpg\",\"datePublished\":\"2026-08-31T16:31:47+00:00\",\"dateModified\":\"2026-08-31T16:31:48+00:00\",\"breadcrumb\":{\"@id\":\"https:\\\/\\\/www.fiemg.com.br\\\/regional-centro-oeste\\\/noticias\\\/conexao-industrial-projeta-r-535-milhoes-em-negocios-a-partir-de-conexoes-entre-empresas\\\/#breadcrumb\"},\"inLanguage\":\"pt-BR\",\"potentialAction\":[{\"@type\":\"ReadAction\",\"target\":[\"https:\\\/\\\/www.fiemg.com.br\\\/regional-centro-oeste\\\/noticias\\\/conexao-industrial-projeta-r-535-milhoes-em-negocios-a-partir-de-conexoes-entre-empresas\\\/\"]}]},{\"@type\":\"ImageObject\",\"inLanguage\":\"pt-BR\",\"@id\":\"https:\\\/\\\/www.fiemg.com.br\\\/regional-centro-oeste\\\/noticias\\\/conexao-industrial-projeta-r-535-milhoes-em-negocios-a-partir-de-conexoes-entre-empresas\\\/#primaryimage\",\"url\":\"https:\\\/\\\/www.fiemg.com.br\\\/regional-centro-oeste\\\/wp-content\\\/uploads\\\/sites\\\/16\\\/2026\\\/08\\\/ef3b75f2-b19b-4566-b12f-5b64d244b22e-e1788193894185.jpg\",\"contentUrl\":\"https:\\\/\\\/www.fiemg.com.br\\\/regional-centro-oeste\\\/wp-content\\\/uploads\\\/sites\\\/16\\\/2026\\\/08\\\/ef3b75f2-b19b-4566-b12f-5b64d244b22e-e1788193894185.jpg\",\"width\":1395,\"height\":1117},{\"@type\":\"BreadcrumbList\",\"@id\":\"https:\\\/\\\/www.fiemg.com.br\\\/regional-centro-oeste\\\/noticias\\\/conexao-industrial-projeta-r-535-milhoes-em-negocios-a-partir-de-conexoes-entre-empresas\\\/#breadcrumb\",\"itemListElement\":[{\"@type\":\"ListItem\",\"position\":1,\"name\":\"In\u00edcio\",\"item\":\"https:\\\/\\\/www.fiemg.com.br\\\/regional-centro-oeste\\\/\"},{\"@type\":\"ListItem\",\"position\":2,\"name\":\"Conex\u00e3o Industrial projeta R$ 5,35 milh\u00f5es em neg\u00f3cios a partir de conex\u00f5es entre empresas\"}]},{\"@type\":\"WebSite\",\"@id\":\"https:\\\/\\\/www.fiemg.com.br\\\/regional-centro-oeste\\\/#website\",\"url\":\"https:\\\/\\\/www.fiemg.com.br\\\/regional-centro-oeste\\\/\",\"name\":\"Regional Centro-Oeste\",\"description\":\"Federa\u00e7\u00e3o das Ind\u00fastrias do Estado de Minas Gerais\",\"publisher\":{\"@id\":\"https:\\\/\\\/www.fiemg.com.br\\\/regional-centro-oeste\\\/#organization\"},\"potentialAction\":[{\"@type\":\"SearchAction\",\"target\":{\"@type\":\"EntryPoint\",\"urlTemplate\":\"https:\\\/\\\/www.fiemg.com.br\\\/regional-centro-oeste\\\/?s={search_term_string}\"},\"query-input\":{\"@type\":\"PropertyValueSpecification\",\"valueRequired\":true,\"valueName\":\"search_term_string\"}}],\"inLanguage\":\"pt-BR\"},{\"@type\":\"Organization\",\"@id\":\"https:\\\/\\\/www.fiemg.com.br\\\/regional-centro-oeste\\\/#organization\",\"name\":\"Regional Centro-Oeste\",\"url\":\"https:\\\/\\\/www.fiemg.com.br\\\/regional-centro-oeste\\\/\",\"logo\":{\"@type\":\"ImageObject\",\"inLanguage\":\"pt-BR\",\"@id\":\"https:\\\/\\\/www.fiemg.com.br\\\/regional-centro-oeste\\\/#\\\/schema\\\/logo\\\/image\\\/\",\"url\":\"https:\\\/\\\/www.fiemg.com.br\\\/regional-centro-oeste\\\/wp-content\\\/uploads\\\/sites\\\/16\\\/2023\\\/02\\\/Ativo-1.png\",\"contentUrl\":\"https:\\\/\\\/www.fiemg.com.br\\\/regional-centro-oeste\\\/wp-content\\\/uploads\\\/sites\\\/16\\\/2023\\\/02\\\/Ativo-1.png\",\"width\":563,\"height\":149,\"caption\":\"Regional Centro-Oeste\"},\"image\":{\"@id\":\"https:\\\/\\\/www.fiemg.com.br\\\/regional-centro-oeste\\\/#\\\/schema\\\/logo\\\/image\\\/\"}}]}<\/script>\n<!-- \/ Yoast SEO plugin. -->","yoast_head_json":{"title":"Conex\u00e3o Industrial projeta R$ 5,35 milh\u00f5es em neg\u00f3cios a partir de conex\u00f5es entre empresas - Regional Centro-Oeste","robots":{"index":"index","follow":"follow","max-snippet":"max-snippet:-1","max-image-preview":"max-image-preview:large","max-video-preview":"max-video-preview:-1"},"canonical":"https:\/\/www.fiemg.com.br\/regional-centro-oeste\/noticias\/conexao-industrial-projeta-r-535-milhoes-em-negocios-a-partir-de-conexoes-entre-empresas\/","og_locale":"pt_BR","og_type":"article","og_title":"Conex\u00e3o Industrial projeta R$ 5,35 milh\u00f5es em neg\u00f3cios a partir de conex\u00f5es entre empresas - Regional Centro-Oeste","og_description":"Encontro promovido pela FIEMG Regional Centro-Oeste aproximou fornecedores e grandes compradores e fortaleceu oportunidades de neg\u00f3cios entre empresas Realizado no dia 12 de agosto, em Divin\u00f3polis, o Conex\u00e3o Industrial 2026 encerrou sua primeira edi\u00e7\u00e3o com resultados que demonstram o potencial da iniciativa para aproximar empresas, ampliar mercados e gerar novas oportunidades de neg\u00f3cios para a [&hellip;]","og_url":"https:\/\/www.fiemg.com.br\/regional-centro-oeste\/noticias\/conexao-industrial-projeta-r-535-milhoes-em-negocios-a-partir-de-conexoes-entre-empresas\/","og_site_name":"Regional Centro-Oeste","article_modified_time":"2026-08-31T16:31:48+00:00","og_image":[{"width":1395,"height":1117,"url":"https:\/\/www.fiemg.com.br\/regional-centro-oeste\/wp-content\/uploads\/sites\/16\/2026\/08\/ef3b75f2-b19b-4566-b12f-5b64d244b22e-e1788193894185.jpg","type":"image\/jpeg"}],"twitter_card":"summary_large_image","twitter_misc":{"Est. tempo de leitura":"3 minutos"},"schema":{"@context":"https:\/\/schema.org","@graph":[{"@type":"WebPage","@id":"https:\/\/www.fiemg.com.br\/regional-centro-oeste\/noticias\/conexao-industrial-projeta-r-535-milhoes-em-negocios-a-partir-de-conexoes-entre-empresas\/","url":"https:\/\/www.fiemg.com.br\/regional-centro-oeste\/noticias\/conexao-industrial-projeta-r-535-milhoes-em-negocios-a-partir-de-conexoes-entre-empresas\/","name":"Conex\u00e3o Industrial projeta R$ 5,35 milh\u00f5es em neg\u00f3cios a partir de conex\u00f5es entre empresas - Regional Centro-Oeste","isPartOf":{"@id":"https:\/\/www.fiemg.com.br\/regional-centro-oeste\/#website"},"primaryImageOfPage":{"@id":"https:\/\/www.fiemg.com.br\/regional-centro-oeste\/noticias\/conexao-industrial-projeta-r-535-milhoes-em-negocios-a-partir-de-conexoes-entre-empresas\/#primaryimage"},"image":{"@id":"https:\/\/www.fiemg.com.br\/regional-centro-oeste\/noticias\/conexao-industrial-projeta-r-535-milhoes-em-negocios-a-partir-de-conexoes-entre-empresas\/#primaryimage"},"thumbnailUrl":"https:\/\/www.fiemg.com.br\/regional-centro-oeste\/wp-content\/uploads\/sites\/16\/2026\/08\/ef3b75f2-b19b-4566-b12f-5b64d244b22e-e1788193894185.jpg","datePublished":"2026-08-31T16:31:47+00:00","dateModified":"2026-08-31T16:31:48+00:00","breadcrumb":{"@id":"https:\/\/www.fiemg.com.br\/regional-centro-oeste\/noticias\/conexao-industrial-projeta-r-535-milhoes-em-negocios-a-partir-de-conexoes-entre-empresas\/#breadcrumb"},"inLanguage":"pt-BR","potentialAction":[{"@type":"ReadAction","target":["https:\/\/www.fiemg.com.br\/regional-centro-oeste\/noticias\/conexao-industrial-projeta-r-535-milhoes-em-negocios-a-partir-de-conexoes-entre-empresas\/"]}]},{"@type":"ImageObject","inLanguage":"pt-BR","@id":"https:\/\/www.fiemg.com.br\/regional-centro-oeste\/noticias\/conexao-industrial-projeta-r-535-milhoes-em-negocios-a-partir-de-conexoes-entre-empresas\/#primaryimage","url":"https:\/\/www.fiemg.com.br\/regional-centro-oeste\/wp-content\/uploads\/sites\/16\/2026\/08\/ef3b75f2-b19b-4566-b12f-5b64d244b22e-e1788193894185.jpg","contentUrl":"https:\/\/www.fiemg.com.br\/regional-centro-oeste\/wp-content\/uploads\/sites\/16\/2026\/08\/ef3b75f2-b19b-4566-b12f-5b64d244b22e-e1788193894185.jpg","width":1395,"height":1117},{"@type":"BreadcrumbList","@id":"https:\/\/www.fiemg.com.br\/regional-centro-oeste\/noticias\/conexao-industrial-projeta-r-535-milhoes-em-negocios-a-partir-de-conexoes-entre-empresas\/#breadcrumb","itemListElement":[{"@type":"ListItem","position":1,"name":"In\u00edcio","item":"https:\/\/www.fiemg.com.br\/regional-centro-oeste\/"},{"@type":"ListItem","position":2,"name":"Conex\u00e3o Industrial projeta R$ 5,35 milh\u00f5es em neg\u00f3cios a partir de conex\u00f5es entre empresas"}]},{"@type":"WebSite","@id":"https:\/\/www.fiemg.com.br\/regional-centro-oeste\/#website","url":"https:\/\/www.fiemg.com.br\/regional-centro-oeste\/","name":"Regional Centro-Oeste","description":"Federa\u00e7\u00e3o das Ind\u00fastrias do Estado de Minas Gerais","publisher":{"@id":"https:\/\/www.fiemg.com.br\/regional-centro-oeste\/#organization"},"potentialAction":[{"@type":"SearchAction","target":{"@type":"EntryPoint","urlTemplate":"https:\/\/www.fiemg.com.br\/regional-centro-oeste\/?s={search_term_string}"},"query-input":{"@type":"PropertyValueSpecification","valueRequired":true,"valueName":"search_term_string"}}],"inLanguage":"pt-BR"},{"@type":"Organization","@id":"https:\/\/www.fiemg.com.br\/regional-centro-oeste\/#organization","name":"Regional Centro-Oeste","url":"https:\/\/www.fiemg.com.br\/regional-centro-oeste\/","logo":{"@type":"ImageObject","inLanguage":"pt-BR","@id":"https:\/\/www.fiemg.com.br\/regional-centro-oeste\/#\/schema\/logo\/image\/","url":"https:\/\/www.fiemg.com.br\/regional-centro-oeste\/wp-content\/uploads\/sites\/16\/2023\/02\/Ativo-1.png","contentUrl":"https:\/\/www.fiemg.com.br\/regional-centro-oeste\/wp-content\/uploads\/sites\/16\/2023\/02\/Ativo-1.png","width":563,"height":149,"caption":"Regional Centro-Oeste"},"image":{"@id":"https:\/\/www.fiemg.com.br\/regional-centro-oeste\/#\/schema\/logo\/image\/"}}]}},"_links":{"self":[{"href":"https:\/\/www.fiemg.com.br\/regional-centro-oeste\/wp-json\/wp\/v2\/noticias\/4597","targetHints":{"allow":["GET"]}}],"collection":[{"href":"https:\/\/www.fiemg.com.br\/regional-centro-oeste\/wp-json\/wp\/v2\/noticias"}],"about":[{"href":"https:\/\/www.fiemg.com.br\/regional-centro-oeste\/wp-json\/wp\/v2\/types\/noticias"}],"wp:featuredmedia":[{"embeddable":true,"href":"https:\/\/www.fiemg.com.br\/regional-centro-oeste\/wp-json\/wp\/v2\/media\/4599"}],"wp:attachment":[{"href":"https:\/\/www.fiemg.com.br\/regional-centro-oeste\/wp-json\/wp\/v2\/media?parent=4597"}],"wp:term":[{"taxonomy":"category","embeddable":true,"href":"https:\/\/www.fiemg.com.br\/regional-centro-oeste\/wp-json\/wp\/v2\/categories?post=4597"},{"taxonomy":"post_tag","embeddable":true,"href":"https:\/\/www.fiemg.com.br\/regional-centro-oeste\/wp-json\/wp\/v2\/tags?post=4597"}],"curies":[{"name":"wp","href":"https:\/\/api.w.org\/{rel}","templated":true}]}}