{"id":4615,"date":"2026-09-03T19:02:50","date_gmt":"2026-09-03T22:02:50","guid":{"rendered":"https:\/\/www.fiemg.com.br\/regional-centro-oeste\/noticias\/fim-da-taxa-das-blusinhas-ameaca-industria-brasileira\/"},"modified":"2026-09-03T19:02:52","modified_gmt":"2026-09-03T22:02:52","slug":"fim-da-taxa-das-blusinhas-ameaca-industria-brasileira","status":"publish","type":"noticias","link":"https:\/\/www.fiemg.com.br\/regional-centro-oeste\/noticias\/fim-da-taxa-das-blusinhas-ameaca-industria-brasileira\/","title":{"rendered":"Fim da &#8220;taxa das blusinhas&#8221; amea\u00e7a ind\u00fastria brasileira"},"content":{"rendered":"\n<p class=\"wp-block-paragraph\">A Federa\u00e7\u00e3o das Ind\u00fastrias do Estado de Minas Gerais (FIEMG) avalia que o fim da tributa\u00e7\u00e3o sobre remessas internacionais de baixo valor, conhecida como &#8220;taxa das blusinhas&#8221;, \u00e9 uma medida eleitoreira e representa um retrocesso no equil\u00edbrio da concorr\u00eancia entre produtos nacionais e importados. A entidade destaca que a medida havia sido criada pelo governo federal, em 2024, justamente para corrigir distor\u00e7\u00f5es no com\u00e9rcio eletr\u00f4nico internacional e garantir condi\u00e7\u00f5es mais equilibradas de competi\u00e7\u00e3o.<\/p>\n\n\n\n<p class=\"wp-block-paragraph\">\u00c0 \u00e9poca, o ent\u00e3o ministro da Fazenda, Fernando Haddad, afirmou que a cobran\u00e7a tinha como objetivo \u201cequilibrar o jogo\u201d entre empresas brasileiras e plataformas internacionais, reduzindo a assimetria competitiva existente no mercado.<\/p>\n\n\n\n<p class=\"wp-block-paragraph\">Para a FIEMG, a retirada da tributa\u00e7\u00e3o amplia a vantagem de produtos importados comercializados por plataformas estrangeiras, enquanto empresas instaladas no Brasil seguem submetidas a uma estrutura elevada de custos tribut\u00e1rios, trabalhistas, regulat\u00f3rios e de conformidade para produzir, investir e gerar empregos.<\/p>\n\n\n\n<p class=\"wp-block-paragraph\">A Federa\u00e7\u00e3o ressalta que a previs\u00e3o de avalia\u00e7\u00f5es peri\u00f3dicas dos efeitos da tributa\u00e7\u00e3o n\u00e3o \u00e9 suficiente para corrigir a distor\u00e7\u00e3o criada pela manuten\u00e7\u00e3o da al\u00edquota zero. Para a FIEMG, an\u00e1lises semestrais n\u00e3o garantem condi\u00e7\u00f5es efetivamente ison\u00f4micas de concorr\u00eancia, j\u00e1 que, no com\u00e9rcio internacional digital, a entrada de produtos ocorre de forma cont\u00ednua e em grande escala.<\/p>\n\n\n\n<p class=\"wp-block-paragraph\">Para a FIEMG, o prazo de seis meses \u00e9 muito longo e, nesse per\u00edodo, empresas brasileiras podem perder mercado, reduzir produ\u00e7\u00e3o, adiar investimentos e comprometer empregos. A pol\u00edtica tribut\u00e1ria deve assegurar que diferen\u00e7as de pre\u00e7o sejam resultado de efici\u00eancia, produtividade e inova\u00e7\u00e3o, e n\u00e3o de vantagens artificiais decorrentes de tratamentos tribut\u00e1rios distintos.<\/p>\n\n\n\n<p class=\"wp-block-paragraph\">Na avalia\u00e7\u00e3o de Juliana Gagliardi, coordenadora da Ger\u00eancia de Economia da FIEMG, a decis\u00e3o de revogar a taxa das blusinhas prejudica a busca por um ambiente de competi\u00e7\u00e3o equilibrado. &#8220;A ind\u00fastria brasileira precisa competir em condi\u00e7\u00f5es de isonomia com produtos importados. Quando existem diferen\u00e7as nas regras aplicadas a fornecedores estrangeiros e \u00e0s empresas que produzem no Brasil, h\u00e1 impactos sobre investimentos, empregos e sobre a capacidade da ind\u00fastria de gerar valor para a economia brasileira&#8221;, afirma.<\/p>\n\n\n\n<p class=\"wp-block-paragraph\">A FIEMG refor\u00e7a que a tributa\u00e7\u00e3o sobre remessas internacionais de baixo valor n\u00e3o representa uma barreira ao com\u00e9rcio, mas uma medida de equil\u00edbrio concorrencial. Para a entidade, mudan\u00e7as na pol\u00edtica tribut\u00e1ria devem considerar os impactos de longo prazo e preservar a competitividade da ind\u00fastria brasileira.<\/p>\n\n\n\n<p class=\"wp-block-paragraph\"><strong>Imprensa FIEMG<\/strong><\/p>\n","protected":false},"featured_media":4616,"template":"","categories":[15],"tags":[71,397,188,383],"class_list":["post-4615","noticias","type-noticias","status-publish","has-post-thumbnail","hentry","category-desenvolvimento-industrial","tag-fiemg","tag-importacao","tag-industria","tag-taxa-das-blusinhas"],"acf":[],"yoast_head":"<!-- This site is optimized with the Yoast SEO plugin v27.7 - https:\/\/yoast.com\/product\/yoast-seo-wordpress\/ -->\n<title>Fim da &quot;taxa das blusinhas&quot; amea\u00e7a ind\u00fastria brasileira - Regional Centro-Oeste<\/title>\n<meta name=\"robots\" content=\"index, follow, max-snippet:-1, max-image-preview:large, max-video-preview:-1\" \/>\n<link rel=\"canonical\" href=\"https:\/\/www.fiemg.com.br\/regional-centro-oeste\/noticias\/fim-da-taxa-das-blusinhas-ameaca-industria-brasileira\/\" \/>\n<meta property=\"og:locale\" content=\"pt_BR\" \/>\n<meta property=\"og:type\" content=\"article\" \/>\n<meta property=\"og:title\" content=\"Fim da &quot;taxa das blusinhas&quot; amea\u00e7a ind\u00fastria brasileira - Regional Centro-Oeste\" \/>\n<meta property=\"og:description\" content=\"A Federa\u00e7\u00e3o das Ind\u00fastrias do Estado de Minas Gerais (FIEMG) avalia que o fim da tributa\u00e7\u00e3o sobre remessas internacionais de baixo valor, conhecida como &#8220;taxa das blusinhas&#8221;, \u00e9 uma medida eleitoreira e representa um retrocesso no equil\u00edbrio da concorr\u00eancia entre produtos nacionais e importados. A entidade destaca que a medida havia sido criada pelo governo [&hellip;]\" \/>\n<meta property=\"og:url\" content=\"https:\/\/www.fiemg.com.br\/regional-centro-oeste\/noticias\/fim-da-taxa-das-blusinhas-ameaca-industria-brasileira\/\" \/>\n<meta property=\"og:site_name\" content=\"Regional Centro-Oeste\" \/>\n<meta property=\"article:modified_time\" content=\"2026-09-03T22:02:52+00:00\" \/>\n<meta property=\"og:image\" content=\"https:\/\/www.fiemg.com.br\/regional-centro-oeste\/wp-content\/uploads\/sites\/16\/2026\/09\/THUMB_NOTA_IMPRENSA-100_1389652.jpg\" \/>\n\t<meta property=\"og:image:width\" content=\"512\" \/>\n\t<meta property=\"og:image:height\" content=\"512\" \/>\n\t<meta property=\"og:image:type\" content=\"image\/jpeg\" \/>\n<meta name=\"twitter:card\" content=\"summary_large_image\" \/>\n<meta name=\"twitter:label1\" content=\"Est. tempo de leitura\" \/>\n\t<meta name=\"twitter:data1\" content=\"3 minutos\" \/>\n<script type=\"application\/ld+json\" class=\"yoast-schema-graph\">{\"@context\":\"https:\\\/\\\/schema.org\",\"@graph\":[{\"@type\":\"WebPage\",\"@id\":\"https:\\\/\\\/www.fiemg.com.br\\\/regional-centro-oeste\\\/noticias\\\/fim-da-taxa-das-blusinhas-ameaca-industria-brasileira\\\/\",\"url\":\"https:\\\/\\\/www.fiemg.com.br\\\/regional-centro-oeste\\\/noticias\\\/fim-da-taxa-das-blusinhas-ameaca-industria-brasileira\\\/\",\"name\":\"Fim da \\\"taxa das blusinhas\\\" amea\u00e7a ind\u00fastria brasileira - Regional Centro-Oeste\",\"isPartOf\":{\"@id\":\"https:\\\/\\\/www.fiemg.com.br\\\/regional-centro-oeste\\\/#website\"},\"primaryImageOfPage\":{\"@id\":\"https:\\\/\\\/www.fiemg.com.br\\\/regional-centro-oeste\\\/noticias\\\/fim-da-taxa-das-blusinhas-ameaca-industria-brasileira\\\/#primaryimage\"},\"image\":{\"@id\":\"https:\\\/\\\/www.fiemg.com.br\\\/regional-centro-oeste\\\/noticias\\\/fim-da-taxa-das-blusinhas-ameaca-industria-brasileira\\\/#primaryimage\"},\"thumbnailUrl\":\"https:\\\/\\\/www.fiemg.com.br\\\/regional-centro-oeste\\\/wp-content\\\/uploads\\\/sites\\\/16\\\/2026\\\/09\\\/THUMB_NOTA_IMPRENSA-100_1389652.jpg\",\"datePublished\":\"2026-09-03T22:02:50+00:00\",\"dateModified\":\"2026-09-03T22:02:52+00:00\",\"breadcrumb\":{\"@id\":\"https:\\\/\\\/www.fiemg.com.br\\\/regional-centro-oeste\\\/noticias\\\/fim-da-taxa-das-blusinhas-ameaca-industria-brasileira\\\/#breadcrumb\"},\"inLanguage\":\"pt-BR\",\"potentialAction\":[{\"@type\":\"ReadAction\",\"target\":[\"https:\\\/\\\/www.fiemg.com.br\\\/regional-centro-oeste\\\/noticias\\\/fim-da-taxa-das-blusinhas-ameaca-industria-brasileira\\\/\"]}]},{\"@type\":\"ImageObject\",\"inLanguage\":\"pt-BR\",\"@id\":\"https:\\\/\\\/www.fiemg.com.br\\\/regional-centro-oeste\\\/noticias\\\/fim-da-taxa-das-blusinhas-ameaca-industria-brasileira\\\/#primaryimage\",\"url\":\"https:\\\/\\\/www.fiemg.com.br\\\/regional-centro-oeste\\\/wp-content\\\/uploads\\\/sites\\\/16\\\/2026\\\/09\\\/THUMB_NOTA_IMPRENSA-100_1389652.jpg\",\"contentUrl\":\"https:\\\/\\\/www.fiemg.com.br\\\/regional-centro-oeste\\\/wp-content\\\/uploads\\\/sites\\\/16\\\/2026\\\/09\\\/THUMB_NOTA_IMPRENSA-100_1389652.jpg\",\"width\":512,\"height\":512,\"caption\":\"Fim da \\\"taxa das blusinhas\\\" amea\u00e7a ind\u00fastria brasileira\"},{\"@type\":\"BreadcrumbList\",\"@id\":\"https:\\\/\\\/www.fiemg.com.br\\\/regional-centro-oeste\\\/noticias\\\/fim-da-taxa-das-blusinhas-ameaca-industria-brasileira\\\/#breadcrumb\",\"itemListElement\":[{\"@type\":\"ListItem\",\"position\":1,\"name\":\"In\u00edcio\",\"item\":\"https:\\\/\\\/www.fiemg.com.br\\\/regional-centro-oeste\\\/\"},{\"@type\":\"ListItem\",\"position\":2,\"name\":\"Fim da &#8220;taxa das blusinhas&#8221; amea\u00e7a ind\u00fastria brasileira\"}]},{\"@type\":\"WebSite\",\"@id\":\"https:\\\/\\\/www.fiemg.com.br\\\/regional-centro-oeste\\\/#website\",\"url\":\"https:\\\/\\\/www.fiemg.com.br\\\/regional-centro-oeste\\\/\",\"name\":\"Regional Centro-Oeste\",\"description\":\"Federa\u00e7\u00e3o das Ind\u00fastrias do Estado de Minas Gerais\",\"publisher\":{\"@id\":\"https:\\\/\\\/www.fiemg.com.br\\\/regional-centro-oeste\\\/#organization\"},\"potentialAction\":[{\"@type\":\"SearchAction\",\"target\":{\"@type\":\"EntryPoint\",\"urlTemplate\":\"https:\\\/\\\/www.fiemg.com.br\\\/regional-centro-oeste\\\/?s={search_term_string}\"},\"query-input\":{\"@type\":\"PropertyValueSpecification\",\"valueRequired\":true,\"valueName\":\"search_term_string\"}}],\"inLanguage\":\"pt-BR\"},{\"@type\":\"Organization\",\"@id\":\"https:\\\/\\\/www.fiemg.com.br\\\/regional-centro-oeste\\\/#organization\",\"name\":\"Regional Centro-Oeste\",\"url\":\"https:\\\/\\\/www.fiemg.com.br\\\/regional-centro-oeste\\\/\",\"logo\":{\"@type\":\"ImageObject\",\"inLanguage\":\"pt-BR\",\"@id\":\"https:\\\/\\\/www.fiemg.com.br\\\/regional-centro-oeste\\\/#\\\/schema\\\/logo\\\/image\\\/\",\"url\":\"https:\\\/\\\/www.fiemg.com.br\\\/regional-centro-oeste\\\/wp-content\\\/uploads\\\/sites\\\/16\\\/2023\\\/02\\\/Ativo-1.png\",\"contentUrl\":\"https:\\\/\\\/www.fiemg.com.br\\\/regional-centro-oeste\\\/wp-content\\\/uploads\\\/sites\\\/16\\\/2023\\\/02\\\/Ativo-1.png\",\"width\":563,\"height\":149,\"caption\":\"Regional Centro-Oeste\"},\"image\":{\"@id\":\"https:\\\/\\\/www.fiemg.com.br\\\/regional-centro-oeste\\\/#\\\/schema\\\/logo\\\/image\\\/\"}}]}<\/script>\n<!-- \/ Yoast SEO plugin. -->","yoast_head_json":{"title":"Fim da \"taxa das blusinhas\" amea\u00e7a ind\u00fastria brasileira - Regional Centro-Oeste","robots":{"index":"index","follow":"follow","max-snippet":"max-snippet:-1","max-image-preview":"max-image-preview:large","max-video-preview":"max-video-preview:-1"},"canonical":"https:\/\/www.fiemg.com.br\/regional-centro-oeste\/noticias\/fim-da-taxa-das-blusinhas-ameaca-industria-brasileira\/","og_locale":"pt_BR","og_type":"article","og_title":"Fim da \"taxa das blusinhas\" amea\u00e7a ind\u00fastria brasileira - Regional Centro-Oeste","og_description":"A Federa\u00e7\u00e3o das Ind\u00fastrias do Estado de Minas Gerais (FIEMG) avalia que o fim da tributa\u00e7\u00e3o sobre remessas internacionais de baixo valor, conhecida como &#8220;taxa das blusinhas&#8221;, \u00e9 uma medida eleitoreira e representa um retrocesso no equil\u00edbrio da concorr\u00eancia entre produtos nacionais e importados. A entidade destaca que a medida havia sido criada pelo governo [&hellip;]","og_url":"https:\/\/www.fiemg.com.br\/regional-centro-oeste\/noticias\/fim-da-taxa-das-blusinhas-ameaca-industria-brasileira\/","og_site_name":"Regional Centro-Oeste","article_modified_time":"2026-09-03T22:02:52+00:00","og_image":[{"width":512,"height":512,"url":"https:\/\/www.fiemg.com.br\/regional-centro-oeste\/wp-content\/uploads\/sites\/16\/2026\/09\/THUMB_NOTA_IMPRENSA-100_1389652.jpg","type":"image\/jpeg"}],"twitter_card":"summary_large_image","twitter_misc":{"Est. tempo de leitura":"3 minutos"},"schema":{"@context":"https:\/\/schema.org","@graph":[{"@type":"WebPage","@id":"https:\/\/www.fiemg.com.br\/regional-centro-oeste\/noticias\/fim-da-taxa-das-blusinhas-ameaca-industria-brasileira\/","url":"https:\/\/www.fiemg.com.br\/regional-centro-oeste\/noticias\/fim-da-taxa-das-blusinhas-ameaca-industria-brasileira\/","name":"Fim da \"taxa das blusinhas\" amea\u00e7a ind\u00fastria brasileira - Regional Centro-Oeste","isPartOf":{"@id":"https:\/\/www.fiemg.com.br\/regional-centro-oeste\/#website"},"primaryImageOfPage":{"@id":"https:\/\/www.fiemg.com.br\/regional-centro-oeste\/noticias\/fim-da-taxa-das-blusinhas-ameaca-industria-brasileira\/#primaryimage"},"image":{"@id":"https:\/\/www.fiemg.com.br\/regional-centro-oeste\/noticias\/fim-da-taxa-das-blusinhas-ameaca-industria-brasileira\/#primaryimage"},"thumbnailUrl":"https:\/\/www.fiemg.com.br\/regional-centro-oeste\/wp-content\/uploads\/sites\/16\/2026\/09\/THUMB_NOTA_IMPRENSA-100_1389652.jpg","datePublished":"2026-09-03T22:02:50+00:00","dateModified":"2026-09-03T22:02:52+00:00","breadcrumb":{"@id":"https:\/\/www.fiemg.com.br\/regional-centro-oeste\/noticias\/fim-da-taxa-das-blusinhas-ameaca-industria-brasileira\/#breadcrumb"},"inLanguage":"pt-BR","potentialAction":[{"@type":"ReadAction","target":["https:\/\/www.fiemg.com.br\/regional-centro-oeste\/noticias\/fim-da-taxa-das-blusinhas-ameaca-industria-brasileira\/"]}]},{"@type":"ImageObject","inLanguage":"pt-BR","@id":"https:\/\/www.fiemg.com.br\/regional-centro-oeste\/noticias\/fim-da-taxa-das-blusinhas-ameaca-industria-brasileira\/#primaryimage","url":"https:\/\/www.fiemg.com.br\/regional-centro-oeste\/wp-content\/uploads\/sites\/16\/2026\/09\/THUMB_NOTA_IMPRENSA-100_1389652.jpg","contentUrl":"https:\/\/www.fiemg.com.br\/regional-centro-oeste\/wp-content\/uploads\/sites\/16\/2026\/09\/THUMB_NOTA_IMPRENSA-100_1389652.jpg","width":512,"height":512,"caption":"Fim da \"taxa das blusinhas\" amea\u00e7a ind\u00fastria brasileira"},{"@type":"BreadcrumbList","@id":"https:\/\/www.fiemg.com.br\/regional-centro-oeste\/noticias\/fim-da-taxa-das-blusinhas-ameaca-industria-brasileira\/#breadcrumb","itemListElement":[{"@type":"ListItem","position":1,"name":"In\u00edcio","item":"https:\/\/www.fiemg.com.br\/regional-centro-oeste\/"},{"@type":"ListItem","position":2,"name":"Fim da &#8220;taxa das blusinhas&#8221; amea\u00e7a ind\u00fastria brasileira"}]},{"@type":"WebSite","@id":"https:\/\/www.fiemg.com.br\/regional-centro-oeste\/#website","url":"https:\/\/www.fiemg.com.br\/regional-centro-oeste\/","name":"Regional Centro-Oeste","description":"Federa\u00e7\u00e3o das Ind\u00fastrias do Estado de Minas Gerais","publisher":{"@id":"https:\/\/www.fiemg.com.br\/regional-centro-oeste\/#organization"},"potentialAction":[{"@type":"SearchAction","target":{"@type":"EntryPoint","urlTemplate":"https:\/\/www.fiemg.com.br\/regional-centro-oeste\/?s={search_term_string}"},"query-input":{"@type":"PropertyValueSpecification","valueRequired":true,"valueName":"search_term_string"}}],"inLanguage":"pt-BR"},{"@type":"Organization","@id":"https:\/\/www.fiemg.com.br\/regional-centro-oeste\/#organization","name":"Regional Centro-Oeste","url":"https:\/\/www.fiemg.com.br\/regional-centro-oeste\/","logo":{"@type":"ImageObject","inLanguage":"pt-BR","@id":"https:\/\/www.fiemg.com.br\/regional-centro-oeste\/#\/schema\/logo\/image\/","url":"https:\/\/www.fiemg.com.br\/regional-centro-oeste\/wp-content\/uploads\/sites\/16\/2023\/02\/Ativo-1.png","contentUrl":"https:\/\/www.fiemg.com.br\/regional-centro-oeste\/wp-content\/uploads\/sites\/16\/2023\/02\/Ativo-1.png","width":563,"height":149,"caption":"Regional Centro-Oeste"},"image":{"@id":"https:\/\/www.fiemg.com.br\/regional-centro-oeste\/#\/schema\/logo\/image\/"}}]}},"_links":{"self":[{"href":"https:\/\/www.fiemg.com.br\/regional-centro-oeste\/wp-json\/wp\/v2\/noticias\/4615","targetHints":{"allow":["GET"]}}],"collection":[{"href":"https:\/\/www.fiemg.com.br\/regional-centro-oeste\/wp-json\/wp\/v2\/noticias"}],"about":[{"href":"https:\/\/www.fiemg.com.br\/regional-centro-oeste\/wp-json\/wp\/v2\/types\/noticias"}],"wp:featuredmedia":[{"embeddable":true,"href":"https:\/\/www.fiemg.com.br\/regional-centro-oeste\/wp-json\/wp\/v2\/media\/4616"}],"wp:attachment":[{"href":"https:\/\/www.fiemg.com.br\/regional-centro-oeste\/wp-json\/wp\/v2\/media?parent=4615"}],"wp:term":[{"taxonomy":"category","embeddable":true,"href":"https:\/\/www.fiemg.com.br\/regional-centro-oeste\/wp-json\/wp\/v2\/categories?post=4615"},{"taxonomy":"post_tag","embeddable":true,"href":"https:\/\/www.fiemg.com.br\/regional-centro-oeste\/wp-json\/wp\/v2\/tags?post=4615"}],"curies":[{"name":"wp","href":"https:\/\/api.w.org\/{rel}","templated":true}]}}