{"id":1588,"date":"2023-08-24T16:12:37","date_gmt":"2023-08-24T19:12:37","guid":{"rendered":"https:\/\/www.fiemg.com.br\/regional-norte\/?post_type=noticias&#038;p=1588"},"modified":"2023-08-25T08:29:05","modified_gmt":"2023-08-25T11:29:05","slug":"vice-presidente-da-regional-norte-defende-na-assembleia-legislativa-acoes-para-o-norte-de-minas","status":"publish","type":"noticias","link":"https:\/\/www.fiemg.com.br\/regional-norte\/noticias\/vice-presidente-da-regional-norte-defende-na-assembleia-legislativa-acoes-para-o-norte-de-minas\/","title":{"rendered":"Presidente da Regional Norte defende na ALMG a\u00e7\u00f5es para a Regi\u00e3o"},"content":{"rendered":"<p>&nbsp;<\/p>\n<p><img fetchpriority=\"high\" decoding=\"async\" class=\"alignnone size-medium wp-image-1602\" src=\"https:\/\/www.fiemg.com.br\/regional-norte\/wp-content\/uploads\/sites\/17\/2023\/08\/FOTO-ENCONTRO-ALMG-300x169.jpg\" alt=\"\" width=\"300\" height=\"169\" srcset=\"https:\/\/www.fiemg.com.br\/regional-norte\/wp-content\/uploads\/sites\/17\/2023\/08\/FOTO-ENCONTRO-ALMG-300x169.jpg 300w, https:\/\/www.fiemg.com.br\/regional-norte\/wp-content\/uploads\/sites\/17\/2023\/08\/FOTO-ENCONTRO-ALMG.jpg 512w\" sizes=\"(max-width: 300px) 100vw, 300px\" \/><img decoding=\"async\" class=\"alignnone wp-image-1589\" src=\"https:\/\/www.fiemg.com.br\/regional-norte\/wp-content\/uploads\/sites\/17\/2023\/08\/FOTO-ADAUTO-REUNIAO-ALMG-SITE-2-300x180.jpg\" alt=\"\" width=\"282\" height=\"169\" srcset=\"https:\/\/www.fiemg.com.br\/regional-norte\/wp-content\/uploads\/sites\/17\/2023\/08\/FOTO-ADAUTO-REUNIAO-ALMG-SITE-2-300x180.jpg 300w, https:\/\/www.fiemg.com.br\/regional-norte\/wp-content\/uploads\/sites\/17\/2023\/08\/FOTO-ADAUTO-REUNIAO-ALMG-SITE-2.jpg 401w\" sizes=\"(max-width: 282px) 100vw, 282px\" \/><\/p>\n<p><em>Adauto Marques integrou comitiva de institui\u00e7\u00f5es da Regi\u00e3o que se reuniu com o presidente da Assembleia<\/em><\/p>\n<p><strong>\u00a0<\/strong>Representantes de diversas institui\u00e7\u00f5es do Norte de Minas, entre eles o vice-presidente da FIEMG Regional Norte, Adauto Marques, esteve nessa quinta-feira (22\/08) em Belo Horizonte, participando de reuni\u00e3o com o presidente da Assembleia Legislativa de Minas (ALMG), deputado Tadeu Martins Leite, para defender um pacote de a\u00e7\u00f5es para o desenvolvimento da regi\u00e3o. Participaram tamb\u00e9m da reuni\u00e3o os deputados estaduais, Leninha (PT) &#8211; que \u00e9 vice-presidente da ALMG -,\u00a0e Gil Pereira (PSD).<\/p>\n<p>Al\u00e9m de Adauto Marques, o grupo foi formado pelo superintendente do Banco do Nordeste para Minas Gerais e Esp\u00edrito Santo, Wesley Maciel, pelo gerente de relacionamento com governo do BNB, Eduardo Madureira, pela presidente da Associa\u00e7\u00e3o Comercial, Industrial e de servi\u00e7os de Montes Claros (ACI), Gislayne Lopes, e o vice da ACI, Maur\u00edcio Sousa e Silva, que \u00e9 tamb\u00e9m superintendente da Santa Casa de Montes Claros.<\/p>\n<p><img decoding=\"async\" class=\"size-medium wp-image-1597 alignleft\" src=\"https:\/\/www.fiemg.com.br\/regional-norte\/wp-content\/uploads\/sites\/17\/2023\/08\/FOTO-ADAUTO-REUNIAO-ALMG-2-1-300x218.jpg\" alt=\"\" width=\"300\" height=\"218\" srcset=\"https:\/\/www.fiemg.com.br\/regional-norte\/wp-content\/uploads\/sites\/17\/2023\/08\/FOTO-ADAUTO-REUNIAO-ALMG-2-1-300x218.jpg 300w, https:\/\/www.fiemg.com.br\/regional-norte\/wp-content\/uploads\/sites\/17\/2023\/08\/FOTO-ADAUTO-REUNIAO-ALMG-2-1-1024x742.jpg 1024w, https:\/\/www.fiemg.com.br\/regional-norte\/wp-content\/uploads\/sites\/17\/2023\/08\/FOTO-ADAUTO-REUNIAO-ALMG-2-1-768x557.jpg 768w, https:\/\/www.fiemg.com.br\/regional-norte\/wp-content\/uploads\/sites\/17\/2023\/08\/FOTO-ADAUTO-REUNIAO-ALMG-2-1.jpg 1200w\" sizes=\"(max-width: 300px) 100vw, 300px\" \/><\/p>\n<p>O superintendente do BNB explicou que a regi\u00e3o \u00e9 uma das mais carentes do Estado e precisa de aten\u00e7\u00e3o especial por parte do poder p\u00fablico, como a\u00e7\u00f5es espec\u00edficas para conviv\u00eancia com a seca, condi\u00e7\u00e3o hist\u00f3rica na regi\u00e3o. Segundo ele, \u00e9 preciso uma uni\u00e3o de for\u00e7as entre poder p\u00fablico e institui\u00e7\u00f5es de classe para levar mais oportunidades \u00e0s pessoas que vivem nos munic\u00edpios norte-mineiros.<\/p>\n<p>Adauto Marques refor\u00e7ou aos parlamentares que Montes Claros e o Norte do estado, pela import\u00e2ncia econ\u00f4mica que possuem, demandam investimentos que possam fomentar o desenvolvimento e fortalecer o polo industrial e farmac\u00eautico que v\u00eam atraindo grandes ind\u00fastrias, principalmente por conta dos incentivos da SUDENE. Ele defendeu ainda a instala\u00e7\u00e3o de um Escrit\u00f3rio Avan\u00e7ado da SUDENE em Montes Claros, e colocou a sede da Regional Norte da FIEMG \u00e0 disposi\u00e7\u00e3o para abrigar o escrit\u00f3rio.<\/p>\n<p>&nbsp;<\/p>\n<p>&nbsp;<\/p>\n<p>&nbsp;<\/p>\n<p><em>Rosangela Silveira<\/em><\/p>\n<p><strong>Imprensa FIEMG<\/strong><\/p>\n","protected":false},"featured_media":1590,"template":"","categories":[21],"tags":[],"class_list":["post-1588","noticias","type-noticias","status-publish","has-post-thumbnail","hentry","category-negociacao-e-atracao-de-investimentos"],"acf":[],"yoast_head":"<!-- This site is optimized with the Yoast SEO plugin v26.2 - https:\/\/yoast.com\/wordpress\/plugins\/seo\/ -->\n<title>Presidente da Regional Norte defende na ALMG a\u00e7\u00f5es para a Regi\u00e3o - Regional Norte<\/title>\n<meta name=\"robots\" content=\"index, follow, max-snippet:-1, max-image-preview:large, max-video-preview:-1\" \/>\n<link rel=\"canonical\" href=\"https:\/\/www.fiemg.com.br\/regional-norte\/noticias\/vice-presidente-da-regional-norte-defende-na-assembleia-legislativa-acoes-para-o-norte-de-minas\/\" \/>\n<meta property=\"og:locale\" content=\"pt_BR\" \/>\n<meta property=\"og:type\" content=\"article\" \/>\n<meta property=\"og:title\" content=\"Presidente da Regional Norte defende na ALMG a\u00e7\u00f5es para a Regi\u00e3o - Regional Norte\" \/>\n<meta property=\"og:description\" content=\"&nbsp; Adauto Marques integrou comitiva de institui\u00e7\u00f5es da Regi\u00e3o que se reuniu com o presidente da Assembleia \u00a0Representantes de diversas institui\u00e7\u00f5es do Norte de Minas, entre eles o vice-presidente da FIEMG Regional Norte, Adauto Marques, esteve nessa quinta-feira (22\/08) em Belo Horizonte, participando de reuni\u00e3o com o presidente da Assembleia Legislativa de Minas (ALMG), deputado [&hellip;]\" \/>\n<meta property=\"og:url\" content=\"https:\/\/www.fiemg.com.br\/regional-norte\/noticias\/vice-presidente-da-regional-norte-defende-na-assembleia-legislativa-acoes-para-o-norte-de-minas\/\" \/>\n<meta property=\"og:site_name\" content=\"Regional Norte\" \/>\n<meta property=\"article:modified_time\" content=\"2023-08-25T11:29:05+00:00\" \/>\n<meta property=\"og:image\" content=\"https:\/\/www.fiemg.com.br\/regional-norte\/wp-content\/uploads\/sites\/17\/2023\/08\/FOTO-ADAUTO-REUNIAO-ALMG-SITE.jpg\" \/>\n\t<meta property=\"og:image:width\" content=\"271\" \/>\n\t<meta property=\"og:image:height\" content=\"240\" \/>\n\t<meta property=\"og:image:type\" content=\"image\/jpeg\" \/>\n<meta name=\"twitter:card\" content=\"summary_large_image\" \/>\n<meta name=\"twitter:label1\" content=\"Est. tempo de leitura\" \/>\n\t<meta name=\"twitter:data1\" content=\"3 minutos\" \/>\n<script type=\"application\/ld+json\" class=\"yoast-schema-graph\">{\"@context\":\"https:\/\/schema.org\",\"@graph\":[{\"@type\":\"WebPage\",\"@id\":\"https:\/\/www.fiemg.com.br\/regional-norte\/noticias\/vice-presidente-da-regional-norte-defende-na-assembleia-legislativa-acoes-para-o-norte-de-minas\/\",\"url\":\"https:\/\/www.fiemg.com.br\/regional-norte\/noticias\/vice-presidente-da-regional-norte-defende-na-assembleia-legislativa-acoes-para-o-norte-de-minas\/\",\"name\":\"Presidente da Regional Norte defende na ALMG a\u00e7\u00f5es para a Regi\u00e3o - Regional Norte\",\"isPartOf\":{\"@id\":\"https:\/\/www.fiemg.com.br\/regional-norte\/#website\"},\"primaryImageOfPage\":{\"@id\":\"https:\/\/www.fiemg.com.br\/regional-norte\/noticias\/vice-presidente-da-regional-norte-defende-na-assembleia-legislativa-acoes-para-o-norte-de-minas\/#primaryimage\"},\"image\":{\"@id\":\"https:\/\/www.fiemg.com.br\/regional-norte\/noticias\/vice-presidente-da-regional-norte-defende-na-assembleia-legislativa-acoes-para-o-norte-de-minas\/#primaryimage\"},\"thumbnailUrl\":\"https:\/\/www.fiemg.com.br\/regional-norte\/wp-content\/uploads\/sites\/17\/2023\/08\/FOTO-ADAUTO-REUNIAO-ALMG-SITE.jpg\",\"datePublished\":\"2023-08-24T19:12:37+00:00\",\"dateModified\":\"2023-08-25T11:29:05+00:00\",\"breadcrumb\":{\"@id\":\"https:\/\/www.fiemg.com.br\/regional-norte\/noticias\/vice-presidente-da-regional-norte-defende-na-assembleia-legislativa-acoes-para-o-norte-de-minas\/#breadcrumb\"},\"inLanguage\":\"pt-BR\",\"potentialAction\":[{\"@type\":\"ReadAction\",\"target\":[\"https:\/\/www.fiemg.com.br\/regional-norte\/noticias\/vice-presidente-da-regional-norte-defende-na-assembleia-legislativa-acoes-para-o-norte-de-minas\/\"]}]},{\"@type\":\"ImageObject\",\"inLanguage\":\"pt-BR\",\"@id\":\"https:\/\/www.fiemg.com.br\/regional-norte\/noticias\/vice-presidente-da-regional-norte-defende-na-assembleia-legislativa-acoes-para-o-norte-de-minas\/#primaryimage\",\"url\":\"https:\/\/www.fiemg.com.br\/regional-norte\/wp-content\/uploads\/sites\/17\/2023\/08\/FOTO-ADAUTO-REUNIAO-ALMG-SITE.jpg\",\"contentUrl\":\"https:\/\/www.fiemg.com.br\/regional-norte\/wp-content\/uploads\/sites\/17\/2023\/08\/FOTO-ADAUTO-REUNIAO-ALMG-SITE.jpg\",\"width\":271,\"height\":240},{\"@type\":\"BreadcrumbList\",\"@id\":\"https:\/\/www.fiemg.com.br\/regional-norte\/noticias\/vice-presidente-da-regional-norte-defende-na-assembleia-legislativa-acoes-para-o-norte-de-minas\/#breadcrumb\",\"itemListElement\":[{\"@type\":\"ListItem\",\"position\":1,\"name\":\"In\u00edcio\",\"item\":\"https:\/\/www.fiemg.com.br\/regional-norte\/\"},{\"@type\":\"ListItem\",\"position\":2,\"name\":\"Presidente da Regional Norte defende na ALMG a\u00e7\u00f5es para a Regi\u00e3o\"}]},{\"@type\":\"WebSite\",\"@id\":\"https:\/\/www.fiemg.com.br\/regional-norte\/#website\",\"url\":\"https:\/\/www.fiemg.com.br\/regional-norte\/\",\"name\":\"Regional Norte\",\"description\":\"Federa\u00e7\u00e3o das Ind\u00fastrias do Estado de Minas Gerais\",\"publisher\":{\"@id\":\"https:\/\/www.fiemg.com.br\/regional-norte\/#organization\"},\"potentialAction\":[{\"@type\":\"SearchAction\",\"target\":{\"@type\":\"EntryPoint\",\"urlTemplate\":\"https:\/\/www.fiemg.com.br\/regional-norte\/?s={search_term_string}\"},\"query-input\":{\"@type\":\"PropertyValueSpecification\",\"valueRequired\":true,\"valueName\":\"search_term_string\"}}],\"inLanguage\":\"pt-BR\"},{\"@type\":\"Organization\",\"@id\":\"https:\/\/www.fiemg.com.br\/regional-norte\/#organization\",\"name\":\"Regional Norte\",\"url\":\"https:\/\/www.fiemg.com.br\/regional-norte\/\",\"logo\":{\"@type\":\"ImageObject\",\"inLanguage\":\"pt-BR\",\"@id\":\"https:\/\/www.fiemg.com.br\/regional-norte\/#\/schema\/logo\/image\/\",\"url\":\"https:\/\/www.fiemg.com.br\/regional-norte\/wp-content\/uploads\/sites\/17\/2023\/02\/Ativo-1.png\",\"contentUrl\":\"https:\/\/www.fiemg.com.br\/regional-norte\/wp-content\/uploads\/sites\/17\/2023\/02\/Ativo-1.png\",\"width\":563,\"height\":149,\"caption\":\"Regional Norte\"},\"image\":{\"@id\":\"https:\/\/www.fiemg.com.br\/regional-norte\/#\/schema\/logo\/image\/\"}}]}<\/script>\n<!-- \/ Yoast SEO plugin. -->","yoast_head_json":{"title":"Presidente da Regional Norte defende na ALMG a\u00e7\u00f5es para a Regi\u00e3o - Regional Norte","robots":{"index":"index","follow":"follow","max-snippet":"max-snippet:-1","max-image-preview":"max-image-preview:large","max-video-preview":"max-video-preview:-1"},"canonical":"https:\/\/www.fiemg.com.br\/regional-norte\/noticias\/vice-presidente-da-regional-norte-defende-na-assembleia-legislativa-acoes-para-o-norte-de-minas\/","og_locale":"pt_BR","og_type":"article","og_title":"Presidente da Regional Norte defende na ALMG a\u00e7\u00f5es para a Regi\u00e3o - Regional Norte","og_description":"&nbsp; Adauto Marques integrou comitiva de institui\u00e7\u00f5es da Regi\u00e3o que se reuniu com o presidente da Assembleia \u00a0Representantes de diversas institui\u00e7\u00f5es do Norte de Minas, entre eles o vice-presidente da FIEMG Regional Norte, Adauto Marques, esteve nessa quinta-feira (22\/08) em Belo Horizonte, participando de reuni\u00e3o com o presidente da Assembleia Legislativa de Minas (ALMG), deputado [&hellip;]","og_url":"https:\/\/www.fiemg.com.br\/regional-norte\/noticias\/vice-presidente-da-regional-norte-defende-na-assembleia-legislativa-acoes-para-o-norte-de-minas\/","og_site_name":"Regional Norte","article_modified_time":"2023-08-25T11:29:05+00:00","og_image":[{"width":271,"height":240,"url":"https:\/\/www.fiemg.com.br\/regional-norte\/wp-content\/uploads\/sites\/17\/2023\/08\/FOTO-ADAUTO-REUNIAO-ALMG-SITE.jpg","type":"image\/jpeg"}],"twitter_card":"summary_large_image","twitter_misc":{"Est. tempo de leitura":"3 minutos"},"schema":{"@context":"https:\/\/schema.org","@graph":[{"@type":"WebPage","@id":"https:\/\/www.fiemg.com.br\/regional-norte\/noticias\/vice-presidente-da-regional-norte-defende-na-assembleia-legislativa-acoes-para-o-norte-de-minas\/","url":"https:\/\/www.fiemg.com.br\/regional-norte\/noticias\/vice-presidente-da-regional-norte-defende-na-assembleia-legislativa-acoes-para-o-norte-de-minas\/","name":"Presidente da Regional Norte defende na ALMG a\u00e7\u00f5es para a Regi\u00e3o - Regional Norte","isPartOf":{"@id":"https:\/\/www.fiemg.com.br\/regional-norte\/#website"},"primaryImageOfPage":{"@id":"https:\/\/www.fiemg.com.br\/regional-norte\/noticias\/vice-presidente-da-regional-norte-defende-na-assembleia-legislativa-acoes-para-o-norte-de-minas\/#primaryimage"},"image":{"@id":"https:\/\/www.fiemg.com.br\/regional-norte\/noticias\/vice-presidente-da-regional-norte-defende-na-assembleia-legislativa-acoes-para-o-norte-de-minas\/#primaryimage"},"thumbnailUrl":"https:\/\/www.fiemg.com.br\/regional-norte\/wp-content\/uploads\/sites\/17\/2023\/08\/FOTO-ADAUTO-REUNIAO-ALMG-SITE.jpg","datePublished":"2023-08-24T19:12:37+00:00","dateModified":"2023-08-25T11:29:05+00:00","breadcrumb":{"@id":"https:\/\/www.fiemg.com.br\/regional-norte\/noticias\/vice-presidente-da-regional-norte-defende-na-assembleia-legislativa-acoes-para-o-norte-de-minas\/#breadcrumb"},"inLanguage":"pt-BR","potentialAction":[{"@type":"ReadAction","target":["https:\/\/www.fiemg.com.br\/regional-norte\/noticias\/vice-presidente-da-regional-norte-defende-na-assembleia-legislativa-acoes-para-o-norte-de-minas\/"]}]},{"@type":"ImageObject","inLanguage":"pt-BR","@id":"https:\/\/www.fiemg.com.br\/regional-norte\/noticias\/vice-presidente-da-regional-norte-defende-na-assembleia-legislativa-acoes-para-o-norte-de-minas\/#primaryimage","url":"https:\/\/www.fiemg.com.br\/regional-norte\/wp-content\/uploads\/sites\/17\/2023\/08\/FOTO-ADAUTO-REUNIAO-ALMG-SITE.jpg","contentUrl":"https:\/\/www.fiemg.com.br\/regional-norte\/wp-content\/uploads\/sites\/17\/2023\/08\/FOTO-ADAUTO-REUNIAO-ALMG-SITE.jpg","width":271,"height":240},{"@type":"BreadcrumbList","@id":"https:\/\/www.fiemg.com.br\/regional-norte\/noticias\/vice-presidente-da-regional-norte-defende-na-assembleia-legislativa-acoes-para-o-norte-de-minas\/#breadcrumb","itemListElement":[{"@type":"ListItem","position":1,"name":"In\u00edcio","item":"https:\/\/www.fiemg.com.br\/regional-norte\/"},{"@type":"ListItem","position":2,"name":"Presidente da Regional Norte defende na ALMG a\u00e7\u00f5es para a Regi\u00e3o"}]},{"@type":"WebSite","@id":"https:\/\/www.fiemg.com.br\/regional-norte\/#website","url":"https:\/\/www.fiemg.com.br\/regional-norte\/","name":"Regional Norte","description":"Federa\u00e7\u00e3o das Ind\u00fastrias do Estado de Minas Gerais","publisher":{"@id":"https:\/\/www.fiemg.com.br\/regional-norte\/#organization"},"potentialAction":[{"@type":"SearchAction","target":{"@type":"EntryPoint","urlTemplate":"https:\/\/www.fiemg.com.br\/regional-norte\/?s={search_term_string}"},"query-input":{"@type":"PropertyValueSpecification","valueRequired":true,"valueName":"search_term_string"}}],"inLanguage":"pt-BR"},{"@type":"Organization","@id":"https:\/\/www.fiemg.com.br\/regional-norte\/#organization","name":"Regional Norte","url":"https:\/\/www.fiemg.com.br\/regional-norte\/","logo":{"@type":"ImageObject","inLanguage":"pt-BR","@id":"https:\/\/www.fiemg.com.br\/regional-norte\/#\/schema\/logo\/image\/","url":"https:\/\/www.fiemg.com.br\/regional-norte\/wp-content\/uploads\/sites\/17\/2023\/02\/Ativo-1.png","contentUrl":"https:\/\/www.fiemg.com.br\/regional-norte\/wp-content\/uploads\/sites\/17\/2023\/02\/Ativo-1.png","width":563,"height":149,"caption":"Regional Norte"},"image":{"@id":"https:\/\/www.fiemg.com.br\/regional-norte\/#\/schema\/logo\/image\/"}}]}},"_links":{"self":[{"href":"https:\/\/www.fiemg.com.br\/regional-norte\/wp-json\/wp\/v2\/noticias\/1588","targetHints":{"allow":["GET"]}}],"collection":[{"href":"https:\/\/www.fiemg.com.br\/regional-norte\/wp-json\/wp\/v2\/noticias"}],"about":[{"href":"https:\/\/www.fiemg.com.br\/regional-norte\/wp-json\/wp\/v2\/types\/noticias"}],"wp:featuredmedia":[{"embeddable":true,"href":"https:\/\/www.fiemg.com.br\/regional-norte\/wp-json\/wp\/v2\/media\/1590"}],"wp:attachment":[{"href":"https:\/\/www.fiemg.com.br\/regional-norte\/wp-json\/wp\/v2\/media?parent=1588"}],"wp:term":[{"taxonomy":"category","embeddable":true,"href":"https:\/\/www.fiemg.com.br\/regional-norte\/wp-json\/wp\/v2\/categories?post=1588"},{"taxonomy":"post_tag","embeddable":true,"href":"https:\/\/www.fiemg.com.br\/regional-norte\/wp-json\/wp\/v2\/tags?post=1588"}],"curies":[{"name":"wp","href":"https:\/\/api.w.org\/{rel}","templated":true}]}}