{"id":1696,"date":"2023-09-16T21:11:41","date_gmt":"2023-09-17T00:11:41","guid":{"rendered":"https:\/\/www.fiemg.com.br\/regional-norte\/noticias\/a-ponte-genios-da-engenharia-revelados-no-minascon\/"},"modified":"2023-09-16T21:11:42","modified_gmt":"2023-09-17T00:11:42","slug":"a-ponte-genios-da-engenharia-revelados-no-minascon","status":"publish","type":"noticias","link":"https:\/\/www.fiemg.com.br\/regional-norte\/noticias\/a-ponte-genios-da-engenharia-revelados-no-minascon\/","title":{"rendered":"\u201cA Ponte\u201d: G\u00eanios da Engenharia Revelados no Minascon"},"content":{"rendered":"\n<p>Neste s\u00e1bado 16\/9, marcando o terceiro dia de Minascon, um dos momentos mais aguardados teve seu cl\u00edmax: o rompimento das obras do concurso \u201cA Ponte\u201d. Nesta edi\u00e7\u00e3o, em Montes Claros, cinco duplas arrega\u00e7aram as mangas para construir estruturas s\u00f3lidas e resilientes, utilizando apenas palitos de picol\u00e9 e cola branca.<\/p>\n\n\n\n<p>O concurso estabeleceu seu cronograma com etapas precisas: a constru\u00e7\u00e3o no primeiro dia, seguida pelo processo de \u201ccura\u201d no dia seguinte, permitindo a secagem adequada da cola, at\u00e9 o t\u00e3o esperado rompimento das estruturas e avalia\u00e7\u00e3o t\u00e9cnica.<\/p>\n\n\n\n<p>A dupla formada pelos estudantes de arquitetura e urbanismo da UnifipMoc, Heitor Alves Neves de Oliveira e Matheus Andr\u00e9 Torres Lima destacou-se, levando o primeiro lugar com uma ponte pesando apenas 570 gramas, mas capaz de suportar a impressionante carga de 150 kg. Esse feito engenhoso garantiu a eles o pr\u00eamio principal de R$ 5 mil. \u201c\u00c9 uma honra ganhar, representando as cidades de Montes Claros e Janu\u00e1ria, fomos a ponte mais leve desse concurso e ela aguentou 150kg. N\u00e3o estamos nem acreditando\u201d, comemoraram.<\/p>\n\n\n\n<p>Seguindo em segundo lugar, a dupla composta pelos estudantes de Engenharia Civil do Pit\u00e1goras, de Belo Horizonte, Samara Isis de Souza Taurinho Soares e Jonathan da Silva Moreira, que construiu uma ponte de 760 gramas, resistente a uma carga de 50 kg. Por sua not\u00e1vel realiza\u00e7\u00e3o, foram recompensados com um pr\u00eamio de R$ 2,5 mil. A dupla, que \u00e9 um casal e tem uma filha de dois anos, comemorou o pr\u00eamio ressaltando que foi um desafio duplo: construir a ponte e ficar longe da pequena. \u201cEstamos longe da nossa filha, n\u00e3o dormimos por duas noites construindo a ponte e eu ainda fiquei por treze horas de p\u00e9 executando a constru\u00e7\u00e3o. Nesse ano, conseguimos o segundo lugar, mas no ano que vem vamos conseguir o primeiro\u201d, reitera Jonathan.<\/p>\n\n\n\n<p>A competi\u00e7\u00e3o, que \u00e9 voltada principalmente para estudantes dos cursos t\u00e9cnicos em Edifica\u00e7\u00f5es e Constru\u00e7\u00e3o Civil, bem como para graduandos em Arquitetura e das Engenharias Civil, Mec\u00e2nica e de Produ\u00e7\u00e3o, tem como principal objetivo promover uma maratona integradora entre escolas t\u00e9cnicas, universidades e empresas do setor produtivo da \u00e1rea da constru\u00e7\u00e3o<\/p>\n\n\n\n<p><strong>Leia mais:<\/strong><\/p>\n\n\n\n<p><a href=\"https:\/\/www.fiemg.com.br\/noticias\/minascon-crea-e-sebrae-abordam-o-licenciamento-de-obras\/\">Minascon: CREA e SEBRAE abordam o licenciamento de obras<\/a><br><a href=\"https:\/\/www.fiemg.com.br\/noticias\/codemge-mostra-os-investimentos-em-infraestrutura-para-o-setor\/\">CODEMGE mostra os investimentos em infraestrutura para o setor<\/a><br><a href=\"https:\/\/www.fiemg.com.br\/noticias\/minascon-abre-os-horizontes-sobre-gestao-de-obras\/\">Minascon abre os horizontes sobre gest\u00e3o de obras<\/a><\/p>\n\n\n\n<p>O Minascon reitera, com essa iniciativa, sua miss\u00e3o de cultivar a inova\u00e7\u00e3o e a coopera\u00e7\u00e3o no setor, apresentando desafios pr\u00e1ticos que preparam os futuros profissionais para as demandas do mundo real. O concurso \u201cA Ponte\u201d n\u00e3o s\u00f3 testa a habilidade t\u00e9cnica dos participantes, mas tamb\u00e9m fomenta uma abordagem pr\u00e1tica e integrada ao aprendizado, estabelecendo pontes s\u00f3lidas entre teoria e pr\u00e1tica, educa\u00e7\u00e3o e ind\u00fastria, tradi\u00e7\u00e3o e inova\u00e7\u00e3o.<\/p>\n\n\n\n<p>A cada ano, \u201cA Ponte\u201d simboliza mais do que uma competi\u00e7\u00e3o; torna-se uma passagem para oportunidades e descobertas, demonstrando que, com materiais simples e muita criatividade, \u00e9 poss\u00edvel construir estruturas resilientes, tal como o esp\u00edrito dos futuros profissionais que o Minascon tem a honra de hospedar.<\/p>\n\n\n\n<p>O Minascon \u00e9 uma realiza\u00e7\u00e3o da Federa\u00e7\u00e3o das Ind\u00fastrias do Estado de Minas Gerais (FIEMG), por meio da C\u00e2mara da Ind\u00fastria da Constru\u00e7\u00e3o, e do Sindicato da Ind\u00fastria da Constru\u00e7\u00e3o Civil do Norte de Minas (Sinduscon\/Norte). Conta tamb\u00e9m com o apoio master do SEBRAE, patroc\u00ednios da TOTVS, CREA-MG, CODEMGE e Governo de Minas, al\u00e9m do apoio da CAIXA.<\/p>\n\n\n\n<p><em>Ana Paula Motta<\/em><br><strong>Imprensa FIEMG<\/strong><\/p>\n","protected":false},"featured_media":1697,"template":"","categories":[15],"tags":[116,68,69,117],"class_list":["post-1696","noticias","type-noticias","status-publish","has-post-thumbnail","hentry","category-desenvolvimento-industrial","tag-concurso-a-ponte","tag-construcao-civil","tag-minascon-2023","tag-ponte-de-palito-de-picole"],"acf":[],"yoast_head":"<!-- This site is optimized with the Yoast SEO plugin v26.2 - https:\/\/yoast.com\/wordpress\/plugins\/seo\/ -->\n<title>\u201cA Ponte\u201d: G\u00eanios da Engenharia Revelados no Minascon - Regional Norte<\/title>\n<meta name=\"description\" content=\"O Minascon \u00e9 uma vitrine para o talento emergente no setor de constru\u00e7\u00e3o civil com os estudantes na tradicional competi\u00e7\u00e3o &quot;A Ponte&quot;\" \/>\n<meta name=\"robots\" content=\"index, follow, max-snippet:-1, max-image-preview:large, max-video-preview:-1\" \/>\n<link rel=\"canonical\" href=\"https:\/\/www.fiemg.com.br\/regional-norte\/noticias\/a-ponte-genios-da-engenharia-revelados-no-minascon\/\" \/>\n<meta property=\"og:locale\" content=\"pt_BR\" \/>\n<meta property=\"og:type\" content=\"article\" \/>\n<meta property=\"og:title\" content=\"\u201cA Ponte\u201d: G\u00eanios da Engenharia Revelados no Minascon - Regional Norte\" \/>\n<meta property=\"og:description\" content=\"O Minascon \u00e9 uma vitrine para o talento emergente no setor de constru\u00e7\u00e3o civil com os estudantes na tradicional competi\u00e7\u00e3o &quot;A Ponte&quot;\" \/>\n<meta property=\"og:url\" content=\"https:\/\/www.fiemg.com.br\/regional-norte\/noticias\/a-ponte-genios-da-engenharia-revelados-no-minascon\/\" \/>\n<meta property=\"og:site_name\" content=\"Regional Norte\" \/>\n<meta property=\"article:modified_time\" content=\"2023-09-17T00:11:42+00:00\" \/>\n<meta property=\"og:image\" content=\"https:\/\/www.fiemg.com.br\/regional-norte\/wp-content\/uploads\/sites\/17\/2023\/09\/a-ponte-dupla-vencedora-minascon.jpg\" \/>\n\t<meta property=\"og:image:width\" content=\"300\" \/>\n\t<meta property=\"og:image:height\" content=\"200\" \/>\n\t<meta property=\"og:image:type\" content=\"image\/jpeg\" \/>\n<meta name=\"twitter:card\" content=\"summary_large_image\" \/>\n<meta name=\"twitter:label1\" content=\"Est. tempo de leitura\" \/>\n\t<meta name=\"twitter:data1\" content=\"4 minutos\" \/>\n<script type=\"application\/ld+json\" class=\"yoast-schema-graph\">{\"@context\":\"https:\/\/schema.org\",\"@graph\":[{\"@type\":\"WebPage\",\"@id\":\"https:\/\/www.fiemg.com.br\/regional-norte\/noticias\/a-ponte-genios-da-engenharia-revelados-no-minascon\/\",\"url\":\"https:\/\/www.fiemg.com.br\/regional-norte\/noticias\/a-ponte-genios-da-engenharia-revelados-no-minascon\/\",\"name\":\"\u201cA Ponte\u201d: G\u00eanios da Engenharia Revelados no Minascon - Regional Norte\",\"isPartOf\":{\"@id\":\"https:\/\/www.fiemg.com.br\/regional-norte\/#website\"},\"primaryImageOfPage\":{\"@id\":\"https:\/\/www.fiemg.com.br\/regional-norte\/noticias\/a-ponte-genios-da-engenharia-revelados-no-minascon\/#primaryimage\"},\"image\":{\"@id\":\"https:\/\/www.fiemg.com.br\/regional-norte\/noticias\/a-ponte-genios-da-engenharia-revelados-no-minascon\/#primaryimage\"},\"thumbnailUrl\":\"https:\/\/www.fiemg.com.br\/regional-norte\/wp-content\/uploads\/sites\/17\/2023\/09\/a-ponte-dupla-vencedora-minascon.jpg\",\"datePublished\":\"2023-09-17T00:11:41+00:00\",\"dateModified\":\"2023-09-17T00:11:42+00:00\",\"description\":\"O Minascon \u00e9 uma vitrine para o talento emergente no setor de constru\u00e7\u00e3o civil com os estudantes na tradicional competi\u00e7\u00e3o \\\"A Ponte\\\"\",\"breadcrumb\":{\"@id\":\"https:\/\/www.fiemg.com.br\/regional-norte\/noticias\/a-ponte-genios-da-engenharia-revelados-no-minascon\/#breadcrumb\"},\"inLanguage\":\"pt-BR\",\"potentialAction\":[{\"@type\":\"ReadAction\",\"target\":[\"https:\/\/www.fiemg.com.br\/regional-norte\/noticias\/a-ponte-genios-da-engenharia-revelados-no-minascon\/\"]}]},{\"@type\":\"ImageObject\",\"inLanguage\":\"pt-BR\",\"@id\":\"https:\/\/www.fiemg.com.br\/regional-norte\/noticias\/a-ponte-genios-da-engenharia-revelados-no-minascon\/#primaryimage\",\"url\":\"https:\/\/www.fiemg.com.br\/regional-norte\/wp-content\/uploads\/sites\/17\/2023\/09\/a-ponte-dupla-vencedora-minascon.jpg\",\"contentUrl\":\"https:\/\/www.fiemg.com.br\/regional-norte\/wp-content\/uploads\/sites\/17\/2023\/09\/a-ponte-dupla-vencedora-minascon.jpg\",\"width\":300,\"height\":200,\"caption\":\"\u201cA Ponte\u201d: G\u00eanios da Engenharia Revelados no Minascon\"},{\"@type\":\"BreadcrumbList\",\"@id\":\"https:\/\/www.fiemg.com.br\/regional-norte\/noticias\/a-ponte-genios-da-engenharia-revelados-no-minascon\/#breadcrumb\",\"itemListElement\":[{\"@type\":\"ListItem\",\"position\":1,\"name\":\"In\u00edcio\",\"item\":\"https:\/\/www.fiemg.com.br\/regional-norte\/\"},{\"@type\":\"ListItem\",\"position\":2,\"name\":\"\u201cA Ponte\u201d: G\u00eanios da Engenharia Revelados no Minascon\"}]},{\"@type\":\"WebSite\",\"@id\":\"https:\/\/www.fiemg.com.br\/regional-norte\/#website\",\"url\":\"https:\/\/www.fiemg.com.br\/regional-norte\/\",\"name\":\"Regional Norte\",\"description\":\"Federa\u00e7\u00e3o das Ind\u00fastrias do Estado de Minas Gerais\",\"publisher\":{\"@id\":\"https:\/\/www.fiemg.com.br\/regional-norte\/#organization\"},\"potentialAction\":[{\"@type\":\"SearchAction\",\"target\":{\"@type\":\"EntryPoint\",\"urlTemplate\":\"https:\/\/www.fiemg.com.br\/regional-norte\/?s={search_term_string}\"},\"query-input\":{\"@type\":\"PropertyValueSpecification\",\"valueRequired\":true,\"valueName\":\"search_term_string\"}}],\"inLanguage\":\"pt-BR\"},{\"@type\":\"Organization\",\"@id\":\"https:\/\/www.fiemg.com.br\/regional-norte\/#organization\",\"name\":\"Regional Norte\",\"url\":\"https:\/\/www.fiemg.com.br\/regional-norte\/\",\"logo\":{\"@type\":\"ImageObject\",\"inLanguage\":\"pt-BR\",\"@id\":\"https:\/\/www.fiemg.com.br\/regional-norte\/#\/schema\/logo\/image\/\",\"url\":\"https:\/\/www.fiemg.com.br\/regional-norte\/wp-content\/uploads\/sites\/17\/2023\/02\/Ativo-1.png\",\"contentUrl\":\"https:\/\/www.fiemg.com.br\/regional-norte\/wp-content\/uploads\/sites\/17\/2023\/02\/Ativo-1.png\",\"width\":563,\"height\":149,\"caption\":\"Regional Norte\"},\"image\":{\"@id\":\"https:\/\/www.fiemg.com.br\/regional-norte\/#\/schema\/logo\/image\/\"}}]}<\/script>\n<!-- \/ Yoast SEO plugin. -->","yoast_head_json":{"title":"\u201cA Ponte\u201d: G\u00eanios da Engenharia Revelados no Minascon - Regional Norte","description":"O Minascon \u00e9 uma vitrine para o talento emergente no setor de constru\u00e7\u00e3o civil com os estudantes na tradicional competi\u00e7\u00e3o \"A Ponte\"","robots":{"index":"index","follow":"follow","max-snippet":"max-snippet:-1","max-image-preview":"max-image-preview:large","max-video-preview":"max-video-preview:-1"},"canonical":"https:\/\/www.fiemg.com.br\/regional-norte\/noticias\/a-ponte-genios-da-engenharia-revelados-no-minascon\/","og_locale":"pt_BR","og_type":"article","og_title":"\u201cA Ponte\u201d: G\u00eanios da Engenharia Revelados no Minascon - Regional Norte","og_description":"O Minascon \u00e9 uma vitrine para o talento emergente no setor de constru\u00e7\u00e3o civil com os estudantes na tradicional competi\u00e7\u00e3o \"A Ponte\"","og_url":"https:\/\/www.fiemg.com.br\/regional-norte\/noticias\/a-ponte-genios-da-engenharia-revelados-no-minascon\/","og_site_name":"Regional Norte","article_modified_time":"2023-09-17T00:11:42+00:00","og_image":[{"width":300,"height":200,"url":"https:\/\/www.fiemg.com.br\/regional-norte\/wp-content\/uploads\/sites\/17\/2023\/09\/a-ponte-dupla-vencedora-minascon.jpg","type":"image\/jpeg"}],"twitter_card":"summary_large_image","twitter_misc":{"Est. tempo de leitura":"4 minutos"},"schema":{"@context":"https:\/\/schema.org","@graph":[{"@type":"WebPage","@id":"https:\/\/www.fiemg.com.br\/regional-norte\/noticias\/a-ponte-genios-da-engenharia-revelados-no-minascon\/","url":"https:\/\/www.fiemg.com.br\/regional-norte\/noticias\/a-ponte-genios-da-engenharia-revelados-no-minascon\/","name":"\u201cA Ponte\u201d: G\u00eanios da Engenharia Revelados no Minascon - Regional Norte","isPartOf":{"@id":"https:\/\/www.fiemg.com.br\/regional-norte\/#website"},"primaryImageOfPage":{"@id":"https:\/\/www.fiemg.com.br\/regional-norte\/noticias\/a-ponte-genios-da-engenharia-revelados-no-minascon\/#primaryimage"},"image":{"@id":"https:\/\/www.fiemg.com.br\/regional-norte\/noticias\/a-ponte-genios-da-engenharia-revelados-no-minascon\/#primaryimage"},"thumbnailUrl":"https:\/\/www.fiemg.com.br\/regional-norte\/wp-content\/uploads\/sites\/17\/2023\/09\/a-ponte-dupla-vencedora-minascon.jpg","datePublished":"2023-09-17T00:11:41+00:00","dateModified":"2023-09-17T00:11:42+00:00","description":"O Minascon \u00e9 uma vitrine para o talento emergente no setor de constru\u00e7\u00e3o civil com os estudantes na tradicional competi\u00e7\u00e3o \"A Ponte\"","breadcrumb":{"@id":"https:\/\/www.fiemg.com.br\/regional-norte\/noticias\/a-ponte-genios-da-engenharia-revelados-no-minascon\/#breadcrumb"},"inLanguage":"pt-BR","potentialAction":[{"@type":"ReadAction","target":["https:\/\/www.fiemg.com.br\/regional-norte\/noticias\/a-ponte-genios-da-engenharia-revelados-no-minascon\/"]}]},{"@type":"ImageObject","inLanguage":"pt-BR","@id":"https:\/\/www.fiemg.com.br\/regional-norte\/noticias\/a-ponte-genios-da-engenharia-revelados-no-minascon\/#primaryimage","url":"https:\/\/www.fiemg.com.br\/regional-norte\/wp-content\/uploads\/sites\/17\/2023\/09\/a-ponte-dupla-vencedora-minascon.jpg","contentUrl":"https:\/\/www.fiemg.com.br\/regional-norte\/wp-content\/uploads\/sites\/17\/2023\/09\/a-ponte-dupla-vencedora-minascon.jpg","width":300,"height":200,"caption":"\u201cA Ponte\u201d: G\u00eanios da Engenharia Revelados no Minascon"},{"@type":"BreadcrumbList","@id":"https:\/\/www.fiemg.com.br\/regional-norte\/noticias\/a-ponte-genios-da-engenharia-revelados-no-minascon\/#breadcrumb","itemListElement":[{"@type":"ListItem","position":1,"name":"In\u00edcio","item":"https:\/\/www.fiemg.com.br\/regional-norte\/"},{"@type":"ListItem","position":2,"name":"\u201cA Ponte\u201d: G\u00eanios da Engenharia Revelados no Minascon"}]},{"@type":"WebSite","@id":"https:\/\/www.fiemg.com.br\/regional-norte\/#website","url":"https:\/\/www.fiemg.com.br\/regional-norte\/","name":"Regional Norte","description":"Federa\u00e7\u00e3o das Ind\u00fastrias do Estado de Minas Gerais","publisher":{"@id":"https:\/\/www.fiemg.com.br\/regional-norte\/#organization"},"potentialAction":[{"@type":"SearchAction","target":{"@type":"EntryPoint","urlTemplate":"https:\/\/www.fiemg.com.br\/regional-norte\/?s={search_term_string}"},"query-input":{"@type":"PropertyValueSpecification","valueRequired":true,"valueName":"search_term_string"}}],"inLanguage":"pt-BR"},{"@type":"Organization","@id":"https:\/\/www.fiemg.com.br\/regional-norte\/#organization","name":"Regional Norte","url":"https:\/\/www.fiemg.com.br\/regional-norte\/","logo":{"@type":"ImageObject","inLanguage":"pt-BR","@id":"https:\/\/www.fiemg.com.br\/regional-norte\/#\/schema\/logo\/image\/","url":"https:\/\/www.fiemg.com.br\/regional-norte\/wp-content\/uploads\/sites\/17\/2023\/02\/Ativo-1.png","contentUrl":"https:\/\/www.fiemg.com.br\/regional-norte\/wp-content\/uploads\/sites\/17\/2023\/02\/Ativo-1.png","width":563,"height":149,"caption":"Regional Norte"},"image":{"@id":"https:\/\/www.fiemg.com.br\/regional-norte\/#\/schema\/logo\/image\/"}}]}},"_links":{"self":[{"href":"https:\/\/www.fiemg.com.br\/regional-norte\/wp-json\/wp\/v2\/noticias\/1696","targetHints":{"allow":["GET"]}}],"collection":[{"href":"https:\/\/www.fiemg.com.br\/regional-norte\/wp-json\/wp\/v2\/noticias"}],"about":[{"href":"https:\/\/www.fiemg.com.br\/regional-norte\/wp-json\/wp\/v2\/types\/noticias"}],"wp:featuredmedia":[{"embeddable":true,"href":"https:\/\/www.fiemg.com.br\/regional-norte\/wp-json\/wp\/v2\/media\/1697"}],"wp:attachment":[{"href":"https:\/\/www.fiemg.com.br\/regional-norte\/wp-json\/wp\/v2\/media?parent=1696"}],"wp:term":[{"taxonomy":"category","embeddable":true,"href":"https:\/\/www.fiemg.com.br\/regional-norte\/wp-json\/wp\/v2\/categories?post=1696"},{"taxonomy":"post_tag","embeddable":true,"href":"https:\/\/www.fiemg.com.br\/regional-norte\/wp-json\/wp\/v2\/tags?post=1696"}],"curies":[{"name":"wp","href":"https:\/\/api.w.org\/{rel}","templated":true}]}}