{"id":1847,"date":"2024-02-21T15:33:07","date_gmt":"2024-02-21T18:33:07","guid":{"rendered":"https:\/\/www.fiemg.com.br\/regional-norte\/?post_type=noticias&#038;p=1847"},"modified":"2024-02-21T15:36:08","modified_gmt":"2024-02-21T18:36:08","slug":"bolsao-escola-sesi-abre-inscricoes-para-a-comunidade","status":"publish","type":"noticias","link":"https:\/\/www.fiemg.com.br\/regional-norte\/noticias\/bolsao-escola-sesi-abre-inscricoes-para-a-comunidade\/","title":{"rendered":"Bols\u00e3o Escola SESI abre inscri\u00e7\u00f5es para a comunidade"},"content":{"rendered":"\n<p>O Site Montes Claros da &nbsp;Novo Nordisk \u00e9 apoiador do projeto Recriar da Escola SESI Montes Claros na oferta de&nbsp; bolsas integrais de estudos na Escola. Foram doadas 30 bolsa integrais que, duplicadas pela Escola SESI, v\u00e3o beneficiar 90 alunos de fam\u00edlias de baixa renda. Parte dessas bolsas \u00e9 destinada a dependentes de empregados do Site Moc. O restante, para a comunidade.<\/p>\n\n\n\n<p>At\u00e9 o dia 25\/02\/2024 est\u00e3o abertas as inscri\u00e7\u00f5es de concess\u00e3o de 58 bolsas gratuitas para alunos do 1\u00b0 ano do Ensino M\u00e9dio. O foco s\u00e3o pessoas em situa\u00e7\u00e3o socioecon\u00f4mica de baixa renda.<\/p>\n\n\n\n<p>Inscri\u00e7\u00f5es podem ser feitas no link: <a href=\"https:\/\/portaldocandidatops.fiemg.com.br\/framehtml\/Web\/App\/Edu\/PortalProcessoSeletivo\/?c=1&amp;f=10273&amp;ps=350#\/eb\/informacoes\">https:\/\/portaldocandidatops.fiemg.com.br\/framehtml\/Web\/App\/Edu\/PortalProcessoSeletivo\/?c=1&amp;f=10273&amp;ps=350#\/eb\/informacoes<\/a><\/p>\n","protected":false},"featured_media":1849,"template":"","categories":[16],"tags":[],"class_list":["post-1847","noticias","type-noticias","status-publish","has-post-thumbnail","hentry","category-educacao"],"acf":[],"yoast_head":"<!-- This site is optimized with the Yoast SEO plugin v26.2 - https:\/\/yoast.com\/wordpress\/plugins\/seo\/ -->\n<title>Bols\u00e3o Escola SESI abre inscri\u00e7\u00f5es para a comunidade - Regional Norte<\/title>\n<meta name=\"robots\" content=\"index, follow, max-snippet:-1, max-image-preview:large, max-video-preview:-1\" \/>\n<link rel=\"canonical\" href=\"https:\/\/www.fiemg.com.br\/regional-norte\/noticias\/bolsao-escola-sesi-abre-inscricoes-para-a-comunidade\/\" \/>\n<meta property=\"og:locale\" content=\"pt_BR\" \/>\n<meta property=\"og:type\" content=\"article\" \/>\n<meta property=\"og:title\" content=\"Bols\u00e3o Escola SESI abre inscri\u00e7\u00f5es para a comunidade - Regional Norte\" \/>\n<meta property=\"og:description\" content=\"O Site Montes Claros da &nbsp;Novo Nordisk \u00e9 apoiador do projeto Recriar da Escola SESI Montes Claros na oferta de&nbsp; bolsas integrais de estudos na Escola. Foram doadas 30 bolsa integrais que, duplicadas pela Escola SESI, v\u00e3o beneficiar 90 alunos de fam\u00edlias de baixa renda. Parte dessas bolsas \u00e9 destinada a dependentes de empregados do [&hellip;]\" \/>\n<meta property=\"og:url\" content=\"https:\/\/www.fiemg.com.br\/regional-norte\/noticias\/bolsao-escola-sesi-abre-inscricoes-para-a-comunidade\/\" \/>\n<meta property=\"og:site_name\" content=\"Regional Norte\" \/>\n<meta property=\"article:modified_time\" content=\"2024-02-21T18:36:08+00:00\" \/>\n<meta property=\"og:image\" content=\"https:\/\/www.fiemg.com.br\/regional-norte\/wp-content\/uploads\/sites\/17\/2024\/02\/bolsao-sesi-novo-nordisk-inscricoes.jpg\" \/>\n\t<meta property=\"og:image:width\" content=\"200\" \/>\n\t<meta property=\"og:image:height\" content=\"200\" \/>\n\t<meta property=\"og:image:type\" content=\"image\/jpeg\" \/>\n<meta name=\"twitter:card\" content=\"summary_large_image\" \/>\n<meta name=\"twitter:label1\" content=\"Est. tempo de leitura\" \/>\n\t<meta name=\"twitter:data1\" content=\"1 minuto\" \/>\n<script type=\"application\/ld+json\" class=\"yoast-schema-graph\">{\"@context\":\"https:\/\/schema.org\",\"@graph\":[{\"@type\":\"WebPage\",\"@id\":\"https:\/\/www.fiemg.com.br\/regional-norte\/noticias\/bolsao-escola-sesi-abre-inscricoes-para-a-comunidade\/\",\"url\":\"https:\/\/www.fiemg.com.br\/regional-norte\/noticias\/bolsao-escola-sesi-abre-inscricoes-para-a-comunidade\/\",\"name\":\"Bols\u00e3o Escola SESI abre inscri\u00e7\u00f5es para a comunidade - Regional Norte\",\"isPartOf\":{\"@id\":\"https:\/\/www.fiemg.com.br\/regional-norte\/#website\"},\"primaryImageOfPage\":{\"@id\":\"https:\/\/www.fiemg.com.br\/regional-norte\/noticias\/bolsao-escola-sesi-abre-inscricoes-para-a-comunidade\/#primaryimage\"},\"image\":{\"@id\":\"https:\/\/www.fiemg.com.br\/regional-norte\/noticias\/bolsao-escola-sesi-abre-inscricoes-para-a-comunidade\/#primaryimage\"},\"thumbnailUrl\":\"https:\/\/www.fiemg.com.br\/regional-norte\/wp-content\/uploads\/sites\/17\/2024\/02\/bolsao-sesi-novo-nordisk-inscricoes.jpg\",\"datePublished\":\"2024-02-21T18:33:07+00:00\",\"dateModified\":\"2024-02-21T18:36:08+00:00\",\"breadcrumb\":{\"@id\":\"https:\/\/www.fiemg.com.br\/regional-norte\/noticias\/bolsao-escola-sesi-abre-inscricoes-para-a-comunidade\/#breadcrumb\"},\"inLanguage\":\"pt-BR\",\"potentialAction\":[{\"@type\":\"ReadAction\",\"target\":[\"https:\/\/www.fiemg.com.br\/regional-norte\/noticias\/bolsao-escola-sesi-abre-inscricoes-para-a-comunidade\/\"]}]},{\"@type\":\"ImageObject\",\"inLanguage\":\"pt-BR\",\"@id\":\"https:\/\/www.fiemg.com.br\/regional-norte\/noticias\/bolsao-escola-sesi-abre-inscricoes-para-a-comunidade\/#primaryimage\",\"url\":\"https:\/\/www.fiemg.com.br\/regional-norte\/wp-content\/uploads\/sites\/17\/2024\/02\/bolsao-sesi-novo-nordisk-inscricoes.jpg\",\"contentUrl\":\"https:\/\/www.fiemg.com.br\/regional-norte\/wp-content\/uploads\/sites\/17\/2024\/02\/bolsao-sesi-novo-nordisk-inscricoes.jpg\",\"width\":200,\"height\":200},{\"@type\":\"BreadcrumbList\",\"@id\":\"https:\/\/www.fiemg.com.br\/regional-norte\/noticias\/bolsao-escola-sesi-abre-inscricoes-para-a-comunidade\/#breadcrumb\",\"itemListElement\":[{\"@type\":\"ListItem\",\"position\":1,\"name\":\"In\u00edcio\",\"item\":\"https:\/\/www.fiemg.com.br\/regional-norte\/\"},{\"@type\":\"ListItem\",\"position\":2,\"name\":\"Bols\u00e3o Escola SESI abre inscri\u00e7\u00f5es para a comunidade\"}]},{\"@type\":\"WebSite\",\"@id\":\"https:\/\/www.fiemg.com.br\/regional-norte\/#website\",\"url\":\"https:\/\/www.fiemg.com.br\/regional-norte\/\",\"name\":\"Regional Norte\",\"description\":\"Federa\u00e7\u00e3o das Ind\u00fastrias do Estado de Minas Gerais\",\"publisher\":{\"@id\":\"https:\/\/www.fiemg.com.br\/regional-norte\/#organization\"},\"potentialAction\":[{\"@type\":\"SearchAction\",\"target\":{\"@type\":\"EntryPoint\",\"urlTemplate\":\"https:\/\/www.fiemg.com.br\/regional-norte\/?s={search_term_string}\"},\"query-input\":{\"@type\":\"PropertyValueSpecification\",\"valueRequired\":true,\"valueName\":\"search_term_string\"}}],\"inLanguage\":\"pt-BR\"},{\"@type\":\"Organization\",\"@id\":\"https:\/\/www.fiemg.com.br\/regional-norte\/#organization\",\"name\":\"Regional Norte\",\"url\":\"https:\/\/www.fiemg.com.br\/regional-norte\/\",\"logo\":{\"@type\":\"ImageObject\",\"inLanguage\":\"pt-BR\",\"@id\":\"https:\/\/www.fiemg.com.br\/regional-norte\/#\/schema\/logo\/image\/\",\"url\":\"https:\/\/www.fiemg.com.br\/regional-norte\/wp-content\/uploads\/sites\/17\/2023\/02\/Ativo-1.png\",\"contentUrl\":\"https:\/\/www.fiemg.com.br\/regional-norte\/wp-content\/uploads\/sites\/17\/2023\/02\/Ativo-1.png\",\"width\":563,\"height\":149,\"caption\":\"Regional Norte\"},\"image\":{\"@id\":\"https:\/\/www.fiemg.com.br\/regional-norte\/#\/schema\/logo\/image\/\"}}]}<\/script>\n<!-- \/ Yoast SEO plugin. -->","yoast_head_json":{"title":"Bols\u00e3o Escola SESI abre inscri\u00e7\u00f5es para a comunidade - Regional Norte","robots":{"index":"index","follow":"follow","max-snippet":"max-snippet:-1","max-image-preview":"max-image-preview:large","max-video-preview":"max-video-preview:-1"},"canonical":"https:\/\/www.fiemg.com.br\/regional-norte\/noticias\/bolsao-escola-sesi-abre-inscricoes-para-a-comunidade\/","og_locale":"pt_BR","og_type":"article","og_title":"Bols\u00e3o Escola SESI abre inscri\u00e7\u00f5es para a comunidade - Regional Norte","og_description":"O Site Montes Claros da &nbsp;Novo Nordisk \u00e9 apoiador do projeto Recriar da Escola SESI Montes Claros na oferta de&nbsp; bolsas integrais de estudos na Escola. Foram doadas 30 bolsa integrais que, duplicadas pela Escola SESI, v\u00e3o beneficiar 90 alunos de fam\u00edlias de baixa renda. Parte dessas bolsas \u00e9 destinada a dependentes de empregados do [&hellip;]","og_url":"https:\/\/www.fiemg.com.br\/regional-norte\/noticias\/bolsao-escola-sesi-abre-inscricoes-para-a-comunidade\/","og_site_name":"Regional Norte","article_modified_time":"2024-02-21T18:36:08+00:00","og_image":[{"width":200,"height":200,"url":"https:\/\/www.fiemg.com.br\/regional-norte\/wp-content\/uploads\/sites\/17\/2024\/02\/bolsao-sesi-novo-nordisk-inscricoes.jpg","type":"image\/jpeg"}],"twitter_card":"summary_large_image","twitter_misc":{"Est. tempo de leitura":"1 minuto"},"schema":{"@context":"https:\/\/schema.org","@graph":[{"@type":"WebPage","@id":"https:\/\/www.fiemg.com.br\/regional-norte\/noticias\/bolsao-escola-sesi-abre-inscricoes-para-a-comunidade\/","url":"https:\/\/www.fiemg.com.br\/regional-norte\/noticias\/bolsao-escola-sesi-abre-inscricoes-para-a-comunidade\/","name":"Bols\u00e3o Escola SESI abre inscri\u00e7\u00f5es para a comunidade - Regional Norte","isPartOf":{"@id":"https:\/\/www.fiemg.com.br\/regional-norte\/#website"},"primaryImageOfPage":{"@id":"https:\/\/www.fiemg.com.br\/regional-norte\/noticias\/bolsao-escola-sesi-abre-inscricoes-para-a-comunidade\/#primaryimage"},"image":{"@id":"https:\/\/www.fiemg.com.br\/regional-norte\/noticias\/bolsao-escola-sesi-abre-inscricoes-para-a-comunidade\/#primaryimage"},"thumbnailUrl":"https:\/\/www.fiemg.com.br\/regional-norte\/wp-content\/uploads\/sites\/17\/2024\/02\/bolsao-sesi-novo-nordisk-inscricoes.jpg","datePublished":"2024-02-21T18:33:07+00:00","dateModified":"2024-02-21T18:36:08+00:00","breadcrumb":{"@id":"https:\/\/www.fiemg.com.br\/regional-norte\/noticias\/bolsao-escola-sesi-abre-inscricoes-para-a-comunidade\/#breadcrumb"},"inLanguage":"pt-BR","potentialAction":[{"@type":"ReadAction","target":["https:\/\/www.fiemg.com.br\/regional-norte\/noticias\/bolsao-escola-sesi-abre-inscricoes-para-a-comunidade\/"]}]},{"@type":"ImageObject","inLanguage":"pt-BR","@id":"https:\/\/www.fiemg.com.br\/regional-norte\/noticias\/bolsao-escola-sesi-abre-inscricoes-para-a-comunidade\/#primaryimage","url":"https:\/\/www.fiemg.com.br\/regional-norte\/wp-content\/uploads\/sites\/17\/2024\/02\/bolsao-sesi-novo-nordisk-inscricoes.jpg","contentUrl":"https:\/\/www.fiemg.com.br\/regional-norte\/wp-content\/uploads\/sites\/17\/2024\/02\/bolsao-sesi-novo-nordisk-inscricoes.jpg","width":200,"height":200},{"@type":"BreadcrumbList","@id":"https:\/\/www.fiemg.com.br\/regional-norte\/noticias\/bolsao-escola-sesi-abre-inscricoes-para-a-comunidade\/#breadcrumb","itemListElement":[{"@type":"ListItem","position":1,"name":"In\u00edcio","item":"https:\/\/www.fiemg.com.br\/regional-norte\/"},{"@type":"ListItem","position":2,"name":"Bols\u00e3o Escola SESI abre inscri\u00e7\u00f5es para a comunidade"}]},{"@type":"WebSite","@id":"https:\/\/www.fiemg.com.br\/regional-norte\/#website","url":"https:\/\/www.fiemg.com.br\/regional-norte\/","name":"Regional Norte","description":"Federa\u00e7\u00e3o das Ind\u00fastrias do Estado de Minas Gerais","publisher":{"@id":"https:\/\/www.fiemg.com.br\/regional-norte\/#organization"},"potentialAction":[{"@type":"SearchAction","target":{"@type":"EntryPoint","urlTemplate":"https:\/\/www.fiemg.com.br\/regional-norte\/?s={search_term_string}"},"query-input":{"@type":"PropertyValueSpecification","valueRequired":true,"valueName":"search_term_string"}}],"inLanguage":"pt-BR"},{"@type":"Organization","@id":"https:\/\/www.fiemg.com.br\/regional-norte\/#organization","name":"Regional Norte","url":"https:\/\/www.fiemg.com.br\/regional-norte\/","logo":{"@type":"ImageObject","inLanguage":"pt-BR","@id":"https:\/\/www.fiemg.com.br\/regional-norte\/#\/schema\/logo\/image\/","url":"https:\/\/www.fiemg.com.br\/regional-norte\/wp-content\/uploads\/sites\/17\/2023\/02\/Ativo-1.png","contentUrl":"https:\/\/www.fiemg.com.br\/regional-norte\/wp-content\/uploads\/sites\/17\/2023\/02\/Ativo-1.png","width":563,"height":149,"caption":"Regional Norte"},"image":{"@id":"https:\/\/www.fiemg.com.br\/regional-norte\/#\/schema\/logo\/image\/"}}]}},"_links":{"self":[{"href":"https:\/\/www.fiemg.com.br\/regional-norte\/wp-json\/wp\/v2\/noticias\/1847","targetHints":{"allow":["GET"]}}],"collection":[{"href":"https:\/\/www.fiemg.com.br\/regional-norte\/wp-json\/wp\/v2\/noticias"}],"about":[{"href":"https:\/\/www.fiemg.com.br\/regional-norte\/wp-json\/wp\/v2\/types\/noticias"}],"wp:featuredmedia":[{"embeddable":true,"href":"https:\/\/www.fiemg.com.br\/regional-norte\/wp-json\/wp\/v2\/media\/1849"}],"wp:attachment":[{"href":"https:\/\/www.fiemg.com.br\/regional-norte\/wp-json\/wp\/v2\/media?parent=1847"}],"wp:term":[{"taxonomy":"category","embeddable":true,"href":"https:\/\/www.fiemg.com.br\/regional-norte\/wp-json\/wp\/v2\/categories?post=1847"},{"taxonomy":"post_tag","embeddable":true,"href":"https:\/\/www.fiemg.com.br\/regional-norte\/wp-json\/wp\/v2\/tags?post=1847"}],"curies":[{"name":"wp","href":"https:\/\/api.w.org\/{rel}","templated":true}]}}