{"id":2089,"date":"2024-08-01T16:09:46","date_gmt":"2024-08-01T19:09:46","guid":{"rendered":"https:\/\/www.fiemg.com.br\/regional-norte\/?post_type=noticias&#038;p=2089"},"modified":"2024-08-01T16:55:22","modified_gmt":"2024-08-01T19:55:22","slug":"workshop-prepara-empresas-e-prestadores-de-servico-para-o-conexao-industrial-norte-de-minas","status":"publish","type":"noticias","link":"https:\/\/www.fiemg.com.br\/regional-norte\/noticias\/workshop-prepara-empresas-e-prestadores-de-servico-para-o-conexao-industrial-norte-de-minas\/","title":{"rendered":"Workshop prepara empresas e prestadores de servi\u00e7o para o Conex\u00e3o Industrial Norte de Minas"},"content":{"rendered":"\n<p>O Sindicato Intermunicipal das Ind\u00fastrias Metal\u00fargicas, Mec\u00e2nicas, de Material El\u00e9trico, Eletr\u00f4nico e Similares do Norte de Minas (SIMETRON-Norte), e a Regional Norte da FIEMG, promoveram na ter\u00e7a-feira (30\/07) e na quinta (31\/07) o Conecta Workshop, primeiro passo para a \u201cFeira Conex\u00e3o Industrial do Norte de Minas\u201d, que ser\u00e1 realizada no dia 08 de agosto de 2024, no Centro de Eventos do Parque de Exposi\u00e7\u00e3o Jo\u00e3o Alencar Athayde.<\/p>\n\n\n\n<p>O Conecta Workshop teve o objetivo de preparar as empresas e prestadores de servi\u00e7o inscritos para participar do grande evento que os colocar\u00e1, frente a frente, com representantes das grandes ind\u00fastrias e com oportunidades de realizar bons neg\u00f3cios.<\/p>\n\n\n\n<p>Mais de 50 representantes de empresas e prestadoras de servi\u00e7o estiveram presentes, tirando d\u00favidas, conhecendo mais da din\u00e2mica do evento do dia 8 e alinhando expectativas, al\u00e9m de receberam ainda instru\u00e7\u00f5es e t\u00e9cnicas para terem mais efici\u00eancia na abordagem e oferta de seus produtos, no momento da rodada de neg\u00f3cios com as ind\u00fastrias. Eles foram orientados pelos consultores, Jainy Cordeiro e Phelipe C\u00e9zar, especialistas em consultorias empresariais, contratados pelo IEL (Instituto Euvaldo Lod), por meio do programa FIEMG Competitiva.<\/p>\n\n\n\n<p><strong>Conex\u00e3o Industrial<\/strong><\/p>\n\n\n\n<p>A Feira foi concebida para fortalecer a intera\u00e7\u00e3o B2B (business to business), entre empresas do setor industrial de Montes Claros e do Norte de Minas. Ser\u00e1 um dia inteiro de muito networking pain\u00e9is de apresenta\u00e7\u00e3o de demandas, exposi\u00e7\u00f5es de produtos\/servi\u00e7os e rodada de solu\u00e7\u00f5es financeiras e de neg\u00f3cios. \u00c9 uma oportunidade para que as empresas conhe\u00e7am o trabalho umas das outras e fa\u00e7am neg\u00f3cios futuros.<\/p>\n","protected":false},"featured_media":2091,"template":"","categories":[15],"tags":[],"class_list":["post-2089","noticias","type-noticias","status-publish","has-post-thumbnail","hentry","category-desenvolvimento-industrial"],"acf":[],"yoast_head":"<!-- This site is optimized with the Yoast SEO plugin v26.2 - https:\/\/yoast.com\/wordpress\/plugins\/seo\/ -->\n<title>Workshop prepara empresas e prestadores de servi\u00e7o para o Conex\u00e3o Industrial Norte de Minas - Regional Norte<\/title>\n<meta name=\"robots\" content=\"index, follow, max-snippet:-1, max-image-preview:large, max-video-preview:-1\" \/>\n<link rel=\"canonical\" href=\"https:\/\/www.fiemg.com.br\/regional-norte\/noticias\/workshop-prepara-empresas-e-prestadores-de-servico-para-o-conexao-industrial-norte-de-minas\/\" \/>\n<meta property=\"og:locale\" content=\"pt_BR\" \/>\n<meta property=\"og:type\" content=\"article\" \/>\n<meta property=\"og:title\" content=\"Workshop prepara empresas e prestadores de servi\u00e7o para o Conex\u00e3o Industrial Norte de Minas - Regional Norte\" \/>\n<meta property=\"og:description\" content=\"O Sindicato Intermunicipal das Ind\u00fastrias Metal\u00fargicas, Mec\u00e2nicas, de Material El\u00e9trico, Eletr\u00f4nico e Similares do Norte de Minas (SIMETRON-Norte), e a Regional Norte da FIEMG, promoveram na ter\u00e7a-feira (30\/07) e na quinta (31\/07) o Conecta Workshop, primeiro passo para a \u201cFeira Conex\u00e3o Industrial do Norte de Minas\u201d, que ser\u00e1 realizada no dia 08 de agosto de [&hellip;]\" \/>\n<meta property=\"og:url\" content=\"https:\/\/www.fiemg.com.br\/regional-norte\/noticias\/workshop-prepara-empresas-e-prestadores-de-servico-para-o-conexao-industrial-norte-de-minas\/\" \/>\n<meta property=\"og:site_name\" content=\"Regional Norte\" \/>\n<meta property=\"article:modified_time\" content=\"2024-08-01T19:55:22+00:00\" \/>\n<meta property=\"og:image\" content=\"https:\/\/www.fiemg.com.br\/regional-norte\/wp-content\/uploads\/sites\/17\/2024\/08\/Thumb-Noticia-1.jpg\" \/>\n\t<meta property=\"og:image:width\" content=\"512\" \/>\n\t<meta property=\"og:image:height\" content=\"512\" \/>\n\t<meta property=\"og:image:type\" content=\"image\/jpeg\" \/>\n<meta name=\"twitter:card\" content=\"summary_large_image\" \/>\n<meta name=\"twitter:label1\" content=\"Est. tempo de leitura\" \/>\n\t<meta name=\"twitter:data1\" content=\"2 minutos\" \/>\n<script type=\"application\/ld+json\" class=\"yoast-schema-graph\">{\"@context\":\"https:\/\/schema.org\",\"@graph\":[{\"@type\":\"WebPage\",\"@id\":\"https:\/\/www.fiemg.com.br\/regional-norte\/noticias\/workshop-prepara-empresas-e-prestadores-de-servico-para-o-conexao-industrial-norte-de-minas\/\",\"url\":\"https:\/\/www.fiemg.com.br\/regional-norte\/noticias\/workshop-prepara-empresas-e-prestadores-de-servico-para-o-conexao-industrial-norte-de-minas\/\",\"name\":\"Workshop prepara empresas e prestadores de servi\u00e7o para o Conex\u00e3o Industrial Norte de Minas - Regional Norte\",\"isPartOf\":{\"@id\":\"https:\/\/www.fiemg.com.br\/regional-norte\/#website\"},\"primaryImageOfPage\":{\"@id\":\"https:\/\/www.fiemg.com.br\/regional-norte\/noticias\/workshop-prepara-empresas-e-prestadores-de-servico-para-o-conexao-industrial-norte-de-minas\/#primaryimage\"},\"image\":{\"@id\":\"https:\/\/www.fiemg.com.br\/regional-norte\/noticias\/workshop-prepara-empresas-e-prestadores-de-servico-para-o-conexao-industrial-norte-de-minas\/#primaryimage\"},\"thumbnailUrl\":\"https:\/\/www.fiemg.com.br\/regional-norte\/wp-content\/uploads\/sites\/17\/2024\/08\/Thumb-Noticia-1.jpg\",\"datePublished\":\"2024-08-01T19:09:46+00:00\",\"dateModified\":\"2024-08-01T19:55:22+00:00\",\"breadcrumb\":{\"@id\":\"https:\/\/www.fiemg.com.br\/regional-norte\/noticias\/workshop-prepara-empresas-e-prestadores-de-servico-para-o-conexao-industrial-norte-de-minas\/#breadcrumb\"},\"inLanguage\":\"pt-BR\",\"potentialAction\":[{\"@type\":\"ReadAction\",\"target\":[\"https:\/\/www.fiemg.com.br\/regional-norte\/noticias\/workshop-prepara-empresas-e-prestadores-de-servico-para-o-conexao-industrial-norte-de-minas\/\"]}]},{\"@type\":\"ImageObject\",\"inLanguage\":\"pt-BR\",\"@id\":\"https:\/\/www.fiemg.com.br\/regional-norte\/noticias\/workshop-prepara-empresas-e-prestadores-de-servico-para-o-conexao-industrial-norte-de-minas\/#primaryimage\",\"url\":\"https:\/\/www.fiemg.com.br\/regional-norte\/wp-content\/uploads\/sites\/17\/2024\/08\/Thumb-Noticia-1.jpg\",\"contentUrl\":\"https:\/\/www.fiemg.com.br\/regional-norte\/wp-content\/uploads\/sites\/17\/2024\/08\/Thumb-Noticia-1.jpg\",\"width\":512,\"height\":512},{\"@type\":\"BreadcrumbList\",\"@id\":\"https:\/\/www.fiemg.com.br\/regional-norte\/noticias\/workshop-prepara-empresas-e-prestadores-de-servico-para-o-conexao-industrial-norte-de-minas\/#breadcrumb\",\"itemListElement\":[{\"@type\":\"ListItem\",\"position\":1,\"name\":\"In\u00edcio\",\"item\":\"https:\/\/www.fiemg.com.br\/regional-norte\/\"},{\"@type\":\"ListItem\",\"position\":2,\"name\":\"Workshop prepara empresas e prestadores de servi\u00e7o para o Conex\u00e3o Industrial Norte de Minas\"}]},{\"@type\":\"WebSite\",\"@id\":\"https:\/\/www.fiemg.com.br\/regional-norte\/#website\",\"url\":\"https:\/\/www.fiemg.com.br\/regional-norte\/\",\"name\":\"Regional Norte\",\"description\":\"Federa\u00e7\u00e3o das Ind\u00fastrias do Estado de Minas Gerais\",\"publisher\":{\"@id\":\"https:\/\/www.fiemg.com.br\/regional-norte\/#organization\"},\"potentialAction\":[{\"@type\":\"SearchAction\",\"target\":{\"@type\":\"EntryPoint\",\"urlTemplate\":\"https:\/\/www.fiemg.com.br\/regional-norte\/?s={search_term_string}\"},\"query-input\":{\"@type\":\"PropertyValueSpecification\",\"valueRequired\":true,\"valueName\":\"search_term_string\"}}],\"inLanguage\":\"pt-BR\"},{\"@type\":\"Organization\",\"@id\":\"https:\/\/www.fiemg.com.br\/regional-norte\/#organization\",\"name\":\"Regional Norte\",\"url\":\"https:\/\/www.fiemg.com.br\/regional-norte\/\",\"logo\":{\"@type\":\"ImageObject\",\"inLanguage\":\"pt-BR\",\"@id\":\"https:\/\/www.fiemg.com.br\/regional-norte\/#\/schema\/logo\/image\/\",\"url\":\"https:\/\/www.fiemg.com.br\/regional-norte\/wp-content\/uploads\/sites\/17\/2023\/02\/Ativo-1.png\",\"contentUrl\":\"https:\/\/www.fiemg.com.br\/regional-norte\/wp-content\/uploads\/sites\/17\/2023\/02\/Ativo-1.png\",\"width\":563,\"height\":149,\"caption\":\"Regional Norte\"},\"image\":{\"@id\":\"https:\/\/www.fiemg.com.br\/regional-norte\/#\/schema\/logo\/image\/\"}}]}<\/script>\n<!-- \/ Yoast SEO plugin. -->","yoast_head_json":{"title":"Workshop prepara empresas e prestadores de servi\u00e7o para o Conex\u00e3o Industrial Norte de Minas - Regional Norte","robots":{"index":"index","follow":"follow","max-snippet":"max-snippet:-1","max-image-preview":"max-image-preview:large","max-video-preview":"max-video-preview:-1"},"canonical":"https:\/\/www.fiemg.com.br\/regional-norte\/noticias\/workshop-prepara-empresas-e-prestadores-de-servico-para-o-conexao-industrial-norte-de-minas\/","og_locale":"pt_BR","og_type":"article","og_title":"Workshop prepara empresas e prestadores de servi\u00e7o para o Conex\u00e3o Industrial Norte de Minas - Regional Norte","og_description":"O Sindicato Intermunicipal das Ind\u00fastrias Metal\u00fargicas, Mec\u00e2nicas, de Material El\u00e9trico, Eletr\u00f4nico e Similares do Norte de Minas (SIMETRON-Norte), e a Regional Norte da FIEMG, promoveram na ter\u00e7a-feira (30\/07) e na quinta (31\/07) o Conecta Workshop, primeiro passo para a \u201cFeira Conex\u00e3o Industrial do Norte de Minas\u201d, que ser\u00e1 realizada no dia 08 de agosto de [&hellip;]","og_url":"https:\/\/www.fiemg.com.br\/regional-norte\/noticias\/workshop-prepara-empresas-e-prestadores-de-servico-para-o-conexao-industrial-norte-de-minas\/","og_site_name":"Regional Norte","article_modified_time":"2024-08-01T19:55:22+00:00","og_image":[{"width":512,"height":512,"url":"https:\/\/www.fiemg.com.br\/regional-norte\/wp-content\/uploads\/sites\/17\/2024\/08\/Thumb-Noticia-1.jpg","type":"image\/jpeg"}],"twitter_card":"summary_large_image","twitter_misc":{"Est. tempo de leitura":"2 minutos"},"schema":{"@context":"https:\/\/schema.org","@graph":[{"@type":"WebPage","@id":"https:\/\/www.fiemg.com.br\/regional-norte\/noticias\/workshop-prepara-empresas-e-prestadores-de-servico-para-o-conexao-industrial-norte-de-minas\/","url":"https:\/\/www.fiemg.com.br\/regional-norte\/noticias\/workshop-prepara-empresas-e-prestadores-de-servico-para-o-conexao-industrial-norte-de-minas\/","name":"Workshop prepara empresas e prestadores de servi\u00e7o para o Conex\u00e3o Industrial Norte de Minas - Regional Norte","isPartOf":{"@id":"https:\/\/www.fiemg.com.br\/regional-norte\/#website"},"primaryImageOfPage":{"@id":"https:\/\/www.fiemg.com.br\/regional-norte\/noticias\/workshop-prepara-empresas-e-prestadores-de-servico-para-o-conexao-industrial-norte-de-minas\/#primaryimage"},"image":{"@id":"https:\/\/www.fiemg.com.br\/regional-norte\/noticias\/workshop-prepara-empresas-e-prestadores-de-servico-para-o-conexao-industrial-norte-de-minas\/#primaryimage"},"thumbnailUrl":"https:\/\/www.fiemg.com.br\/regional-norte\/wp-content\/uploads\/sites\/17\/2024\/08\/Thumb-Noticia-1.jpg","datePublished":"2024-08-01T19:09:46+00:00","dateModified":"2024-08-01T19:55:22+00:00","breadcrumb":{"@id":"https:\/\/www.fiemg.com.br\/regional-norte\/noticias\/workshop-prepara-empresas-e-prestadores-de-servico-para-o-conexao-industrial-norte-de-minas\/#breadcrumb"},"inLanguage":"pt-BR","potentialAction":[{"@type":"ReadAction","target":["https:\/\/www.fiemg.com.br\/regional-norte\/noticias\/workshop-prepara-empresas-e-prestadores-de-servico-para-o-conexao-industrial-norte-de-minas\/"]}]},{"@type":"ImageObject","inLanguage":"pt-BR","@id":"https:\/\/www.fiemg.com.br\/regional-norte\/noticias\/workshop-prepara-empresas-e-prestadores-de-servico-para-o-conexao-industrial-norte-de-minas\/#primaryimage","url":"https:\/\/www.fiemg.com.br\/regional-norte\/wp-content\/uploads\/sites\/17\/2024\/08\/Thumb-Noticia-1.jpg","contentUrl":"https:\/\/www.fiemg.com.br\/regional-norte\/wp-content\/uploads\/sites\/17\/2024\/08\/Thumb-Noticia-1.jpg","width":512,"height":512},{"@type":"BreadcrumbList","@id":"https:\/\/www.fiemg.com.br\/regional-norte\/noticias\/workshop-prepara-empresas-e-prestadores-de-servico-para-o-conexao-industrial-norte-de-minas\/#breadcrumb","itemListElement":[{"@type":"ListItem","position":1,"name":"In\u00edcio","item":"https:\/\/www.fiemg.com.br\/regional-norte\/"},{"@type":"ListItem","position":2,"name":"Workshop prepara empresas e prestadores de servi\u00e7o para o Conex\u00e3o Industrial Norte de Minas"}]},{"@type":"WebSite","@id":"https:\/\/www.fiemg.com.br\/regional-norte\/#website","url":"https:\/\/www.fiemg.com.br\/regional-norte\/","name":"Regional Norte","description":"Federa\u00e7\u00e3o das Ind\u00fastrias do Estado de Minas Gerais","publisher":{"@id":"https:\/\/www.fiemg.com.br\/regional-norte\/#organization"},"potentialAction":[{"@type":"SearchAction","target":{"@type":"EntryPoint","urlTemplate":"https:\/\/www.fiemg.com.br\/regional-norte\/?s={search_term_string}"},"query-input":{"@type":"PropertyValueSpecification","valueRequired":true,"valueName":"search_term_string"}}],"inLanguage":"pt-BR"},{"@type":"Organization","@id":"https:\/\/www.fiemg.com.br\/regional-norte\/#organization","name":"Regional Norte","url":"https:\/\/www.fiemg.com.br\/regional-norte\/","logo":{"@type":"ImageObject","inLanguage":"pt-BR","@id":"https:\/\/www.fiemg.com.br\/regional-norte\/#\/schema\/logo\/image\/","url":"https:\/\/www.fiemg.com.br\/regional-norte\/wp-content\/uploads\/sites\/17\/2023\/02\/Ativo-1.png","contentUrl":"https:\/\/www.fiemg.com.br\/regional-norte\/wp-content\/uploads\/sites\/17\/2023\/02\/Ativo-1.png","width":563,"height":149,"caption":"Regional Norte"},"image":{"@id":"https:\/\/www.fiemg.com.br\/regional-norte\/#\/schema\/logo\/image\/"}}]}},"_links":{"self":[{"href":"https:\/\/www.fiemg.com.br\/regional-norte\/wp-json\/wp\/v2\/noticias\/2089","targetHints":{"allow":["GET"]}}],"collection":[{"href":"https:\/\/www.fiemg.com.br\/regional-norte\/wp-json\/wp\/v2\/noticias"}],"about":[{"href":"https:\/\/www.fiemg.com.br\/regional-norte\/wp-json\/wp\/v2\/types\/noticias"}],"wp:featuredmedia":[{"embeddable":true,"href":"https:\/\/www.fiemg.com.br\/regional-norte\/wp-json\/wp\/v2\/media\/2091"}],"wp:attachment":[{"href":"https:\/\/www.fiemg.com.br\/regional-norte\/wp-json\/wp\/v2\/media?parent=2089"}],"wp:term":[{"taxonomy":"category","embeddable":true,"href":"https:\/\/www.fiemg.com.br\/regional-norte\/wp-json\/wp\/v2\/categories?post=2089"},{"taxonomy":"post_tag","embeddable":true,"href":"https:\/\/www.fiemg.com.br\/regional-norte\/wp-json\/wp\/v2\/tags?post=2089"}],"curies":[{"name":"wp","href":"https:\/\/api.w.org\/{rel}","templated":true}]}}