{"id":2159,"date":"2024-08-16T15:40:49","date_gmt":"2024-08-16T18:40:49","guid":{"rendered":"https:\/\/www.fiemg.com.br\/regional-norte\/?post_type=noticias&#038;p=2159"},"modified":"2024-08-19T09:44:14","modified_gmt":"2024-08-19T12:44:14","slug":"presidente-da-regional-norte-da-fiemg-se-reune-com-o-comando-operacional-dos-bombeiros","status":"publish","type":"noticias","link":"https:\/\/www.fiemg.com.br\/regional-norte\/noticias\/presidente-da-regional-norte-da-fiemg-se-reune-com-o-comando-operacional-dos-bombeiros\/","title":{"rendered":"Presidente da Regional Norte da FIEMG se re\u00fane com o Comando Operacional dos Bombeiros"},"content":{"rendered":"\n<p>O vice-presidente da <strong>FIEMG Regional Norte<\/strong>, Adauto Marques Batista, esteve reunido na manh\u00e3 dessa sexta-feira (16\/08) com o comando do <strong>Corpo e Bombeiros Militar de Montes Claros<\/strong>. A reuni\u00e3o foi na sede do<strong> 4\u00ba COB-Comando Operacional dos Bombeiros<\/strong>, com presen\u00e7a do Cel. BM J\u00falio C\u00e9sar Toffoli (comandante do COB), do Ten. Cel. BM Josias Soares de Freitas J\u00fanior (comandante do 7\u00ba Batalh\u00e3o de Bombeiros Militar), do Capit\u00e3o BM Faley Michel Antunes Silveira, (Comandante da 2\u00aa Companhia de Preven\u00e7\u00e3o e Vistoria do 7\u00ba BBM) e do Major BM F\u00e1bio Gon\u00e7alves Sp\u00ednola (subcomandante do 7\u00ba Batalh\u00e3o de Bombeiros Militar). Tamb\u00e9m esteve presente o <strong>vice-prefeito de Montes Claros, Guilherme Guimar\u00e3es<\/strong>.<\/p>\n\n\n\n<p>O assunto principal da reuni\u00e3o foi o refor\u00e7o na seguran\u00e7a contra inc\u00eandio no <strong>Distrito Industrial de Montes Claros<\/strong> onde est\u00e3o instaladas importantes ind\u00fastrias, notadamente as do ramo farmac\u00eautico. Adauto Marques argumentou que as ind\u00fastrias precisam de uma seguran\u00e7a forte na preven\u00e7\u00e3o de inc\u00eandios j\u00e1 que esta regi\u00e3o tem hist\u00f3rico de estiagem prolongada, o que facilita a r\u00e1pida propaga\u00e7\u00e3o do fogo em matas e lotes vagos. O dirigente empresarial garantiu que as ind\u00fastrias n\u00e3o se furtar\u00e3o em trabalhar em conjunto com o Corpo de Bombeiros visando aumentar a seguran\u00e7a contra inc\u00eandios do Distrito Industrial.<\/p>\n\n\n\n<p>O comandante do 4\u00ba COB, Cel. T\u00f3ffoli, colocou a Corpora\u00e7\u00e3o \u00e0 disposi\u00e7\u00e3o para trabalhar em conjunto para seguran\u00e7a das ind\u00fastrias e destacou a parceria que j\u00e1 existe com a administra\u00e7\u00e3o municipal. Segundo ele, \u00e9 muito importante uma parceria entre poder p\u00fablico, for\u00e7as de seguran\u00e7a e iniciativa privada para garantir a tranquilidade da popula\u00e7\u00e3o, pois o mais importante \u00e9 a preven\u00e7\u00e3o.<\/p>\n\n\n\n<p>O vice-prefeito, Guilherme Guimar\u00e3es, refor\u00e7ou a import\u00e2ncia da parceria para manter a seguran\u00e7a no munic\u00edpio e reconheceu o trabalho do Corpo de Bombeiros para manter a popula\u00e7\u00e3o de Montes Claros segura.<\/p>\n\n\n\n<p>Rosangela Silveira<\/p>\n\n\n\n<p>Imprensa FIEMG Regional Norte<\/p>\n","protected":false},"featured_media":2161,"template":"","categories":[14],"tags":[],"class_list":["post-2159","noticias","type-noticias","status-publish","has-post-thumbnail","hentry","category-noticias"],"acf":[],"yoast_head":"<!-- This site is optimized with the Yoast SEO plugin v26.2 - https:\/\/yoast.com\/wordpress\/plugins\/seo\/ -->\n<title>Presidente da Regional Norte da FIEMG se re\u00fane com o Comando Operacional dos Bombeiros - Regional Norte<\/title>\n<meta name=\"robots\" content=\"index, follow, max-snippet:-1, max-image-preview:large, max-video-preview:-1\" \/>\n<link rel=\"canonical\" href=\"https:\/\/www.fiemg.com.br\/regional-norte\/noticias\/presidente-da-regional-norte-da-fiemg-se-reune-com-o-comando-operacional-dos-bombeiros\/\" \/>\n<meta property=\"og:locale\" content=\"pt_BR\" \/>\n<meta property=\"og:type\" content=\"article\" \/>\n<meta property=\"og:title\" content=\"Presidente da Regional Norte da FIEMG se re\u00fane com o Comando Operacional dos Bombeiros - Regional Norte\" \/>\n<meta property=\"og:description\" content=\"O vice-presidente da FIEMG Regional Norte, Adauto Marques Batista, esteve reunido na manh\u00e3 dessa sexta-feira (16\/08) com o comando do Corpo e Bombeiros Militar de Montes Claros. A reuni\u00e3o foi na sede do 4\u00ba COB-Comando Operacional dos Bombeiros, com presen\u00e7a do Cel. BM J\u00falio C\u00e9sar Toffoli (comandante do COB), do Ten. Cel. BM Josias Soares [&hellip;]\" \/>\n<meta property=\"og:url\" content=\"https:\/\/www.fiemg.com.br\/regional-norte\/noticias\/presidente-da-regional-norte-da-fiemg-se-reune-com-o-comando-operacional-dos-bombeiros\/\" \/>\n<meta property=\"og:site_name\" content=\"Regional Norte\" \/>\n<meta property=\"article:modified_time\" content=\"2024-08-19T12:44:14+00:00\" \/>\n<meta property=\"og:image\" content=\"https:\/\/www.fiemg.com.br\/regional-norte\/wp-content\/uploads\/sites\/17\/2024\/08\/Reuniao-Bombeiros-Militar-Seguranca-Industrias.jpg\" \/>\n\t<meta property=\"og:image:width\" content=\"200\" \/>\n\t<meta property=\"og:image:height\" content=\"200\" \/>\n\t<meta property=\"og:image:type\" content=\"image\/jpeg\" \/>\n<meta name=\"twitter:card\" content=\"summary_large_image\" \/>\n<meta name=\"twitter:label1\" content=\"Est. tempo de leitura\" \/>\n\t<meta name=\"twitter:data1\" content=\"2 minutos\" \/>\n<script type=\"application\/ld+json\" class=\"yoast-schema-graph\">{\"@context\":\"https:\/\/schema.org\",\"@graph\":[{\"@type\":\"WebPage\",\"@id\":\"https:\/\/www.fiemg.com.br\/regional-norte\/noticias\/presidente-da-regional-norte-da-fiemg-se-reune-com-o-comando-operacional-dos-bombeiros\/\",\"url\":\"https:\/\/www.fiemg.com.br\/regional-norte\/noticias\/presidente-da-regional-norte-da-fiemg-se-reune-com-o-comando-operacional-dos-bombeiros\/\",\"name\":\"Presidente da Regional Norte da FIEMG se re\u00fane com o Comando Operacional dos Bombeiros - Regional Norte\",\"isPartOf\":{\"@id\":\"https:\/\/www.fiemg.com.br\/regional-norte\/#website\"},\"primaryImageOfPage\":{\"@id\":\"https:\/\/www.fiemg.com.br\/regional-norte\/noticias\/presidente-da-regional-norte-da-fiemg-se-reune-com-o-comando-operacional-dos-bombeiros\/#primaryimage\"},\"image\":{\"@id\":\"https:\/\/www.fiemg.com.br\/regional-norte\/noticias\/presidente-da-regional-norte-da-fiemg-se-reune-com-o-comando-operacional-dos-bombeiros\/#primaryimage\"},\"thumbnailUrl\":\"https:\/\/www.fiemg.com.br\/regional-norte\/wp-content\/uploads\/sites\/17\/2024\/08\/Reuniao-Bombeiros-Militar-Seguranca-Industrias.jpg\",\"datePublished\":\"2024-08-16T18:40:49+00:00\",\"dateModified\":\"2024-08-19T12:44:14+00:00\",\"breadcrumb\":{\"@id\":\"https:\/\/www.fiemg.com.br\/regional-norte\/noticias\/presidente-da-regional-norte-da-fiemg-se-reune-com-o-comando-operacional-dos-bombeiros\/#breadcrumb\"},\"inLanguage\":\"pt-BR\",\"potentialAction\":[{\"@type\":\"ReadAction\",\"target\":[\"https:\/\/www.fiemg.com.br\/regional-norte\/noticias\/presidente-da-regional-norte-da-fiemg-se-reune-com-o-comando-operacional-dos-bombeiros\/\"]}]},{\"@type\":\"ImageObject\",\"inLanguage\":\"pt-BR\",\"@id\":\"https:\/\/www.fiemg.com.br\/regional-norte\/noticias\/presidente-da-regional-norte-da-fiemg-se-reune-com-o-comando-operacional-dos-bombeiros\/#primaryimage\",\"url\":\"https:\/\/www.fiemg.com.br\/regional-norte\/wp-content\/uploads\/sites\/17\/2024\/08\/Reuniao-Bombeiros-Militar-Seguranca-Industrias.jpg\",\"contentUrl\":\"https:\/\/www.fiemg.com.br\/regional-norte\/wp-content\/uploads\/sites\/17\/2024\/08\/Reuniao-Bombeiros-Militar-Seguranca-Industrias.jpg\",\"width\":200,\"height\":200},{\"@type\":\"BreadcrumbList\",\"@id\":\"https:\/\/www.fiemg.com.br\/regional-norte\/noticias\/presidente-da-regional-norte-da-fiemg-se-reune-com-o-comando-operacional-dos-bombeiros\/#breadcrumb\",\"itemListElement\":[{\"@type\":\"ListItem\",\"position\":1,\"name\":\"In\u00edcio\",\"item\":\"https:\/\/www.fiemg.com.br\/regional-norte\/\"},{\"@type\":\"ListItem\",\"position\":2,\"name\":\"Presidente da Regional Norte da FIEMG se re\u00fane com o Comando Operacional dos Bombeiros\"}]},{\"@type\":\"WebSite\",\"@id\":\"https:\/\/www.fiemg.com.br\/regional-norte\/#website\",\"url\":\"https:\/\/www.fiemg.com.br\/regional-norte\/\",\"name\":\"Regional Norte\",\"description\":\"Federa\u00e7\u00e3o das Ind\u00fastrias do Estado de Minas Gerais\",\"publisher\":{\"@id\":\"https:\/\/www.fiemg.com.br\/regional-norte\/#organization\"},\"potentialAction\":[{\"@type\":\"SearchAction\",\"target\":{\"@type\":\"EntryPoint\",\"urlTemplate\":\"https:\/\/www.fiemg.com.br\/regional-norte\/?s={search_term_string}\"},\"query-input\":{\"@type\":\"PropertyValueSpecification\",\"valueRequired\":true,\"valueName\":\"search_term_string\"}}],\"inLanguage\":\"pt-BR\"},{\"@type\":\"Organization\",\"@id\":\"https:\/\/www.fiemg.com.br\/regional-norte\/#organization\",\"name\":\"Regional Norte\",\"url\":\"https:\/\/www.fiemg.com.br\/regional-norte\/\",\"logo\":{\"@type\":\"ImageObject\",\"inLanguage\":\"pt-BR\",\"@id\":\"https:\/\/www.fiemg.com.br\/regional-norte\/#\/schema\/logo\/image\/\",\"url\":\"https:\/\/www.fiemg.com.br\/regional-norte\/wp-content\/uploads\/sites\/17\/2023\/02\/Ativo-1.png\",\"contentUrl\":\"https:\/\/www.fiemg.com.br\/regional-norte\/wp-content\/uploads\/sites\/17\/2023\/02\/Ativo-1.png\",\"width\":563,\"height\":149,\"caption\":\"Regional Norte\"},\"image\":{\"@id\":\"https:\/\/www.fiemg.com.br\/regional-norte\/#\/schema\/logo\/image\/\"}}]}<\/script>\n<!-- \/ Yoast SEO plugin. -->","yoast_head_json":{"title":"Presidente da Regional Norte da FIEMG se re\u00fane com o Comando Operacional dos Bombeiros - Regional Norte","robots":{"index":"index","follow":"follow","max-snippet":"max-snippet:-1","max-image-preview":"max-image-preview:large","max-video-preview":"max-video-preview:-1"},"canonical":"https:\/\/www.fiemg.com.br\/regional-norte\/noticias\/presidente-da-regional-norte-da-fiemg-se-reune-com-o-comando-operacional-dos-bombeiros\/","og_locale":"pt_BR","og_type":"article","og_title":"Presidente da Regional Norte da FIEMG se re\u00fane com o Comando Operacional dos Bombeiros - Regional Norte","og_description":"O vice-presidente da FIEMG Regional Norte, Adauto Marques Batista, esteve reunido na manh\u00e3 dessa sexta-feira (16\/08) com o comando do Corpo e Bombeiros Militar de Montes Claros. A reuni\u00e3o foi na sede do 4\u00ba COB-Comando Operacional dos Bombeiros, com presen\u00e7a do Cel. BM J\u00falio C\u00e9sar Toffoli (comandante do COB), do Ten. Cel. BM Josias Soares [&hellip;]","og_url":"https:\/\/www.fiemg.com.br\/regional-norte\/noticias\/presidente-da-regional-norte-da-fiemg-se-reune-com-o-comando-operacional-dos-bombeiros\/","og_site_name":"Regional Norte","article_modified_time":"2024-08-19T12:44:14+00:00","og_image":[{"width":200,"height":200,"url":"https:\/\/www.fiemg.com.br\/regional-norte\/wp-content\/uploads\/sites\/17\/2024\/08\/Reuniao-Bombeiros-Militar-Seguranca-Industrias.jpg","type":"image\/jpeg"}],"twitter_card":"summary_large_image","twitter_misc":{"Est. tempo de leitura":"2 minutos"},"schema":{"@context":"https:\/\/schema.org","@graph":[{"@type":"WebPage","@id":"https:\/\/www.fiemg.com.br\/regional-norte\/noticias\/presidente-da-regional-norte-da-fiemg-se-reune-com-o-comando-operacional-dos-bombeiros\/","url":"https:\/\/www.fiemg.com.br\/regional-norte\/noticias\/presidente-da-regional-norte-da-fiemg-se-reune-com-o-comando-operacional-dos-bombeiros\/","name":"Presidente da Regional Norte da FIEMG se re\u00fane com o Comando Operacional dos Bombeiros - Regional Norte","isPartOf":{"@id":"https:\/\/www.fiemg.com.br\/regional-norte\/#website"},"primaryImageOfPage":{"@id":"https:\/\/www.fiemg.com.br\/regional-norte\/noticias\/presidente-da-regional-norte-da-fiemg-se-reune-com-o-comando-operacional-dos-bombeiros\/#primaryimage"},"image":{"@id":"https:\/\/www.fiemg.com.br\/regional-norte\/noticias\/presidente-da-regional-norte-da-fiemg-se-reune-com-o-comando-operacional-dos-bombeiros\/#primaryimage"},"thumbnailUrl":"https:\/\/www.fiemg.com.br\/regional-norte\/wp-content\/uploads\/sites\/17\/2024\/08\/Reuniao-Bombeiros-Militar-Seguranca-Industrias.jpg","datePublished":"2024-08-16T18:40:49+00:00","dateModified":"2024-08-19T12:44:14+00:00","breadcrumb":{"@id":"https:\/\/www.fiemg.com.br\/regional-norte\/noticias\/presidente-da-regional-norte-da-fiemg-se-reune-com-o-comando-operacional-dos-bombeiros\/#breadcrumb"},"inLanguage":"pt-BR","potentialAction":[{"@type":"ReadAction","target":["https:\/\/www.fiemg.com.br\/regional-norte\/noticias\/presidente-da-regional-norte-da-fiemg-se-reune-com-o-comando-operacional-dos-bombeiros\/"]}]},{"@type":"ImageObject","inLanguage":"pt-BR","@id":"https:\/\/www.fiemg.com.br\/regional-norte\/noticias\/presidente-da-regional-norte-da-fiemg-se-reune-com-o-comando-operacional-dos-bombeiros\/#primaryimage","url":"https:\/\/www.fiemg.com.br\/regional-norte\/wp-content\/uploads\/sites\/17\/2024\/08\/Reuniao-Bombeiros-Militar-Seguranca-Industrias.jpg","contentUrl":"https:\/\/www.fiemg.com.br\/regional-norte\/wp-content\/uploads\/sites\/17\/2024\/08\/Reuniao-Bombeiros-Militar-Seguranca-Industrias.jpg","width":200,"height":200},{"@type":"BreadcrumbList","@id":"https:\/\/www.fiemg.com.br\/regional-norte\/noticias\/presidente-da-regional-norte-da-fiemg-se-reune-com-o-comando-operacional-dos-bombeiros\/#breadcrumb","itemListElement":[{"@type":"ListItem","position":1,"name":"In\u00edcio","item":"https:\/\/www.fiemg.com.br\/regional-norte\/"},{"@type":"ListItem","position":2,"name":"Presidente da Regional Norte da FIEMG se re\u00fane com o Comando Operacional dos Bombeiros"}]},{"@type":"WebSite","@id":"https:\/\/www.fiemg.com.br\/regional-norte\/#website","url":"https:\/\/www.fiemg.com.br\/regional-norte\/","name":"Regional Norte","description":"Federa\u00e7\u00e3o das Ind\u00fastrias do Estado de Minas Gerais","publisher":{"@id":"https:\/\/www.fiemg.com.br\/regional-norte\/#organization"},"potentialAction":[{"@type":"SearchAction","target":{"@type":"EntryPoint","urlTemplate":"https:\/\/www.fiemg.com.br\/regional-norte\/?s={search_term_string}"},"query-input":{"@type":"PropertyValueSpecification","valueRequired":true,"valueName":"search_term_string"}}],"inLanguage":"pt-BR"},{"@type":"Organization","@id":"https:\/\/www.fiemg.com.br\/regional-norte\/#organization","name":"Regional Norte","url":"https:\/\/www.fiemg.com.br\/regional-norte\/","logo":{"@type":"ImageObject","inLanguage":"pt-BR","@id":"https:\/\/www.fiemg.com.br\/regional-norte\/#\/schema\/logo\/image\/","url":"https:\/\/www.fiemg.com.br\/regional-norte\/wp-content\/uploads\/sites\/17\/2023\/02\/Ativo-1.png","contentUrl":"https:\/\/www.fiemg.com.br\/regional-norte\/wp-content\/uploads\/sites\/17\/2023\/02\/Ativo-1.png","width":563,"height":149,"caption":"Regional Norte"},"image":{"@id":"https:\/\/www.fiemg.com.br\/regional-norte\/#\/schema\/logo\/image\/"}}]}},"_links":{"self":[{"href":"https:\/\/www.fiemg.com.br\/regional-norte\/wp-json\/wp\/v2\/noticias\/2159","targetHints":{"allow":["GET"]}}],"collection":[{"href":"https:\/\/www.fiemg.com.br\/regional-norte\/wp-json\/wp\/v2\/noticias"}],"about":[{"href":"https:\/\/www.fiemg.com.br\/regional-norte\/wp-json\/wp\/v2\/types\/noticias"}],"wp:featuredmedia":[{"embeddable":true,"href":"https:\/\/www.fiemg.com.br\/regional-norte\/wp-json\/wp\/v2\/media\/2161"}],"wp:attachment":[{"href":"https:\/\/www.fiemg.com.br\/regional-norte\/wp-json\/wp\/v2\/media?parent=2159"}],"wp:term":[{"taxonomy":"category","embeddable":true,"href":"https:\/\/www.fiemg.com.br\/regional-norte\/wp-json\/wp\/v2\/categories?post=2159"},{"taxonomy":"post_tag","embeddable":true,"href":"https:\/\/www.fiemg.com.br\/regional-norte\/wp-json\/wp\/v2\/tags?post=2159"}],"curies":[{"name":"wp","href":"https:\/\/api.w.org\/{rel}","templated":true}]}}