{"id":2235,"date":"2024-10-08T09:39:57","date_gmt":"2024-10-08T12:39:57","guid":{"rendered":"https:\/\/www.fiemg.com.br\/regional-norte\/?post_type=noticias&#038;p=2235"},"modified":"2024-10-08T10:14:58","modified_gmt":"2024-10-08T13:14:58","slug":"tony-ventura-fez-palestra-sobre-inteligencia-artificial-e-inovacao-em-montes-claros","status":"publish","type":"noticias","link":"https:\/\/www.fiemg.com.br\/regional-norte\/noticias\/tony-ventura-fez-palestra-sobre-inteligencia-artificial-e-inovacao-em-montes-claros\/","title":{"rendered":"Tony Ventura fez palestra sobre Intelig\u00eancia Artificial e Inova\u00e7\u00e3o em Montes Claros"},"content":{"rendered":"\n<p>Foi um sucesso a palestra sobre <strong>Intelig\u00eancia Artificial e Inova\u00e7\u00e3o<\/strong> organizada pela <strong>FIEMG<\/strong>, por meio do <strong>Desenvolvimento Sindical<\/strong> e da <strong>Regional Norte<\/strong>, em parceria com o <strong>SEBRAE MG<\/strong>, realizada na noite de segunda-feira (07) no audit\u00f3rio da <strong>CDL Montes Claros<\/strong>. Plateia lotada para ouvir um dos maiores especialistas em Intelig\u00eancia Artificial do mundo: <strong>Tony Ventura<\/strong>. Ele tem uma trajet\u00f3ria impressionante no assunto e \u00e9 refer\u00eancia quando se trata de inova\u00e7\u00e3o, tecnologia e Growth Hacking. \u00c9 criador do curso de Transforma\u00e7\u00e3o Digital do <strong>Minist\u00e9rio da Economia<\/strong>, especialista em tr\u00e1fego org\u00e2nico e mestre em neg\u00f3cios sustent\u00e1veis, entre outros temas ligados \u00e0 Intelig\u00eancia Artificial.<\/p>\n\n\n\n<p>Tony Ventura j\u00e1 fez palestra em Bangkok, Nova Iorque, Berlim, Cancun, Guadalajara, Singapura, Penang, Chiangmai e diversas cidades brasileiras. Veio a Montes Claros, a convite da FIEMG e do SEBRAE, para falar para empres\u00e1rios, empreendedores, interessados no assunto e estudantes.<\/p>\n\n\n\n<p>Foram duas horas e meia de muita informa\u00e7\u00e3o e apresenta\u00e7\u00e3o de como a Intelig\u00eancia Artificial est\u00e1 transformando o ambiente empresarial, com foco em ferramentas pr\u00e1ticas para aumentar a competitividade e a efici\u00eancia. Os presentes aprenderam como aplicar inova\u00e7\u00f5es digitais que potencializam a competitividade no mercado e at\u00e9 na vida pessoal.<\/p>\n\n\n\n<p>A palestra faz parte de um <strong>Ciclo de Palestras sobre Inova\u00e7\u00e3o e Intelig\u00eancia Artificial<\/strong> que a&nbsp;FIEMG, com apoio do SEBRAE,&nbsp;est\u00e1 levando aos munic\u00edpios onde est\u00e3o localizadas suas Regionais. O objetivo de capacitar os empres\u00e1rios para enfrentar os desafios e aproveitar as oportunidades da transforma\u00e7\u00e3o digital, fortalecendo a competitividade e a sustentabilidade das empresas mineiras.<\/p>\n\n\n\n<p>O presidente da <strong>FIEMG Regional Norte, Adauto Marques<\/strong>, destacou que \u201cessa foi uma oportunidade imperd\u00edvel para empres\u00e1rios da regi\u00e3o que desejam entender melhor as tend\u00eancias tecnol\u00f3gicas e preparar suas empresas para o futuro digital\u201d.<\/p>\n\n\n\n<p>Antes da palestra, Tony Ventura deu entrevista, ao vivo, ao <strong><a href=\"https:\/\/globoplay.globo.com\/v\/12993161\/\">MGTV 2\u00aa Edi\u00e7\u00e3o da Inter TV Gra<\/a>nde Minas\/Globo<\/strong>, e gravou entrevista para a <strong>TV Gazeta Norte Mineir<\/strong>a.<\/p>\n\n\n\n<p>Rosangela Silveira<br><strong>Imprensa FIEMG Regional Norte<\/strong><\/p>\n","protected":false},"featured_media":2238,"template":"","categories":[5],"tags":[],"class_list":["post-2235","noticias","type-noticias","status-publish","has-post-thumbnail","hentry","category-capacitacao-empresarial"],"acf":[],"yoast_head":"<!-- This site is optimized with the Yoast SEO plugin v26.2 - https:\/\/yoast.com\/wordpress\/plugins\/seo\/ -->\n<title>Tony Ventura fez palestra sobre Intelig\u00eancia Artificial e Inova\u00e7\u00e3o em Montes Claros - Regional Norte<\/title>\n<meta name=\"robots\" content=\"index, follow, max-snippet:-1, max-image-preview:large, max-video-preview:-1\" \/>\n<link rel=\"canonical\" href=\"https:\/\/www.fiemg.com.br\/regional-norte\/noticias\/tony-ventura-fez-palestra-sobre-inteligencia-artificial-e-inovacao-em-montes-claros\/\" \/>\n<meta property=\"og:locale\" content=\"pt_BR\" \/>\n<meta property=\"og:type\" content=\"article\" \/>\n<meta property=\"og:title\" content=\"Tony Ventura fez palestra sobre Intelig\u00eancia Artificial e Inova\u00e7\u00e3o em Montes Claros - Regional Norte\" \/>\n<meta property=\"og:description\" content=\"Foi um sucesso a palestra sobre Intelig\u00eancia Artificial e Inova\u00e7\u00e3o organizada pela FIEMG, por meio do Desenvolvimento Sindical e da Regional Norte, em parceria com o SEBRAE MG, realizada na noite de segunda-feira (07) no audit\u00f3rio da CDL Montes Claros. Plateia lotada para ouvir um dos maiores especialistas em Intelig\u00eancia Artificial do mundo: Tony Ventura. [&hellip;]\" \/>\n<meta property=\"og:url\" content=\"https:\/\/www.fiemg.com.br\/regional-norte\/noticias\/tony-ventura-fez-palestra-sobre-inteligencia-artificial-e-inovacao-em-montes-claros\/\" \/>\n<meta property=\"og:site_name\" content=\"Regional Norte\" \/>\n<meta property=\"article:modified_time\" content=\"2024-10-08T13:14:58+00:00\" \/>\n<meta property=\"og:image\" content=\"https:\/\/www.fiemg.com.br\/regional-norte\/wp-content\/uploads\/sites\/17\/2024\/10\/Tony-Ventura-palestra-Inteligencia-Artificial.jpg\" \/>\n\t<meta property=\"og:image:width\" content=\"267\" \/>\n\t<meta property=\"og:image:height\" content=\"200\" \/>\n\t<meta property=\"og:image:type\" content=\"image\/jpeg\" \/>\n<meta name=\"twitter:card\" content=\"summary_large_image\" \/>\n<meta name=\"twitter:label1\" content=\"Est. tempo de leitura\" \/>\n\t<meta name=\"twitter:data1\" content=\"2 minutos\" \/>\n<script type=\"application\/ld+json\" class=\"yoast-schema-graph\">{\"@context\":\"https:\/\/schema.org\",\"@graph\":[{\"@type\":\"WebPage\",\"@id\":\"https:\/\/www.fiemg.com.br\/regional-norte\/noticias\/tony-ventura-fez-palestra-sobre-inteligencia-artificial-e-inovacao-em-montes-claros\/\",\"url\":\"https:\/\/www.fiemg.com.br\/regional-norte\/noticias\/tony-ventura-fez-palestra-sobre-inteligencia-artificial-e-inovacao-em-montes-claros\/\",\"name\":\"Tony Ventura fez palestra sobre Intelig\u00eancia Artificial e Inova\u00e7\u00e3o em Montes Claros - Regional Norte\",\"isPartOf\":{\"@id\":\"https:\/\/www.fiemg.com.br\/regional-norte\/#website\"},\"primaryImageOfPage\":{\"@id\":\"https:\/\/www.fiemg.com.br\/regional-norte\/noticias\/tony-ventura-fez-palestra-sobre-inteligencia-artificial-e-inovacao-em-montes-claros\/#primaryimage\"},\"image\":{\"@id\":\"https:\/\/www.fiemg.com.br\/regional-norte\/noticias\/tony-ventura-fez-palestra-sobre-inteligencia-artificial-e-inovacao-em-montes-claros\/#primaryimage\"},\"thumbnailUrl\":\"https:\/\/www.fiemg.com.br\/regional-norte\/wp-content\/uploads\/sites\/17\/2024\/10\/Tony-Ventura-palestra-Inteligencia-Artificial.jpg\",\"datePublished\":\"2024-10-08T12:39:57+00:00\",\"dateModified\":\"2024-10-08T13:14:58+00:00\",\"breadcrumb\":{\"@id\":\"https:\/\/www.fiemg.com.br\/regional-norte\/noticias\/tony-ventura-fez-palestra-sobre-inteligencia-artificial-e-inovacao-em-montes-claros\/#breadcrumb\"},\"inLanguage\":\"pt-BR\",\"potentialAction\":[{\"@type\":\"ReadAction\",\"target\":[\"https:\/\/www.fiemg.com.br\/regional-norte\/noticias\/tony-ventura-fez-palestra-sobre-inteligencia-artificial-e-inovacao-em-montes-claros\/\"]}]},{\"@type\":\"ImageObject\",\"inLanguage\":\"pt-BR\",\"@id\":\"https:\/\/www.fiemg.com.br\/regional-norte\/noticias\/tony-ventura-fez-palestra-sobre-inteligencia-artificial-e-inovacao-em-montes-claros\/#primaryimage\",\"url\":\"https:\/\/www.fiemg.com.br\/regional-norte\/wp-content\/uploads\/sites\/17\/2024\/10\/Tony-Ventura-palestra-Inteligencia-Artificial.jpg\",\"contentUrl\":\"https:\/\/www.fiemg.com.br\/regional-norte\/wp-content\/uploads\/sites\/17\/2024\/10\/Tony-Ventura-palestra-Inteligencia-Artificial.jpg\",\"width\":267,\"height\":200},{\"@type\":\"BreadcrumbList\",\"@id\":\"https:\/\/www.fiemg.com.br\/regional-norte\/noticias\/tony-ventura-fez-palestra-sobre-inteligencia-artificial-e-inovacao-em-montes-claros\/#breadcrumb\",\"itemListElement\":[{\"@type\":\"ListItem\",\"position\":1,\"name\":\"In\u00edcio\",\"item\":\"https:\/\/www.fiemg.com.br\/regional-norte\/\"},{\"@type\":\"ListItem\",\"position\":2,\"name\":\"Tony Ventura fez palestra sobre Intelig\u00eancia Artificial e Inova\u00e7\u00e3o em Montes Claros\"}]},{\"@type\":\"WebSite\",\"@id\":\"https:\/\/www.fiemg.com.br\/regional-norte\/#website\",\"url\":\"https:\/\/www.fiemg.com.br\/regional-norte\/\",\"name\":\"Regional Norte\",\"description\":\"Federa\u00e7\u00e3o das Ind\u00fastrias do Estado de Minas Gerais\",\"publisher\":{\"@id\":\"https:\/\/www.fiemg.com.br\/regional-norte\/#organization\"},\"potentialAction\":[{\"@type\":\"SearchAction\",\"target\":{\"@type\":\"EntryPoint\",\"urlTemplate\":\"https:\/\/www.fiemg.com.br\/regional-norte\/?s={search_term_string}\"},\"query-input\":{\"@type\":\"PropertyValueSpecification\",\"valueRequired\":true,\"valueName\":\"search_term_string\"}}],\"inLanguage\":\"pt-BR\"},{\"@type\":\"Organization\",\"@id\":\"https:\/\/www.fiemg.com.br\/regional-norte\/#organization\",\"name\":\"Regional Norte\",\"url\":\"https:\/\/www.fiemg.com.br\/regional-norte\/\",\"logo\":{\"@type\":\"ImageObject\",\"inLanguage\":\"pt-BR\",\"@id\":\"https:\/\/www.fiemg.com.br\/regional-norte\/#\/schema\/logo\/image\/\",\"url\":\"https:\/\/www.fiemg.com.br\/regional-norte\/wp-content\/uploads\/sites\/17\/2023\/02\/Ativo-1.png\",\"contentUrl\":\"https:\/\/www.fiemg.com.br\/regional-norte\/wp-content\/uploads\/sites\/17\/2023\/02\/Ativo-1.png\",\"width\":563,\"height\":149,\"caption\":\"Regional Norte\"},\"image\":{\"@id\":\"https:\/\/www.fiemg.com.br\/regional-norte\/#\/schema\/logo\/image\/\"}}]}<\/script>\n<!-- \/ Yoast SEO plugin. -->","yoast_head_json":{"title":"Tony Ventura fez palestra sobre Intelig\u00eancia Artificial e Inova\u00e7\u00e3o em Montes Claros - Regional Norte","robots":{"index":"index","follow":"follow","max-snippet":"max-snippet:-1","max-image-preview":"max-image-preview:large","max-video-preview":"max-video-preview:-1"},"canonical":"https:\/\/www.fiemg.com.br\/regional-norte\/noticias\/tony-ventura-fez-palestra-sobre-inteligencia-artificial-e-inovacao-em-montes-claros\/","og_locale":"pt_BR","og_type":"article","og_title":"Tony Ventura fez palestra sobre Intelig\u00eancia Artificial e Inova\u00e7\u00e3o em Montes Claros - Regional Norte","og_description":"Foi um sucesso a palestra sobre Intelig\u00eancia Artificial e Inova\u00e7\u00e3o organizada pela FIEMG, por meio do Desenvolvimento Sindical e da Regional Norte, em parceria com o SEBRAE MG, realizada na noite de segunda-feira (07) no audit\u00f3rio da CDL Montes Claros. Plateia lotada para ouvir um dos maiores especialistas em Intelig\u00eancia Artificial do mundo: Tony Ventura. [&hellip;]","og_url":"https:\/\/www.fiemg.com.br\/regional-norte\/noticias\/tony-ventura-fez-palestra-sobre-inteligencia-artificial-e-inovacao-em-montes-claros\/","og_site_name":"Regional Norte","article_modified_time":"2024-10-08T13:14:58+00:00","og_image":[{"width":267,"height":200,"url":"https:\/\/www.fiemg.com.br\/regional-norte\/wp-content\/uploads\/sites\/17\/2024\/10\/Tony-Ventura-palestra-Inteligencia-Artificial.jpg","type":"image\/jpeg"}],"twitter_card":"summary_large_image","twitter_misc":{"Est. tempo de leitura":"2 minutos"},"schema":{"@context":"https:\/\/schema.org","@graph":[{"@type":"WebPage","@id":"https:\/\/www.fiemg.com.br\/regional-norte\/noticias\/tony-ventura-fez-palestra-sobre-inteligencia-artificial-e-inovacao-em-montes-claros\/","url":"https:\/\/www.fiemg.com.br\/regional-norte\/noticias\/tony-ventura-fez-palestra-sobre-inteligencia-artificial-e-inovacao-em-montes-claros\/","name":"Tony Ventura fez palestra sobre Intelig\u00eancia Artificial e Inova\u00e7\u00e3o em Montes Claros - Regional Norte","isPartOf":{"@id":"https:\/\/www.fiemg.com.br\/regional-norte\/#website"},"primaryImageOfPage":{"@id":"https:\/\/www.fiemg.com.br\/regional-norte\/noticias\/tony-ventura-fez-palestra-sobre-inteligencia-artificial-e-inovacao-em-montes-claros\/#primaryimage"},"image":{"@id":"https:\/\/www.fiemg.com.br\/regional-norte\/noticias\/tony-ventura-fez-palestra-sobre-inteligencia-artificial-e-inovacao-em-montes-claros\/#primaryimage"},"thumbnailUrl":"https:\/\/www.fiemg.com.br\/regional-norte\/wp-content\/uploads\/sites\/17\/2024\/10\/Tony-Ventura-palestra-Inteligencia-Artificial.jpg","datePublished":"2024-10-08T12:39:57+00:00","dateModified":"2024-10-08T13:14:58+00:00","breadcrumb":{"@id":"https:\/\/www.fiemg.com.br\/regional-norte\/noticias\/tony-ventura-fez-palestra-sobre-inteligencia-artificial-e-inovacao-em-montes-claros\/#breadcrumb"},"inLanguage":"pt-BR","potentialAction":[{"@type":"ReadAction","target":["https:\/\/www.fiemg.com.br\/regional-norte\/noticias\/tony-ventura-fez-palestra-sobre-inteligencia-artificial-e-inovacao-em-montes-claros\/"]}]},{"@type":"ImageObject","inLanguage":"pt-BR","@id":"https:\/\/www.fiemg.com.br\/regional-norte\/noticias\/tony-ventura-fez-palestra-sobre-inteligencia-artificial-e-inovacao-em-montes-claros\/#primaryimage","url":"https:\/\/www.fiemg.com.br\/regional-norte\/wp-content\/uploads\/sites\/17\/2024\/10\/Tony-Ventura-palestra-Inteligencia-Artificial.jpg","contentUrl":"https:\/\/www.fiemg.com.br\/regional-norte\/wp-content\/uploads\/sites\/17\/2024\/10\/Tony-Ventura-palestra-Inteligencia-Artificial.jpg","width":267,"height":200},{"@type":"BreadcrumbList","@id":"https:\/\/www.fiemg.com.br\/regional-norte\/noticias\/tony-ventura-fez-palestra-sobre-inteligencia-artificial-e-inovacao-em-montes-claros\/#breadcrumb","itemListElement":[{"@type":"ListItem","position":1,"name":"In\u00edcio","item":"https:\/\/www.fiemg.com.br\/regional-norte\/"},{"@type":"ListItem","position":2,"name":"Tony Ventura fez palestra sobre Intelig\u00eancia Artificial e Inova\u00e7\u00e3o em Montes Claros"}]},{"@type":"WebSite","@id":"https:\/\/www.fiemg.com.br\/regional-norte\/#website","url":"https:\/\/www.fiemg.com.br\/regional-norte\/","name":"Regional Norte","description":"Federa\u00e7\u00e3o das Ind\u00fastrias do Estado de Minas Gerais","publisher":{"@id":"https:\/\/www.fiemg.com.br\/regional-norte\/#organization"},"potentialAction":[{"@type":"SearchAction","target":{"@type":"EntryPoint","urlTemplate":"https:\/\/www.fiemg.com.br\/regional-norte\/?s={search_term_string}"},"query-input":{"@type":"PropertyValueSpecification","valueRequired":true,"valueName":"search_term_string"}}],"inLanguage":"pt-BR"},{"@type":"Organization","@id":"https:\/\/www.fiemg.com.br\/regional-norte\/#organization","name":"Regional Norte","url":"https:\/\/www.fiemg.com.br\/regional-norte\/","logo":{"@type":"ImageObject","inLanguage":"pt-BR","@id":"https:\/\/www.fiemg.com.br\/regional-norte\/#\/schema\/logo\/image\/","url":"https:\/\/www.fiemg.com.br\/regional-norte\/wp-content\/uploads\/sites\/17\/2023\/02\/Ativo-1.png","contentUrl":"https:\/\/www.fiemg.com.br\/regional-norte\/wp-content\/uploads\/sites\/17\/2023\/02\/Ativo-1.png","width":563,"height":149,"caption":"Regional Norte"},"image":{"@id":"https:\/\/www.fiemg.com.br\/regional-norte\/#\/schema\/logo\/image\/"}}]}},"_links":{"self":[{"href":"https:\/\/www.fiemg.com.br\/regional-norte\/wp-json\/wp\/v2\/noticias\/2235","targetHints":{"allow":["GET"]}}],"collection":[{"href":"https:\/\/www.fiemg.com.br\/regional-norte\/wp-json\/wp\/v2\/noticias"}],"about":[{"href":"https:\/\/www.fiemg.com.br\/regional-norte\/wp-json\/wp\/v2\/types\/noticias"}],"wp:featuredmedia":[{"embeddable":true,"href":"https:\/\/www.fiemg.com.br\/regional-norte\/wp-json\/wp\/v2\/media\/2238"}],"wp:attachment":[{"href":"https:\/\/www.fiemg.com.br\/regional-norte\/wp-json\/wp\/v2\/media?parent=2235"}],"wp:term":[{"taxonomy":"category","embeddable":true,"href":"https:\/\/www.fiemg.com.br\/regional-norte\/wp-json\/wp\/v2\/categories?post=2235"},{"taxonomy":"post_tag","embeddable":true,"href":"https:\/\/www.fiemg.com.br\/regional-norte\/wp-json\/wp\/v2\/tags?post=2235"}],"curies":[{"name":"wp","href":"https:\/\/api.w.org\/{rel}","templated":true}]}}