{"id":2554,"date":"2024-12-20T14:47:09","date_gmt":"2024-12-20T17:47:09","guid":{"rendered":"https:\/\/www.fiemg.com.br\/regional-norte\/?post_type=noticias&#038;p=2554"},"modified":"2024-12-20T14:47:10","modified_gmt":"2024-12-20T17:47:10","slug":"vice-presidente-da-regional-norte-visita-sede-do-laboratorio-cristalia-em-sao-paulo","status":"publish","type":"noticias","link":"https:\/\/www.fiemg.com.br\/regional-norte\/noticias\/vice-presidente-da-regional-norte-visita-sede-do-laboratorio-cristalia-em-sao-paulo\/","title":{"rendered":"Vice-presidente da Regional Norte visita sede do Laborat\u00f3rio Crist\u00e1lia em S\u00e3o Paulo"},"content":{"rendered":"\n<p>O vice-presidente da Fiemg Regional Norte, <strong>Adauto Marques Batista<\/strong>, acompanhado do superintendente do Banco do Nordeste em Minas Gerais e Esp\u00edrito Santo, <strong>Wesley Maciel<\/strong>, estiveram ciceroneando equipe do <strong>Banco do Nordeste do Brasil (BNB)<\/strong>, esta semana, na sede do Laborat\u00f3rio Crist\u00e1lia, em Itapira (SP).<\/p>\n\n\n\n<p>Equipe do BNB foi conhecer a sede da empresa que instalou uma unidade em Montes Claros e pleiteia os benef\u00edcios dos subs\u00eddios oferecidos pelo Banco na \u00c1rea Mineira da Sudene.<\/p>\n\n\n\n<p><strong>Crist\u00e1lia<\/strong><\/p>\n\n\n\n<p>O <strong>Laborat\u00f3rio Farmac\u00eautico, Farmoqu\u00edmico e de Biotecnologia Crist\u00e1lia<\/strong>, que tem sede em Itapira (SP), est\u00e1 implantando uma unidade em Montes Claros. A ind\u00fastria j\u00e1 possui uma planta no estado de Minas Gerais, na cidade de Pouso Alegre.<\/p>\n\n\n\n<p>A unidade em Montes Claros vai produzir v\u00e1rios medicamentos, entre eles anest\u00e9sicos e narcoanalg\u00e9sicos utilizados no chamado \u201ckit intuba\u00e7\u00e3o\u201d. &nbsp;A previs\u00e3o \u00e9 de gera\u00e7\u00e3o de cerca de 700 empregos diretos nos pr\u00f3ximos cinco anos.&nbsp;A nova unidade &nbsp;colocou em opera\u00e7\u00e3o este ano a primeira fase do projeto, com autoriza\u00e7\u00e3o da ANVISA.<\/p>\n\n\n\n<p>Rosangela Silveira<\/p>\n\n\n\n<p><strong>Imprensa FIEMG Regional Norte<\/strong><\/p>\n\n\n\n<p><\/p>\n","protected":false},"featured_media":2556,"template":"","categories":[21],"tags":[],"class_list":["post-2554","noticias","type-noticias","status-publish","has-post-thumbnail","hentry","category-negociacao-e-atracao-de-investimentos"],"acf":[],"yoast_head":"<!-- This site is optimized with the Yoast SEO plugin v26.2 - https:\/\/yoast.com\/wordpress\/plugins\/seo\/ -->\n<title>Vice-presidente da Regional Norte visita sede do Laborat\u00f3rio Crist\u00e1lia em S\u00e3o Paulo - Regional Norte<\/title>\n<meta name=\"robots\" content=\"index, follow, max-snippet:-1, max-image-preview:large, max-video-preview:-1\" \/>\n<link rel=\"canonical\" href=\"https:\/\/www.fiemg.com.br\/regional-norte\/noticias\/vice-presidente-da-regional-norte-visita-sede-do-laboratorio-cristalia-em-sao-paulo\/\" \/>\n<meta property=\"og:locale\" content=\"pt_BR\" \/>\n<meta property=\"og:type\" content=\"article\" \/>\n<meta property=\"og:title\" content=\"Vice-presidente da Regional Norte visita sede do Laborat\u00f3rio Crist\u00e1lia em S\u00e3o Paulo - Regional Norte\" \/>\n<meta property=\"og:description\" content=\"O vice-presidente da Fiemg Regional Norte, Adauto Marques Batista, acompanhado do superintendente do Banco do Nordeste em Minas Gerais e Esp\u00edrito Santo, Wesley Maciel, estiveram ciceroneando equipe do Banco do Nordeste do Brasil (BNB), esta semana, na sede do Laborat\u00f3rio Crist\u00e1lia, em Itapira (SP). Equipe do BNB foi conhecer a sede da empresa que instalou [&hellip;]\" \/>\n<meta property=\"og:url\" content=\"https:\/\/www.fiemg.com.br\/regional-norte\/noticias\/vice-presidente-da-regional-norte-visita-sede-do-laboratorio-cristalia-em-sao-paulo\/\" \/>\n<meta property=\"og:site_name\" content=\"Regional Norte\" \/>\n<meta property=\"article:modified_time\" content=\"2024-12-20T17:47:10+00:00\" \/>\n<meta property=\"og:image\" content=\"https:\/\/www.fiemg.com.br\/regional-norte\/wp-content\/uploads\/sites\/17\/2024\/12\/Visita-Cristalia-Itapira-BNB-Adauto.jpg\" \/>\n\t<meta property=\"og:image:width\" content=\"232\" \/>\n\t<meta property=\"og:image:height\" content=\"200\" \/>\n\t<meta property=\"og:image:type\" content=\"image\/jpeg\" \/>\n<meta name=\"twitter:card\" content=\"summary_large_image\" \/>\n<meta name=\"twitter:label1\" content=\"Est. tempo de leitura\" \/>\n\t<meta name=\"twitter:data1\" content=\"2 minutos\" \/>\n<script type=\"application\/ld+json\" class=\"yoast-schema-graph\">{\"@context\":\"https:\/\/schema.org\",\"@graph\":[{\"@type\":\"WebPage\",\"@id\":\"https:\/\/www.fiemg.com.br\/regional-norte\/noticias\/vice-presidente-da-regional-norte-visita-sede-do-laboratorio-cristalia-em-sao-paulo\/\",\"url\":\"https:\/\/www.fiemg.com.br\/regional-norte\/noticias\/vice-presidente-da-regional-norte-visita-sede-do-laboratorio-cristalia-em-sao-paulo\/\",\"name\":\"Vice-presidente da Regional Norte visita sede do Laborat\u00f3rio Crist\u00e1lia em S\u00e3o Paulo - Regional Norte\",\"isPartOf\":{\"@id\":\"https:\/\/www.fiemg.com.br\/regional-norte\/#website\"},\"primaryImageOfPage\":{\"@id\":\"https:\/\/www.fiemg.com.br\/regional-norte\/noticias\/vice-presidente-da-regional-norte-visita-sede-do-laboratorio-cristalia-em-sao-paulo\/#primaryimage\"},\"image\":{\"@id\":\"https:\/\/www.fiemg.com.br\/regional-norte\/noticias\/vice-presidente-da-regional-norte-visita-sede-do-laboratorio-cristalia-em-sao-paulo\/#primaryimage\"},\"thumbnailUrl\":\"https:\/\/www.fiemg.com.br\/regional-norte\/wp-content\/uploads\/sites\/17\/2024\/12\/Visita-Cristalia-Itapira-BNB-Adauto.jpg\",\"datePublished\":\"2024-12-20T17:47:09+00:00\",\"dateModified\":\"2024-12-20T17:47:10+00:00\",\"breadcrumb\":{\"@id\":\"https:\/\/www.fiemg.com.br\/regional-norte\/noticias\/vice-presidente-da-regional-norte-visita-sede-do-laboratorio-cristalia-em-sao-paulo\/#breadcrumb\"},\"inLanguage\":\"pt-BR\",\"potentialAction\":[{\"@type\":\"ReadAction\",\"target\":[\"https:\/\/www.fiemg.com.br\/regional-norte\/noticias\/vice-presidente-da-regional-norte-visita-sede-do-laboratorio-cristalia-em-sao-paulo\/\"]}]},{\"@type\":\"ImageObject\",\"inLanguage\":\"pt-BR\",\"@id\":\"https:\/\/www.fiemg.com.br\/regional-norte\/noticias\/vice-presidente-da-regional-norte-visita-sede-do-laboratorio-cristalia-em-sao-paulo\/#primaryimage\",\"url\":\"https:\/\/www.fiemg.com.br\/regional-norte\/wp-content\/uploads\/sites\/17\/2024\/12\/Visita-Cristalia-Itapira-BNB-Adauto.jpg\",\"contentUrl\":\"https:\/\/www.fiemg.com.br\/regional-norte\/wp-content\/uploads\/sites\/17\/2024\/12\/Visita-Cristalia-Itapira-BNB-Adauto.jpg\",\"width\":232,\"height\":200},{\"@type\":\"BreadcrumbList\",\"@id\":\"https:\/\/www.fiemg.com.br\/regional-norte\/noticias\/vice-presidente-da-regional-norte-visita-sede-do-laboratorio-cristalia-em-sao-paulo\/#breadcrumb\",\"itemListElement\":[{\"@type\":\"ListItem\",\"position\":1,\"name\":\"In\u00edcio\",\"item\":\"https:\/\/www.fiemg.com.br\/regional-norte\/\"},{\"@type\":\"ListItem\",\"position\":2,\"name\":\"Vice-presidente da Regional Norte visita sede do Laborat\u00f3rio Crist\u00e1lia em S\u00e3o Paulo\"}]},{\"@type\":\"WebSite\",\"@id\":\"https:\/\/www.fiemg.com.br\/regional-norte\/#website\",\"url\":\"https:\/\/www.fiemg.com.br\/regional-norte\/\",\"name\":\"Regional Norte\",\"description\":\"Federa\u00e7\u00e3o das Ind\u00fastrias do Estado de Minas Gerais\",\"publisher\":{\"@id\":\"https:\/\/www.fiemg.com.br\/regional-norte\/#organization\"},\"potentialAction\":[{\"@type\":\"SearchAction\",\"target\":{\"@type\":\"EntryPoint\",\"urlTemplate\":\"https:\/\/www.fiemg.com.br\/regional-norte\/?s={search_term_string}\"},\"query-input\":{\"@type\":\"PropertyValueSpecification\",\"valueRequired\":true,\"valueName\":\"search_term_string\"}}],\"inLanguage\":\"pt-BR\"},{\"@type\":\"Organization\",\"@id\":\"https:\/\/www.fiemg.com.br\/regional-norte\/#organization\",\"name\":\"Regional Norte\",\"url\":\"https:\/\/www.fiemg.com.br\/regional-norte\/\",\"logo\":{\"@type\":\"ImageObject\",\"inLanguage\":\"pt-BR\",\"@id\":\"https:\/\/www.fiemg.com.br\/regional-norte\/#\/schema\/logo\/image\/\",\"url\":\"https:\/\/www.fiemg.com.br\/regional-norte\/wp-content\/uploads\/sites\/17\/2023\/02\/Ativo-1.png\",\"contentUrl\":\"https:\/\/www.fiemg.com.br\/regional-norte\/wp-content\/uploads\/sites\/17\/2023\/02\/Ativo-1.png\",\"width\":563,\"height\":149,\"caption\":\"Regional Norte\"},\"image\":{\"@id\":\"https:\/\/www.fiemg.com.br\/regional-norte\/#\/schema\/logo\/image\/\"}}]}<\/script>\n<!-- \/ Yoast SEO plugin. -->","yoast_head_json":{"title":"Vice-presidente da Regional Norte visita sede do Laborat\u00f3rio Crist\u00e1lia em S\u00e3o Paulo - Regional Norte","robots":{"index":"index","follow":"follow","max-snippet":"max-snippet:-1","max-image-preview":"max-image-preview:large","max-video-preview":"max-video-preview:-1"},"canonical":"https:\/\/www.fiemg.com.br\/regional-norte\/noticias\/vice-presidente-da-regional-norte-visita-sede-do-laboratorio-cristalia-em-sao-paulo\/","og_locale":"pt_BR","og_type":"article","og_title":"Vice-presidente da Regional Norte visita sede do Laborat\u00f3rio Crist\u00e1lia em S\u00e3o Paulo - Regional Norte","og_description":"O vice-presidente da Fiemg Regional Norte, Adauto Marques Batista, acompanhado do superintendente do Banco do Nordeste em Minas Gerais e Esp\u00edrito Santo, Wesley Maciel, estiveram ciceroneando equipe do Banco do Nordeste do Brasil (BNB), esta semana, na sede do Laborat\u00f3rio Crist\u00e1lia, em Itapira (SP). Equipe do BNB foi conhecer a sede da empresa que instalou [&hellip;]","og_url":"https:\/\/www.fiemg.com.br\/regional-norte\/noticias\/vice-presidente-da-regional-norte-visita-sede-do-laboratorio-cristalia-em-sao-paulo\/","og_site_name":"Regional Norte","article_modified_time":"2024-12-20T17:47:10+00:00","og_image":[{"width":232,"height":200,"url":"https:\/\/www.fiemg.com.br\/regional-norte\/wp-content\/uploads\/sites\/17\/2024\/12\/Visita-Cristalia-Itapira-BNB-Adauto.jpg","type":"image\/jpeg"}],"twitter_card":"summary_large_image","twitter_misc":{"Est. tempo de leitura":"2 minutos"},"schema":{"@context":"https:\/\/schema.org","@graph":[{"@type":"WebPage","@id":"https:\/\/www.fiemg.com.br\/regional-norte\/noticias\/vice-presidente-da-regional-norte-visita-sede-do-laboratorio-cristalia-em-sao-paulo\/","url":"https:\/\/www.fiemg.com.br\/regional-norte\/noticias\/vice-presidente-da-regional-norte-visita-sede-do-laboratorio-cristalia-em-sao-paulo\/","name":"Vice-presidente da Regional Norte visita sede do Laborat\u00f3rio Crist\u00e1lia em S\u00e3o Paulo - Regional Norte","isPartOf":{"@id":"https:\/\/www.fiemg.com.br\/regional-norte\/#website"},"primaryImageOfPage":{"@id":"https:\/\/www.fiemg.com.br\/regional-norte\/noticias\/vice-presidente-da-regional-norte-visita-sede-do-laboratorio-cristalia-em-sao-paulo\/#primaryimage"},"image":{"@id":"https:\/\/www.fiemg.com.br\/regional-norte\/noticias\/vice-presidente-da-regional-norte-visita-sede-do-laboratorio-cristalia-em-sao-paulo\/#primaryimage"},"thumbnailUrl":"https:\/\/www.fiemg.com.br\/regional-norte\/wp-content\/uploads\/sites\/17\/2024\/12\/Visita-Cristalia-Itapira-BNB-Adauto.jpg","datePublished":"2024-12-20T17:47:09+00:00","dateModified":"2024-12-20T17:47:10+00:00","breadcrumb":{"@id":"https:\/\/www.fiemg.com.br\/regional-norte\/noticias\/vice-presidente-da-regional-norte-visita-sede-do-laboratorio-cristalia-em-sao-paulo\/#breadcrumb"},"inLanguage":"pt-BR","potentialAction":[{"@type":"ReadAction","target":["https:\/\/www.fiemg.com.br\/regional-norte\/noticias\/vice-presidente-da-regional-norte-visita-sede-do-laboratorio-cristalia-em-sao-paulo\/"]}]},{"@type":"ImageObject","inLanguage":"pt-BR","@id":"https:\/\/www.fiemg.com.br\/regional-norte\/noticias\/vice-presidente-da-regional-norte-visita-sede-do-laboratorio-cristalia-em-sao-paulo\/#primaryimage","url":"https:\/\/www.fiemg.com.br\/regional-norte\/wp-content\/uploads\/sites\/17\/2024\/12\/Visita-Cristalia-Itapira-BNB-Adauto.jpg","contentUrl":"https:\/\/www.fiemg.com.br\/regional-norte\/wp-content\/uploads\/sites\/17\/2024\/12\/Visita-Cristalia-Itapira-BNB-Adauto.jpg","width":232,"height":200},{"@type":"BreadcrumbList","@id":"https:\/\/www.fiemg.com.br\/regional-norte\/noticias\/vice-presidente-da-regional-norte-visita-sede-do-laboratorio-cristalia-em-sao-paulo\/#breadcrumb","itemListElement":[{"@type":"ListItem","position":1,"name":"In\u00edcio","item":"https:\/\/www.fiemg.com.br\/regional-norte\/"},{"@type":"ListItem","position":2,"name":"Vice-presidente da Regional Norte visita sede do Laborat\u00f3rio Crist\u00e1lia em S\u00e3o Paulo"}]},{"@type":"WebSite","@id":"https:\/\/www.fiemg.com.br\/regional-norte\/#website","url":"https:\/\/www.fiemg.com.br\/regional-norte\/","name":"Regional Norte","description":"Federa\u00e7\u00e3o das Ind\u00fastrias do Estado de Minas Gerais","publisher":{"@id":"https:\/\/www.fiemg.com.br\/regional-norte\/#organization"},"potentialAction":[{"@type":"SearchAction","target":{"@type":"EntryPoint","urlTemplate":"https:\/\/www.fiemg.com.br\/regional-norte\/?s={search_term_string}"},"query-input":{"@type":"PropertyValueSpecification","valueRequired":true,"valueName":"search_term_string"}}],"inLanguage":"pt-BR"},{"@type":"Organization","@id":"https:\/\/www.fiemg.com.br\/regional-norte\/#organization","name":"Regional Norte","url":"https:\/\/www.fiemg.com.br\/regional-norte\/","logo":{"@type":"ImageObject","inLanguage":"pt-BR","@id":"https:\/\/www.fiemg.com.br\/regional-norte\/#\/schema\/logo\/image\/","url":"https:\/\/www.fiemg.com.br\/regional-norte\/wp-content\/uploads\/sites\/17\/2023\/02\/Ativo-1.png","contentUrl":"https:\/\/www.fiemg.com.br\/regional-norte\/wp-content\/uploads\/sites\/17\/2023\/02\/Ativo-1.png","width":563,"height":149,"caption":"Regional Norte"},"image":{"@id":"https:\/\/www.fiemg.com.br\/regional-norte\/#\/schema\/logo\/image\/"}}]}},"_links":{"self":[{"href":"https:\/\/www.fiemg.com.br\/regional-norte\/wp-json\/wp\/v2\/noticias\/2554","targetHints":{"allow":["GET"]}}],"collection":[{"href":"https:\/\/www.fiemg.com.br\/regional-norte\/wp-json\/wp\/v2\/noticias"}],"about":[{"href":"https:\/\/www.fiemg.com.br\/regional-norte\/wp-json\/wp\/v2\/types\/noticias"}],"wp:featuredmedia":[{"embeddable":true,"href":"https:\/\/www.fiemg.com.br\/regional-norte\/wp-json\/wp\/v2\/media\/2556"}],"wp:attachment":[{"href":"https:\/\/www.fiemg.com.br\/regional-norte\/wp-json\/wp\/v2\/media?parent=2554"}],"wp:term":[{"taxonomy":"category","embeddable":true,"href":"https:\/\/www.fiemg.com.br\/regional-norte\/wp-json\/wp\/v2\/categories?post=2554"},{"taxonomy":"post_tag","embeddable":true,"href":"https:\/\/www.fiemg.com.br\/regional-norte\/wp-json\/wp\/v2\/tags?post=2554"}],"curies":[{"name":"wp","href":"https:\/\/api.w.org\/{rel}","templated":true}]}}