{"id":2598,"date":"2025-01-29T13:46:32","date_gmt":"2025-01-29T16:46:32","guid":{"rendered":"https:\/\/www.fiemg.com.br\/regional-norte\/?post_type=noticias&#038;p=2598"},"modified":"2025-01-29T13:47:35","modified_gmt":"2025-01-29T16:47:35","slug":"fiemg-e-sindvest-norte-realizaram-capacitacao-de-empresarios-sobre-a-logistica-reversa","status":"publish","type":"noticias","link":"https:\/\/www.fiemg.com.br\/regional-norte\/noticias\/fiemg-e-sindvest-norte-realizaram-capacitacao-de-empresarios-sobre-a-logistica-reversa\/","title":{"rendered":"FIEMG e SINDVEST\/Norte realizaram capacita\u00e7\u00e3o de empres\u00e1rios sobre a Log\u00edstica Reversa"},"content":{"rendered":"\n<p>Atendendo solicita\u00e7\u00e3o do presidente do <strong>Sindicato das Ind\u00fastrias do Vestu\u00e1rio do Norte de Minas (Sindvest\/Norte), Leonardo Souza Silva,<\/strong> a <strong>FIEMG<\/strong>, atrav\u00e9s da <strong>Regional Norte<\/strong>, realizou uma<strong> Webinar<\/strong> para esclarecer sobre o <strong>Panorama da Log\u00edstica Reversa no Brasil e as Obriga\u00e7\u00f5es para as Ind\u00fastrias.<\/strong><\/p>\n\n\n\n<p>Por meio da Delibera\u00e7\u00e3o Normativa <strong>Copam 249,<\/strong> publicada em 9.2.2024, o Estado de Minas Gerais estabelece diretrizes para a estrutura\u00e7\u00e3o, a implementa\u00e7\u00e3o, a operacionaliza\u00e7\u00e3o, o aprimoramento, o monitoramento e a divulga\u00e7\u00e3o dos sistemas de log\u00edstica reversa (SLRs) de produtos e embalagens colocados no mercado mineiro.&nbsp;<\/p>\n\n\n\n<p>O evento aconteceu na quarta-feira (29\/01), de forma virtual e a participa\u00e7\u00e3o foi gratuita. Mais de 100 pessoas participaram, entre empres\u00e1rios, engenheiros, analistas ambientais e advogados do setor industrial que tiveram a oportunidade de tirar d\u00favidas sobre as obriga\u00e7\u00f5es do setor, referentes \u00e0 Delibera\u00e7\u00e3o Normativa (DN) Copam 249 de 2024, na qual o Estado de Minas Gerais estabelece diretrizes para a estrutura\u00e7\u00e3o, a implementa\u00e7\u00e3o, a operacionaliza\u00e7\u00e3o, o aprimoramento, o monitoramento e a divulga\u00e7\u00e3o dos sistemas de log\u00edstica reversa (SLRs) de produtos e embalagens colocados no mercado mineiro.&nbsp;<\/p>\n\n\n\n<p>A apresenta\u00e7\u00e3o foi conduzida pela advogada de Desenvolvimento da Ind\u00fastria e Meio Ambiente da&nbsp;FIEMG, <strong>Monicke Sant\u2019 Anna<\/strong>, que falou sobre o contexto legal da implementa\u00e7\u00e3o da log\u00edstica reversa no Brasil, as implica\u00e7\u00f5es para a ind\u00fastria, al\u00e9m das regulamenta\u00e7\u00f5es em Minas Gerais, prazos incidentes e as experi\u00eancias da tem\u00e1tica no estado do Mato Grosso do Sul.<\/p>\n\n\n\n<p>O evento teve ainda a participa\u00e7\u00e3o da Analista Ambiental da&nbsp;FIEMG&nbsp;Regional Norte, <strong>Laila Tupinamb\u00e1 Mota.<\/strong><\/p>\n\n\n\n<p>Rosangela Silveira<\/p>\n\n\n\n<p><strong>Imprensa FIEMG Regional Norte<\/strong><\/p>\n\n\n\n<p><\/p>\n","protected":false},"featured_media":2599,"template":"","categories":[5],"tags":[],"class_list":["post-2598","noticias","type-noticias","status-publish","has-post-thumbnail","hentry","category-capacitacao-empresarial"],"acf":[],"yoast_head":"<!-- This site is optimized with the Yoast SEO plugin v26.2 - https:\/\/yoast.com\/wordpress\/plugins\/seo\/ -->\n<title>FIEMG e SINDVEST\/Norte realizaram capacita\u00e7\u00e3o de empres\u00e1rios sobre a Log\u00edstica Reversa - Regional Norte<\/title>\n<meta name=\"robots\" content=\"index, follow, max-snippet:-1, max-image-preview:large, max-video-preview:-1\" \/>\n<link rel=\"canonical\" href=\"https:\/\/www.fiemg.com.br\/regional-norte\/noticias\/fiemg-e-sindvest-norte-realizaram-capacitacao-de-empresarios-sobre-a-logistica-reversa\/\" \/>\n<meta property=\"og:locale\" content=\"pt_BR\" \/>\n<meta property=\"og:type\" content=\"article\" \/>\n<meta property=\"og:title\" content=\"FIEMG e SINDVEST\/Norte realizaram capacita\u00e7\u00e3o de empres\u00e1rios sobre a Log\u00edstica Reversa - Regional Norte\" \/>\n<meta property=\"og:description\" content=\"Atendendo solicita\u00e7\u00e3o do presidente do Sindicato das Ind\u00fastrias do Vestu\u00e1rio do Norte de Minas (Sindvest\/Norte), Leonardo Souza Silva, a FIEMG, atrav\u00e9s da Regional Norte, realizou uma Webinar para esclarecer sobre o Panorama da Log\u00edstica Reversa no Brasil e as Obriga\u00e7\u00f5es para as Ind\u00fastrias. Por meio da Delibera\u00e7\u00e3o Normativa Copam 249, publicada em 9.2.2024, o Estado [&hellip;]\" \/>\n<meta property=\"og:url\" content=\"https:\/\/www.fiemg.com.br\/regional-norte\/noticias\/fiemg-e-sindvest-norte-realizaram-capacitacao-de-empresarios-sobre-a-logistica-reversa\/\" \/>\n<meta property=\"og:site_name\" content=\"Regional Norte\" \/>\n<meta property=\"article:modified_time\" content=\"2025-01-29T16:47:35+00:00\" \/>\n<meta property=\"og:image\" content=\"https:\/\/www.fiemg.com.br\/regional-norte\/wp-content\/uploads\/sites\/17\/2025\/01\/Webinar-Logistica-Reversa-online.jpeg\" \/>\n\t<meta property=\"og:image:width\" content=\"200\" \/>\n\t<meta property=\"og:image:height\" content=\"231\" \/>\n\t<meta property=\"og:image:type\" content=\"image\/jpeg\" \/>\n<meta name=\"twitter:card\" content=\"summary_large_image\" \/>\n<meta name=\"twitter:label1\" content=\"Est. tempo de leitura\" \/>\n\t<meta name=\"twitter:data1\" content=\"2 minutos\" \/>\n<script type=\"application\/ld+json\" class=\"yoast-schema-graph\">{\"@context\":\"https:\/\/schema.org\",\"@graph\":[{\"@type\":\"WebPage\",\"@id\":\"https:\/\/www.fiemg.com.br\/regional-norte\/noticias\/fiemg-e-sindvest-norte-realizaram-capacitacao-de-empresarios-sobre-a-logistica-reversa\/\",\"url\":\"https:\/\/www.fiemg.com.br\/regional-norte\/noticias\/fiemg-e-sindvest-norte-realizaram-capacitacao-de-empresarios-sobre-a-logistica-reversa\/\",\"name\":\"FIEMG e SINDVEST\/Norte realizaram capacita\u00e7\u00e3o de empres\u00e1rios sobre a Log\u00edstica Reversa - Regional Norte\",\"isPartOf\":{\"@id\":\"https:\/\/www.fiemg.com.br\/regional-norte\/#website\"},\"primaryImageOfPage\":{\"@id\":\"https:\/\/www.fiemg.com.br\/regional-norte\/noticias\/fiemg-e-sindvest-norte-realizaram-capacitacao-de-empresarios-sobre-a-logistica-reversa\/#primaryimage\"},\"image\":{\"@id\":\"https:\/\/www.fiemg.com.br\/regional-norte\/noticias\/fiemg-e-sindvest-norte-realizaram-capacitacao-de-empresarios-sobre-a-logistica-reversa\/#primaryimage\"},\"thumbnailUrl\":\"https:\/\/www.fiemg.com.br\/regional-norte\/wp-content\/uploads\/sites\/17\/2025\/01\/Webinar-Logistica-Reversa-online.jpeg\",\"datePublished\":\"2025-01-29T16:46:32+00:00\",\"dateModified\":\"2025-01-29T16:47:35+00:00\",\"breadcrumb\":{\"@id\":\"https:\/\/www.fiemg.com.br\/regional-norte\/noticias\/fiemg-e-sindvest-norte-realizaram-capacitacao-de-empresarios-sobre-a-logistica-reversa\/#breadcrumb\"},\"inLanguage\":\"pt-BR\",\"potentialAction\":[{\"@type\":\"ReadAction\",\"target\":[\"https:\/\/www.fiemg.com.br\/regional-norte\/noticias\/fiemg-e-sindvest-norte-realizaram-capacitacao-de-empresarios-sobre-a-logistica-reversa\/\"]}]},{\"@type\":\"ImageObject\",\"inLanguage\":\"pt-BR\",\"@id\":\"https:\/\/www.fiemg.com.br\/regional-norte\/noticias\/fiemg-e-sindvest-norte-realizaram-capacitacao-de-empresarios-sobre-a-logistica-reversa\/#primaryimage\",\"url\":\"https:\/\/www.fiemg.com.br\/regional-norte\/wp-content\/uploads\/sites\/17\/2025\/01\/Webinar-Logistica-Reversa-online.jpeg\",\"contentUrl\":\"https:\/\/www.fiemg.com.br\/regional-norte\/wp-content\/uploads\/sites\/17\/2025\/01\/Webinar-Logistica-Reversa-online.jpeg\",\"width\":200,\"height\":231},{\"@type\":\"BreadcrumbList\",\"@id\":\"https:\/\/www.fiemg.com.br\/regional-norte\/noticias\/fiemg-e-sindvest-norte-realizaram-capacitacao-de-empresarios-sobre-a-logistica-reversa\/#breadcrumb\",\"itemListElement\":[{\"@type\":\"ListItem\",\"position\":1,\"name\":\"In\u00edcio\",\"item\":\"https:\/\/www.fiemg.com.br\/regional-norte\/\"},{\"@type\":\"ListItem\",\"position\":2,\"name\":\"FIEMG e SINDVEST\/Norte realizaram capacita\u00e7\u00e3o de empres\u00e1rios sobre a Log\u00edstica Reversa\"}]},{\"@type\":\"WebSite\",\"@id\":\"https:\/\/www.fiemg.com.br\/regional-norte\/#website\",\"url\":\"https:\/\/www.fiemg.com.br\/regional-norte\/\",\"name\":\"Regional Norte\",\"description\":\"Federa\u00e7\u00e3o das Ind\u00fastrias do Estado de Minas Gerais\",\"publisher\":{\"@id\":\"https:\/\/www.fiemg.com.br\/regional-norte\/#organization\"},\"potentialAction\":[{\"@type\":\"SearchAction\",\"target\":{\"@type\":\"EntryPoint\",\"urlTemplate\":\"https:\/\/www.fiemg.com.br\/regional-norte\/?s={search_term_string}\"},\"query-input\":{\"@type\":\"PropertyValueSpecification\",\"valueRequired\":true,\"valueName\":\"search_term_string\"}}],\"inLanguage\":\"pt-BR\"},{\"@type\":\"Organization\",\"@id\":\"https:\/\/www.fiemg.com.br\/regional-norte\/#organization\",\"name\":\"Regional Norte\",\"url\":\"https:\/\/www.fiemg.com.br\/regional-norte\/\",\"logo\":{\"@type\":\"ImageObject\",\"inLanguage\":\"pt-BR\",\"@id\":\"https:\/\/www.fiemg.com.br\/regional-norte\/#\/schema\/logo\/image\/\",\"url\":\"https:\/\/www.fiemg.com.br\/regional-norte\/wp-content\/uploads\/sites\/17\/2023\/02\/Ativo-1.png\",\"contentUrl\":\"https:\/\/www.fiemg.com.br\/regional-norte\/wp-content\/uploads\/sites\/17\/2023\/02\/Ativo-1.png\",\"width\":563,\"height\":149,\"caption\":\"Regional Norte\"},\"image\":{\"@id\":\"https:\/\/www.fiemg.com.br\/regional-norte\/#\/schema\/logo\/image\/\"}}]}<\/script>\n<!-- \/ Yoast SEO plugin. -->","yoast_head_json":{"title":"FIEMG e SINDVEST\/Norte realizaram capacita\u00e7\u00e3o de empres\u00e1rios sobre a Log\u00edstica Reversa - Regional Norte","robots":{"index":"index","follow":"follow","max-snippet":"max-snippet:-1","max-image-preview":"max-image-preview:large","max-video-preview":"max-video-preview:-1"},"canonical":"https:\/\/www.fiemg.com.br\/regional-norte\/noticias\/fiemg-e-sindvest-norte-realizaram-capacitacao-de-empresarios-sobre-a-logistica-reversa\/","og_locale":"pt_BR","og_type":"article","og_title":"FIEMG e SINDVEST\/Norte realizaram capacita\u00e7\u00e3o de empres\u00e1rios sobre a Log\u00edstica Reversa - Regional Norte","og_description":"Atendendo solicita\u00e7\u00e3o do presidente do Sindicato das Ind\u00fastrias do Vestu\u00e1rio do Norte de Minas (Sindvest\/Norte), Leonardo Souza Silva, a FIEMG, atrav\u00e9s da Regional Norte, realizou uma Webinar para esclarecer sobre o Panorama da Log\u00edstica Reversa no Brasil e as Obriga\u00e7\u00f5es para as Ind\u00fastrias. Por meio da Delibera\u00e7\u00e3o Normativa Copam 249, publicada em 9.2.2024, o Estado [&hellip;]","og_url":"https:\/\/www.fiemg.com.br\/regional-norte\/noticias\/fiemg-e-sindvest-norte-realizaram-capacitacao-de-empresarios-sobre-a-logistica-reversa\/","og_site_name":"Regional Norte","article_modified_time":"2025-01-29T16:47:35+00:00","og_image":[{"width":200,"height":231,"url":"https:\/\/www.fiemg.com.br\/regional-norte\/wp-content\/uploads\/sites\/17\/2025\/01\/Webinar-Logistica-Reversa-online.jpeg","type":"image\/jpeg"}],"twitter_card":"summary_large_image","twitter_misc":{"Est. tempo de leitura":"2 minutos"},"schema":{"@context":"https:\/\/schema.org","@graph":[{"@type":"WebPage","@id":"https:\/\/www.fiemg.com.br\/regional-norte\/noticias\/fiemg-e-sindvest-norte-realizaram-capacitacao-de-empresarios-sobre-a-logistica-reversa\/","url":"https:\/\/www.fiemg.com.br\/regional-norte\/noticias\/fiemg-e-sindvest-norte-realizaram-capacitacao-de-empresarios-sobre-a-logistica-reversa\/","name":"FIEMG e SINDVEST\/Norte realizaram capacita\u00e7\u00e3o de empres\u00e1rios sobre a Log\u00edstica Reversa - Regional Norte","isPartOf":{"@id":"https:\/\/www.fiemg.com.br\/regional-norte\/#website"},"primaryImageOfPage":{"@id":"https:\/\/www.fiemg.com.br\/regional-norte\/noticias\/fiemg-e-sindvest-norte-realizaram-capacitacao-de-empresarios-sobre-a-logistica-reversa\/#primaryimage"},"image":{"@id":"https:\/\/www.fiemg.com.br\/regional-norte\/noticias\/fiemg-e-sindvest-norte-realizaram-capacitacao-de-empresarios-sobre-a-logistica-reversa\/#primaryimage"},"thumbnailUrl":"https:\/\/www.fiemg.com.br\/regional-norte\/wp-content\/uploads\/sites\/17\/2025\/01\/Webinar-Logistica-Reversa-online.jpeg","datePublished":"2025-01-29T16:46:32+00:00","dateModified":"2025-01-29T16:47:35+00:00","breadcrumb":{"@id":"https:\/\/www.fiemg.com.br\/regional-norte\/noticias\/fiemg-e-sindvest-norte-realizaram-capacitacao-de-empresarios-sobre-a-logistica-reversa\/#breadcrumb"},"inLanguage":"pt-BR","potentialAction":[{"@type":"ReadAction","target":["https:\/\/www.fiemg.com.br\/regional-norte\/noticias\/fiemg-e-sindvest-norte-realizaram-capacitacao-de-empresarios-sobre-a-logistica-reversa\/"]}]},{"@type":"ImageObject","inLanguage":"pt-BR","@id":"https:\/\/www.fiemg.com.br\/regional-norte\/noticias\/fiemg-e-sindvest-norte-realizaram-capacitacao-de-empresarios-sobre-a-logistica-reversa\/#primaryimage","url":"https:\/\/www.fiemg.com.br\/regional-norte\/wp-content\/uploads\/sites\/17\/2025\/01\/Webinar-Logistica-Reversa-online.jpeg","contentUrl":"https:\/\/www.fiemg.com.br\/regional-norte\/wp-content\/uploads\/sites\/17\/2025\/01\/Webinar-Logistica-Reversa-online.jpeg","width":200,"height":231},{"@type":"BreadcrumbList","@id":"https:\/\/www.fiemg.com.br\/regional-norte\/noticias\/fiemg-e-sindvest-norte-realizaram-capacitacao-de-empresarios-sobre-a-logistica-reversa\/#breadcrumb","itemListElement":[{"@type":"ListItem","position":1,"name":"In\u00edcio","item":"https:\/\/www.fiemg.com.br\/regional-norte\/"},{"@type":"ListItem","position":2,"name":"FIEMG e SINDVEST\/Norte realizaram capacita\u00e7\u00e3o de empres\u00e1rios sobre a Log\u00edstica Reversa"}]},{"@type":"WebSite","@id":"https:\/\/www.fiemg.com.br\/regional-norte\/#website","url":"https:\/\/www.fiemg.com.br\/regional-norte\/","name":"Regional Norte","description":"Federa\u00e7\u00e3o das Ind\u00fastrias do Estado de Minas Gerais","publisher":{"@id":"https:\/\/www.fiemg.com.br\/regional-norte\/#organization"},"potentialAction":[{"@type":"SearchAction","target":{"@type":"EntryPoint","urlTemplate":"https:\/\/www.fiemg.com.br\/regional-norte\/?s={search_term_string}"},"query-input":{"@type":"PropertyValueSpecification","valueRequired":true,"valueName":"search_term_string"}}],"inLanguage":"pt-BR"},{"@type":"Organization","@id":"https:\/\/www.fiemg.com.br\/regional-norte\/#organization","name":"Regional Norte","url":"https:\/\/www.fiemg.com.br\/regional-norte\/","logo":{"@type":"ImageObject","inLanguage":"pt-BR","@id":"https:\/\/www.fiemg.com.br\/regional-norte\/#\/schema\/logo\/image\/","url":"https:\/\/www.fiemg.com.br\/regional-norte\/wp-content\/uploads\/sites\/17\/2023\/02\/Ativo-1.png","contentUrl":"https:\/\/www.fiemg.com.br\/regional-norte\/wp-content\/uploads\/sites\/17\/2023\/02\/Ativo-1.png","width":563,"height":149,"caption":"Regional Norte"},"image":{"@id":"https:\/\/www.fiemg.com.br\/regional-norte\/#\/schema\/logo\/image\/"}}]}},"_links":{"self":[{"href":"https:\/\/www.fiemg.com.br\/regional-norte\/wp-json\/wp\/v2\/noticias\/2598","targetHints":{"allow":["GET"]}}],"collection":[{"href":"https:\/\/www.fiemg.com.br\/regional-norte\/wp-json\/wp\/v2\/noticias"}],"about":[{"href":"https:\/\/www.fiemg.com.br\/regional-norte\/wp-json\/wp\/v2\/types\/noticias"}],"wp:featuredmedia":[{"embeddable":true,"href":"https:\/\/www.fiemg.com.br\/regional-norte\/wp-json\/wp\/v2\/media\/2599"}],"wp:attachment":[{"href":"https:\/\/www.fiemg.com.br\/regional-norte\/wp-json\/wp\/v2\/media?parent=2598"}],"wp:term":[{"taxonomy":"category","embeddable":true,"href":"https:\/\/www.fiemg.com.br\/regional-norte\/wp-json\/wp\/v2\/categories?post=2598"},{"taxonomy":"post_tag","embeddable":true,"href":"https:\/\/www.fiemg.com.br\/regional-norte\/wp-json\/wp\/v2\/tags?post=2598"}],"curies":[{"name":"wp","href":"https:\/\/api.w.org\/{rel}","templated":true}]}}