{"id":2666,"date":"2025-02-26T16:07:09","date_gmt":"2025-02-26T19:07:09","guid":{"rendered":"https:\/\/www.fiemg.com.br\/regional-norte\/?post_type=noticias&#038;p=2666"},"modified":"2025-02-26T18:49:14","modified_gmt":"2025-02-26T21:49:14","slug":"presidente-da-fiemg-regional-norte-acompanha-diretores-do-cristalia-em-reuniao-na-sudene","status":"publish","type":"noticias","link":"https:\/\/www.fiemg.com.br\/regional-norte\/noticias\/presidente-da-fiemg-regional-norte-acompanha-diretores-do-cristalia-em-reuniao-na-sudene\/","title":{"rendered":"Presidente da FIEMG Regional Norte vai \u00e0 Sudene debater incentivos para ind\u00fastria"},"content":{"rendered":"\n<p>Na \u00faltima segunda-feira (24\/2), o presidente da FIEMG Regional Norte, Adauto Marques Batista, seguindo as diretrizes do presidente da Federa\u00e7\u00e3o, Fl\u00e1vio Roscoe, de prestar assist\u00eancia \u00e0s ind\u00fastrias, esteve na sede da Superintend\u00eancia do Desenvolvimento do Nordeste (Sudene), em Recife, Pernambuco, onde se reuniu com o diretor de Incentivos da autarquia, Heitor Freire.<\/p>\n\n\n\n<p>Na pauta, a concess\u00e3o de incentivos da Sudene e linhas de cr\u00e9ditos para expans\u00e3o de ind\u00fastrias j\u00e1 instaladas na regi\u00e3o Norte de Minas e para implanta\u00e7\u00e3o de novas ind\u00fastrias via FNE\/FDNE (Fundo Constitucional de Financiamento do Nordeste e Fundo de Desenvolvimento do Nordeste)<\/p>\n\n\n\n<p>Tamb\u00e9m participaram da reuni\u00e3o diretores do Laborat\u00f3rio Farmac\u00eautico Crist\u00e1lia que tem uma unidade em Montes Claros, integrando o Polo Farmac\u00eautico local.<\/p>\n\n\n\n<p><strong>FNE<\/strong><\/p>\n\n\n\n<p>O Fundo Constitucional de Financiamento do Nordeste foi criado em 1989, com o objetivo de financiar o setor produtivo regional, com taxas de juros diferenciadas, contribuindo para redu\u00e7\u00e3o das desigualdades regionais. \u00c9 administrado pelo Banco do Nordeste do Brasil (BNB) e tem como \u00e1rea de aplica\u00e7\u00e3o todos os estados nordestinos, al\u00e9m do norte dos estados de Minas Gerais e do Esp\u00edrito Santo, inclu\u00eddos na \u00e1rea de atua\u00e7\u00e3o da Superintend\u00eancia do Desenvolvimento do Nordeste (SUDENE).<\/p>\n\n\n\n<p><strong>FDNE<\/strong><\/p>\n\n\n\n<p>O Fundo de Desenvolvimento do Nordeste visa assegurar recursos para a realiza\u00e7\u00e3o de investimentos na \u00e1rea de atua\u00e7\u00e3o da Sudene, em infraestrutura e servi\u00e7os p\u00fablicos e em empreendimentos produtivos com grande capacidade germinativa de novos neg\u00f3cios e novas atividades produtivas. \u00c9 destinado a empreendimentos de interesse de pessoas jur\u00eddicas que venham a ser implantados, ampliados, modernizados ou diversificados na \u00e1rea de atua\u00e7\u00e3o da Sudene.<br><br><strong>Imprensa FIEMG<\/strong><\/p>\n","protected":false},"featured_media":2667,"template":"","categories":[15,21],"tags":[],"class_list":["post-2666","noticias","type-noticias","status-publish","has-post-thumbnail","hentry","category-desenvolvimento-industrial","category-negociacao-e-atracao-de-investimentos"],"acf":[],"yoast_head":"<!-- This site is optimized with the Yoast SEO plugin v26.2 - https:\/\/yoast.com\/wordpress\/plugins\/seo\/ -->\n<title>Presidente da FIEMG Regional Norte vai \u00e0 Sudene debater incentivos para ind\u00fastria - Regional Norte<\/title>\n<meta name=\"robots\" content=\"index, follow, max-snippet:-1, max-image-preview:large, max-video-preview:-1\" \/>\n<link rel=\"canonical\" href=\"https:\/\/www.fiemg.com.br\/regional-norte\/noticias\/presidente-da-fiemg-regional-norte-acompanha-diretores-do-cristalia-em-reuniao-na-sudene\/\" \/>\n<meta property=\"og:locale\" content=\"pt_BR\" \/>\n<meta property=\"og:type\" content=\"article\" \/>\n<meta property=\"og:title\" content=\"Presidente da FIEMG Regional Norte vai \u00e0 Sudene debater incentivos para ind\u00fastria - Regional Norte\" \/>\n<meta property=\"og:description\" content=\"Na \u00faltima segunda-feira (24\/2), o presidente da FIEMG Regional Norte, Adauto Marques Batista, seguindo as diretrizes do presidente da Federa\u00e7\u00e3o, Fl\u00e1vio Roscoe, de prestar assist\u00eancia \u00e0s ind\u00fastrias, esteve na sede da Superintend\u00eancia do Desenvolvimento do Nordeste (Sudene), em Recife, Pernambuco, onde se reuniu com o diretor de Incentivos da autarquia, Heitor Freire. Na pauta, a [&hellip;]\" \/>\n<meta property=\"og:url\" content=\"https:\/\/www.fiemg.com.br\/regional-norte\/noticias\/presidente-da-fiemg-regional-norte-acompanha-diretores-do-cristalia-em-reuniao-na-sudene\/\" \/>\n<meta property=\"og:site_name\" content=\"Regional Norte\" \/>\n<meta property=\"article:modified_time\" content=\"2025-02-26T21:49:14+00:00\" \/>\n<meta property=\"og:image\" content=\"https:\/\/www.fiemg.com.br\/regional-norte\/wp-content\/uploads\/sites\/17\/2025\/02\/foto-reuniao-sudene-cristalia.jpeg\" \/>\n\t<meta property=\"og:image:width\" content=\"300\" \/>\n\t<meta property=\"og:image:height\" content=\"184\" \/>\n\t<meta property=\"og:image:type\" content=\"image\/jpeg\" \/>\n<meta name=\"twitter:card\" content=\"summary_large_image\" \/>\n<meta name=\"twitter:label1\" content=\"Est. tempo de leitura\" \/>\n\t<meta name=\"twitter:data1\" content=\"2 minutos\" \/>\n<script type=\"application\/ld+json\" class=\"yoast-schema-graph\">{\"@context\":\"https:\/\/schema.org\",\"@graph\":[{\"@type\":\"WebPage\",\"@id\":\"https:\/\/www.fiemg.com.br\/regional-norte\/noticias\/presidente-da-fiemg-regional-norte-acompanha-diretores-do-cristalia-em-reuniao-na-sudene\/\",\"url\":\"https:\/\/www.fiemg.com.br\/regional-norte\/noticias\/presidente-da-fiemg-regional-norte-acompanha-diretores-do-cristalia-em-reuniao-na-sudene\/\",\"name\":\"Presidente da FIEMG Regional Norte vai \u00e0 Sudene debater incentivos para ind\u00fastria - Regional Norte\",\"isPartOf\":{\"@id\":\"https:\/\/www.fiemg.com.br\/regional-norte\/#website\"},\"primaryImageOfPage\":{\"@id\":\"https:\/\/www.fiemg.com.br\/regional-norte\/noticias\/presidente-da-fiemg-regional-norte-acompanha-diretores-do-cristalia-em-reuniao-na-sudene\/#primaryimage\"},\"image\":{\"@id\":\"https:\/\/www.fiemg.com.br\/regional-norte\/noticias\/presidente-da-fiemg-regional-norte-acompanha-diretores-do-cristalia-em-reuniao-na-sudene\/#primaryimage\"},\"thumbnailUrl\":\"https:\/\/www.fiemg.com.br\/regional-norte\/wp-content\/uploads\/sites\/17\/2025\/02\/foto-reuniao-sudene-cristalia.jpeg\",\"datePublished\":\"2025-02-26T19:07:09+00:00\",\"dateModified\":\"2025-02-26T21:49:14+00:00\",\"breadcrumb\":{\"@id\":\"https:\/\/www.fiemg.com.br\/regional-norte\/noticias\/presidente-da-fiemg-regional-norte-acompanha-diretores-do-cristalia-em-reuniao-na-sudene\/#breadcrumb\"},\"inLanguage\":\"pt-BR\",\"potentialAction\":[{\"@type\":\"ReadAction\",\"target\":[\"https:\/\/www.fiemg.com.br\/regional-norte\/noticias\/presidente-da-fiemg-regional-norte-acompanha-diretores-do-cristalia-em-reuniao-na-sudene\/\"]}]},{\"@type\":\"ImageObject\",\"inLanguage\":\"pt-BR\",\"@id\":\"https:\/\/www.fiemg.com.br\/regional-norte\/noticias\/presidente-da-fiemg-regional-norte-acompanha-diretores-do-cristalia-em-reuniao-na-sudene\/#primaryimage\",\"url\":\"https:\/\/www.fiemg.com.br\/regional-norte\/wp-content\/uploads\/sites\/17\/2025\/02\/foto-reuniao-sudene-cristalia.jpeg\",\"contentUrl\":\"https:\/\/www.fiemg.com.br\/regional-norte\/wp-content\/uploads\/sites\/17\/2025\/02\/foto-reuniao-sudene-cristalia.jpeg\",\"width\":300,\"height\":184},{\"@type\":\"BreadcrumbList\",\"@id\":\"https:\/\/www.fiemg.com.br\/regional-norte\/noticias\/presidente-da-fiemg-regional-norte-acompanha-diretores-do-cristalia-em-reuniao-na-sudene\/#breadcrumb\",\"itemListElement\":[{\"@type\":\"ListItem\",\"position\":1,\"name\":\"In\u00edcio\",\"item\":\"https:\/\/www.fiemg.com.br\/regional-norte\/\"},{\"@type\":\"ListItem\",\"position\":2,\"name\":\"Negocia\u00e7\u00e3o e atra\u00e7\u00e3o de investimentos\",\"item\":\"https:\/\/www.fiemg.com.br\/regional-norte\/category\/negociacao-e-atracao-de-investimentos\/\"},{\"@type\":\"ListItem\",\"position\":3,\"name\":\"Presidente da FIEMG Regional Norte vai \u00e0 Sudene debater incentivos para ind\u00fastria\"}]},{\"@type\":\"WebSite\",\"@id\":\"https:\/\/www.fiemg.com.br\/regional-norte\/#website\",\"url\":\"https:\/\/www.fiemg.com.br\/regional-norte\/\",\"name\":\"Regional Norte\",\"description\":\"Federa\u00e7\u00e3o das Ind\u00fastrias do Estado de Minas Gerais\",\"publisher\":{\"@id\":\"https:\/\/www.fiemg.com.br\/regional-norte\/#organization\"},\"potentialAction\":[{\"@type\":\"SearchAction\",\"target\":{\"@type\":\"EntryPoint\",\"urlTemplate\":\"https:\/\/www.fiemg.com.br\/regional-norte\/?s={search_term_string}\"},\"query-input\":{\"@type\":\"PropertyValueSpecification\",\"valueRequired\":true,\"valueName\":\"search_term_string\"}}],\"inLanguage\":\"pt-BR\"},{\"@type\":\"Organization\",\"@id\":\"https:\/\/www.fiemg.com.br\/regional-norte\/#organization\",\"name\":\"Regional Norte\",\"url\":\"https:\/\/www.fiemg.com.br\/regional-norte\/\",\"logo\":{\"@type\":\"ImageObject\",\"inLanguage\":\"pt-BR\",\"@id\":\"https:\/\/www.fiemg.com.br\/regional-norte\/#\/schema\/logo\/image\/\",\"url\":\"https:\/\/www.fiemg.com.br\/regional-norte\/wp-content\/uploads\/sites\/17\/2023\/02\/Ativo-1.png\",\"contentUrl\":\"https:\/\/www.fiemg.com.br\/regional-norte\/wp-content\/uploads\/sites\/17\/2023\/02\/Ativo-1.png\",\"width\":563,\"height\":149,\"caption\":\"Regional Norte\"},\"image\":{\"@id\":\"https:\/\/www.fiemg.com.br\/regional-norte\/#\/schema\/logo\/image\/\"}}]}<\/script>\n<!-- \/ Yoast SEO plugin. -->","yoast_head_json":{"title":"Presidente da FIEMG Regional Norte vai \u00e0 Sudene debater incentivos para ind\u00fastria - Regional Norte","robots":{"index":"index","follow":"follow","max-snippet":"max-snippet:-1","max-image-preview":"max-image-preview:large","max-video-preview":"max-video-preview:-1"},"canonical":"https:\/\/www.fiemg.com.br\/regional-norte\/noticias\/presidente-da-fiemg-regional-norte-acompanha-diretores-do-cristalia-em-reuniao-na-sudene\/","og_locale":"pt_BR","og_type":"article","og_title":"Presidente da FIEMG Regional Norte vai \u00e0 Sudene debater incentivos para ind\u00fastria - Regional Norte","og_description":"Na \u00faltima segunda-feira (24\/2), o presidente da FIEMG Regional Norte, Adauto Marques Batista, seguindo as diretrizes do presidente da Federa\u00e7\u00e3o, Fl\u00e1vio Roscoe, de prestar assist\u00eancia \u00e0s ind\u00fastrias, esteve na sede da Superintend\u00eancia do Desenvolvimento do Nordeste (Sudene), em Recife, Pernambuco, onde se reuniu com o diretor de Incentivos da autarquia, Heitor Freire. Na pauta, a [&hellip;]","og_url":"https:\/\/www.fiemg.com.br\/regional-norte\/noticias\/presidente-da-fiemg-regional-norte-acompanha-diretores-do-cristalia-em-reuniao-na-sudene\/","og_site_name":"Regional Norte","article_modified_time":"2025-02-26T21:49:14+00:00","og_image":[{"width":300,"height":184,"url":"https:\/\/www.fiemg.com.br\/regional-norte\/wp-content\/uploads\/sites\/17\/2025\/02\/foto-reuniao-sudene-cristalia.jpeg","type":"image\/jpeg"}],"twitter_card":"summary_large_image","twitter_misc":{"Est. tempo de leitura":"2 minutos"},"schema":{"@context":"https:\/\/schema.org","@graph":[{"@type":"WebPage","@id":"https:\/\/www.fiemg.com.br\/regional-norte\/noticias\/presidente-da-fiemg-regional-norte-acompanha-diretores-do-cristalia-em-reuniao-na-sudene\/","url":"https:\/\/www.fiemg.com.br\/regional-norte\/noticias\/presidente-da-fiemg-regional-norte-acompanha-diretores-do-cristalia-em-reuniao-na-sudene\/","name":"Presidente da FIEMG Regional Norte vai \u00e0 Sudene debater incentivos para ind\u00fastria - Regional Norte","isPartOf":{"@id":"https:\/\/www.fiemg.com.br\/regional-norte\/#website"},"primaryImageOfPage":{"@id":"https:\/\/www.fiemg.com.br\/regional-norte\/noticias\/presidente-da-fiemg-regional-norte-acompanha-diretores-do-cristalia-em-reuniao-na-sudene\/#primaryimage"},"image":{"@id":"https:\/\/www.fiemg.com.br\/regional-norte\/noticias\/presidente-da-fiemg-regional-norte-acompanha-diretores-do-cristalia-em-reuniao-na-sudene\/#primaryimage"},"thumbnailUrl":"https:\/\/www.fiemg.com.br\/regional-norte\/wp-content\/uploads\/sites\/17\/2025\/02\/foto-reuniao-sudene-cristalia.jpeg","datePublished":"2025-02-26T19:07:09+00:00","dateModified":"2025-02-26T21:49:14+00:00","breadcrumb":{"@id":"https:\/\/www.fiemg.com.br\/regional-norte\/noticias\/presidente-da-fiemg-regional-norte-acompanha-diretores-do-cristalia-em-reuniao-na-sudene\/#breadcrumb"},"inLanguage":"pt-BR","potentialAction":[{"@type":"ReadAction","target":["https:\/\/www.fiemg.com.br\/regional-norte\/noticias\/presidente-da-fiemg-regional-norte-acompanha-diretores-do-cristalia-em-reuniao-na-sudene\/"]}]},{"@type":"ImageObject","inLanguage":"pt-BR","@id":"https:\/\/www.fiemg.com.br\/regional-norte\/noticias\/presidente-da-fiemg-regional-norte-acompanha-diretores-do-cristalia-em-reuniao-na-sudene\/#primaryimage","url":"https:\/\/www.fiemg.com.br\/regional-norte\/wp-content\/uploads\/sites\/17\/2025\/02\/foto-reuniao-sudene-cristalia.jpeg","contentUrl":"https:\/\/www.fiemg.com.br\/regional-norte\/wp-content\/uploads\/sites\/17\/2025\/02\/foto-reuniao-sudene-cristalia.jpeg","width":300,"height":184},{"@type":"BreadcrumbList","@id":"https:\/\/www.fiemg.com.br\/regional-norte\/noticias\/presidente-da-fiemg-regional-norte-acompanha-diretores-do-cristalia-em-reuniao-na-sudene\/#breadcrumb","itemListElement":[{"@type":"ListItem","position":1,"name":"In\u00edcio","item":"https:\/\/www.fiemg.com.br\/regional-norte\/"},{"@type":"ListItem","position":2,"name":"Negocia\u00e7\u00e3o e atra\u00e7\u00e3o de investimentos","item":"https:\/\/www.fiemg.com.br\/regional-norte\/category\/negociacao-e-atracao-de-investimentos\/"},{"@type":"ListItem","position":3,"name":"Presidente da FIEMG Regional Norte vai \u00e0 Sudene debater incentivos para ind\u00fastria"}]},{"@type":"WebSite","@id":"https:\/\/www.fiemg.com.br\/regional-norte\/#website","url":"https:\/\/www.fiemg.com.br\/regional-norte\/","name":"Regional Norte","description":"Federa\u00e7\u00e3o das Ind\u00fastrias do Estado de Minas Gerais","publisher":{"@id":"https:\/\/www.fiemg.com.br\/regional-norte\/#organization"},"potentialAction":[{"@type":"SearchAction","target":{"@type":"EntryPoint","urlTemplate":"https:\/\/www.fiemg.com.br\/regional-norte\/?s={search_term_string}"},"query-input":{"@type":"PropertyValueSpecification","valueRequired":true,"valueName":"search_term_string"}}],"inLanguage":"pt-BR"},{"@type":"Organization","@id":"https:\/\/www.fiemg.com.br\/regional-norte\/#organization","name":"Regional Norte","url":"https:\/\/www.fiemg.com.br\/regional-norte\/","logo":{"@type":"ImageObject","inLanguage":"pt-BR","@id":"https:\/\/www.fiemg.com.br\/regional-norte\/#\/schema\/logo\/image\/","url":"https:\/\/www.fiemg.com.br\/regional-norte\/wp-content\/uploads\/sites\/17\/2023\/02\/Ativo-1.png","contentUrl":"https:\/\/www.fiemg.com.br\/regional-norte\/wp-content\/uploads\/sites\/17\/2023\/02\/Ativo-1.png","width":563,"height":149,"caption":"Regional Norte"},"image":{"@id":"https:\/\/www.fiemg.com.br\/regional-norte\/#\/schema\/logo\/image\/"}}]}},"_links":{"self":[{"href":"https:\/\/www.fiemg.com.br\/regional-norte\/wp-json\/wp\/v2\/noticias\/2666","targetHints":{"allow":["GET"]}}],"collection":[{"href":"https:\/\/www.fiemg.com.br\/regional-norte\/wp-json\/wp\/v2\/noticias"}],"about":[{"href":"https:\/\/www.fiemg.com.br\/regional-norte\/wp-json\/wp\/v2\/types\/noticias"}],"wp:featuredmedia":[{"embeddable":true,"href":"https:\/\/www.fiemg.com.br\/regional-norte\/wp-json\/wp\/v2\/media\/2667"}],"wp:attachment":[{"href":"https:\/\/www.fiemg.com.br\/regional-norte\/wp-json\/wp\/v2\/media?parent=2666"}],"wp:term":[{"taxonomy":"category","embeddable":true,"href":"https:\/\/www.fiemg.com.br\/regional-norte\/wp-json\/wp\/v2\/categories?post=2666"},{"taxonomy":"post_tag","embeddable":true,"href":"https:\/\/www.fiemg.com.br\/regional-norte\/wp-json\/wp\/v2\/tags?post=2666"}],"curies":[{"name":"wp","href":"https:\/\/api.w.org\/{rel}","templated":true}]}}