{"id":2821,"date":"2025-04-16T15:21:13","date_gmt":"2025-04-16T18:21:13","guid":{"rendered":"https:\/\/www.fiemg.com.br\/regional-norte\/?post_type=noticias&#038;p=2821"},"modified":"2025-04-16T15:21:15","modified_gmt":"2025-04-16T18:21:15","slug":"fiemg-regional-norte-e-simetron-lancaram-a-segunda-edicao-do-conexao-industrial-do-norte-de-minas","status":"publish","type":"noticias","link":"https:\/\/www.fiemg.com.br\/regional-norte\/noticias\/fiemg-regional-norte-e-simetron-lancaram-a-segunda-edicao-do-conexao-industrial-do-norte-de-minas\/","title":{"rendered":"FIEMG Regional Norte e SIMETRON lan\u00e7aram a segunda edi\u00e7\u00e3o do Conex\u00e3o Industrial do Norte de Minas"},"content":{"rendered":"\n<p>Cerca de 50 empresas e fornecedores comparecem ao Caf\u00e9 de Lan\u00e7amento da 2\u00aa Edi\u00e7\u00e3o do Conex\u00e3o Industrial, na sede da FIEMG Regional Norte na manh\u00e3 de quarta-feira, 16\/04.<\/p>\n\n\n\n<p>Realizado pela primeira vez no ano passado, o evento foi criado para promover a intera\u00e7\u00e3o de diversos setores Industriais da regi\u00e3o, qualificando fornecedores para atender as grandes ind\u00fastrias, de acordo com suas respectivas necessidades, por meio de networking, pain\u00e9is de apresenta\u00e7\u00e3o de demandas, exposi\u00e7\u00f5es de produtos\/servi\u00e7os e rodada de solu\u00e7\u00f5es financeiras e de neg\u00f3cios.<\/p>\n\n\n\n<p>Devido ao enorme sucesso da primeira edi\u00e7\u00e3o, a expectativa este ano \u00e9 que o n\u00famero de estandes chegue a 30 e o de participantes em mais de 400, sendo 150 deles empresas fornecedoras de produtos e servi\u00e7os para a cadeia produtiva regional. A segunda edi\u00e7\u00e3o tamb\u00e9m foi ampliada para dois dias de evento em espa\u00e7o mais amplo e com novidades: pain\u00e9is tem\u00e1ticos e Arena do Conhecimento, tratando de demandas das empresas e temas atuais.<\/p>\n\n\n\n<p>No Caf\u00e9 foi feito ainda o lan\u00e7amento do IDEATHON-Programa de desenvolvimento de solu\u00e7\u00f5es para as ind\u00fastrias, semelhante ao que acontece dentro de uma incubadora.<\/p>\n\n\n\n<p>O Segundo Conex\u00e3o Industrial do Norte de Minas ser\u00e1 realizado nos dias 19 e 20 de agosto de 2025. <\/p>\n\n\n\n<p>Informa\u00e7\u00f5es e inscri\u00e7\u00f5es: 38 99197-7007.<\/p>\n\n\n\n<p>Rosangela Silveira<\/p>\n\n\n\n<p>Imprensa FIEMG Regional Norte<\/p>\n","protected":false},"featured_media":2823,"template":"","categories":[15],"tags":[],"class_list":["post-2821","noticias","type-noticias","status-publish","has-post-thumbnail","hentry","category-desenvolvimento-industrial"],"acf":[],"yoast_head":"<!-- This site is optimized with the Yoast SEO plugin v26.2 - https:\/\/yoast.com\/wordpress\/plugins\/seo\/ -->\n<title>FIEMG Regional Norte e SIMETRON lan\u00e7aram a segunda edi\u00e7\u00e3o do Conex\u00e3o Industrial do Norte de Minas - Regional Norte<\/title>\n<meta name=\"robots\" content=\"index, follow, max-snippet:-1, max-image-preview:large, max-video-preview:-1\" \/>\n<link rel=\"canonical\" href=\"https:\/\/www.fiemg.com.br\/regional-norte\/noticias\/fiemg-regional-norte-e-simetron-lancaram-a-segunda-edicao-do-conexao-industrial-do-norte-de-minas\/\" \/>\n<meta property=\"og:locale\" content=\"pt_BR\" \/>\n<meta property=\"og:type\" content=\"article\" \/>\n<meta property=\"og:title\" content=\"FIEMG Regional Norte e SIMETRON lan\u00e7aram a segunda edi\u00e7\u00e3o do Conex\u00e3o Industrial do Norte de Minas - Regional Norte\" \/>\n<meta property=\"og:description\" content=\"Cerca de 50 empresas e fornecedores comparecem ao Caf\u00e9 de Lan\u00e7amento da 2\u00aa Edi\u00e7\u00e3o do Conex\u00e3o Industrial, na sede da FIEMG Regional Norte na manh\u00e3 de quarta-feira, 16\/04. Realizado pela primeira vez no ano passado, o evento foi criado para promover a intera\u00e7\u00e3o de diversos setores Industriais da regi\u00e3o, qualificando fornecedores para atender as grandes [&hellip;]\" \/>\n<meta property=\"og:url\" content=\"https:\/\/www.fiemg.com.br\/regional-norte\/noticias\/fiemg-regional-norte-e-simetron-lancaram-a-segunda-edicao-do-conexao-industrial-do-norte-de-minas\/\" \/>\n<meta property=\"og:site_name\" content=\"Regional Norte\" \/>\n<meta property=\"article:modified_time\" content=\"2025-04-16T18:21:15+00:00\" \/>\n<meta property=\"og:image\" content=\"https:\/\/www.fiemg.com.br\/regional-norte\/wp-content\/uploads\/sites\/17\/2025\/04\/Lancamenot-Conexao-Industrial-2025.jpg\" \/>\n\t<meta property=\"og:image:width\" content=\"267\" \/>\n\t<meta property=\"og:image:height\" content=\"200\" \/>\n\t<meta property=\"og:image:type\" content=\"image\/jpeg\" \/>\n<meta name=\"twitter:card\" content=\"summary_large_image\" \/>\n<meta name=\"twitter:label1\" content=\"Est. tempo de leitura\" \/>\n\t<meta name=\"twitter:data1\" content=\"2 minutos\" \/>\n<script type=\"application\/ld+json\" class=\"yoast-schema-graph\">{\"@context\":\"https:\/\/schema.org\",\"@graph\":[{\"@type\":\"WebPage\",\"@id\":\"https:\/\/www.fiemg.com.br\/regional-norte\/noticias\/fiemg-regional-norte-e-simetron-lancaram-a-segunda-edicao-do-conexao-industrial-do-norte-de-minas\/\",\"url\":\"https:\/\/www.fiemg.com.br\/regional-norte\/noticias\/fiemg-regional-norte-e-simetron-lancaram-a-segunda-edicao-do-conexao-industrial-do-norte-de-minas\/\",\"name\":\"FIEMG Regional Norte e SIMETRON lan\u00e7aram a segunda edi\u00e7\u00e3o do Conex\u00e3o Industrial do Norte de Minas - Regional Norte\",\"isPartOf\":{\"@id\":\"https:\/\/www.fiemg.com.br\/regional-norte\/#website\"},\"primaryImageOfPage\":{\"@id\":\"https:\/\/www.fiemg.com.br\/regional-norte\/noticias\/fiemg-regional-norte-e-simetron-lancaram-a-segunda-edicao-do-conexao-industrial-do-norte-de-minas\/#primaryimage\"},\"image\":{\"@id\":\"https:\/\/www.fiemg.com.br\/regional-norte\/noticias\/fiemg-regional-norte-e-simetron-lancaram-a-segunda-edicao-do-conexao-industrial-do-norte-de-minas\/#primaryimage\"},\"thumbnailUrl\":\"https:\/\/www.fiemg.com.br\/regional-norte\/wp-content\/uploads\/sites\/17\/2025\/04\/Lancamenot-Conexao-Industrial-2025.jpg\",\"datePublished\":\"2025-04-16T18:21:13+00:00\",\"dateModified\":\"2025-04-16T18:21:15+00:00\",\"breadcrumb\":{\"@id\":\"https:\/\/www.fiemg.com.br\/regional-norte\/noticias\/fiemg-regional-norte-e-simetron-lancaram-a-segunda-edicao-do-conexao-industrial-do-norte-de-minas\/#breadcrumb\"},\"inLanguage\":\"pt-BR\",\"potentialAction\":[{\"@type\":\"ReadAction\",\"target\":[\"https:\/\/www.fiemg.com.br\/regional-norte\/noticias\/fiemg-regional-norte-e-simetron-lancaram-a-segunda-edicao-do-conexao-industrial-do-norte-de-minas\/\"]}]},{\"@type\":\"ImageObject\",\"inLanguage\":\"pt-BR\",\"@id\":\"https:\/\/www.fiemg.com.br\/regional-norte\/noticias\/fiemg-regional-norte-e-simetron-lancaram-a-segunda-edicao-do-conexao-industrial-do-norte-de-minas\/#primaryimage\",\"url\":\"https:\/\/www.fiemg.com.br\/regional-norte\/wp-content\/uploads\/sites\/17\/2025\/04\/Lancamenot-Conexao-Industrial-2025.jpg\",\"contentUrl\":\"https:\/\/www.fiemg.com.br\/regional-norte\/wp-content\/uploads\/sites\/17\/2025\/04\/Lancamenot-Conexao-Industrial-2025.jpg\",\"width\":267,\"height\":200},{\"@type\":\"BreadcrumbList\",\"@id\":\"https:\/\/www.fiemg.com.br\/regional-norte\/noticias\/fiemg-regional-norte-e-simetron-lancaram-a-segunda-edicao-do-conexao-industrial-do-norte-de-minas\/#breadcrumb\",\"itemListElement\":[{\"@type\":\"ListItem\",\"position\":1,\"name\":\"In\u00edcio\",\"item\":\"https:\/\/www.fiemg.com.br\/regional-norte\/\"},{\"@type\":\"ListItem\",\"position\":2,\"name\":\"FIEMG Regional Norte e SIMETRON lan\u00e7aram a segunda edi\u00e7\u00e3o do Conex\u00e3o Industrial do Norte de Minas\"}]},{\"@type\":\"WebSite\",\"@id\":\"https:\/\/www.fiemg.com.br\/regional-norte\/#website\",\"url\":\"https:\/\/www.fiemg.com.br\/regional-norte\/\",\"name\":\"Regional Norte\",\"description\":\"Federa\u00e7\u00e3o das Ind\u00fastrias do Estado de Minas Gerais\",\"publisher\":{\"@id\":\"https:\/\/www.fiemg.com.br\/regional-norte\/#organization\"},\"potentialAction\":[{\"@type\":\"SearchAction\",\"target\":{\"@type\":\"EntryPoint\",\"urlTemplate\":\"https:\/\/www.fiemg.com.br\/regional-norte\/?s={search_term_string}\"},\"query-input\":{\"@type\":\"PropertyValueSpecification\",\"valueRequired\":true,\"valueName\":\"search_term_string\"}}],\"inLanguage\":\"pt-BR\"},{\"@type\":\"Organization\",\"@id\":\"https:\/\/www.fiemg.com.br\/regional-norte\/#organization\",\"name\":\"Regional Norte\",\"url\":\"https:\/\/www.fiemg.com.br\/regional-norte\/\",\"logo\":{\"@type\":\"ImageObject\",\"inLanguage\":\"pt-BR\",\"@id\":\"https:\/\/www.fiemg.com.br\/regional-norte\/#\/schema\/logo\/image\/\",\"url\":\"https:\/\/www.fiemg.com.br\/regional-norte\/wp-content\/uploads\/sites\/17\/2023\/02\/Ativo-1.png\",\"contentUrl\":\"https:\/\/www.fiemg.com.br\/regional-norte\/wp-content\/uploads\/sites\/17\/2023\/02\/Ativo-1.png\",\"width\":563,\"height\":149,\"caption\":\"Regional Norte\"},\"image\":{\"@id\":\"https:\/\/www.fiemg.com.br\/regional-norte\/#\/schema\/logo\/image\/\"}}]}<\/script>\n<!-- \/ Yoast SEO plugin. -->","yoast_head_json":{"title":"FIEMG Regional Norte e SIMETRON lan\u00e7aram a segunda edi\u00e7\u00e3o do Conex\u00e3o Industrial do Norte de Minas - Regional Norte","robots":{"index":"index","follow":"follow","max-snippet":"max-snippet:-1","max-image-preview":"max-image-preview:large","max-video-preview":"max-video-preview:-1"},"canonical":"https:\/\/www.fiemg.com.br\/regional-norte\/noticias\/fiemg-regional-norte-e-simetron-lancaram-a-segunda-edicao-do-conexao-industrial-do-norte-de-minas\/","og_locale":"pt_BR","og_type":"article","og_title":"FIEMG Regional Norte e SIMETRON lan\u00e7aram a segunda edi\u00e7\u00e3o do Conex\u00e3o Industrial do Norte de Minas - Regional Norte","og_description":"Cerca de 50 empresas e fornecedores comparecem ao Caf\u00e9 de Lan\u00e7amento da 2\u00aa Edi\u00e7\u00e3o do Conex\u00e3o Industrial, na sede da FIEMG Regional Norte na manh\u00e3 de quarta-feira, 16\/04. Realizado pela primeira vez no ano passado, o evento foi criado para promover a intera\u00e7\u00e3o de diversos setores Industriais da regi\u00e3o, qualificando fornecedores para atender as grandes [&hellip;]","og_url":"https:\/\/www.fiemg.com.br\/regional-norte\/noticias\/fiemg-regional-norte-e-simetron-lancaram-a-segunda-edicao-do-conexao-industrial-do-norte-de-minas\/","og_site_name":"Regional Norte","article_modified_time":"2025-04-16T18:21:15+00:00","og_image":[{"width":267,"height":200,"url":"https:\/\/www.fiemg.com.br\/regional-norte\/wp-content\/uploads\/sites\/17\/2025\/04\/Lancamenot-Conexao-Industrial-2025.jpg","type":"image\/jpeg"}],"twitter_card":"summary_large_image","twitter_misc":{"Est. tempo de leitura":"2 minutos"},"schema":{"@context":"https:\/\/schema.org","@graph":[{"@type":"WebPage","@id":"https:\/\/www.fiemg.com.br\/regional-norte\/noticias\/fiemg-regional-norte-e-simetron-lancaram-a-segunda-edicao-do-conexao-industrial-do-norte-de-minas\/","url":"https:\/\/www.fiemg.com.br\/regional-norte\/noticias\/fiemg-regional-norte-e-simetron-lancaram-a-segunda-edicao-do-conexao-industrial-do-norte-de-minas\/","name":"FIEMG Regional Norte e SIMETRON lan\u00e7aram a segunda edi\u00e7\u00e3o do Conex\u00e3o Industrial do Norte de Minas - Regional Norte","isPartOf":{"@id":"https:\/\/www.fiemg.com.br\/regional-norte\/#website"},"primaryImageOfPage":{"@id":"https:\/\/www.fiemg.com.br\/regional-norte\/noticias\/fiemg-regional-norte-e-simetron-lancaram-a-segunda-edicao-do-conexao-industrial-do-norte-de-minas\/#primaryimage"},"image":{"@id":"https:\/\/www.fiemg.com.br\/regional-norte\/noticias\/fiemg-regional-norte-e-simetron-lancaram-a-segunda-edicao-do-conexao-industrial-do-norte-de-minas\/#primaryimage"},"thumbnailUrl":"https:\/\/www.fiemg.com.br\/regional-norte\/wp-content\/uploads\/sites\/17\/2025\/04\/Lancamenot-Conexao-Industrial-2025.jpg","datePublished":"2025-04-16T18:21:13+00:00","dateModified":"2025-04-16T18:21:15+00:00","breadcrumb":{"@id":"https:\/\/www.fiemg.com.br\/regional-norte\/noticias\/fiemg-regional-norte-e-simetron-lancaram-a-segunda-edicao-do-conexao-industrial-do-norte-de-minas\/#breadcrumb"},"inLanguage":"pt-BR","potentialAction":[{"@type":"ReadAction","target":["https:\/\/www.fiemg.com.br\/regional-norte\/noticias\/fiemg-regional-norte-e-simetron-lancaram-a-segunda-edicao-do-conexao-industrial-do-norte-de-minas\/"]}]},{"@type":"ImageObject","inLanguage":"pt-BR","@id":"https:\/\/www.fiemg.com.br\/regional-norte\/noticias\/fiemg-regional-norte-e-simetron-lancaram-a-segunda-edicao-do-conexao-industrial-do-norte-de-minas\/#primaryimage","url":"https:\/\/www.fiemg.com.br\/regional-norte\/wp-content\/uploads\/sites\/17\/2025\/04\/Lancamenot-Conexao-Industrial-2025.jpg","contentUrl":"https:\/\/www.fiemg.com.br\/regional-norte\/wp-content\/uploads\/sites\/17\/2025\/04\/Lancamenot-Conexao-Industrial-2025.jpg","width":267,"height":200},{"@type":"BreadcrumbList","@id":"https:\/\/www.fiemg.com.br\/regional-norte\/noticias\/fiemg-regional-norte-e-simetron-lancaram-a-segunda-edicao-do-conexao-industrial-do-norte-de-minas\/#breadcrumb","itemListElement":[{"@type":"ListItem","position":1,"name":"In\u00edcio","item":"https:\/\/www.fiemg.com.br\/regional-norte\/"},{"@type":"ListItem","position":2,"name":"FIEMG Regional Norte e SIMETRON lan\u00e7aram a segunda edi\u00e7\u00e3o do Conex\u00e3o Industrial do Norte de Minas"}]},{"@type":"WebSite","@id":"https:\/\/www.fiemg.com.br\/regional-norte\/#website","url":"https:\/\/www.fiemg.com.br\/regional-norte\/","name":"Regional Norte","description":"Federa\u00e7\u00e3o das Ind\u00fastrias do Estado de Minas Gerais","publisher":{"@id":"https:\/\/www.fiemg.com.br\/regional-norte\/#organization"},"potentialAction":[{"@type":"SearchAction","target":{"@type":"EntryPoint","urlTemplate":"https:\/\/www.fiemg.com.br\/regional-norte\/?s={search_term_string}"},"query-input":{"@type":"PropertyValueSpecification","valueRequired":true,"valueName":"search_term_string"}}],"inLanguage":"pt-BR"},{"@type":"Organization","@id":"https:\/\/www.fiemg.com.br\/regional-norte\/#organization","name":"Regional Norte","url":"https:\/\/www.fiemg.com.br\/regional-norte\/","logo":{"@type":"ImageObject","inLanguage":"pt-BR","@id":"https:\/\/www.fiemg.com.br\/regional-norte\/#\/schema\/logo\/image\/","url":"https:\/\/www.fiemg.com.br\/regional-norte\/wp-content\/uploads\/sites\/17\/2023\/02\/Ativo-1.png","contentUrl":"https:\/\/www.fiemg.com.br\/regional-norte\/wp-content\/uploads\/sites\/17\/2023\/02\/Ativo-1.png","width":563,"height":149,"caption":"Regional Norte"},"image":{"@id":"https:\/\/www.fiemg.com.br\/regional-norte\/#\/schema\/logo\/image\/"}}]}},"_links":{"self":[{"href":"https:\/\/www.fiemg.com.br\/regional-norte\/wp-json\/wp\/v2\/noticias\/2821","targetHints":{"allow":["GET"]}}],"collection":[{"href":"https:\/\/www.fiemg.com.br\/regional-norte\/wp-json\/wp\/v2\/noticias"}],"about":[{"href":"https:\/\/www.fiemg.com.br\/regional-norte\/wp-json\/wp\/v2\/types\/noticias"}],"wp:featuredmedia":[{"embeddable":true,"href":"https:\/\/www.fiemg.com.br\/regional-norte\/wp-json\/wp\/v2\/media\/2823"}],"wp:attachment":[{"href":"https:\/\/www.fiemg.com.br\/regional-norte\/wp-json\/wp\/v2\/media?parent=2821"}],"wp:term":[{"taxonomy":"category","embeddable":true,"href":"https:\/\/www.fiemg.com.br\/regional-norte\/wp-json\/wp\/v2\/categories?post=2821"},{"taxonomy":"post_tag","embeddable":true,"href":"https:\/\/www.fiemg.com.br\/regional-norte\/wp-json\/wp\/v2\/tags?post=2821"}],"curies":[{"name":"wp","href":"https:\/\/api.w.org\/{rel}","templated":true}]}}