{"id":2904,"date":"2025-06-03T11:45:29","date_gmt":"2025-06-03T14:45:29","guid":{"rendered":"https:\/\/www.fiemg.com.br\/regional-norte\/?post_type=noticias&#038;p=2904"},"modified":"2025-06-03T11:47:04","modified_gmt":"2025-06-03T14:47:04","slug":"fiemg-reune-especialistas-e-empresas-para-discutir-o-futuro-da-energia-no-brasil","status":"publish","type":"noticias","link":"https:\/\/www.fiemg.com.br\/regional-norte\/noticias\/fiemg-reune-especialistas-e-empresas-para-discutir-o-futuro-da-energia-no-brasil\/","title":{"rendered":"FIEMG re\u00fane especialistas e empresas para discutir o futuro da energia no Brasil"},"content":{"rendered":"\n<p>Em comemora\u00e7\u00e3o ao Dia Mundial da Energia, a FIEMG, por meio de sua Ger\u00eancia de Energia, realizou o evento &#8220;Energia em Pauta&#8221; no dia 3 de junho, reunindo mais de 100 participantes, entre especialistas do setor, empresas e profissionais interessados em debater os desafios e as solu\u00e7\u00f5es para um futuro energ\u00e9tico mais sustent\u00e1vel, inovador e consciente.<\/p>\n\n\n\n<p>A abertura do evento ficou a cargo de T\u00e2nia Santos, gerente de Energia da FIEMG, que destacou a relev\u00e2ncia da transi\u00e7\u00e3o energ\u00e9tica, da efici\u00eancia e das novas tecnologias para o setor. Ela enfatizou o papel estrat\u00e9gico da energia no desenvolvimento econ\u00f4mico e sustent\u00e1vel, reconhecendo os m\u00faltiplos desafios enfrentados pelo setor el\u00e9trico e convidando os participantes a se engajarem ativamente nas discuss\u00f5es.<\/p>\n\n\n\n<p>\u201cNosso objetivo \u00e9 que cada um saia daqui com mais experi\u00eancias e conhecimentos sobre efici\u00eancia energ\u00e9tica, novas tecnologias e a transi\u00e7\u00e3o energ\u00e9tica, temas cruciais para o futuro do setor\u201d, afirmou T\u00e2nia Santos.<\/p>\n\n\n\n<p>A primeira palestra foi conduzida por Carla Ach\u00e3o, superintendente da Diretoria de Estudos Econ\u00f4micos e Energ\u00e9ticos da Empresa de Pesquisa Energ\u00e9tica (EPE). Carla apresentou um conjunto de a\u00e7\u00f5es estrat\u00e9gicas, divididas em quatro grandes grupos: diagn\u00f3sticos setoriais, di\u00e1logos com parceiros e ind\u00fastria, estudos setoriais para o desenvolvimento de roadmaps e webinars para discuss\u00e3o de conceitos e defini\u00e7\u00f5es.<\/p>\n\n\n\n<p>&#8220;\u00c9 essencial entender e definir claramente o que chamamos de efici\u00eancia energ\u00e9tica. Nosso trabalho parte de um diagn\u00f3stico e de um di\u00e1logo constante com os setores consumidores e industriais para desenvolver a\u00e7\u00f5es e estudos que nos permitam avan\u00e7ar nesse tema&#8221;, destacou Carla Ach\u00e3o.<\/p>\n\n\n\n<p>Na sequ\u00eancia, Dalmir Capetta, gerente de Engenharia, Opera\u00e7\u00e3o e Medi\u00e7\u00e3o da C\u00e2mara de Comercializa\u00e7\u00e3o de Energia El\u00e9trica (CCEE), abordou os desafios e os aprimoramentos necess\u00e1rios para o mercado de energia competitivo. Ele comentou sobre as mudan\u00e7as trazidas pela Medida Provis\u00f3ria 1300, que amplia a participa\u00e7\u00e3o de consumidores no mercado de energia e prepara o setor para a abertura prevista para 2026, envolvendo consumidores comerciais e residenciais.<\/p>\n\n\n\n<p>&#8220;A medida provis\u00f3ria traz uma oportunidade para ampliar a competitividade no setor de energia, com a inclus\u00e3o de novos consumidores e uma maior transpar\u00eancia no mercado&#8221;, afirmou Dalmir Capetta.<\/p>\n\n\n\n<p>Para encerrar o ciclo de apresenta\u00e7\u00f5es, T\u00e2nia Santos convidou Ang\u00e9lica Murta, analista da Ger\u00eancia de Energia da ArcelorMittal Brasil, que compartilhou a experi\u00eancia da ind\u00fastria no tema &#8220;Fomento \u00e0 efici\u00eancia energ\u00e9tica na ArcelorMittal Brasil&#8221;. Ang\u00e9lica destacou a efici\u00eancia energ\u00e9tica como um dos principais motores para a descarboniza\u00e7\u00e3o e para uma transi\u00e7\u00e3o energ\u00e9tica justa.<\/p>\n\n\n\n<p>&#8220;Falar de efici\u00eancia energ\u00e9tica, para mim, pessoalmente, \u00e9 um privil\u00e9gio, pois acredito que \u00e9 um dos mais importantes drivers para a descarboniza\u00e7\u00e3o e a transi\u00e7\u00e3o energ\u00e9tica justa. Na ArcelorMittal Brasil, somos l\u00edderes mundiais em solu\u00e7\u00f5es de a\u00e7o de alto valor agregado, presentes nos setores automotivo, civil, eletrodom\u00e9sticos, energia, ind\u00fastria naval e no agroneg\u00f3cio. Temos um compromisso com o Acordo de Paris, com a meta de reduzir as emiss\u00f5es em 25% nos escopos 1 e 2 at\u00e9 2030 e, at\u00e9 2050, alcan\u00e7ar a neutralidade de carbono&#8221;, afirmou Ang\u00e9lica Murta.<\/p>\n\n\n\n<p><em>Fernanda Borges<\/em><br><strong>Imprensa FIEMG<\/strong><\/p>\n","protected":false},"featured_media":2907,"template":"","categories":[15],"tags":[221,220,75],"class_list":["post-2904","noticias","type-noticias","status-publish","has-post-thumbnail","hentry","category-desenvolvimento-industrial","tag-eficiencia-energetica","tag-energia","tag-fiemg"],"acf":[],"yoast_head":"<!-- This site is optimized with the Yoast SEO plugin v26.2 - https:\/\/yoast.com\/wordpress\/plugins\/seo\/ -->\n<title>FIEMG re\u00fane especialistas e empresas para discutir o futuro da energia no Brasil - Regional Norte<\/title>\n<meta name=\"description\" content=\"Evento \u201cEnergia em Pauta\u201d destaca avan\u00e7os, desafios e solu\u00e7\u00f5es para uma transi\u00e7\u00e3o energ\u00e9tica sustent\u00e1vel e inovadora.\" \/>\n<meta name=\"robots\" content=\"index, follow, max-snippet:-1, max-image-preview:large, max-video-preview:-1\" \/>\n<link rel=\"canonical\" href=\"https:\/\/www.fiemg.com.br\/regional-norte\/noticias\/fiemg-reune-especialistas-e-empresas-para-discutir-o-futuro-da-energia-no-brasil\/\" \/>\n<meta property=\"og:locale\" content=\"pt_BR\" \/>\n<meta property=\"og:type\" content=\"article\" \/>\n<meta property=\"og:title\" content=\"FIEMG re\u00fane especialistas e empresas para discutir o futuro da energia no Brasil - Regional Norte\" \/>\n<meta property=\"og:description\" content=\"Evento \u201cEnergia em Pauta\u201d destaca avan\u00e7os, desafios e solu\u00e7\u00f5es para uma transi\u00e7\u00e3o energ\u00e9tica sustent\u00e1vel e inovadora.\" \/>\n<meta property=\"og:url\" content=\"https:\/\/www.fiemg.com.br\/regional-norte\/noticias\/fiemg-reune-especialistas-e-empresas-para-discutir-o-futuro-da-energia-no-brasil\/\" \/>\n<meta property=\"og:site_name\" content=\"Regional Norte\" \/>\n<meta property=\"article:modified_time\" content=\"2025-06-03T14:47:04+00:00\" \/>\n<meta property=\"og:image\" content=\"https:\/\/www.fiemg.com.br\/regional-norte\/wp-content\/uploads\/sites\/17\/2025\/06\/ENERGIA-EM-PAUTA-1.png\" \/>\n\t<meta property=\"og:image:width\" content=\"512\" \/>\n\t<meta property=\"og:image:height\" content=\"512\" \/>\n\t<meta property=\"og:image:type\" content=\"image\/png\" \/>\n<meta name=\"twitter:card\" content=\"summary_large_image\" \/>\n<meta name=\"twitter:label1\" content=\"Est. tempo de leitura\" \/>\n\t<meta name=\"twitter:data1\" content=\"3 minutos\" \/>\n<script type=\"application\/ld+json\" class=\"yoast-schema-graph\">{\"@context\":\"https:\/\/schema.org\",\"@graph\":[{\"@type\":\"WebPage\",\"@id\":\"https:\/\/www.fiemg.com.br\/regional-norte\/noticias\/fiemg-reune-especialistas-e-empresas-para-discutir-o-futuro-da-energia-no-brasil\/\",\"url\":\"https:\/\/www.fiemg.com.br\/regional-norte\/noticias\/fiemg-reune-especialistas-e-empresas-para-discutir-o-futuro-da-energia-no-brasil\/\",\"name\":\"FIEMG re\u00fane especialistas e empresas para discutir o futuro da energia no Brasil - Regional Norte\",\"isPartOf\":{\"@id\":\"https:\/\/www.fiemg.com.br\/regional-norte\/#website\"},\"primaryImageOfPage\":{\"@id\":\"https:\/\/www.fiemg.com.br\/regional-norte\/noticias\/fiemg-reune-especialistas-e-empresas-para-discutir-o-futuro-da-energia-no-brasil\/#primaryimage\"},\"image\":{\"@id\":\"https:\/\/www.fiemg.com.br\/regional-norte\/noticias\/fiemg-reune-especialistas-e-empresas-para-discutir-o-futuro-da-energia-no-brasil\/#primaryimage\"},\"thumbnailUrl\":\"https:\/\/www.fiemg.com.br\/regional-norte\/wp-content\/uploads\/sites\/17\/2025\/06\/ENERGIA-EM-PAUTA-1.png\",\"datePublished\":\"2025-06-03T14:45:29+00:00\",\"dateModified\":\"2025-06-03T14:47:04+00:00\",\"description\":\"Evento \u201cEnergia em Pauta\u201d destaca avan\u00e7os, desafios e solu\u00e7\u00f5es para uma transi\u00e7\u00e3o energ\u00e9tica sustent\u00e1vel e inovadora.\",\"breadcrumb\":{\"@id\":\"https:\/\/www.fiemg.com.br\/regional-norte\/noticias\/fiemg-reune-especialistas-e-empresas-para-discutir-o-futuro-da-energia-no-brasil\/#breadcrumb\"},\"inLanguage\":\"pt-BR\",\"potentialAction\":[{\"@type\":\"ReadAction\",\"target\":[\"https:\/\/www.fiemg.com.br\/regional-norte\/noticias\/fiemg-reune-especialistas-e-empresas-para-discutir-o-futuro-da-energia-no-brasil\/\"]}]},{\"@type\":\"ImageObject\",\"inLanguage\":\"pt-BR\",\"@id\":\"https:\/\/www.fiemg.com.br\/regional-norte\/noticias\/fiemg-reune-especialistas-e-empresas-para-discutir-o-futuro-da-energia-no-brasil\/#primaryimage\",\"url\":\"https:\/\/www.fiemg.com.br\/regional-norte\/wp-content\/uploads\/sites\/17\/2025\/06\/ENERGIA-EM-PAUTA-1.png\",\"contentUrl\":\"https:\/\/www.fiemg.com.br\/regional-norte\/wp-content\/uploads\/sites\/17\/2025\/06\/ENERGIA-EM-PAUTA-1.png\",\"width\":512,\"height\":512},{\"@type\":\"BreadcrumbList\",\"@id\":\"https:\/\/www.fiemg.com.br\/regional-norte\/noticias\/fiemg-reune-especialistas-e-empresas-para-discutir-o-futuro-da-energia-no-brasil\/#breadcrumb\",\"itemListElement\":[{\"@type\":\"ListItem\",\"position\":1,\"name\":\"In\u00edcio\",\"item\":\"https:\/\/www.fiemg.com.br\/regional-norte\/\"},{\"@type\":\"ListItem\",\"position\":2,\"name\":\"FIEMG re\u00fane especialistas e empresas para discutir o futuro da energia no Brasil\"}]},{\"@type\":\"WebSite\",\"@id\":\"https:\/\/www.fiemg.com.br\/regional-norte\/#website\",\"url\":\"https:\/\/www.fiemg.com.br\/regional-norte\/\",\"name\":\"Regional Norte\",\"description\":\"Federa\u00e7\u00e3o das Ind\u00fastrias do Estado de Minas Gerais\",\"publisher\":{\"@id\":\"https:\/\/www.fiemg.com.br\/regional-norte\/#organization\"},\"potentialAction\":[{\"@type\":\"SearchAction\",\"target\":{\"@type\":\"EntryPoint\",\"urlTemplate\":\"https:\/\/www.fiemg.com.br\/regional-norte\/?s={search_term_string}\"},\"query-input\":{\"@type\":\"PropertyValueSpecification\",\"valueRequired\":true,\"valueName\":\"search_term_string\"}}],\"inLanguage\":\"pt-BR\"},{\"@type\":\"Organization\",\"@id\":\"https:\/\/www.fiemg.com.br\/regional-norte\/#organization\",\"name\":\"Regional Norte\",\"url\":\"https:\/\/www.fiemg.com.br\/regional-norte\/\",\"logo\":{\"@type\":\"ImageObject\",\"inLanguage\":\"pt-BR\",\"@id\":\"https:\/\/www.fiemg.com.br\/regional-norte\/#\/schema\/logo\/image\/\",\"url\":\"https:\/\/www.fiemg.com.br\/regional-norte\/wp-content\/uploads\/sites\/17\/2023\/02\/Ativo-1.png\",\"contentUrl\":\"https:\/\/www.fiemg.com.br\/regional-norte\/wp-content\/uploads\/sites\/17\/2023\/02\/Ativo-1.png\",\"width\":563,\"height\":149,\"caption\":\"Regional Norte\"},\"image\":{\"@id\":\"https:\/\/www.fiemg.com.br\/regional-norte\/#\/schema\/logo\/image\/\"}}]}<\/script>\n<!-- \/ Yoast SEO plugin. -->","yoast_head_json":{"title":"FIEMG re\u00fane especialistas e empresas para discutir o futuro da energia no Brasil - Regional Norte","description":"Evento \u201cEnergia em Pauta\u201d destaca avan\u00e7os, desafios e solu\u00e7\u00f5es para uma transi\u00e7\u00e3o energ\u00e9tica sustent\u00e1vel e inovadora.","robots":{"index":"index","follow":"follow","max-snippet":"max-snippet:-1","max-image-preview":"max-image-preview:large","max-video-preview":"max-video-preview:-1"},"canonical":"https:\/\/www.fiemg.com.br\/regional-norte\/noticias\/fiemg-reune-especialistas-e-empresas-para-discutir-o-futuro-da-energia-no-brasil\/","og_locale":"pt_BR","og_type":"article","og_title":"FIEMG re\u00fane especialistas e empresas para discutir o futuro da energia no Brasil - Regional Norte","og_description":"Evento \u201cEnergia em Pauta\u201d destaca avan\u00e7os, desafios e solu\u00e7\u00f5es para uma transi\u00e7\u00e3o energ\u00e9tica sustent\u00e1vel e inovadora.","og_url":"https:\/\/www.fiemg.com.br\/regional-norte\/noticias\/fiemg-reune-especialistas-e-empresas-para-discutir-o-futuro-da-energia-no-brasil\/","og_site_name":"Regional Norte","article_modified_time":"2025-06-03T14:47:04+00:00","og_image":[{"width":512,"height":512,"url":"https:\/\/www.fiemg.com.br\/regional-norte\/wp-content\/uploads\/sites\/17\/2025\/06\/ENERGIA-EM-PAUTA-1.png","type":"image\/png"}],"twitter_card":"summary_large_image","twitter_misc":{"Est. tempo de leitura":"3 minutos"},"schema":{"@context":"https:\/\/schema.org","@graph":[{"@type":"WebPage","@id":"https:\/\/www.fiemg.com.br\/regional-norte\/noticias\/fiemg-reune-especialistas-e-empresas-para-discutir-o-futuro-da-energia-no-brasil\/","url":"https:\/\/www.fiemg.com.br\/regional-norte\/noticias\/fiemg-reune-especialistas-e-empresas-para-discutir-o-futuro-da-energia-no-brasil\/","name":"FIEMG re\u00fane especialistas e empresas para discutir o futuro da energia no Brasil - Regional Norte","isPartOf":{"@id":"https:\/\/www.fiemg.com.br\/regional-norte\/#website"},"primaryImageOfPage":{"@id":"https:\/\/www.fiemg.com.br\/regional-norte\/noticias\/fiemg-reune-especialistas-e-empresas-para-discutir-o-futuro-da-energia-no-brasil\/#primaryimage"},"image":{"@id":"https:\/\/www.fiemg.com.br\/regional-norte\/noticias\/fiemg-reune-especialistas-e-empresas-para-discutir-o-futuro-da-energia-no-brasil\/#primaryimage"},"thumbnailUrl":"https:\/\/www.fiemg.com.br\/regional-norte\/wp-content\/uploads\/sites\/17\/2025\/06\/ENERGIA-EM-PAUTA-1.png","datePublished":"2025-06-03T14:45:29+00:00","dateModified":"2025-06-03T14:47:04+00:00","description":"Evento \u201cEnergia em Pauta\u201d destaca avan\u00e7os, desafios e solu\u00e7\u00f5es para uma transi\u00e7\u00e3o energ\u00e9tica sustent\u00e1vel e inovadora.","breadcrumb":{"@id":"https:\/\/www.fiemg.com.br\/regional-norte\/noticias\/fiemg-reune-especialistas-e-empresas-para-discutir-o-futuro-da-energia-no-brasil\/#breadcrumb"},"inLanguage":"pt-BR","potentialAction":[{"@type":"ReadAction","target":["https:\/\/www.fiemg.com.br\/regional-norte\/noticias\/fiemg-reune-especialistas-e-empresas-para-discutir-o-futuro-da-energia-no-brasil\/"]}]},{"@type":"ImageObject","inLanguage":"pt-BR","@id":"https:\/\/www.fiemg.com.br\/regional-norte\/noticias\/fiemg-reune-especialistas-e-empresas-para-discutir-o-futuro-da-energia-no-brasil\/#primaryimage","url":"https:\/\/www.fiemg.com.br\/regional-norte\/wp-content\/uploads\/sites\/17\/2025\/06\/ENERGIA-EM-PAUTA-1.png","contentUrl":"https:\/\/www.fiemg.com.br\/regional-norte\/wp-content\/uploads\/sites\/17\/2025\/06\/ENERGIA-EM-PAUTA-1.png","width":512,"height":512},{"@type":"BreadcrumbList","@id":"https:\/\/www.fiemg.com.br\/regional-norte\/noticias\/fiemg-reune-especialistas-e-empresas-para-discutir-o-futuro-da-energia-no-brasil\/#breadcrumb","itemListElement":[{"@type":"ListItem","position":1,"name":"In\u00edcio","item":"https:\/\/www.fiemg.com.br\/regional-norte\/"},{"@type":"ListItem","position":2,"name":"FIEMG re\u00fane especialistas e empresas para discutir o futuro da energia no Brasil"}]},{"@type":"WebSite","@id":"https:\/\/www.fiemg.com.br\/regional-norte\/#website","url":"https:\/\/www.fiemg.com.br\/regional-norte\/","name":"Regional Norte","description":"Federa\u00e7\u00e3o das Ind\u00fastrias do Estado de Minas Gerais","publisher":{"@id":"https:\/\/www.fiemg.com.br\/regional-norte\/#organization"},"potentialAction":[{"@type":"SearchAction","target":{"@type":"EntryPoint","urlTemplate":"https:\/\/www.fiemg.com.br\/regional-norte\/?s={search_term_string}"},"query-input":{"@type":"PropertyValueSpecification","valueRequired":true,"valueName":"search_term_string"}}],"inLanguage":"pt-BR"},{"@type":"Organization","@id":"https:\/\/www.fiemg.com.br\/regional-norte\/#organization","name":"Regional Norte","url":"https:\/\/www.fiemg.com.br\/regional-norte\/","logo":{"@type":"ImageObject","inLanguage":"pt-BR","@id":"https:\/\/www.fiemg.com.br\/regional-norte\/#\/schema\/logo\/image\/","url":"https:\/\/www.fiemg.com.br\/regional-norte\/wp-content\/uploads\/sites\/17\/2023\/02\/Ativo-1.png","contentUrl":"https:\/\/www.fiemg.com.br\/regional-norte\/wp-content\/uploads\/sites\/17\/2023\/02\/Ativo-1.png","width":563,"height":149,"caption":"Regional Norte"},"image":{"@id":"https:\/\/www.fiemg.com.br\/regional-norte\/#\/schema\/logo\/image\/"}}]}},"_links":{"self":[{"href":"https:\/\/www.fiemg.com.br\/regional-norte\/wp-json\/wp\/v2\/noticias\/2904","targetHints":{"allow":["GET"]}}],"collection":[{"href":"https:\/\/www.fiemg.com.br\/regional-norte\/wp-json\/wp\/v2\/noticias"}],"about":[{"href":"https:\/\/www.fiemg.com.br\/regional-norte\/wp-json\/wp\/v2\/types\/noticias"}],"wp:featuredmedia":[{"embeddable":true,"href":"https:\/\/www.fiemg.com.br\/regional-norte\/wp-json\/wp\/v2\/media\/2907"}],"wp:attachment":[{"href":"https:\/\/www.fiemg.com.br\/regional-norte\/wp-json\/wp\/v2\/media?parent=2904"}],"wp:term":[{"taxonomy":"category","embeddable":true,"href":"https:\/\/www.fiemg.com.br\/regional-norte\/wp-json\/wp\/v2\/categories?post=2904"},{"taxonomy":"post_tag","embeddable":true,"href":"https:\/\/www.fiemg.com.br\/regional-norte\/wp-json\/wp\/v2\/tags?post=2904"}],"curies":[{"name":"wp","href":"https:\/\/api.w.org\/{rel}","templated":true}]}}