{"id":2941,"date":"2025-06-11T14:21:06","date_gmt":"2025-06-11T17:21:06","guid":{"rendered":"https:\/\/www.fiemg.com.br\/regional-norte\/?post_type=noticias&#038;p=2941"},"modified":"2025-06-11T14:22:16","modified_gmt":"2025-06-11T17:22:16","slug":"presidente-da-fiemg-regional-norte-recebe-o-comandante-da-11a-rpm-da-policia-militar-e-um-vereador","status":"publish","type":"noticias","link":"https:\/\/www.fiemg.com.br\/regional-norte\/noticias\/presidente-da-fiemg-regional-norte-recebe-o-comandante-da-11a-rpm-da-policia-militar-e-um-vereador\/","title":{"rendered":"Presidente da FIEMG Regional Norte recebe o comandante da 11\u00aa RPM da Pol\u00edcia Militar e um vereador"},"content":{"rendered":"\n<p>O presidente da FIEMG Regional Norte, Adauto Marques Batista, recebeu na manh\u00e3 dessa quarta-feira, 11\/06, o Comandante da D\u00e9cima Primeira Regi\u00e3o de Pol\u00edcia Militar (11\u00aa RPM), Cel. C\u00e9sar William Passos, e o vereador Wilton Dias (Avante).<\/p>\n\n\n\n<p>O assunto tratado na reuni\u00e3o foi o refor\u00e7o no policiamento como medida de seguran\u00e7a para as ind\u00fastrias nos dois Distritos Industriais de Montes Claros (I e II). O presidente da Regional Norte da FIEMG destacou que \u00e9 muito importante essa proximidade com as for\u00e7as policiais para levar seguran\u00e7a \u00e0s ind\u00fastrias. Segundo ele, \u201cestamos confiantes de que o comandante da 11\u00aa RPMMG, Coronel C\u00e9sar Willian, pelo seu hist\u00f3rico de empenho, dedica\u00e7\u00e3o e compet\u00eancia em prol da paz e ordem social, com certeza garantir\u00e1 essa seguran\u00e7a.\u201d<\/p>\n\n\n\n<p><strong>11\u00aa RPM<\/strong><\/p>\n\n\n\n<p>Sediada em Montes Claros, a D\u00e9cima Primeira Regi\u00e3o de Pol\u00edcia Militar \u00e9 respons\u00e1vel pelo policiamento em 77 munic\u00edpios do Norte de Minas.<\/p>\n","protected":false},"featured_media":2942,"template":"","categories":[229],"tags":[],"class_list":["post-2941","noticias","type-noticias","status-publish","has-post-thumbnail","hentry","category-seguranca-industrial"],"acf":[],"yoast_head":"<!-- This site is optimized with the Yoast SEO plugin v26.2 - https:\/\/yoast.com\/wordpress\/plugins\/seo\/ -->\n<title>Presidente da FIEMG Regional Norte recebe o comandante da 11\u00aa RPM da Pol\u00edcia Militar e um vereador - Regional Norte<\/title>\n<meta name=\"robots\" content=\"index, follow, max-snippet:-1, max-image-preview:large, max-video-preview:-1\" \/>\n<link rel=\"canonical\" href=\"https:\/\/www.fiemg.com.br\/regional-norte\/noticias\/presidente-da-fiemg-regional-norte-recebe-o-comandante-da-11a-rpm-da-policia-militar-e-um-vereador\/\" \/>\n<meta property=\"og:locale\" content=\"pt_BR\" \/>\n<meta property=\"og:type\" content=\"article\" \/>\n<meta property=\"og:title\" content=\"Presidente da FIEMG Regional Norte recebe o comandante da 11\u00aa RPM da Pol\u00edcia Militar e um vereador - Regional Norte\" \/>\n<meta property=\"og:description\" content=\"O presidente da FIEMG Regional Norte, Adauto Marques Batista, recebeu na manh\u00e3 dessa quarta-feira, 11\/06, o Comandante da D\u00e9cima Primeira Regi\u00e3o de Pol\u00edcia Militar (11\u00aa RPM), Cel. C\u00e9sar William Passos, e o vereador Wilton Dias (Avante). O assunto tratado na reuni\u00e3o foi o refor\u00e7o no policiamento como medida de seguran\u00e7a para as ind\u00fastrias nos dois [&hellip;]\" \/>\n<meta property=\"og:url\" content=\"https:\/\/www.fiemg.com.br\/regional-norte\/noticias\/presidente-da-fiemg-regional-norte-recebe-o-comandante-da-11a-rpm-da-policia-militar-e-um-vereador\/\" \/>\n<meta property=\"og:site_name\" content=\"Regional Norte\" \/>\n<meta property=\"article:modified_time\" content=\"2025-06-11T17:22:16+00:00\" \/>\n<meta property=\"og:image\" content=\"https:\/\/www.fiemg.com.br\/regional-norte\/wp-content\/uploads\/sites\/17\/2025\/06\/Adauto-comandante-PM-e-vereador-Wilton.jpg\" \/>\n\t<meta property=\"og:image:width\" content=\"300\" \/>\n\t<meta property=\"og:image:height\" content=\"354\" \/>\n\t<meta property=\"og:image:type\" content=\"image\/jpeg\" \/>\n<meta name=\"twitter:card\" content=\"summary_large_image\" \/>\n<meta name=\"twitter:label1\" content=\"Est. tempo de leitura\" \/>\n\t<meta name=\"twitter:data1\" content=\"1 minuto\" \/>\n<script type=\"application\/ld+json\" class=\"yoast-schema-graph\">{\"@context\":\"https:\/\/schema.org\",\"@graph\":[{\"@type\":\"WebPage\",\"@id\":\"https:\/\/www.fiemg.com.br\/regional-norte\/noticias\/presidente-da-fiemg-regional-norte-recebe-o-comandante-da-11a-rpm-da-policia-militar-e-um-vereador\/\",\"url\":\"https:\/\/www.fiemg.com.br\/regional-norte\/noticias\/presidente-da-fiemg-regional-norte-recebe-o-comandante-da-11a-rpm-da-policia-militar-e-um-vereador\/\",\"name\":\"Presidente da FIEMG Regional Norte recebe o comandante da 11\u00aa RPM da Pol\u00edcia Militar e um vereador - Regional Norte\",\"isPartOf\":{\"@id\":\"https:\/\/www.fiemg.com.br\/regional-norte\/#website\"},\"primaryImageOfPage\":{\"@id\":\"https:\/\/www.fiemg.com.br\/regional-norte\/noticias\/presidente-da-fiemg-regional-norte-recebe-o-comandante-da-11a-rpm-da-policia-militar-e-um-vereador\/#primaryimage\"},\"image\":{\"@id\":\"https:\/\/www.fiemg.com.br\/regional-norte\/noticias\/presidente-da-fiemg-regional-norte-recebe-o-comandante-da-11a-rpm-da-policia-militar-e-um-vereador\/#primaryimage\"},\"thumbnailUrl\":\"https:\/\/www.fiemg.com.br\/regional-norte\/wp-content\/uploads\/sites\/17\/2025\/06\/Adauto-comandante-PM-e-vereador-Wilton.jpg\",\"datePublished\":\"2025-06-11T17:21:06+00:00\",\"dateModified\":\"2025-06-11T17:22:16+00:00\",\"breadcrumb\":{\"@id\":\"https:\/\/www.fiemg.com.br\/regional-norte\/noticias\/presidente-da-fiemg-regional-norte-recebe-o-comandante-da-11a-rpm-da-policia-militar-e-um-vereador\/#breadcrumb\"},\"inLanguage\":\"pt-BR\",\"potentialAction\":[{\"@type\":\"ReadAction\",\"target\":[\"https:\/\/www.fiemg.com.br\/regional-norte\/noticias\/presidente-da-fiemg-regional-norte-recebe-o-comandante-da-11a-rpm-da-policia-militar-e-um-vereador\/\"]}]},{\"@type\":\"ImageObject\",\"inLanguage\":\"pt-BR\",\"@id\":\"https:\/\/www.fiemg.com.br\/regional-norte\/noticias\/presidente-da-fiemg-regional-norte-recebe-o-comandante-da-11a-rpm-da-policia-militar-e-um-vereador\/#primaryimage\",\"url\":\"https:\/\/www.fiemg.com.br\/regional-norte\/wp-content\/uploads\/sites\/17\/2025\/06\/Adauto-comandante-PM-e-vereador-Wilton.jpg\",\"contentUrl\":\"https:\/\/www.fiemg.com.br\/regional-norte\/wp-content\/uploads\/sites\/17\/2025\/06\/Adauto-comandante-PM-e-vereador-Wilton.jpg\",\"width\":300,\"height\":354},{\"@type\":\"BreadcrumbList\",\"@id\":\"https:\/\/www.fiemg.com.br\/regional-norte\/noticias\/presidente-da-fiemg-regional-norte-recebe-o-comandante-da-11a-rpm-da-policia-militar-e-um-vereador\/#breadcrumb\",\"itemListElement\":[{\"@type\":\"ListItem\",\"position\":1,\"name\":\"In\u00edcio\",\"item\":\"https:\/\/www.fiemg.com.br\/regional-norte\/\"},{\"@type\":\"ListItem\",\"position\":2,\"name\":\"Presidente da FIEMG Regional Norte recebe o comandante da 11\u00aa RPM da Pol\u00edcia Militar e um vereador\"}]},{\"@type\":\"WebSite\",\"@id\":\"https:\/\/www.fiemg.com.br\/regional-norte\/#website\",\"url\":\"https:\/\/www.fiemg.com.br\/regional-norte\/\",\"name\":\"Regional Norte\",\"description\":\"Federa\u00e7\u00e3o das Ind\u00fastrias do Estado de Minas Gerais\",\"publisher\":{\"@id\":\"https:\/\/www.fiemg.com.br\/regional-norte\/#organization\"},\"potentialAction\":[{\"@type\":\"SearchAction\",\"target\":{\"@type\":\"EntryPoint\",\"urlTemplate\":\"https:\/\/www.fiemg.com.br\/regional-norte\/?s={search_term_string}\"},\"query-input\":{\"@type\":\"PropertyValueSpecification\",\"valueRequired\":true,\"valueName\":\"search_term_string\"}}],\"inLanguage\":\"pt-BR\"},{\"@type\":\"Organization\",\"@id\":\"https:\/\/www.fiemg.com.br\/regional-norte\/#organization\",\"name\":\"Regional Norte\",\"url\":\"https:\/\/www.fiemg.com.br\/regional-norte\/\",\"logo\":{\"@type\":\"ImageObject\",\"inLanguage\":\"pt-BR\",\"@id\":\"https:\/\/www.fiemg.com.br\/regional-norte\/#\/schema\/logo\/image\/\",\"url\":\"https:\/\/www.fiemg.com.br\/regional-norte\/wp-content\/uploads\/sites\/17\/2023\/02\/Ativo-1.png\",\"contentUrl\":\"https:\/\/www.fiemg.com.br\/regional-norte\/wp-content\/uploads\/sites\/17\/2023\/02\/Ativo-1.png\",\"width\":563,\"height\":149,\"caption\":\"Regional Norte\"},\"image\":{\"@id\":\"https:\/\/www.fiemg.com.br\/regional-norte\/#\/schema\/logo\/image\/\"}}]}<\/script>\n<!-- \/ Yoast SEO plugin. -->","yoast_head_json":{"title":"Presidente da FIEMG Regional Norte recebe o comandante da 11\u00aa RPM da Pol\u00edcia Militar e um vereador - Regional Norte","robots":{"index":"index","follow":"follow","max-snippet":"max-snippet:-1","max-image-preview":"max-image-preview:large","max-video-preview":"max-video-preview:-1"},"canonical":"https:\/\/www.fiemg.com.br\/regional-norte\/noticias\/presidente-da-fiemg-regional-norte-recebe-o-comandante-da-11a-rpm-da-policia-militar-e-um-vereador\/","og_locale":"pt_BR","og_type":"article","og_title":"Presidente da FIEMG Regional Norte recebe o comandante da 11\u00aa RPM da Pol\u00edcia Militar e um vereador - Regional Norte","og_description":"O presidente da FIEMG Regional Norte, Adauto Marques Batista, recebeu na manh\u00e3 dessa quarta-feira, 11\/06, o Comandante da D\u00e9cima Primeira Regi\u00e3o de Pol\u00edcia Militar (11\u00aa RPM), Cel. C\u00e9sar William Passos, e o vereador Wilton Dias (Avante). O assunto tratado na reuni\u00e3o foi o refor\u00e7o no policiamento como medida de seguran\u00e7a para as ind\u00fastrias nos dois [&hellip;]","og_url":"https:\/\/www.fiemg.com.br\/regional-norte\/noticias\/presidente-da-fiemg-regional-norte-recebe-o-comandante-da-11a-rpm-da-policia-militar-e-um-vereador\/","og_site_name":"Regional Norte","article_modified_time":"2025-06-11T17:22:16+00:00","og_image":[{"width":300,"height":354,"url":"https:\/\/www.fiemg.com.br\/regional-norte\/wp-content\/uploads\/sites\/17\/2025\/06\/Adauto-comandante-PM-e-vereador-Wilton.jpg","type":"image\/jpeg"}],"twitter_card":"summary_large_image","twitter_misc":{"Est. tempo de leitura":"1 minuto"},"schema":{"@context":"https:\/\/schema.org","@graph":[{"@type":"WebPage","@id":"https:\/\/www.fiemg.com.br\/regional-norte\/noticias\/presidente-da-fiemg-regional-norte-recebe-o-comandante-da-11a-rpm-da-policia-militar-e-um-vereador\/","url":"https:\/\/www.fiemg.com.br\/regional-norte\/noticias\/presidente-da-fiemg-regional-norte-recebe-o-comandante-da-11a-rpm-da-policia-militar-e-um-vereador\/","name":"Presidente da FIEMG Regional Norte recebe o comandante da 11\u00aa RPM da Pol\u00edcia Militar e um vereador - Regional Norte","isPartOf":{"@id":"https:\/\/www.fiemg.com.br\/regional-norte\/#website"},"primaryImageOfPage":{"@id":"https:\/\/www.fiemg.com.br\/regional-norte\/noticias\/presidente-da-fiemg-regional-norte-recebe-o-comandante-da-11a-rpm-da-policia-militar-e-um-vereador\/#primaryimage"},"image":{"@id":"https:\/\/www.fiemg.com.br\/regional-norte\/noticias\/presidente-da-fiemg-regional-norte-recebe-o-comandante-da-11a-rpm-da-policia-militar-e-um-vereador\/#primaryimage"},"thumbnailUrl":"https:\/\/www.fiemg.com.br\/regional-norte\/wp-content\/uploads\/sites\/17\/2025\/06\/Adauto-comandante-PM-e-vereador-Wilton.jpg","datePublished":"2025-06-11T17:21:06+00:00","dateModified":"2025-06-11T17:22:16+00:00","breadcrumb":{"@id":"https:\/\/www.fiemg.com.br\/regional-norte\/noticias\/presidente-da-fiemg-regional-norte-recebe-o-comandante-da-11a-rpm-da-policia-militar-e-um-vereador\/#breadcrumb"},"inLanguage":"pt-BR","potentialAction":[{"@type":"ReadAction","target":["https:\/\/www.fiemg.com.br\/regional-norte\/noticias\/presidente-da-fiemg-regional-norte-recebe-o-comandante-da-11a-rpm-da-policia-militar-e-um-vereador\/"]}]},{"@type":"ImageObject","inLanguage":"pt-BR","@id":"https:\/\/www.fiemg.com.br\/regional-norte\/noticias\/presidente-da-fiemg-regional-norte-recebe-o-comandante-da-11a-rpm-da-policia-militar-e-um-vereador\/#primaryimage","url":"https:\/\/www.fiemg.com.br\/regional-norte\/wp-content\/uploads\/sites\/17\/2025\/06\/Adauto-comandante-PM-e-vereador-Wilton.jpg","contentUrl":"https:\/\/www.fiemg.com.br\/regional-norte\/wp-content\/uploads\/sites\/17\/2025\/06\/Adauto-comandante-PM-e-vereador-Wilton.jpg","width":300,"height":354},{"@type":"BreadcrumbList","@id":"https:\/\/www.fiemg.com.br\/regional-norte\/noticias\/presidente-da-fiemg-regional-norte-recebe-o-comandante-da-11a-rpm-da-policia-militar-e-um-vereador\/#breadcrumb","itemListElement":[{"@type":"ListItem","position":1,"name":"In\u00edcio","item":"https:\/\/www.fiemg.com.br\/regional-norte\/"},{"@type":"ListItem","position":2,"name":"Presidente da FIEMG Regional Norte recebe o comandante da 11\u00aa RPM da Pol\u00edcia Militar e um vereador"}]},{"@type":"WebSite","@id":"https:\/\/www.fiemg.com.br\/regional-norte\/#website","url":"https:\/\/www.fiemg.com.br\/regional-norte\/","name":"Regional Norte","description":"Federa\u00e7\u00e3o das Ind\u00fastrias do Estado de Minas Gerais","publisher":{"@id":"https:\/\/www.fiemg.com.br\/regional-norte\/#organization"},"potentialAction":[{"@type":"SearchAction","target":{"@type":"EntryPoint","urlTemplate":"https:\/\/www.fiemg.com.br\/regional-norte\/?s={search_term_string}"},"query-input":{"@type":"PropertyValueSpecification","valueRequired":true,"valueName":"search_term_string"}}],"inLanguage":"pt-BR"},{"@type":"Organization","@id":"https:\/\/www.fiemg.com.br\/regional-norte\/#organization","name":"Regional Norte","url":"https:\/\/www.fiemg.com.br\/regional-norte\/","logo":{"@type":"ImageObject","inLanguage":"pt-BR","@id":"https:\/\/www.fiemg.com.br\/regional-norte\/#\/schema\/logo\/image\/","url":"https:\/\/www.fiemg.com.br\/regional-norte\/wp-content\/uploads\/sites\/17\/2023\/02\/Ativo-1.png","contentUrl":"https:\/\/www.fiemg.com.br\/regional-norte\/wp-content\/uploads\/sites\/17\/2023\/02\/Ativo-1.png","width":563,"height":149,"caption":"Regional Norte"},"image":{"@id":"https:\/\/www.fiemg.com.br\/regional-norte\/#\/schema\/logo\/image\/"}}]}},"_links":{"self":[{"href":"https:\/\/www.fiemg.com.br\/regional-norte\/wp-json\/wp\/v2\/noticias\/2941","targetHints":{"allow":["GET"]}}],"collection":[{"href":"https:\/\/www.fiemg.com.br\/regional-norte\/wp-json\/wp\/v2\/noticias"}],"about":[{"href":"https:\/\/www.fiemg.com.br\/regional-norte\/wp-json\/wp\/v2\/types\/noticias"}],"wp:featuredmedia":[{"embeddable":true,"href":"https:\/\/www.fiemg.com.br\/regional-norte\/wp-json\/wp\/v2\/media\/2942"}],"wp:attachment":[{"href":"https:\/\/www.fiemg.com.br\/regional-norte\/wp-json\/wp\/v2\/media?parent=2941"}],"wp:term":[{"taxonomy":"category","embeddable":true,"href":"https:\/\/www.fiemg.com.br\/regional-norte\/wp-json\/wp\/v2\/categories?post=2941"},{"taxonomy":"post_tag","embeddable":true,"href":"https:\/\/www.fiemg.com.br\/regional-norte\/wp-json\/wp\/v2\/tags?post=2941"}],"curies":[{"name":"wp","href":"https:\/\/api.w.org\/{rel}","templated":true}]}}