{"id":2960,"date":"2025-06-24T09:21:51","date_gmt":"2025-06-24T12:21:51","guid":{"rendered":"https:\/\/www.fiemg.com.br\/regional-norte\/?post_type=noticias&#038;p=2960"},"modified":"2025-06-24T09:48:44","modified_gmt":"2025-06-24T12:48:44","slug":"presidentes-da-fiemg-regional-norte-e-de-sindicatos-empresariais-integram-missao-ao-japao","status":"publish","type":"noticias","link":"https:\/\/www.fiemg.com.br\/regional-norte\/noticias\/presidentes-da-fiemg-regional-norte-e-de-sindicatos-empresariais-integram-missao-ao-japao\/","title":{"rendered":"Presidentes da FIEMG Regional Norte e de Sindicatos Empresariais integram Miss\u00e3o ao Jap\u00e3o"},"content":{"rendered":"\n<p>O presidente da Fiemg Regional Norte, Adauto Marques Batista, e os presidentes do Simetron, Jairo C\u00e9sar Filho, do Sinduscon, Jo\u00e3o Pedro Cunha, e o Sindvest\/Norte, Leonardo Sousa e Silva, est\u00e3o no Jap\u00e3o integrando a comitiva da\u00a0<strong>Miss\u00e3o ao Jap\u00e3o\u00a0<\/strong>organizada pela\u00a0<strong>Federa\u00e7\u00e3o das Ind\u00fastrias do Estado de Minas Gerais (FIEMG)<\/strong>. O objetivo da iniciativa \u00e9 levar empres\u00e1rios mineiros, lideran\u00e7as sindicais e autoridades governamentais para conhecer o mercado japon\u00eas, buscar fornecedores e investidores e ampliar a presen\u00e7a de produtos mineiros no mercado internacional.<\/p>\n\n\n\n<p>A delega\u00e7\u00e3o empresarial \u00e9 composta por mais de 150 industriais dos setores metal\u00fargico e mec\u00e2nico; constru\u00e7\u00e3o civil e mobili\u00e1rio; alimentos e bebidas; moda e vestu\u00e1rio; qu\u00edmico e farmac\u00eautico; eletroeletr\u00f4nico; ind\u00fastrias urbanas; rochas e minerais; servi\u00e7os; e gr\u00e1ficas, jornais e pap\u00e9is.<\/p>\n\n\n\n<p>O governador de Minas,&nbsp;<strong>Romeu Zema<\/strong>, e os secret\u00e1rios de Estado de Desenvolvimento Econ\u00f4mico, Mila Correa, de Meio Ambiente e Desenvolvimento Sustent\u00e1vel, Mar\u00edlia Carvalho, e de Comunica\u00e7\u00e3o Social, Bernardo Santos, al\u00e9m do presidente da Invest Minas, Jo\u00e3o Paulo Braga, integram a comitiva que tem ainda parlamentares da Assembleia Legislativa e da bancada federal, entre eles o deputado mineiro&nbsp;<strong>Nikolas Ferreira (PL)<\/strong>, assim como prefeitos mineiros. A miss\u00e3o termina no dia 25 de junho.<\/p>\n\n\n\n<p>Rosangela Silveira<\/p>\n\n\n\n<p><strong>Imprensa FIEMG Regional Norte<\/strong><\/p>\n\n\n\n<p><\/p>\n","protected":false},"featured_media":2962,"template":"","categories":[22],"tags":[],"class_list":["post-2960","noticias","type-noticias","status-publish","has-post-thumbnail","hentry","category-negocios-internacionais"],"acf":[],"yoast_head":"<!-- This site is optimized with the Yoast SEO plugin v26.2 - https:\/\/yoast.com\/wordpress\/plugins\/seo\/ -->\n<title>Presidentes da FIEMG Regional Norte e de Sindicatos Empresariais integram Miss\u00e3o ao Jap\u00e3o - Regional Norte<\/title>\n<meta name=\"robots\" content=\"index, follow, max-snippet:-1, max-image-preview:large, max-video-preview:-1\" \/>\n<link rel=\"canonical\" href=\"https:\/\/www.fiemg.com.br\/regional-norte\/noticias\/presidentes-da-fiemg-regional-norte-e-de-sindicatos-empresariais-integram-missao-ao-japao\/\" \/>\n<meta property=\"og:locale\" content=\"pt_BR\" \/>\n<meta property=\"og:type\" content=\"article\" \/>\n<meta property=\"og:title\" content=\"Presidentes da FIEMG Regional Norte e de Sindicatos Empresariais integram Miss\u00e3o ao Jap\u00e3o - Regional Norte\" \/>\n<meta property=\"og:description\" content=\"O presidente da Fiemg Regional Norte, Adauto Marques Batista, e os presidentes do Simetron, Jairo C\u00e9sar Filho, do Sinduscon, Jo\u00e3o Pedro Cunha, e o Sindvest\/Norte, Leonardo Sousa e Silva, est\u00e3o no Jap\u00e3o integrando a comitiva da\u00a0Miss\u00e3o ao Jap\u00e3o\u00a0organizada pela\u00a0Federa\u00e7\u00e3o das Ind\u00fastrias do Estado de Minas Gerais (FIEMG). O objetivo da iniciativa \u00e9 levar empres\u00e1rios mineiros, [&hellip;]\" \/>\n<meta property=\"og:url\" content=\"https:\/\/www.fiemg.com.br\/regional-norte\/noticias\/presidentes-da-fiemg-regional-norte-e-de-sindicatos-empresariais-integram-missao-ao-japao\/\" \/>\n<meta property=\"og:site_name\" content=\"Regional Norte\" \/>\n<meta property=\"article:modified_time\" content=\"2025-06-24T12:48:44+00:00\" \/>\n<meta property=\"og:image\" content=\"https:\/\/www.fiemg.com.br\/regional-norte\/wp-content\/uploads\/sites\/17\/2025\/06\/Missao-Japao-Flavio-e-Adauto-1.jpg\" \/>\n\t<meta property=\"og:image:width\" content=\"300\" \/>\n\t<meta property=\"og:image:height\" content=\"305\" \/>\n\t<meta property=\"og:image:type\" content=\"image\/jpeg\" \/>\n<meta name=\"twitter:card\" content=\"summary_large_image\" \/>\n<meta name=\"twitter:label1\" content=\"Est. tempo de leitura\" \/>\n\t<meta name=\"twitter:data1\" content=\"2 minutos\" \/>\n<script type=\"application\/ld+json\" class=\"yoast-schema-graph\">{\"@context\":\"https:\/\/schema.org\",\"@graph\":[{\"@type\":\"WebPage\",\"@id\":\"https:\/\/www.fiemg.com.br\/regional-norte\/noticias\/presidentes-da-fiemg-regional-norte-e-de-sindicatos-empresariais-integram-missao-ao-japao\/\",\"url\":\"https:\/\/www.fiemg.com.br\/regional-norte\/noticias\/presidentes-da-fiemg-regional-norte-e-de-sindicatos-empresariais-integram-missao-ao-japao\/\",\"name\":\"Presidentes da FIEMG Regional Norte e de Sindicatos Empresariais integram Miss\u00e3o ao Jap\u00e3o - Regional Norte\",\"isPartOf\":{\"@id\":\"https:\/\/www.fiemg.com.br\/regional-norte\/#website\"},\"primaryImageOfPage\":{\"@id\":\"https:\/\/www.fiemg.com.br\/regional-norte\/noticias\/presidentes-da-fiemg-regional-norte-e-de-sindicatos-empresariais-integram-missao-ao-japao\/#primaryimage\"},\"image\":{\"@id\":\"https:\/\/www.fiemg.com.br\/regional-norte\/noticias\/presidentes-da-fiemg-regional-norte-e-de-sindicatos-empresariais-integram-missao-ao-japao\/#primaryimage\"},\"thumbnailUrl\":\"https:\/\/www.fiemg.com.br\/regional-norte\/wp-content\/uploads\/sites\/17\/2025\/06\/Missao-Japao-Flavio-e-Adauto-1.jpg\",\"datePublished\":\"2025-06-24T12:21:51+00:00\",\"dateModified\":\"2025-06-24T12:48:44+00:00\",\"breadcrumb\":{\"@id\":\"https:\/\/www.fiemg.com.br\/regional-norte\/noticias\/presidentes-da-fiemg-regional-norte-e-de-sindicatos-empresariais-integram-missao-ao-japao\/#breadcrumb\"},\"inLanguage\":\"pt-BR\",\"potentialAction\":[{\"@type\":\"ReadAction\",\"target\":[\"https:\/\/www.fiemg.com.br\/regional-norte\/noticias\/presidentes-da-fiemg-regional-norte-e-de-sindicatos-empresariais-integram-missao-ao-japao\/\"]}]},{\"@type\":\"ImageObject\",\"inLanguage\":\"pt-BR\",\"@id\":\"https:\/\/www.fiemg.com.br\/regional-norte\/noticias\/presidentes-da-fiemg-regional-norte-e-de-sindicatos-empresariais-integram-missao-ao-japao\/#primaryimage\",\"url\":\"https:\/\/www.fiemg.com.br\/regional-norte\/wp-content\/uploads\/sites\/17\/2025\/06\/Missao-Japao-Flavio-e-Adauto-1.jpg\",\"contentUrl\":\"https:\/\/www.fiemg.com.br\/regional-norte\/wp-content\/uploads\/sites\/17\/2025\/06\/Missao-Japao-Flavio-e-Adauto-1.jpg\",\"width\":300,\"height\":305},{\"@type\":\"BreadcrumbList\",\"@id\":\"https:\/\/www.fiemg.com.br\/regional-norte\/noticias\/presidentes-da-fiemg-regional-norte-e-de-sindicatos-empresariais-integram-missao-ao-japao\/#breadcrumb\",\"itemListElement\":[{\"@type\":\"ListItem\",\"position\":1,\"name\":\"In\u00edcio\",\"item\":\"https:\/\/www.fiemg.com.br\/regional-norte\/\"},{\"@type\":\"ListItem\",\"position\":2,\"name\":\"Presidentes da FIEMG Regional Norte e de Sindicatos Empresariais integram Miss\u00e3o ao Jap\u00e3o\"}]},{\"@type\":\"WebSite\",\"@id\":\"https:\/\/www.fiemg.com.br\/regional-norte\/#website\",\"url\":\"https:\/\/www.fiemg.com.br\/regional-norte\/\",\"name\":\"Regional Norte\",\"description\":\"Federa\u00e7\u00e3o das Ind\u00fastrias do Estado de Minas Gerais\",\"publisher\":{\"@id\":\"https:\/\/www.fiemg.com.br\/regional-norte\/#organization\"},\"potentialAction\":[{\"@type\":\"SearchAction\",\"target\":{\"@type\":\"EntryPoint\",\"urlTemplate\":\"https:\/\/www.fiemg.com.br\/regional-norte\/?s={search_term_string}\"},\"query-input\":{\"@type\":\"PropertyValueSpecification\",\"valueRequired\":true,\"valueName\":\"search_term_string\"}}],\"inLanguage\":\"pt-BR\"},{\"@type\":\"Organization\",\"@id\":\"https:\/\/www.fiemg.com.br\/regional-norte\/#organization\",\"name\":\"Regional Norte\",\"url\":\"https:\/\/www.fiemg.com.br\/regional-norte\/\",\"logo\":{\"@type\":\"ImageObject\",\"inLanguage\":\"pt-BR\",\"@id\":\"https:\/\/www.fiemg.com.br\/regional-norte\/#\/schema\/logo\/image\/\",\"url\":\"https:\/\/www.fiemg.com.br\/regional-norte\/wp-content\/uploads\/sites\/17\/2023\/02\/Ativo-1.png\",\"contentUrl\":\"https:\/\/www.fiemg.com.br\/regional-norte\/wp-content\/uploads\/sites\/17\/2023\/02\/Ativo-1.png\",\"width\":563,\"height\":149,\"caption\":\"Regional Norte\"},\"image\":{\"@id\":\"https:\/\/www.fiemg.com.br\/regional-norte\/#\/schema\/logo\/image\/\"}}]}<\/script>\n<!-- \/ Yoast SEO plugin. -->","yoast_head_json":{"title":"Presidentes da FIEMG Regional Norte e de Sindicatos Empresariais integram Miss\u00e3o ao Jap\u00e3o - Regional Norte","robots":{"index":"index","follow":"follow","max-snippet":"max-snippet:-1","max-image-preview":"max-image-preview:large","max-video-preview":"max-video-preview:-1"},"canonical":"https:\/\/www.fiemg.com.br\/regional-norte\/noticias\/presidentes-da-fiemg-regional-norte-e-de-sindicatos-empresariais-integram-missao-ao-japao\/","og_locale":"pt_BR","og_type":"article","og_title":"Presidentes da FIEMG Regional Norte e de Sindicatos Empresariais integram Miss\u00e3o ao Jap\u00e3o - Regional Norte","og_description":"O presidente da Fiemg Regional Norte, Adauto Marques Batista, e os presidentes do Simetron, Jairo C\u00e9sar Filho, do Sinduscon, Jo\u00e3o Pedro Cunha, e o Sindvest\/Norte, Leonardo Sousa e Silva, est\u00e3o no Jap\u00e3o integrando a comitiva da\u00a0Miss\u00e3o ao Jap\u00e3o\u00a0organizada pela\u00a0Federa\u00e7\u00e3o das Ind\u00fastrias do Estado de Minas Gerais (FIEMG). O objetivo da iniciativa \u00e9 levar empres\u00e1rios mineiros, [&hellip;]","og_url":"https:\/\/www.fiemg.com.br\/regional-norte\/noticias\/presidentes-da-fiemg-regional-norte-e-de-sindicatos-empresariais-integram-missao-ao-japao\/","og_site_name":"Regional Norte","article_modified_time":"2025-06-24T12:48:44+00:00","og_image":[{"width":300,"height":305,"url":"https:\/\/www.fiemg.com.br\/regional-norte\/wp-content\/uploads\/sites\/17\/2025\/06\/Missao-Japao-Flavio-e-Adauto-1.jpg","type":"image\/jpeg"}],"twitter_card":"summary_large_image","twitter_misc":{"Est. tempo de leitura":"2 minutos"},"schema":{"@context":"https:\/\/schema.org","@graph":[{"@type":"WebPage","@id":"https:\/\/www.fiemg.com.br\/regional-norte\/noticias\/presidentes-da-fiemg-regional-norte-e-de-sindicatos-empresariais-integram-missao-ao-japao\/","url":"https:\/\/www.fiemg.com.br\/regional-norte\/noticias\/presidentes-da-fiemg-regional-norte-e-de-sindicatos-empresariais-integram-missao-ao-japao\/","name":"Presidentes da FIEMG Regional Norte e de Sindicatos Empresariais integram Miss\u00e3o ao Jap\u00e3o - Regional Norte","isPartOf":{"@id":"https:\/\/www.fiemg.com.br\/regional-norte\/#website"},"primaryImageOfPage":{"@id":"https:\/\/www.fiemg.com.br\/regional-norte\/noticias\/presidentes-da-fiemg-regional-norte-e-de-sindicatos-empresariais-integram-missao-ao-japao\/#primaryimage"},"image":{"@id":"https:\/\/www.fiemg.com.br\/regional-norte\/noticias\/presidentes-da-fiemg-regional-norte-e-de-sindicatos-empresariais-integram-missao-ao-japao\/#primaryimage"},"thumbnailUrl":"https:\/\/www.fiemg.com.br\/regional-norte\/wp-content\/uploads\/sites\/17\/2025\/06\/Missao-Japao-Flavio-e-Adauto-1.jpg","datePublished":"2025-06-24T12:21:51+00:00","dateModified":"2025-06-24T12:48:44+00:00","breadcrumb":{"@id":"https:\/\/www.fiemg.com.br\/regional-norte\/noticias\/presidentes-da-fiemg-regional-norte-e-de-sindicatos-empresariais-integram-missao-ao-japao\/#breadcrumb"},"inLanguage":"pt-BR","potentialAction":[{"@type":"ReadAction","target":["https:\/\/www.fiemg.com.br\/regional-norte\/noticias\/presidentes-da-fiemg-regional-norte-e-de-sindicatos-empresariais-integram-missao-ao-japao\/"]}]},{"@type":"ImageObject","inLanguage":"pt-BR","@id":"https:\/\/www.fiemg.com.br\/regional-norte\/noticias\/presidentes-da-fiemg-regional-norte-e-de-sindicatos-empresariais-integram-missao-ao-japao\/#primaryimage","url":"https:\/\/www.fiemg.com.br\/regional-norte\/wp-content\/uploads\/sites\/17\/2025\/06\/Missao-Japao-Flavio-e-Adauto-1.jpg","contentUrl":"https:\/\/www.fiemg.com.br\/regional-norte\/wp-content\/uploads\/sites\/17\/2025\/06\/Missao-Japao-Flavio-e-Adauto-1.jpg","width":300,"height":305},{"@type":"BreadcrumbList","@id":"https:\/\/www.fiemg.com.br\/regional-norte\/noticias\/presidentes-da-fiemg-regional-norte-e-de-sindicatos-empresariais-integram-missao-ao-japao\/#breadcrumb","itemListElement":[{"@type":"ListItem","position":1,"name":"In\u00edcio","item":"https:\/\/www.fiemg.com.br\/regional-norte\/"},{"@type":"ListItem","position":2,"name":"Presidentes da FIEMG Regional Norte e de Sindicatos Empresariais integram Miss\u00e3o ao Jap\u00e3o"}]},{"@type":"WebSite","@id":"https:\/\/www.fiemg.com.br\/regional-norte\/#website","url":"https:\/\/www.fiemg.com.br\/regional-norte\/","name":"Regional Norte","description":"Federa\u00e7\u00e3o das Ind\u00fastrias do Estado de Minas Gerais","publisher":{"@id":"https:\/\/www.fiemg.com.br\/regional-norte\/#organization"},"potentialAction":[{"@type":"SearchAction","target":{"@type":"EntryPoint","urlTemplate":"https:\/\/www.fiemg.com.br\/regional-norte\/?s={search_term_string}"},"query-input":{"@type":"PropertyValueSpecification","valueRequired":true,"valueName":"search_term_string"}}],"inLanguage":"pt-BR"},{"@type":"Organization","@id":"https:\/\/www.fiemg.com.br\/regional-norte\/#organization","name":"Regional Norte","url":"https:\/\/www.fiemg.com.br\/regional-norte\/","logo":{"@type":"ImageObject","inLanguage":"pt-BR","@id":"https:\/\/www.fiemg.com.br\/regional-norte\/#\/schema\/logo\/image\/","url":"https:\/\/www.fiemg.com.br\/regional-norte\/wp-content\/uploads\/sites\/17\/2023\/02\/Ativo-1.png","contentUrl":"https:\/\/www.fiemg.com.br\/regional-norte\/wp-content\/uploads\/sites\/17\/2023\/02\/Ativo-1.png","width":563,"height":149,"caption":"Regional Norte"},"image":{"@id":"https:\/\/www.fiemg.com.br\/regional-norte\/#\/schema\/logo\/image\/"}}]}},"_links":{"self":[{"href":"https:\/\/www.fiemg.com.br\/regional-norte\/wp-json\/wp\/v2\/noticias\/2960","targetHints":{"allow":["GET"]}}],"collection":[{"href":"https:\/\/www.fiemg.com.br\/regional-norte\/wp-json\/wp\/v2\/noticias"}],"about":[{"href":"https:\/\/www.fiemg.com.br\/regional-norte\/wp-json\/wp\/v2\/types\/noticias"}],"wp:featuredmedia":[{"embeddable":true,"href":"https:\/\/www.fiemg.com.br\/regional-norte\/wp-json\/wp\/v2\/media\/2962"}],"wp:attachment":[{"href":"https:\/\/www.fiemg.com.br\/regional-norte\/wp-json\/wp\/v2\/media?parent=2960"}],"wp:term":[{"taxonomy":"category","embeddable":true,"href":"https:\/\/www.fiemg.com.br\/regional-norte\/wp-json\/wp\/v2\/categories?post=2960"},{"taxonomy":"post_tag","embeddable":true,"href":"https:\/\/www.fiemg.com.br\/regional-norte\/wp-json\/wp\/v2\/tags?post=2960"}],"curies":[{"name":"wp","href":"https:\/\/api.w.org\/{rel}","templated":true}]}}