{"id":3027,"date":"2025-07-31T08:02:15","date_gmt":"2025-07-31T11:02:15","guid":{"rendered":"https:\/\/www.fiemg.com.br\/regional-norte\/?post_type=noticias&#038;p=3027"},"modified":"2025-07-31T08:02:17","modified_gmt":"2025-07-31T11:02:17","slug":"vice-presidente-corporativo-da-novo-nordisk-acompanha-da-regional-norte-fiemg-encontro-com-o-governador-romeu-zema","status":"publish","type":"noticias","link":"https:\/\/www.fiemg.com.br\/regional-norte\/noticias\/vice-presidente-corporativo-da-novo-nordisk-acompanha-da-regional-norte-fiemg-encontro-com-o-governador-romeu-zema\/","title":{"rendered":"Vice-Presidente Corporativo da Novo Nordisk acompanha da Regional Norte FIEMG Encontro com o governador Romeu Zema"},"content":{"rendered":"\n<p>Na tarde de quarta-feira (30\/07), industriais, empres\u00e1rios, presidentes de sindicatos e lideran\u00e7as setoriais se reuniram com o governador Romeu Zema na sede da Federa\u00e7\u00e3o das Ind\u00fastrias do Estado de Minas Gerais (FIEMG), em Belo Horizonte. No centro das discuss\u00f5es, os impactos imediatos do tarifa\u00e7o imposto pelo governo dos Estados Unidos, que elevou em at\u00e9 50% as tarifas de importa\u00e7\u00e3o sobre uma s\u00e9rie de produtos brasileiros. A FIEMG apresentou ao governador um plano emergencial com propostas concretas para reduzir os danos sofridos pela ind\u00fastria mineira e preservar a competitividade das exporta\u00e7\u00f5es.<\/p>\n\n\n\n<p>Diante das demandas, o governador Romeu Zema reconheceu a gravidade da situa\u00e7\u00e3o e anunciou uma s\u00e9rie de medidas emergenciais. Entre elas, a disponibiliza\u00e7\u00e3o imediata de R$ 200 milh\u00f5es via Banco de Desenvolvimento de Minas Gerais (BDMG), em linhas de cr\u00e9dito com juros subsidiados de 0,9% ao m\u00eas para empresas exportadoras, e a monetiza\u00e7\u00e3o de R$ 100 milh\u00f5es em cr\u00e9ditos acumulados de ICMS. Zema tamb\u00e9m revelou que est\u00e1 em estudo a isen\u00e7\u00e3o de ICMS para produtos que antes eram exportados e que, agora, precisem ser redirecionados ao mercado interno.<\/p>\n\n\n\n<p>O presidente da FIEMG, Fl\u00e1vio Roscoe, ressaltou que Minas Gerais \u00e9 o terceiro principal exportador para o mercado norte-americano, movimentou US$ 4,62 bilh\u00f5es em 2024, o que representa 11,4% do total brasileiro. As exporta\u00e7\u00f5es incluem caf\u00e9, produtos sider\u00fargicos, m\u00e1quinas el\u00e9tricas e qu\u00edmicos inorg\u00e2nicos.<\/p>\n\n\n\n<p>Empres\u00e1rios e lideran\u00e7as do setor produtivo, de todo o Estado, participaram online do encontro estrat\u00e9gico com o governador Romeu Zema, que destacou que o momento \u00e9 grave e exige di\u00e1logo e articula\u00e7\u00e3o unindo for\u00e7as entre o poder p\u00fablico e os representantes da ind\u00fastria.<\/p>\n\n\n\n<p>O vice-presidente corporativo da Novo Nordisk para Am\u00e9rica Latina, Reinaldo Costa, assistiu o encontro, de forma online, na sede da FIEMG Regional Norte, a convite do vice-presidente Adauto Marques Batista<\/p>\n\n\n\n<p><\/p>\n\n\n\n<p>Rosangela Silveira<\/p>\n\n\n\n<p>Imprensa FIEMG Regional Norte<\/p>\n\n\n\n<p><\/p>\n\n\n\n<p><\/p>\n","protected":false},"featured_media":3029,"template":"","categories":[13],"tags":[],"class_list":["post-3027","noticias","type-noticias","status-publish","has-post-thumbnail","hentry","category-destaques"],"acf":[],"yoast_head":"<!-- This site is optimized with the Yoast SEO plugin v26.2 - https:\/\/yoast.com\/wordpress\/plugins\/seo\/ -->\n<title>Vice-Presidente Corporativo da Novo Nordisk acompanha da Regional Norte FIEMG Encontro com o governador Romeu Zema - Regional Norte<\/title>\n<meta name=\"robots\" content=\"index, follow, max-snippet:-1, max-image-preview:large, max-video-preview:-1\" \/>\n<link rel=\"canonical\" href=\"https:\/\/www.fiemg.com.br\/regional-norte\/noticias\/vice-presidente-corporativo-da-novo-nordisk-acompanha-da-regional-norte-fiemg-encontro-com-o-governador-romeu-zema\/\" \/>\n<meta property=\"og:locale\" content=\"pt_BR\" \/>\n<meta property=\"og:type\" content=\"article\" \/>\n<meta property=\"og:title\" content=\"Vice-Presidente Corporativo da Novo Nordisk acompanha da Regional Norte FIEMG Encontro com o governador Romeu Zema - Regional Norte\" \/>\n<meta property=\"og:description\" content=\"Na tarde de quarta-feira (30\/07), industriais, empres\u00e1rios, presidentes de sindicatos e lideran\u00e7as setoriais se reuniram com o governador Romeu Zema na sede da Federa\u00e7\u00e3o das Ind\u00fastrias do Estado de Minas Gerais (FIEMG), em Belo Horizonte. No centro das discuss\u00f5es, os impactos imediatos do tarifa\u00e7o imposto pelo governo dos Estados Unidos, que elevou em at\u00e9 50% [&hellip;]\" \/>\n<meta property=\"og:url\" content=\"https:\/\/www.fiemg.com.br\/regional-norte\/noticias\/vice-presidente-corporativo-da-novo-nordisk-acompanha-da-regional-norte-fiemg-encontro-com-o-governador-romeu-zema\/\" \/>\n<meta property=\"og:site_name\" content=\"Regional Norte\" \/>\n<meta property=\"article:modified_time\" content=\"2025-07-31T11:02:17+00:00\" \/>\n<meta property=\"og:image\" content=\"https:\/\/www.fiemg.com.br\/regional-norte\/wp-content\/uploads\/sites\/17\/2025\/07\/Adauto-e-Reinaldo-Costa-Novo-Nordisk.jpg\" \/>\n\t<meta property=\"og:image:width\" content=\"300\" \/>\n\t<meta property=\"og:image:height\" content=\"280\" \/>\n\t<meta property=\"og:image:type\" content=\"image\/jpeg\" \/>\n<meta name=\"twitter:card\" content=\"summary_large_image\" \/>\n<meta name=\"twitter:label1\" content=\"Est. tempo de leitura\" \/>\n\t<meta name=\"twitter:data1\" content=\"2 minutos\" \/>\n<script type=\"application\/ld+json\" class=\"yoast-schema-graph\">{\"@context\":\"https:\/\/schema.org\",\"@graph\":[{\"@type\":\"WebPage\",\"@id\":\"https:\/\/www.fiemg.com.br\/regional-norte\/noticias\/vice-presidente-corporativo-da-novo-nordisk-acompanha-da-regional-norte-fiemg-encontro-com-o-governador-romeu-zema\/\",\"url\":\"https:\/\/www.fiemg.com.br\/regional-norte\/noticias\/vice-presidente-corporativo-da-novo-nordisk-acompanha-da-regional-norte-fiemg-encontro-com-o-governador-romeu-zema\/\",\"name\":\"Vice-Presidente Corporativo da Novo Nordisk acompanha da Regional Norte FIEMG Encontro com o governador Romeu Zema - Regional Norte\",\"isPartOf\":{\"@id\":\"https:\/\/www.fiemg.com.br\/regional-norte\/#website\"},\"primaryImageOfPage\":{\"@id\":\"https:\/\/www.fiemg.com.br\/regional-norte\/noticias\/vice-presidente-corporativo-da-novo-nordisk-acompanha-da-regional-norte-fiemg-encontro-com-o-governador-romeu-zema\/#primaryimage\"},\"image\":{\"@id\":\"https:\/\/www.fiemg.com.br\/regional-norte\/noticias\/vice-presidente-corporativo-da-novo-nordisk-acompanha-da-regional-norte-fiemg-encontro-com-o-governador-romeu-zema\/#primaryimage\"},\"thumbnailUrl\":\"https:\/\/www.fiemg.com.br\/regional-norte\/wp-content\/uploads\/sites\/17\/2025\/07\/Adauto-e-Reinaldo-Costa-Novo-Nordisk.jpg\",\"datePublished\":\"2025-07-31T11:02:15+00:00\",\"dateModified\":\"2025-07-31T11:02:17+00:00\",\"breadcrumb\":{\"@id\":\"https:\/\/www.fiemg.com.br\/regional-norte\/noticias\/vice-presidente-corporativo-da-novo-nordisk-acompanha-da-regional-norte-fiemg-encontro-com-o-governador-romeu-zema\/#breadcrumb\"},\"inLanguage\":\"pt-BR\",\"potentialAction\":[{\"@type\":\"ReadAction\",\"target\":[\"https:\/\/www.fiemg.com.br\/regional-norte\/noticias\/vice-presidente-corporativo-da-novo-nordisk-acompanha-da-regional-norte-fiemg-encontro-com-o-governador-romeu-zema\/\"]}]},{\"@type\":\"ImageObject\",\"inLanguage\":\"pt-BR\",\"@id\":\"https:\/\/www.fiemg.com.br\/regional-norte\/noticias\/vice-presidente-corporativo-da-novo-nordisk-acompanha-da-regional-norte-fiemg-encontro-com-o-governador-romeu-zema\/#primaryimage\",\"url\":\"https:\/\/www.fiemg.com.br\/regional-norte\/wp-content\/uploads\/sites\/17\/2025\/07\/Adauto-e-Reinaldo-Costa-Novo-Nordisk.jpg\",\"contentUrl\":\"https:\/\/www.fiemg.com.br\/regional-norte\/wp-content\/uploads\/sites\/17\/2025\/07\/Adauto-e-Reinaldo-Costa-Novo-Nordisk.jpg\",\"width\":300,\"height\":280},{\"@type\":\"BreadcrumbList\",\"@id\":\"https:\/\/www.fiemg.com.br\/regional-norte\/noticias\/vice-presidente-corporativo-da-novo-nordisk-acompanha-da-regional-norte-fiemg-encontro-com-o-governador-romeu-zema\/#breadcrumb\",\"itemListElement\":[{\"@type\":\"ListItem\",\"position\":1,\"name\":\"In\u00edcio\",\"item\":\"https:\/\/www.fiemg.com.br\/regional-norte\/\"},{\"@type\":\"ListItem\",\"position\":2,\"name\":\"Vice-Presidente Corporativo da Novo Nordisk acompanha da Regional Norte FIEMG Encontro com o governador Romeu Zema\"}]},{\"@type\":\"WebSite\",\"@id\":\"https:\/\/www.fiemg.com.br\/regional-norte\/#website\",\"url\":\"https:\/\/www.fiemg.com.br\/regional-norte\/\",\"name\":\"Regional Norte\",\"description\":\"Federa\u00e7\u00e3o das Ind\u00fastrias do Estado de Minas Gerais\",\"publisher\":{\"@id\":\"https:\/\/www.fiemg.com.br\/regional-norte\/#organization\"},\"potentialAction\":[{\"@type\":\"SearchAction\",\"target\":{\"@type\":\"EntryPoint\",\"urlTemplate\":\"https:\/\/www.fiemg.com.br\/regional-norte\/?s={search_term_string}\"},\"query-input\":{\"@type\":\"PropertyValueSpecification\",\"valueRequired\":true,\"valueName\":\"search_term_string\"}}],\"inLanguage\":\"pt-BR\"},{\"@type\":\"Organization\",\"@id\":\"https:\/\/www.fiemg.com.br\/regional-norte\/#organization\",\"name\":\"Regional Norte\",\"url\":\"https:\/\/www.fiemg.com.br\/regional-norte\/\",\"logo\":{\"@type\":\"ImageObject\",\"inLanguage\":\"pt-BR\",\"@id\":\"https:\/\/www.fiemg.com.br\/regional-norte\/#\/schema\/logo\/image\/\",\"url\":\"https:\/\/www.fiemg.com.br\/regional-norte\/wp-content\/uploads\/sites\/17\/2023\/02\/Ativo-1.png\",\"contentUrl\":\"https:\/\/www.fiemg.com.br\/regional-norte\/wp-content\/uploads\/sites\/17\/2023\/02\/Ativo-1.png\",\"width\":563,\"height\":149,\"caption\":\"Regional Norte\"},\"image\":{\"@id\":\"https:\/\/www.fiemg.com.br\/regional-norte\/#\/schema\/logo\/image\/\"}}]}<\/script>\n<!-- \/ Yoast SEO plugin. -->","yoast_head_json":{"title":"Vice-Presidente Corporativo da Novo Nordisk acompanha da Regional Norte FIEMG Encontro com o governador Romeu Zema - Regional Norte","robots":{"index":"index","follow":"follow","max-snippet":"max-snippet:-1","max-image-preview":"max-image-preview:large","max-video-preview":"max-video-preview:-1"},"canonical":"https:\/\/www.fiemg.com.br\/regional-norte\/noticias\/vice-presidente-corporativo-da-novo-nordisk-acompanha-da-regional-norte-fiemg-encontro-com-o-governador-romeu-zema\/","og_locale":"pt_BR","og_type":"article","og_title":"Vice-Presidente Corporativo da Novo Nordisk acompanha da Regional Norte FIEMG Encontro com o governador Romeu Zema - Regional Norte","og_description":"Na tarde de quarta-feira (30\/07), industriais, empres\u00e1rios, presidentes de sindicatos e lideran\u00e7as setoriais se reuniram com o governador Romeu Zema na sede da Federa\u00e7\u00e3o das Ind\u00fastrias do Estado de Minas Gerais (FIEMG), em Belo Horizonte. No centro das discuss\u00f5es, os impactos imediatos do tarifa\u00e7o imposto pelo governo dos Estados Unidos, que elevou em at\u00e9 50% [&hellip;]","og_url":"https:\/\/www.fiemg.com.br\/regional-norte\/noticias\/vice-presidente-corporativo-da-novo-nordisk-acompanha-da-regional-norte-fiemg-encontro-com-o-governador-romeu-zema\/","og_site_name":"Regional Norte","article_modified_time":"2025-07-31T11:02:17+00:00","og_image":[{"width":300,"height":280,"url":"https:\/\/www.fiemg.com.br\/regional-norte\/wp-content\/uploads\/sites\/17\/2025\/07\/Adauto-e-Reinaldo-Costa-Novo-Nordisk.jpg","type":"image\/jpeg"}],"twitter_card":"summary_large_image","twitter_misc":{"Est. tempo de leitura":"2 minutos"},"schema":{"@context":"https:\/\/schema.org","@graph":[{"@type":"WebPage","@id":"https:\/\/www.fiemg.com.br\/regional-norte\/noticias\/vice-presidente-corporativo-da-novo-nordisk-acompanha-da-regional-norte-fiemg-encontro-com-o-governador-romeu-zema\/","url":"https:\/\/www.fiemg.com.br\/regional-norte\/noticias\/vice-presidente-corporativo-da-novo-nordisk-acompanha-da-regional-norte-fiemg-encontro-com-o-governador-romeu-zema\/","name":"Vice-Presidente Corporativo da Novo Nordisk acompanha da Regional Norte FIEMG Encontro com o governador Romeu Zema - Regional Norte","isPartOf":{"@id":"https:\/\/www.fiemg.com.br\/regional-norte\/#website"},"primaryImageOfPage":{"@id":"https:\/\/www.fiemg.com.br\/regional-norte\/noticias\/vice-presidente-corporativo-da-novo-nordisk-acompanha-da-regional-norte-fiemg-encontro-com-o-governador-romeu-zema\/#primaryimage"},"image":{"@id":"https:\/\/www.fiemg.com.br\/regional-norte\/noticias\/vice-presidente-corporativo-da-novo-nordisk-acompanha-da-regional-norte-fiemg-encontro-com-o-governador-romeu-zema\/#primaryimage"},"thumbnailUrl":"https:\/\/www.fiemg.com.br\/regional-norte\/wp-content\/uploads\/sites\/17\/2025\/07\/Adauto-e-Reinaldo-Costa-Novo-Nordisk.jpg","datePublished":"2025-07-31T11:02:15+00:00","dateModified":"2025-07-31T11:02:17+00:00","breadcrumb":{"@id":"https:\/\/www.fiemg.com.br\/regional-norte\/noticias\/vice-presidente-corporativo-da-novo-nordisk-acompanha-da-regional-norte-fiemg-encontro-com-o-governador-romeu-zema\/#breadcrumb"},"inLanguage":"pt-BR","potentialAction":[{"@type":"ReadAction","target":["https:\/\/www.fiemg.com.br\/regional-norte\/noticias\/vice-presidente-corporativo-da-novo-nordisk-acompanha-da-regional-norte-fiemg-encontro-com-o-governador-romeu-zema\/"]}]},{"@type":"ImageObject","inLanguage":"pt-BR","@id":"https:\/\/www.fiemg.com.br\/regional-norte\/noticias\/vice-presidente-corporativo-da-novo-nordisk-acompanha-da-regional-norte-fiemg-encontro-com-o-governador-romeu-zema\/#primaryimage","url":"https:\/\/www.fiemg.com.br\/regional-norte\/wp-content\/uploads\/sites\/17\/2025\/07\/Adauto-e-Reinaldo-Costa-Novo-Nordisk.jpg","contentUrl":"https:\/\/www.fiemg.com.br\/regional-norte\/wp-content\/uploads\/sites\/17\/2025\/07\/Adauto-e-Reinaldo-Costa-Novo-Nordisk.jpg","width":300,"height":280},{"@type":"BreadcrumbList","@id":"https:\/\/www.fiemg.com.br\/regional-norte\/noticias\/vice-presidente-corporativo-da-novo-nordisk-acompanha-da-regional-norte-fiemg-encontro-com-o-governador-romeu-zema\/#breadcrumb","itemListElement":[{"@type":"ListItem","position":1,"name":"In\u00edcio","item":"https:\/\/www.fiemg.com.br\/regional-norte\/"},{"@type":"ListItem","position":2,"name":"Vice-Presidente Corporativo da Novo Nordisk acompanha da Regional Norte FIEMG Encontro com o governador Romeu Zema"}]},{"@type":"WebSite","@id":"https:\/\/www.fiemg.com.br\/regional-norte\/#website","url":"https:\/\/www.fiemg.com.br\/regional-norte\/","name":"Regional Norte","description":"Federa\u00e7\u00e3o das Ind\u00fastrias do Estado de Minas Gerais","publisher":{"@id":"https:\/\/www.fiemg.com.br\/regional-norte\/#organization"},"potentialAction":[{"@type":"SearchAction","target":{"@type":"EntryPoint","urlTemplate":"https:\/\/www.fiemg.com.br\/regional-norte\/?s={search_term_string}"},"query-input":{"@type":"PropertyValueSpecification","valueRequired":true,"valueName":"search_term_string"}}],"inLanguage":"pt-BR"},{"@type":"Organization","@id":"https:\/\/www.fiemg.com.br\/regional-norte\/#organization","name":"Regional Norte","url":"https:\/\/www.fiemg.com.br\/regional-norte\/","logo":{"@type":"ImageObject","inLanguage":"pt-BR","@id":"https:\/\/www.fiemg.com.br\/regional-norte\/#\/schema\/logo\/image\/","url":"https:\/\/www.fiemg.com.br\/regional-norte\/wp-content\/uploads\/sites\/17\/2023\/02\/Ativo-1.png","contentUrl":"https:\/\/www.fiemg.com.br\/regional-norte\/wp-content\/uploads\/sites\/17\/2023\/02\/Ativo-1.png","width":563,"height":149,"caption":"Regional Norte"},"image":{"@id":"https:\/\/www.fiemg.com.br\/regional-norte\/#\/schema\/logo\/image\/"}}]}},"_links":{"self":[{"href":"https:\/\/www.fiemg.com.br\/regional-norte\/wp-json\/wp\/v2\/noticias\/3027","targetHints":{"allow":["GET"]}}],"collection":[{"href":"https:\/\/www.fiemg.com.br\/regional-norte\/wp-json\/wp\/v2\/noticias"}],"about":[{"href":"https:\/\/www.fiemg.com.br\/regional-norte\/wp-json\/wp\/v2\/types\/noticias"}],"wp:featuredmedia":[{"embeddable":true,"href":"https:\/\/www.fiemg.com.br\/regional-norte\/wp-json\/wp\/v2\/media\/3029"}],"wp:attachment":[{"href":"https:\/\/www.fiemg.com.br\/regional-norte\/wp-json\/wp\/v2\/media?parent=3027"}],"wp:term":[{"taxonomy":"category","embeddable":true,"href":"https:\/\/www.fiemg.com.br\/regional-norte\/wp-json\/wp\/v2\/categories?post=3027"},{"taxonomy":"post_tag","embeddable":true,"href":"https:\/\/www.fiemg.com.br\/regional-norte\/wp-json\/wp\/v2\/tags?post=3027"}],"curies":[{"name":"wp","href":"https:\/\/api.w.org\/{rel}","templated":true}]}}