{"id":3089,"date":"2025-09-04T10:32:25","date_gmt":"2025-09-04T13:32:25","guid":{"rendered":"https:\/\/www.fiemg.com.br\/regional-norte\/?post_type=noticias&#038;p=3089"},"modified":"2025-09-04T10:49:22","modified_gmt":"2025-09-04T13:49:22","slug":"nova-diretoria-do-quifarmo-toma-posse-no-dia-11-de-setembro","status":"publish","type":"noticias","link":"https:\/\/www.fiemg.com.br\/regional-norte\/noticias\/nova-diretoria-do-quifarmo-toma-posse-no-dia-11-de-setembro\/","title":{"rendered":"Nova diretoria do QUIFARMO toma posse no dia 11 de setembro"},"content":{"rendered":"\n<p>A Cerim\u00f4nia de Posse da nova diretoria do <strong>QUIFARMO \u2013 Sindicato Intermunicipal das Ind\u00fastrias Qu\u00edmicas e Farmac\u00eauticas de Montes Claros <\/strong>-, ser\u00e1 realizada no dia <strong>11 de setembro de 2025<\/strong>, no <strong>Centro de Conven\u00e7\u00f5es da Novo Nordisk.<\/strong> A cerim\u00f4nia ganha relev\u00e2ncia especial, pois poder\u00e1 trazer \u00e0 cidade os CEOs das grandes farmac\u00eauticas instaladas no Polo Farmac\u00eautico local, hoje, um dos mais importantes do Brasil, al\u00e9m de autoridades estaduais e federais e o presidente do Sistema FIEMG, <strong>Fl\u00e1vio Roscoe<\/strong>.<\/p>\n\n\n\n<p>Tomam posse, como presidente, o <strong>diretor Executivo da Eurofarma, Walker Lahmann<\/strong>, e como vice-presidente o <strong>diretor de Suporte \u00e0 Produ\u00e7\u00e3o e Rela\u00e7\u00f5es P\u00fablicas da Novo Nordisk, Robison Morais.<\/strong><\/p>\n\n\n\n<p>O presidente da <strong>FIEMG Regional Norte, Adauto Marques<\/strong>, destaca que \u201cmais do que um ato formal, a posse da nova diretoria do QUIFARMO trata-se de um marco para reafirmar o papel estrat\u00e9gico da ind\u00fastria farmac\u00eautica e qu\u00edmica, que integra o <strong>Polo Farmac\u00eautico de Montes Claros<\/strong>, no crescimento sustent\u00e1vel da regi\u00e3o e do pa\u00eds. Esse Polo se consolida cada vez mais e j\u00e1 \u00e9 o segundo do segmento no Brasil, fruto do nosso trabalho junto com o presidente da FIEMG, Fl\u00e1vio Roscoe\u201d. Marques explica tamb\u00e9m que os convidados do evento ter\u00e3o ainda a oportunidade de visitar as ind\u00fastrias instaladas em Montes Claros, \u201cconhecendo de perto a for\u00e7a produtiva que transforma nossa cidade em um centro de excel\u00eancia industrial\u201d.<\/p>\n\n\n\n<p><strong>Polo Farmac\u00eautico<\/strong><\/p>\n\n\n\n<p>Montes Claros consolidou-se como um dos maiores polos industriais farmac\u00eauticos do Brasil. Grandes empresas como N<strong>ovo Nordisk, Eurofarma, Crist\u00e1lia, Hipolabor, Vetbras e Uni\u00e3o Qu\u00edmica<\/strong>, entre outras, est\u00e3o instaladas na regi\u00e3o, transformando o Norte de Minas em refer\u00eancia nacional em tecnologia e inova\u00e7\u00e3o na produ\u00e7\u00e3o de medicamentos.<\/p>\n\n\n\n<p>Rosangela Silveira<\/p>\n\n\n\n<p><strong>Imprensa FIEMG Regional Norte<\/strong><\/p>\n\n\n\n<p><\/p>\n","protected":false},"featured_media":3096,"template":"","categories":[14],"tags":[],"class_list":["post-3089","noticias","type-noticias","status-publish","has-post-thumbnail","hentry","category-noticias"],"acf":[],"yoast_head":"<!-- This site is optimized with the Yoast SEO plugin v26.2 - https:\/\/yoast.com\/wordpress\/plugins\/seo\/ -->\n<title>Nova diretoria do QUIFARMO toma posse no dia 11 de setembro - Regional Norte<\/title>\n<meta name=\"robots\" content=\"index, follow, max-snippet:-1, max-image-preview:large, max-video-preview:-1\" \/>\n<link rel=\"canonical\" href=\"https:\/\/www.fiemg.com.br\/regional-norte\/noticias\/nova-diretoria-do-quifarmo-toma-posse-no-dia-11-de-setembro\/\" \/>\n<meta property=\"og:locale\" content=\"pt_BR\" \/>\n<meta property=\"og:type\" content=\"article\" \/>\n<meta property=\"og:title\" content=\"Nova diretoria do QUIFARMO toma posse no dia 11 de setembro - Regional Norte\" \/>\n<meta property=\"og:description\" content=\"A Cerim\u00f4nia de Posse da nova diretoria do QUIFARMO \u2013 Sindicato Intermunicipal das Ind\u00fastrias Qu\u00edmicas e Farmac\u00eauticas de Montes Claros -, ser\u00e1 realizada no dia 11 de setembro de 2025, no Centro de Conven\u00e7\u00f5es da Novo Nordisk. A cerim\u00f4nia ganha relev\u00e2ncia especial, pois poder\u00e1 trazer \u00e0 cidade os CEOs das grandes farmac\u00eauticas instaladas no Polo [&hellip;]\" \/>\n<meta property=\"og:url\" content=\"https:\/\/www.fiemg.com.br\/regional-norte\/noticias\/nova-diretoria-do-quifarmo-toma-posse-no-dia-11-de-setembro\/\" \/>\n<meta property=\"og:site_name\" content=\"Regional Norte\" \/>\n<meta property=\"article:modified_time\" content=\"2025-09-04T13:49:22+00:00\" \/>\n<meta property=\"og:image\" content=\"https:\/\/www.fiemg.com.br\/regional-norte\/wp-content\/uploads\/sites\/17\/2025\/09\/Walker-e-Robison-diretores-Quifarmo.jpg\" \/>\n\t<meta property=\"og:image:width\" content=\"300\" \/>\n\t<meta property=\"og:image:height\" content=\"231\" \/>\n\t<meta property=\"og:image:type\" content=\"image\/jpeg\" \/>\n<meta name=\"twitter:card\" content=\"summary_large_image\" \/>\n<meta name=\"twitter:label1\" content=\"Est. tempo de leitura\" \/>\n\t<meta name=\"twitter:data1\" content=\"2 minutos\" \/>\n<script type=\"application\/ld+json\" class=\"yoast-schema-graph\">{\"@context\":\"https:\/\/schema.org\",\"@graph\":[{\"@type\":\"WebPage\",\"@id\":\"https:\/\/www.fiemg.com.br\/regional-norte\/noticias\/nova-diretoria-do-quifarmo-toma-posse-no-dia-11-de-setembro\/\",\"url\":\"https:\/\/www.fiemg.com.br\/regional-norte\/noticias\/nova-diretoria-do-quifarmo-toma-posse-no-dia-11-de-setembro\/\",\"name\":\"Nova diretoria do QUIFARMO toma posse no dia 11 de setembro - Regional Norte\",\"isPartOf\":{\"@id\":\"https:\/\/www.fiemg.com.br\/regional-norte\/#website\"},\"primaryImageOfPage\":{\"@id\":\"https:\/\/www.fiemg.com.br\/regional-norte\/noticias\/nova-diretoria-do-quifarmo-toma-posse-no-dia-11-de-setembro\/#primaryimage\"},\"image\":{\"@id\":\"https:\/\/www.fiemg.com.br\/regional-norte\/noticias\/nova-diretoria-do-quifarmo-toma-posse-no-dia-11-de-setembro\/#primaryimage\"},\"thumbnailUrl\":\"https:\/\/www.fiemg.com.br\/regional-norte\/wp-content\/uploads\/sites\/17\/2025\/09\/Walker-e-Robison-diretores-Quifarmo.jpg\",\"datePublished\":\"2025-09-04T13:32:25+00:00\",\"dateModified\":\"2025-09-04T13:49:22+00:00\",\"breadcrumb\":{\"@id\":\"https:\/\/www.fiemg.com.br\/regional-norte\/noticias\/nova-diretoria-do-quifarmo-toma-posse-no-dia-11-de-setembro\/#breadcrumb\"},\"inLanguage\":\"pt-BR\",\"potentialAction\":[{\"@type\":\"ReadAction\",\"target\":[\"https:\/\/www.fiemg.com.br\/regional-norte\/noticias\/nova-diretoria-do-quifarmo-toma-posse-no-dia-11-de-setembro\/\"]}]},{\"@type\":\"ImageObject\",\"inLanguage\":\"pt-BR\",\"@id\":\"https:\/\/www.fiemg.com.br\/regional-norte\/noticias\/nova-diretoria-do-quifarmo-toma-posse-no-dia-11-de-setembro\/#primaryimage\",\"url\":\"https:\/\/www.fiemg.com.br\/regional-norte\/wp-content\/uploads\/sites\/17\/2025\/09\/Walker-e-Robison-diretores-Quifarmo.jpg\",\"contentUrl\":\"https:\/\/www.fiemg.com.br\/regional-norte\/wp-content\/uploads\/sites\/17\/2025\/09\/Walker-e-Robison-diretores-Quifarmo.jpg\",\"width\":300,\"height\":231},{\"@type\":\"BreadcrumbList\",\"@id\":\"https:\/\/www.fiemg.com.br\/regional-norte\/noticias\/nova-diretoria-do-quifarmo-toma-posse-no-dia-11-de-setembro\/#breadcrumb\",\"itemListElement\":[{\"@type\":\"ListItem\",\"position\":1,\"name\":\"In\u00edcio\",\"item\":\"https:\/\/www.fiemg.com.br\/regional-norte\/\"},{\"@type\":\"ListItem\",\"position\":2,\"name\":\"Nova diretoria do QUIFARMO toma posse no dia 11 de setembro\"}]},{\"@type\":\"WebSite\",\"@id\":\"https:\/\/www.fiemg.com.br\/regional-norte\/#website\",\"url\":\"https:\/\/www.fiemg.com.br\/regional-norte\/\",\"name\":\"Regional Norte\",\"description\":\"Federa\u00e7\u00e3o das Ind\u00fastrias do Estado de Minas Gerais\",\"publisher\":{\"@id\":\"https:\/\/www.fiemg.com.br\/regional-norte\/#organization\"},\"potentialAction\":[{\"@type\":\"SearchAction\",\"target\":{\"@type\":\"EntryPoint\",\"urlTemplate\":\"https:\/\/www.fiemg.com.br\/regional-norte\/?s={search_term_string}\"},\"query-input\":{\"@type\":\"PropertyValueSpecification\",\"valueRequired\":true,\"valueName\":\"search_term_string\"}}],\"inLanguage\":\"pt-BR\"},{\"@type\":\"Organization\",\"@id\":\"https:\/\/www.fiemg.com.br\/regional-norte\/#organization\",\"name\":\"Regional Norte\",\"url\":\"https:\/\/www.fiemg.com.br\/regional-norte\/\",\"logo\":{\"@type\":\"ImageObject\",\"inLanguage\":\"pt-BR\",\"@id\":\"https:\/\/www.fiemg.com.br\/regional-norte\/#\/schema\/logo\/image\/\",\"url\":\"https:\/\/www.fiemg.com.br\/regional-norte\/wp-content\/uploads\/sites\/17\/2023\/02\/Ativo-1.png\",\"contentUrl\":\"https:\/\/www.fiemg.com.br\/regional-norte\/wp-content\/uploads\/sites\/17\/2023\/02\/Ativo-1.png\",\"width\":563,\"height\":149,\"caption\":\"Regional Norte\"},\"image\":{\"@id\":\"https:\/\/www.fiemg.com.br\/regional-norte\/#\/schema\/logo\/image\/\"}}]}<\/script>\n<!-- \/ Yoast SEO plugin. -->","yoast_head_json":{"title":"Nova diretoria do QUIFARMO toma posse no dia 11 de setembro - Regional Norte","robots":{"index":"index","follow":"follow","max-snippet":"max-snippet:-1","max-image-preview":"max-image-preview:large","max-video-preview":"max-video-preview:-1"},"canonical":"https:\/\/www.fiemg.com.br\/regional-norte\/noticias\/nova-diretoria-do-quifarmo-toma-posse-no-dia-11-de-setembro\/","og_locale":"pt_BR","og_type":"article","og_title":"Nova diretoria do QUIFARMO toma posse no dia 11 de setembro - Regional Norte","og_description":"A Cerim\u00f4nia de Posse da nova diretoria do QUIFARMO \u2013 Sindicato Intermunicipal das Ind\u00fastrias Qu\u00edmicas e Farmac\u00eauticas de Montes Claros -, ser\u00e1 realizada no dia 11 de setembro de 2025, no Centro de Conven\u00e7\u00f5es da Novo Nordisk. A cerim\u00f4nia ganha relev\u00e2ncia especial, pois poder\u00e1 trazer \u00e0 cidade os CEOs das grandes farmac\u00eauticas instaladas no Polo [&hellip;]","og_url":"https:\/\/www.fiemg.com.br\/regional-norte\/noticias\/nova-diretoria-do-quifarmo-toma-posse-no-dia-11-de-setembro\/","og_site_name":"Regional Norte","article_modified_time":"2025-09-04T13:49:22+00:00","og_image":[{"width":300,"height":231,"url":"https:\/\/www.fiemg.com.br\/regional-norte\/wp-content\/uploads\/sites\/17\/2025\/09\/Walker-e-Robison-diretores-Quifarmo.jpg","type":"image\/jpeg"}],"twitter_card":"summary_large_image","twitter_misc":{"Est. tempo de leitura":"2 minutos"},"schema":{"@context":"https:\/\/schema.org","@graph":[{"@type":"WebPage","@id":"https:\/\/www.fiemg.com.br\/regional-norte\/noticias\/nova-diretoria-do-quifarmo-toma-posse-no-dia-11-de-setembro\/","url":"https:\/\/www.fiemg.com.br\/regional-norte\/noticias\/nova-diretoria-do-quifarmo-toma-posse-no-dia-11-de-setembro\/","name":"Nova diretoria do QUIFARMO toma posse no dia 11 de setembro - Regional Norte","isPartOf":{"@id":"https:\/\/www.fiemg.com.br\/regional-norte\/#website"},"primaryImageOfPage":{"@id":"https:\/\/www.fiemg.com.br\/regional-norte\/noticias\/nova-diretoria-do-quifarmo-toma-posse-no-dia-11-de-setembro\/#primaryimage"},"image":{"@id":"https:\/\/www.fiemg.com.br\/regional-norte\/noticias\/nova-diretoria-do-quifarmo-toma-posse-no-dia-11-de-setembro\/#primaryimage"},"thumbnailUrl":"https:\/\/www.fiemg.com.br\/regional-norte\/wp-content\/uploads\/sites\/17\/2025\/09\/Walker-e-Robison-diretores-Quifarmo.jpg","datePublished":"2025-09-04T13:32:25+00:00","dateModified":"2025-09-04T13:49:22+00:00","breadcrumb":{"@id":"https:\/\/www.fiemg.com.br\/regional-norte\/noticias\/nova-diretoria-do-quifarmo-toma-posse-no-dia-11-de-setembro\/#breadcrumb"},"inLanguage":"pt-BR","potentialAction":[{"@type":"ReadAction","target":["https:\/\/www.fiemg.com.br\/regional-norte\/noticias\/nova-diretoria-do-quifarmo-toma-posse-no-dia-11-de-setembro\/"]}]},{"@type":"ImageObject","inLanguage":"pt-BR","@id":"https:\/\/www.fiemg.com.br\/regional-norte\/noticias\/nova-diretoria-do-quifarmo-toma-posse-no-dia-11-de-setembro\/#primaryimage","url":"https:\/\/www.fiemg.com.br\/regional-norte\/wp-content\/uploads\/sites\/17\/2025\/09\/Walker-e-Robison-diretores-Quifarmo.jpg","contentUrl":"https:\/\/www.fiemg.com.br\/regional-norte\/wp-content\/uploads\/sites\/17\/2025\/09\/Walker-e-Robison-diretores-Quifarmo.jpg","width":300,"height":231},{"@type":"BreadcrumbList","@id":"https:\/\/www.fiemg.com.br\/regional-norte\/noticias\/nova-diretoria-do-quifarmo-toma-posse-no-dia-11-de-setembro\/#breadcrumb","itemListElement":[{"@type":"ListItem","position":1,"name":"In\u00edcio","item":"https:\/\/www.fiemg.com.br\/regional-norte\/"},{"@type":"ListItem","position":2,"name":"Nova diretoria do QUIFARMO toma posse no dia 11 de setembro"}]},{"@type":"WebSite","@id":"https:\/\/www.fiemg.com.br\/regional-norte\/#website","url":"https:\/\/www.fiemg.com.br\/regional-norte\/","name":"Regional Norte","description":"Federa\u00e7\u00e3o das Ind\u00fastrias do Estado de Minas Gerais","publisher":{"@id":"https:\/\/www.fiemg.com.br\/regional-norte\/#organization"},"potentialAction":[{"@type":"SearchAction","target":{"@type":"EntryPoint","urlTemplate":"https:\/\/www.fiemg.com.br\/regional-norte\/?s={search_term_string}"},"query-input":{"@type":"PropertyValueSpecification","valueRequired":true,"valueName":"search_term_string"}}],"inLanguage":"pt-BR"},{"@type":"Organization","@id":"https:\/\/www.fiemg.com.br\/regional-norte\/#organization","name":"Regional Norte","url":"https:\/\/www.fiemg.com.br\/regional-norte\/","logo":{"@type":"ImageObject","inLanguage":"pt-BR","@id":"https:\/\/www.fiemg.com.br\/regional-norte\/#\/schema\/logo\/image\/","url":"https:\/\/www.fiemg.com.br\/regional-norte\/wp-content\/uploads\/sites\/17\/2023\/02\/Ativo-1.png","contentUrl":"https:\/\/www.fiemg.com.br\/regional-norte\/wp-content\/uploads\/sites\/17\/2023\/02\/Ativo-1.png","width":563,"height":149,"caption":"Regional Norte"},"image":{"@id":"https:\/\/www.fiemg.com.br\/regional-norte\/#\/schema\/logo\/image\/"}}]}},"_links":{"self":[{"href":"https:\/\/www.fiemg.com.br\/regional-norte\/wp-json\/wp\/v2\/noticias\/3089","targetHints":{"allow":["GET"]}}],"collection":[{"href":"https:\/\/www.fiemg.com.br\/regional-norte\/wp-json\/wp\/v2\/noticias"}],"about":[{"href":"https:\/\/www.fiemg.com.br\/regional-norte\/wp-json\/wp\/v2\/types\/noticias"}],"wp:featuredmedia":[{"embeddable":true,"href":"https:\/\/www.fiemg.com.br\/regional-norte\/wp-json\/wp\/v2\/media\/3096"}],"wp:attachment":[{"href":"https:\/\/www.fiemg.com.br\/regional-norte\/wp-json\/wp\/v2\/media?parent=3089"}],"wp:term":[{"taxonomy":"category","embeddable":true,"href":"https:\/\/www.fiemg.com.br\/regional-norte\/wp-json\/wp\/v2\/categories?post=3089"},{"taxonomy":"post_tag","embeddable":true,"href":"https:\/\/www.fiemg.com.br\/regional-norte\/wp-json\/wp\/v2\/tags?post=3089"}],"curies":[{"name":"wp","href":"https:\/\/api.w.org\/{rel}","templated":true}]}}