{"id":3118,"date":"2025-09-12T09:52:38","date_gmt":"2025-09-12T12:52:38","guid":{"rendered":"https:\/\/www.fiemg.com.br\/regional-norte\/?post_type=noticias&#038;p=3118"},"modified":"2025-09-12T10:59:37","modified_gmt":"2025-09-12T13:59:37","slug":"quifarmo-empossa-nova-diretoria-em-evento-que-reune-ceos-e-diretores-das-maiores-farmaceuticas-do-pais","status":"publish","type":"noticias","link":"https:\/\/www.fiemg.com.br\/regional-norte\/noticias\/quifarmo-empossa-nova-diretoria-em-evento-que-reune-ceos-e-diretores-das-maiores-farmaceuticas-do-pais\/","title":{"rendered":"QUIFARMO empossa, em Montes Claros, nova diretoria em evento que re\u00fane CEOs e diretores das maiores farmac\u00eauticas do pa\u00eds"},"content":{"rendered":"\n<p>Montes Claros reafirmou sua posi\u00e7\u00e3o de destaque no cen\u00e1rio industrial farmac\u00eautico nacional, na tarde de quinta-feira (11\/09), durante a cerim\u00f4nia de posse da nova diretoria do Sindicato Intermunicipal das Ind\u00fastrias Qu\u00edmicas e Farmac\u00eauticas de Montes Claros (QUIFARMO).<\/p>\n\n\n\n<p>O evento, realizado no audit\u00f3rio do Novo Clube da farmac\u00eautica Novo Nordisk, em Montes Claros, reuniu executivos de grandes empresas instaladas no Polo Farmac\u00eautico da cidade e autoridades municipais, estaduais e federais e foi presidida por Fl\u00e1vio Roscoe, presidente da Federa\u00e7\u00e3o das Ind\u00fastrias do Estado de Minas Gerais (FIEMG). Tamb\u00e9m participou da cerim\u00f4nia, o prefeito de Montes Claros, Guilherme Guimar\u00e3es.<\/p>\n\n\n\n<p>S\u00e3o associadas ao QUIFARMO, multinacionais e ind\u00fastrias de refer\u00eancia no setor, como Novo Nordisk, Eurofarma, Crist\u00e1lia, Hipolabor, Vetbras e Uni\u00e3o Qu\u00edmica, que fazem de Montes Claros um dos maiores polos farmac\u00eauticos do Brasil. O conjunto dessas empresas tem transformado o Norte de Minas em refer\u00eancia nacional em tecnologia e inova\u00e7\u00e3o na produ\u00e7\u00e3o de medicamentos.<\/p>\n\n\n\n<p>Ao tomar posse como presidente do QUIFARMO, o diretor executivo da EUROFARMA, Walker Lahmann, destacou que \u201cnesse cen\u00e1rio de fortalecimento do Polo Farmac\u00eautico local, o Sindicato desempenha papel estrat\u00e9gico na defesa dos interesses do setor, na valoriza\u00e7\u00e3o da m\u00e3o de obra local e no fortalecimento da imagem de Montes Claros como centro produtivo de relev\u00e2ncia nacional\u201d.<\/p>\n\n\n\n<p>Ele explicou que a entidade tamb\u00e9m atua de forma direta na promo\u00e7\u00e3o do crescimento econ\u00f4mico e social da regi\u00e3o, ampliando a inser\u00e7\u00e3o do Norte de Minas no mapa da ind\u00fastria farmac\u00eautica brasileira. \u201cMontes Claros se transformou em uma das tr\u00eas cidades em destaque na ind\u00fastria farmac\u00eautica no Brasil\u201d, afirmou o executivo.<\/p>\n\n\n\n<p><strong>Parcerias<\/strong><\/p>\n\n\n\n<p>Durante o evento, foi formalizada uma parceria entre entidades e o QUIFARMO, representando a coopera\u00e7\u00e3o entre eles com objetivo de promover o desenvolvimento e buscar solu\u00e7\u00f5es conjuntas, refor\u00e7ando a integra\u00e7\u00e3o e a representatividade do setor. O Acordo de Coopera\u00e7\u00e3o foi assinado com a ABIFINA (Associa\u00e7\u00e3o Brasileira das Ind\u00fastrias de Qu\u00edmica Fina, Biotecnologia e suas Especialidades) SINDUSFARMA (Sindicato da Ind\u00fastria de Produtos Farmac\u00eauticos), Grupo Farma Brasil, ALANAC (Associa\u00e7\u00e3o dos Laborat\u00f3rios Farmac\u00eauticos Nacionais), SINDUSFARQ (Sindicato das Ind\u00fastrias de Produtos Farmac\u00eauticos e Qu\u00edmicos para Fins Industriais no Estado de Minas Gerais) e PROGEN\u00c9RICOS (Associa\u00e7\u00e3o Brasileira das Ind\u00fastrias de Medicamentos Gen\u00e9ricos e Biossimilares)<\/p>\n\n\n\n<p><strong>Medalha<\/strong><\/p>\n\n\n\n<p>Tr\u00eas personalidades ligadas \u00e0 defesa dos interesses da ind\u00fastria, foram homenageadas no evento. Elas receberam a \u201cComenda Marcos Luiz dos Mares Guia\u201d, criada para homenagear um dos maiores pioneiros da ci\u00eancia brasileira. M\u00e9dico, professor, pesquisador de destaque na bioqu\u00edmica e na biotecnologia, o homenageado foi fundador da Biobr\u00e1s em Monte Claros (hoje Novo Nordisk), onde liberou o desenvolvimento da insulina humana e recombinante, tornando o Brasil refer\u00eancia mundial na produ\u00e7\u00e3o desse medicamento.<\/p>\n\n\n\n<p>Receberam a Medalha, o diretor da ANVISA, Romison Rodrigues Mota; o deputado estadual Gil Pereira, e o presidente da Regional Norte da FIEMG, Adauto Marques Batista.<\/p>\n\n\n\n<p>Rosangela Silveira<\/p>\n\n\n\n<p>Imprensa FIEMG Regional Norte<\/p>\n","protected":false},"featured_media":3123,"template":"","categories":[240],"tags":[75,241],"class_list":["post-3118","noticias","type-noticias","status-publish","has-post-thumbnail","hentry","category-posse-sindicatos","tag-fiemg","tag-presidente"],"acf":[],"yoast_head":"<!-- This site is optimized with the Yoast SEO plugin v26.2 - https:\/\/yoast.com\/wordpress\/plugins\/seo\/ -->\n<title>QUIFARMO empossa, em Montes Claros, nova diretoria em evento que re\u00fane CEOs e diretores das maiores farmac\u00eauticas do pa\u00eds - Regional Norte<\/title>\n<meta name=\"description\" content=\"Assinatura de termos de coopera\u00e7\u00e3o e entrega de medalhas marcaram a cerim\u00f4nia\" \/>\n<meta name=\"robots\" content=\"index, follow, max-snippet:-1, max-image-preview:large, max-video-preview:-1\" \/>\n<link rel=\"canonical\" href=\"https:\/\/www.fiemg.com.br\/regional-norte\/noticias\/quifarmo-empossa-nova-diretoria-em-evento-que-reune-ceos-e-diretores-das-maiores-farmaceuticas-do-pais\/\" \/>\n<meta property=\"og:locale\" content=\"pt_BR\" \/>\n<meta property=\"og:type\" content=\"article\" \/>\n<meta property=\"og:title\" content=\"QUIFARMO empossa, em Montes Claros, nova diretoria em evento que re\u00fane CEOs e diretores das maiores farmac\u00eauticas do pa\u00eds - Regional Norte\" \/>\n<meta property=\"og:description\" content=\"Assinatura de termos de coopera\u00e7\u00e3o e entrega de medalhas marcaram a cerim\u00f4nia\" \/>\n<meta property=\"og:url\" content=\"https:\/\/www.fiemg.com.br\/regional-norte\/noticias\/quifarmo-empossa-nova-diretoria-em-evento-que-reune-ceos-e-diretores-das-maiores-farmaceuticas-do-pais\/\" \/>\n<meta property=\"og:site_name\" content=\"Regional Norte\" \/>\n<meta property=\"article:modified_time\" content=\"2025-09-12T13:59:37+00:00\" \/>\n<meta property=\"og:image\" content=\"https:\/\/www.fiemg.com.br\/regional-norte\/wp-content\/uploads\/sites\/17\/2025\/09\/Flavio-posse-Quifarmo.jpg\" \/>\n\t<meta property=\"og:image:width\" content=\"300\" \/>\n\t<meta property=\"og:image:height\" content=\"297\" \/>\n\t<meta property=\"og:image:type\" content=\"image\/jpeg\" \/>\n<meta name=\"twitter:card\" content=\"summary_large_image\" \/>\n<meta name=\"twitter:label1\" content=\"Est. tempo de leitura\" \/>\n\t<meta name=\"twitter:data1\" content=\"3 minutos\" \/>\n<script type=\"application\/ld+json\" class=\"yoast-schema-graph\">{\"@context\":\"https:\/\/schema.org\",\"@graph\":[{\"@type\":\"WebPage\",\"@id\":\"https:\/\/www.fiemg.com.br\/regional-norte\/noticias\/quifarmo-empossa-nova-diretoria-em-evento-que-reune-ceos-e-diretores-das-maiores-farmaceuticas-do-pais\/\",\"url\":\"https:\/\/www.fiemg.com.br\/regional-norte\/noticias\/quifarmo-empossa-nova-diretoria-em-evento-que-reune-ceos-e-diretores-das-maiores-farmaceuticas-do-pais\/\",\"name\":\"QUIFARMO empossa, em Montes Claros, nova diretoria em evento que re\u00fane CEOs e diretores das maiores farmac\u00eauticas do pa\u00eds - Regional Norte\",\"isPartOf\":{\"@id\":\"https:\/\/www.fiemg.com.br\/regional-norte\/#website\"},\"primaryImageOfPage\":{\"@id\":\"https:\/\/www.fiemg.com.br\/regional-norte\/noticias\/quifarmo-empossa-nova-diretoria-em-evento-que-reune-ceos-e-diretores-das-maiores-farmaceuticas-do-pais\/#primaryimage\"},\"image\":{\"@id\":\"https:\/\/www.fiemg.com.br\/regional-norte\/noticias\/quifarmo-empossa-nova-diretoria-em-evento-que-reune-ceos-e-diretores-das-maiores-farmaceuticas-do-pais\/#primaryimage\"},\"thumbnailUrl\":\"https:\/\/www.fiemg.com.br\/regional-norte\/wp-content\/uploads\/sites\/17\/2025\/09\/Flavio-posse-Quifarmo.jpg\",\"datePublished\":\"2025-09-12T12:52:38+00:00\",\"dateModified\":\"2025-09-12T13:59:37+00:00\",\"description\":\"Assinatura de termos de coopera\u00e7\u00e3o e entrega de medalhas marcaram a cerim\u00f4nia\",\"breadcrumb\":{\"@id\":\"https:\/\/www.fiemg.com.br\/regional-norte\/noticias\/quifarmo-empossa-nova-diretoria-em-evento-que-reune-ceos-e-diretores-das-maiores-farmaceuticas-do-pais\/#breadcrumb\"},\"inLanguage\":\"pt-BR\",\"potentialAction\":[{\"@type\":\"ReadAction\",\"target\":[\"https:\/\/www.fiemg.com.br\/regional-norte\/noticias\/quifarmo-empossa-nova-diretoria-em-evento-que-reune-ceos-e-diretores-das-maiores-farmaceuticas-do-pais\/\"]}]},{\"@type\":\"ImageObject\",\"inLanguage\":\"pt-BR\",\"@id\":\"https:\/\/www.fiemg.com.br\/regional-norte\/noticias\/quifarmo-empossa-nova-diretoria-em-evento-que-reune-ceos-e-diretores-das-maiores-farmaceuticas-do-pais\/#primaryimage\",\"url\":\"https:\/\/www.fiemg.com.br\/regional-norte\/wp-content\/uploads\/sites\/17\/2025\/09\/Flavio-posse-Quifarmo.jpg\",\"contentUrl\":\"https:\/\/www.fiemg.com.br\/regional-norte\/wp-content\/uploads\/sites\/17\/2025\/09\/Flavio-posse-Quifarmo.jpg\",\"width\":300,\"height\":297},{\"@type\":\"BreadcrumbList\",\"@id\":\"https:\/\/www.fiemg.com.br\/regional-norte\/noticias\/quifarmo-empossa-nova-diretoria-em-evento-que-reune-ceos-e-diretores-das-maiores-farmaceuticas-do-pais\/#breadcrumb\",\"itemListElement\":[{\"@type\":\"ListItem\",\"position\":1,\"name\":\"In\u00edcio\",\"item\":\"https:\/\/www.fiemg.com.br\/regional-norte\/\"},{\"@type\":\"ListItem\",\"position\":2,\"name\":\"QUIFARMO empossa, em Montes Claros, nova diretoria em evento que re\u00fane CEOs e diretores das maiores farmac\u00eauticas do pa\u00eds\"}]},{\"@type\":\"WebSite\",\"@id\":\"https:\/\/www.fiemg.com.br\/regional-norte\/#website\",\"url\":\"https:\/\/www.fiemg.com.br\/regional-norte\/\",\"name\":\"Regional Norte\",\"description\":\"Federa\u00e7\u00e3o das Ind\u00fastrias do Estado de Minas Gerais\",\"publisher\":{\"@id\":\"https:\/\/www.fiemg.com.br\/regional-norte\/#organization\"},\"potentialAction\":[{\"@type\":\"SearchAction\",\"target\":{\"@type\":\"EntryPoint\",\"urlTemplate\":\"https:\/\/www.fiemg.com.br\/regional-norte\/?s={search_term_string}\"},\"query-input\":{\"@type\":\"PropertyValueSpecification\",\"valueRequired\":true,\"valueName\":\"search_term_string\"}}],\"inLanguage\":\"pt-BR\"},{\"@type\":\"Organization\",\"@id\":\"https:\/\/www.fiemg.com.br\/regional-norte\/#organization\",\"name\":\"Regional Norte\",\"url\":\"https:\/\/www.fiemg.com.br\/regional-norte\/\",\"logo\":{\"@type\":\"ImageObject\",\"inLanguage\":\"pt-BR\",\"@id\":\"https:\/\/www.fiemg.com.br\/regional-norte\/#\/schema\/logo\/image\/\",\"url\":\"https:\/\/www.fiemg.com.br\/regional-norte\/wp-content\/uploads\/sites\/17\/2023\/02\/Ativo-1.png\",\"contentUrl\":\"https:\/\/www.fiemg.com.br\/regional-norte\/wp-content\/uploads\/sites\/17\/2023\/02\/Ativo-1.png\",\"width\":563,\"height\":149,\"caption\":\"Regional Norte\"},\"image\":{\"@id\":\"https:\/\/www.fiemg.com.br\/regional-norte\/#\/schema\/logo\/image\/\"}}]}<\/script>\n<!-- \/ Yoast SEO plugin. -->","yoast_head_json":{"title":"QUIFARMO empossa, em Montes Claros, nova diretoria em evento que re\u00fane CEOs e diretores das maiores farmac\u00eauticas do pa\u00eds - Regional Norte","description":"Assinatura de termos de coopera\u00e7\u00e3o e entrega de medalhas marcaram a cerim\u00f4nia","robots":{"index":"index","follow":"follow","max-snippet":"max-snippet:-1","max-image-preview":"max-image-preview:large","max-video-preview":"max-video-preview:-1"},"canonical":"https:\/\/www.fiemg.com.br\/regional-norte\/noticias\/quifarmo-empossa-nova-diretoria-em-evento-que-reune-ceos-e-diretores-das-maiores-farmaceuticas-do-pais\/","og_locale":"pt_BR","og_type":"article","og_title":"QUIFARMO empossa, em Montes Claros, nova diretoria em evento que re\u00fane CEOs e diretores das maiores farmac\u00eauticas do pa\u00eds - Regional Norte","og_description":"Assinatura de termos de coopera\u00e7\u00e3o e entrega de medalhas marcaram a cerim\u00f4nia","og_url":"https:\/\/www.fiemg.com.br\/regional-norte\/noticias\/quifarmo-empossa-nova-diretoria-em-evento-que-reune-ceos-e-diretores-das-maiores-farmaceuticas-do-pais\/","og_site_name":"Regional Norte","article_modified_time":"2025-09-12T13:59:37+00:00","og_image":[{"width":300,"height":297,"url":"https:\/\/www.fiemg.com.br\/regional-norte\/wp-content\/uploads\/sites\/17\/2025\/09\/Flavio-posse-Quifarmo.jpg","type":"image\/jpeg"}],"twitter_card":"summary_large_image","twitter_misc":{"Est. tempo de leitura":"3 minutos"},"schema":{"@context":"https:\/\/schema.org","@graph":[{"@type":"WebPage","@id":"https:\/\/www.fiemg.com.br\/regional-norte\/noticias\/quifarmo-empossa-nova-diretoria-em-evento-que-reune-ceos-e-diretores-das-maiores-farmaceuticas-do-pais\/","url":"https:\/\/www.fiemg.com.br\/regional-norte\/noticias\/quifarmo-empossa-nova-diretoria-em-evento-que-reune-ceos-e-diretores-das-maiores-farmaceuticas-do-pais\/","name":"QUIFARMO empossa, em Montes Claros, nova diretoria em evento que re\u00fane CEOs e diretores das maiores farmac\u00eauticas do pa\u00eds - Regional Norte","isPartOf":{"@id":"https:\/\/www.fiemg.com.br\/regional-norte\/#website"},"primaryImageOfPage":{"@id":"https:\/\/www.fiemg.com.br\/regional-norte\/noticias\/quifarmo-empossa-nova-diretoria-em-evento-que-reune-ceos-e-diretores-das-maiores-farmaceuticas-do-pais\/#primaryimage"},"image":{"@id":"https:\/\/www.fiemg.com.br\/regional-norte\/noticias\/quifarmo-empossa-nova-diretoria-em-evento-que-reune-ceos-e-diretores-das-maiores-farmaceuticas-do-pais\/#primaryimage"},"thumbnailUrl":"https:\/\/www.fiemg.com.br\/regional-norte\/wp-content\/uploads\/sites\/17\/2025\/09\/Flavio-posse-Quifarmo.jpg","datePublished":"2025-09-12T12:52:38+00:00","dateModified":"2025-09-12T13:59:37+00:00","description":"Assinatura de termos de coopera\u00e7\u00e3o e entrega de medalhas marcaram a cerim\u00f4nia","breadcrumb":{"@id":"https:\/\/www.fiemg.com.br\/regional-norte\/noticias\/quifarmo-empossa-nova-diretoria-em-evento-que-reune-ceos-e-diretores-das-maiores-farmaceuticas-do-pais\/#breadcrumb"},"inLanguage":"pt-BR","potentialAction":[{"@type":"ReadAction","target":["https:\/\/www.fiemg.com.br\/regional-norte\/noticias\/quifarmo-empossa-nova-diretoria-em-evento-que-reune-ceos-e-diretores-das-maiores-farmaceuticas-do-pais\/"]}]},{"@type":"ImageObject","inLanguage":"pt-BR","@id":"https:\/\/www.fiemg.com.br\/regional-norte\/noticias\/quifarmo-empossa-nova-diretoria-em-evento-que-reune-ceos-e-diretores-das-maiores-farmaceuticas-do-pais\/#primaryimage","url":"https:\/\/www.fiemg.com.br\/regional-norte\/wp-content\/uploads\/sites\/17\/2025\/09\/Flavio-posse-Quifarmo.jpg","contentUrl":"https:\/\/www.fiemg.com.br\/regional-norte\/wp-content\/uploads\/sites\/17\/2025\/09\/Flavio-posse-Quifarmo.jpg","width":300,"height":297},{"@type":"BreadcrumbList","@id":"https:\/\/www.fiemg.com.br\/regional-norte\/noticias\/quifarmo-empossa-nova-diretoria-em-evento-que-reune-ceos-e-diretores-das-maiores-farmaceuticas-do-pais\/#breadcrumb","itemListElement":[{"@type":"ListItem","position":1,"name":"In\u00edcio","item":"https:\/\/www.fiemg.com.br\/regional-norte\/"},{"@type":"ListItem","position":2,"name":"QUIFARMO empossa, em Montes Claros, nova diretoria em evento que re\u00fane CEOs e diretores das maiores farmac\u00eauticas do pa\u00eds"}]},{"@type":"WebSite","@id":"https:\/\/www.fiemg.com.br\/regional-norte\/#website","url":"https:\/\/www.fiemg.com.br\/regional-norte\/","name":"Regional Norte","description":"Federa\u00e7\u00e3o das Ind\u00fastrias do Estado de Minas Gerais","publisher":{"@id":"https:\/\/www.fiemg.com.br\/regional-norte\/#organization"},"potentialAction":[{"@type":"SearchAction","target":{"@type":"EntryPoint","urlTemplate":"https:\/\/www.fiemg.com.br\/regional-norte\/?s={search_term_string}"},"query-input":{"@type":"PropertyValueSpecification","valueRequired":true,"valueName":"search_term_string"}}],"inLanguage":"pt-BR"},{"@type":"Organization","@id":"https:\/\/www.fiemg.com.br\/regional-norte\/#organization","name":"Regional Norte","url":"https:\/\/www.fiemg.com.br\/regional-norte\/","logo":{"@type":"ImageObject","inLanguage":"pt-BR","@id":"https:\/\/www.fiemg.com.br\/regional-norte\/#\/schema\/logo\/image\/","url":"https:\/\/www.fiemg.com.br\/regional-norte\/wp-content\/uploads\/sites\/17\/2023\/02\/Ativo-1.png","contentUrl":"https:\/\/www.fiemg.com.br\/regional-norte\/wp-content\/uploads\/sites\/17\/2023\/02\/Ativo-1.png","width":563,"height":149,"caption":"Regional Norte"},"image":{"@id":"https:\/\/www.fiemg.com.br\/regional-norte\/#\/schema\/logo\/image\/"}}]}},"_links":{"self":[{"href":"https:\/\/www.fiemg.com.br\/regional-norte\/wp-json\/wp\/v2\/noticias\/3118","targetHints":{"allow":["GET"]}}],"collection":[{"href":"https:\/\/www.fiemg.com.br\/regional-norte\/wp-json\/wp\/v2\/noticias"}],"about":[{"href":"https:\/\/www.fiemg.com.br\/regional-norte\/wp-json\/wp\/v2\/types\/noticias"}],"wp:featuredmedia":[{"embeddable":true,"href":"https:\/\/www.fiemg.com.br\/regional-norte\/wp-json\/wp\/v2\/media\/3123"}],"wp:attachment":[{"href":"https:\/\/www.fiemg.com.br\/regional-norte\/wp-json\/wp\/v2\/media?parent=3118"}],"wp:term":[{"taxonomy":"category","embeddable":true,"href":"https:\/\/www.fiemg.com.br\/regional-norte\/wp-json\/wp\/v2\/categories?post=3118"},{"taxonomy":"post_tag","embeddable":true,"href":"https:\/\/www.fiemg.com.br\/regional-norte\/wp-json\/wp\/v2\/tags?post=3118"}],"curies":[{"name":"wp","href":"https:\/\/api.w.org\/{rel}","templated":true}]}}