{"id":3209,"date":"2025-11-03T11:22:10","date_gmt":"2025-11-03T14:22:10","guid":{"rendered":"https:\/\/www.fiemg.com.br\/regional-norte\/?post_type=noticias&#038;p=3209"},"modified":"2025-11-03T11:23:23","modified_gmt":"2025-11-03T14:23:23","slug":"presidente-da-fiemg-regional-norte-participou-da-inauguracao-do-cristalia-em-montes-claros","status":"publish","type":"noticias","link":"https:\/\/www.fiemg.com.br\/regional-norte\/noticias\/presidente-da-fiemg-regional-norte-participou-da-inauguracao-do-cristalia-em-montes-claros\/","title":{"rendered":"Presidente da FIEMG Regional Norte participou da inaugura\u00e7\u00e3o do Crist\u00e1lia em Montes Claros"},"content":{"rendered":"\n<p>O Laborat\u00f3rio Crist\u00e1lia inaugurou, no dia <strong>28 de outubro de 2025<\/strong>, sua nova <strong>planta farmac\u00eautica em Montes Claros (MG)<\/strong>. Durante a cerim\u00f4nia, a empresa anunciou um <strong>novo investimento de R$ 350 milh\u00f5es<\/strong> para amplia\u00e7\u00e3o do complexo industrial, que dever\u00e1 entrar em opera\u00e7\u00e3o nos pr\u00f3ximos dois anos e gerar <strong>mais 200 empregos diretos<\/strong>.<\/p>\n\n\n\n<p>Atualmente, o empreendimento emprega cerca de <strong>300 colaboradores diretos<\/strong>. Com a conclus\u00e3o das novas linhas produtivas, esse n\u00famero deve alcan\u00e7ar <strong>500 postos de trabalho<\/strong>, consolidando o Crist\u00e1lia como um dos principais motores de desenvolvimento do <strong>Polo Farmac\u00eautico d<\/strong>e Montes Claros.<\/p>\n\n\n\n<p>A nova <strong>planta de biotecnologia<\/strong> produzir\u00e1 <strong>toxina botul\u00ednica<\/strong> \u2014 conhecida popularmente como <strong>botox<\/strong> \u2014 utilizada em tratamentos est\u00e9ticos e terap\u00eauticos. O fundador e presidente do Grupo Crist\u00e1lia, <strong>Ogari Pacheco<\/strong>, destacou que a amplia\u00e7\u00e3o vai atender \u00e0 crescente demanda do mercado brasileiro.<\/p>\n\n\n\n<blockquote class=\"wp-block-quote is-layout-flow wp-block-quote-is-layout-flow\">\n<p>\u201cJ\u00e1 produzimos a subst\u00e2ncia em uma unidade paulista, mas em escala limitada. Precisamos de um espa\u00e7o maior, que comporte a grande demanda do Pa\u00eds\u201d, afirmou.<\/p>\n<\/blockquote>\n\n\n\n<p>Atualmente, o laborat\u00f3rio opera em Montes Claros com <strong>quatro linhas produtivas em funcionamento<\/strong>. Com a expans\u00e3o, a capacidade total passar\u00e1 para <strong>sete linhas<\/strong>, ampliando significativamente a produ\u00e7\u00e3o nacional de medicamentos de alta tecnologia.<\/p>\n\n\n\n<p>A cerim\u00f4nia contou com a presen\u00e7a de diversas <strong>autoridades municipais, estaduais e federais<\/strong>, entre elas o <strong>prefeito de Montes Claros, Guilherme Guimar\u00e3es<\/strong>, al\u00e9m de <strong>representantes de entidades empresariais e lideran\u00e7as locais<\/strong>.<\/p>\n\n\n\n<p>O <strong>presidente da FIEMG Regional Norte<\/strong>, <strong>Adauto Marques Batista<\/strong>, um dos principais articuladores da vinda do Crist\u00e1lia para Montes Claros, ressaltou a import\u00e2ncia estrat\u00e9gica do investimento para a economia regional.<\/p>\n\n\n\n<blockquote class=\"wp-block-quote is-layout-flow wp-block-quote-is-layout-flow\">\n<p>\u201cMontes Claros deixou para tr\u00e1s a era do \u2018cemit\u00e9rio de ind\u00fastrias\u2019 para viver uma nova revolu\u00e7\u00e3o industrial regional. O Crist\u00e1lia simboliza essa transforma\u00e7\u00e3o\u201d, destacou.<\/p>\n<\/blockquote>\n\n\n\n<p>O presidente do grupo, <strong>Ogari Pacheco<\/strong> reafirmou o compromisso da empresa com a inova\u00e7\u00e3o e o desenvolvimento do pa\u00eds.<\/p>\n\n\n\n<blockquote class=\"wp-block-quote is-layout-flow wp-block-quote-is-layout-flow\">\n<p>\u201cTemos orgulho de ser um laborat\u00f3rio nacional. Com essa expans\u00e3o, vamos colocar o Norte de Minas na vanguarda da produ\u00e7\u00e3o de medicamentos e biotecnologia\u201d, concluiu.<\/p>\n<\/blockquote>\n\n\n\n<p><\/p>\n","protected":false},"featured_media":3210,"template":"","categories":[14],"tags":[],"class_list":["post-3209","noticias","type-noticias","status-publish","has-post-thumbnail","hentry","category-noticias"],"acf":[],"yoast_head":"<!-- This site is optimized with the Yoast SEO plugin v26.2 - https:\/\/yoast.com\/wordpress\/plugins\/seo\/ -->\n<title>Presidente da FIEMG Regional Norte participou da inaugura\u00e7\u00e3o do Crist\u00e1lia em Montes Claros - Regional Norte<\/title>\n<meta name=\"robots\" content=\"index, follow, max-snippet:-1, max-image-preview:large, max-video-preview:-1\" \/>\n<link rel=\"canonical\" href=\"https:\/\/www.fiemg.com.br\/regional-norte\/noticias\/presidente-da-fiemg-regional-norte-participou-da-inauguracao-do-cristalia-em-montes-claros\/\" \/>\n<meta property=\"og:locale\" content=\"pt_BR\" \/>\n<meta property=\"og:type\" content=\"article\" \/>\n<meta property=\"og:title\" content=\"Presidente da FIEMG Regional Norte participou da inaugura\u00e7\u00e3o do Crist\u00e1lia em Montes Claros - Regional Norte\" \/>\n<meta property=\"og:description\" content=\"O Laborat\u00f3rio Crist\u00e1lia inaugurou, no dia 28 de outubro de 2025, sua nova planta farmac\u00eautica em Montes Claros (MG). Durante a cerim\u00f4nia, a empresa anunciou um novo investimento de R$ 350 milh\u00f5es para amplia\u00e7\u00e3o do complexo industrial, que dever\u00e1 entrar em opera\u00e7\u00e3o nos pr\u00f3ximos dois anos e gerar mais 200 empregos diretos. Atualmente, o empreendimento [&hellip;]\" \/>\n<meta property=\"og:url\" content=\"https:\/\/www.fiemg.com.br\/regional-norte\/noticias\/presidente-da-fiemg-regional-norte-participou-da-inauguracao-do-cristalia-em-montes-claros\/\" \/>\n<meta property=\"og:site_name\" content=\"Regional Norte\" \/>\n<meta property=\"article:modified_time\" content=\"2025-11-03T14:23:23+00:00\" \/>\n<meta property=\"og:image\" content=\"https:\/\/www.fiemg.com.br\/regional-norte\/wp-content\/uploads\/sites\/17\/2025\/11\/FOTO-ADAUTO-DIRETORES-CRISTALIA.jpg\" \/>\n\t<meta property=\"og:image:width\" content=\"300\" \/>\n\t<meta property=\"og:image:height\" content=\"261\" \/>\n\t<meta property=\"og:image:type\" content=\"image\/jpeg\" \/>\n<meta name=\"twitter:card\" content=\"summary_large_image\" \/>\n<meta name=\"twitter:label1\" content=\"Est. tempo de leitura\" \/>\n\t<meta name=\"twitter:data1\" content=\"2 minutos\" \/>\n<script type=\"application\/ld+json\" class=\"yoast-schema-graph\">{\"@context\":\"https:\/\/schema.org\",\"@graph\":[{\"@type\":\"WebPage\",\"@id\":\"https:\/\/www.fiemg.com.br\/regional-norte\/noticias\/presidente-da-fiemg-regional-norte-participou-da-inauguracao-do-cristalia-em-montes-claros\/\",\"url\":\"https:\/\/www.fiemg.com.br\/regional-norte\/noticias\/presidente-da-fiemg-regional-norte-participou-da-inauguracao-do-cristalia-em-montes-claros\/\",\"name\":\"Presidente da FIEMG Regional Norte participou da inaugura\u00e7\u00e3o do Crist\u00e1lia em Montes Claros - Regional Norte\",\"isPartOf\":{\"@id\":\"https:\/\/www.fiemg.com.br\/regional-norte\/#website\"},\"primaryImageOfPage\":{\"@id\":\"https:\/\/www.fiemg.com.br\/regional-norte\/noticias\/presidente-da-fiemg-regional-norte-participou-da-inauguracao-do-cristalia-em-montes-claros\/#primaryimage\"},\"image\":{\"@id\":\"https:\/\/www.fiemg.com.br\/regional-norte\/noticias\/presidente-da-fiemg-regional-norte-participou-da-inauguracao-do-cristalia-em-montes-claros\/#primaryimage\"},\"thumbnailUrl\":\"https:\/\/www.fiemg.com.br\/regional-norte\/wp-content\/uploads\/sites\/17\/2025\/11\/FOTO-ADAUTO-DIRETORES-CRISTALIA.jpg\",\"datePublished\":\"2025-11-03T14:22:10+00:00\",\"dateModified\":\"2025-11-03T14:23:23+00:00\",\"breadcrumb\":{\"@id\":\"https:\/\/www.fiemg.com.br\/regional-norte\/noticias\/presidente-da-fiemg-regional-norte-participou-da-inauguracao-do-cristalia-em-montes-claros\/#breadcrumb\"},\"inLanguage\":\"pt-BR\",\"potentialAction\":[{\"@type\":\"ReadAction\",\"target\":[\"https:\/\/www.fiemg.com.br\/regional-norte\/noticias\/presidente-da-fiemg-regional-norte-participou-da-inauguracao-do-cristalia-em-montes-claros\/\"]}]},{\"@type\":\"ImageObject\",\"inLanguage\":\"pt-BR\",\"@id\":\"https:\/\/www.fiemg.com.br\/regional-norte\/noticias\/presidente-da-fiemg-regional-norte-participou-da-inauguracao-do-cristalia-em-montes-claros\/#primaryimage\",\"url\":\"https:\/\/www.fiemg.com.br\/regional-norte\/wp-content\/uploads\/sites\/17\/2025\/11\/FOTO-ADAUTO-DIRETORES-CRISTALIA.jpg\",\"contentUrl\":\"https:\/\/www.fiemg.com.br\/regional-norte\/wp-content\/uploads\/sites\/17\/2025\/11\/FOTO-ADAUTO-DIRETORES-CRISTALIA.jpg\",\"width\":300,\"height\":261},{\"@type\":\"BreadcrumbList\",\"@id\":\"https:\/\/www.fiemg.com.br\/regional-norte\/noticias\/presidente-da-fiemg-regional-norte-participou-da-inauguracao-do-cristalia-em-montes-claros\/#breadcrumb\",\"itemListElement\":[{\"@type\":\"ListItem\",\"position\":1,\"name\":\"In\u00edcio\",\"item\":\"https:\/\/www.fiemg.com.br\/regional-norte\/\"},{\"@type\":\"ListItem\",\"position\":2,\"name\":\"Presidente da FIEMG Regional Norte participou da inaugura\u00e7\u00e3o do Crist\u00e1lia em Montes Claros\"}]},{\"@type\":\"WebSite\",\"@id\":\"https:\/\/www.fiemg.com.br\/regional-norte\/#website\",\"url\":\"https:\/\/www.fiemg.com.br\/regional-norte\/\",\"name\":\"Regional Norte\",\"description\":\"Federa\u00e7\u00e3o das Ind\u00fastrias do Estado de Minas Gerais\",\"publisher\":{\"@id\":\"https:\/\/www.fiemg.com.br\/regional-norte\/#organization\"},\"potentialAction\":[{\"@type\":\"SearchAction\",\"target\":{\"@type\":\"EntryPoint\",\"urlTemplate\":\"https:\/\/www.fiemg.com.br\/regional-norte\/?s={search_term_string}\"},\"query-input\":{\"@type\":\"PropertyValueSpecification\",\"valueRequired\":true,\"valueName\":\"search_term_string\"}}],\"inLanguage\":\"pt-BR\"},{\"@type\":\"Organization\",\"@id\":\"https:\/\/www.fiemg.com.br\/regional-norte\/#organization\",\"name\":\"Regional Norte\",\"url\":\"https:\/\/www.fiemg.com.br\/regional-norte\/\",\"logo\":{\"@type\":\"ImageObject\",\"inLanguage\":\"pt-BR\",\"@id\":\"https:\/\/www.fiemg.com.br\/regional-norte\/#\/schema\/logo\/image\/\",\"url\":\"https:\/\/www.fiemg.com.br\/regional-norte\/wp-content\/uploads\/sites\/17\/2023\/02\/Ativo-1.png\",\"contentUrl\":\"https:\/\/www.fiemg.com.br\/regional-norte\/wp-content\/uploads\/sites\/17\/2023\/02\/Ativo-1.png\",\"width\":563,\"height\":149,\"caption\":\"Regional Norte\"},\"image\":{\"@id\":\"https:\/\/www.fiemg.com.br\/regional-norte\/#\/schema\/logo\/image\/\"}}]}<\/script>\n<!-- \/ Yoast SEO plugin. -->","yoast_head_json":{"title":"Presidente da FIEMG Regional Norte participou da inaugura\u00e7\u00e3o do Crist\u00e1lia em Montes Claros - Regional Norte","robots":{"index":"index","follow":"follow","max-snippet":"max-snippet:-1","max-image-preview":"max-image-preview:large","max-video-preview":"max-video-preview:-1"},"canonical":"https:\/\/www.fiemg.com.br\/regional-norte\/noticias\/presidente-da-fiemg-regional-norte-participou-da-inauguracao-do-cristalia-em-montes-claros\/","og_locale":"pt_BR","og_type":"article","og_title":"Presidente da FIEMG Regional Norte participou da inaugura\u00e7\u00e3o do Crist\u00e1lia em Montes Claros - Regional Norte","og_description":"O Laborat\u00f3rio Crist\u00e1lia inaugurou, no dia 28 de outubro de 2025, sua nova planta farmac\u00eautica em Montes Claros (MG). Durante a cerim\u00f4nia, a empresa anunciou um novo investimento de R$ 350 milh\u00f5es para amplia\u00e7\u00e3o do complexo industrial, que dever\u00e1 entrar em opera\u00e7\u00e3o nos pr\u00f3ximos dois anos e gerar mais 200 empregos diretos. Atualmente, o empreendimento [&hellip;]","og_url":"https:\/\/www.fiemg.com.br\/regional-norte\/noticias\/presidente-da-fiemg-regional-norte-participou-da-inauguracao-do-cristalia-em-montes-claros\/","og_site_name":"Regional Norte","article_modified_time":"2025-11-03T14:23:23+00:00","og_image":[{"width":300,"height":261,"url":"https:\/\/www.fiemg.com.br\/regional-norte\/wp-content\/uploads\/sites\/17\/2025\/11\/FOTO-ADAUTO-DIRETORES-CRISTALIA.jpg","type":"image\/jpeg"}],"twitter_card":"summary_large_image","twitter_misc":{"Est. tempo de leitura":"2 minutos"},"schema":{"@context":"https:\/\/schema.org","@graph":[{"@type":"WebPage","@id":"https:\/\/www.fiemg.com.br\/regional-norte\/noticias\/presidente-da-fiemg-regional-norte-participou-da-inauguracao-do-cristalia-em-montes-claros\/","url":"https:\/\/www.fiemg.com.br\/regional-norte\/noticias\/presidente-da-fiemg-regional-norte-participou-da-inauguracao-do-cristalia-em-montes-claros\/","name":"Presidente da FIEMG Regional Norte participou da inaugura\u00e7\u00e3o do Crist\u00e1lia em Montes Claros - Regional Norte","isPartOf":{"@id":"https:\/\/www.fiemg.com.br\/regional-norte\/#website"},"primaryImageOfPage":{"@id":"https:\/\/www.fiemg.com.br\/regional-norte\/noticias\/presidente-da-fiemg-regional-norte-participou-da-inauguracao-do-cristalia-em-montes-claros\/#primaryimage"},"image":{"@id":"https:\/\/www.fiemg.com.br\/regional-norte\/noticias\/presidente-da-fiemg-regional-norte-participou-da-inauguracao-do-cristalia-em-montes-claros\/#primaryimage"},"thumbnailUrl":"https:\/\/www.fiemg.com.br\/regional-norte\/wp-content\/uploads\/sites\/17\/2025\/11\/FOTO-ADAUTO-DIRETORES-CRISTALIA.jpg","datePublished":"2025-11-03T14:22:10+00:00","dateModified":"2025-11-03T14:23:23+00:00","breadcrumb":{"@id":"https:\/\/www.fiemg.com.br\/regional-norte\/noticias\/presidente-da-fiemg-regional-norte-participou-da-inauguracao-do-cristalia-em-montes-claros\/#breadcrumb"},"inLanguage":"pt-BR","potentialAction":[{"@type":"ReadAction","target":["https:\/\/www.fiemg.com.br\/regional-norte\/noticias\/presidente-da-fiemg-regional-norte-participou-da-inauguracao-do-cristalia-em-montes-claros\/"]}]},{"@type":"ImageObject","inLanguage":"pt-BR","@id":"https:\/\/www.fiemg.com.br\/regional-norte\/noticias\/presidente-da-fiemg-regional-norte-participou-da-inauguracao-do-cristalia-em-montes-claros\/#primaryimage","url":"https:\/\/www.fiemg.com.br\/regional-norte\/wp-content\/uploads\/sites\/17\/2025\/11\/FOTO-ADAUTO-DIRETORES-CRISTALIA.jpg","contentUrl":"https:\/\/www.fiemg.com.br\/regional-norte\/wp-content\/uploads\/sites\/17\/2025\/11\/FOTO-ADAUTO-DIRETORES-CRISTALIA.jpg","width":300,"height":261},{"@type":"BreadcrumbList","@id":"https:\/\/www.fiemg.com.br\/regional-norte\/noticias\/presidente-da-fiemg-regional-norte-participou-da-inauguracao-do-cristalia-em-montes-claros\/#breadcrumb","itemListElement":[{"@type":"ListItem","position":1,"name":"In\u00edcio","item":"https:\/\/www.fiemg.com.br\/regional-norte\/"},{"@type":"ListItem","position":2,"name":"Presidente da FIEMG Regional Norte participou da inaugura\u00e7\u00e3o do Crist\u00e1lia em Montes Claros"}]},{"@type":"WebSite","@id":"https:\/\/www.fiemg.com.br\/regional-norte\/#website","url":"https:\/\/www.fiemg.com.br\/regional-norte\/","name":"Regional Norte","description":"Federa\u00e7\u00e3o das Ind\u00fastrias do Estado de Minas Gerais","publisher":{"@id":"https:\/\/www.fiemg.com.br\/regional-norte\/#organization"},"potentialAction":[{"@type":"SearchAction","target":{"@type":"EntryPoint","urlTemplate":"https:\/\/www.fiemg.com.br\/regional-norte\/?s={search_term_string}"},"query-input":{"@type":"PropertyValueSpecification","valueRequired":true,"valueName":"search_term_string"}}],"inLanguage":"pt-BR"},{"@type":"Organization","@id":"https:\/\/www.fiemg.com.br\/regional-norte\/#organization","name":"Regional Norte","url":"https:\/\/www.fiemg.com.br\/regional-norte\/","logo":{"@type":"ImageObject","inLanguage":"pt-BR","@id":"https:\/\/www.fiemg.com.br\/regional-norte\/#\/schema\/logo\/image\/","url":"https:\/\/www.fiemg.com.br\/regional-norte\/wp-content\/uploads\/sites\/17\/2023\/02\/Ativo-1.png","contentUrl":"https:\/\/www.fiemg.com.br\/regional-norte\/wp-content\/uploads\/sites\/17\/2023\/02\/Ativo-1.png","width":563,"height":149,"caption":"Regional Norte"},"image":{"@id":"https:\/\/www.fiemg.com.br\/regional-norte\/#\/schema\/logo\/image\/"}}]}},"_links":{"self":[{"href":"https:\/\/www.fiemg.com.br\/regional-norte\/wp-json\/wp\/v2\/noticias\/3209","targetHints":{"allow":["GET"]}}],"collection":[{"href":"https:\/\/www.fiemg.com.br\/regional-norte\/wp-json\/wp\/v2\/noticias"}],"about":[{"href":"https:\/\/www.fiemg.com.br\/regional-norte\/wp-json\/wp\/v2\/types\/noticias"}],"wp:featuredmedia":[{"embeddable":true,"href":"https:\/\/www.fiemg.com.br\/regional-norte\/wp-json\/wp\/v2\/media\/3210"}],"wp:attachment":[{"href":"https:\/\/www.fiemg.com.br\/regional-norte\/wp-json\/wp\/v2\/media?parent=3209"}],"wp:term":[{"taxonomy":"category","embeddable":true,"href":"https:\/\/www.fiemg.com.br\/regional-norte\/wp-json\/wp\/v2\/categories?post=3209"},{"taxonomy":"post_tag","embeddable":true,"href":"https:\/\/www.fiemg.com.br\/regional-norte\/wp-json\/wp\/v2\/tags?post=3209"}],"curies":[{"name":"wp","href":"https:\/\/api.w.org\/{rel}","templated":true}]}}