{"id":3254,"date":"2025-12-11T09:51:09","date_gmt":"2025-12-11T12:51:09","guid":{"rendered":"https:\/\/www.fiemg.com.br\/regional-norte\/?post_type=noticias&#038;p=3254"},"modified":"2025-12-11T16:34:33","modified_gmt":"2025-12-11T19:34:33","slug":"alunos-do-sesi-montes-claros-apresentam-projeto-sobre-tratamento-de-agua-com-semente-de-moringa-oleifera-na-fenic-2025","status":"publish","type":"noticias","link":"https:\/\/www.fiemg.com.br\/regional-norte\/noticias\/alunos-do-sesi-montes-claros-apresentam-projeto-sobre-tratamento-de-agua-com-semente-de-moringa-oleifera-na-fenic-2025\/","title":{"rendered":"Alunos do SESI Montes Claros apresentam projeto sobre tratamento de \u00e1gua com semente de Moringa Oleifera na FENIC 2025"},"content":{"rendered":"\n<p>Com o projeto <strong>\u201cAvalia\u00e7\u00e3o da Efici\u00eancia da Moringa Oleifera na Remo\u00e7\u00e3o de Turbidez e Microrganismos da \u00c1gua\u201d<\/strong>, estudantes do 9\u00ba ano do Ensino Fundamental da <strong>Escola SESI Professora Quita Guimar\u00e3es<\/strong>, de Montes Claros, est\u00e3o entre as 150 equipes das Escolas SESI selecionadas para participar da <strong>2\u00aa Feira Internacional de Inicia\u00e7\u00e3o Cient\u00edfica (FENIC) 2025<\/strong>, iniciada nesta quinta-feira (11\/12), na Escola SESI Djalma Pessoa, em Salvador (BA).<\/p>\n\n\n\n<p>Orientados pela professora <strong>Gabriela Fonseca Evangelista<\/strong>, os alunos <strong>Lara Mariany Silva Ramos, Alice Maria Mendes <\/strong>e<strong> Miguel Samarone da Cruz Maia<\/strong>, desenvolveram uma pesquisa que utiliza as sementes da <em>Moringa oleifera<\/em> como alternativa de baixo custo para melhorar a qualidade da \u00e1gua em comunidades rurais que n\u00e3o t\u00eam acesso ao tratamento convencional dispon\u00edvel nos grandes centros.<\/p>\n\n\n\n<p>A orientadora explica que a <em>Moringa oleifera<\/em> tem se destacado como um coagulante natural capaz de reduzir a turbidez e a carga microbiol\u00f3gica da \u00e1gua, configurando-se como solu\u00e7\u00e3o sustent\u00e1vel em compara\u00e7\u00e3o aos produtos qu\u00edmicos tradicionais. \u201cNosso principal objetivo foi desenvolver e avaliar um m\u00e9todo econ\u00f4mico e ambientalmente respons\u00e1vel de tratamento da \u00e1gua, utilizando as sementes da planta <em>Moringa oleifera Lam.<\/em>\u201d, destaca a professora.<\/p>\n\n\n\n<p>Segundo Gabriela, os resultados obtidos comprovam a efic\u00e1cia do biocoagulante natural. \u201cO uso da moringa demonstrou viabilidade cient\u00edfica e relev\u00e2ncia social, validando sua capacidade de reduzir a turbidez e o volume de microrganismos presentes. \u00c9 uma alternativa promissora aos coagulantes sint\u00e9ticos, especialmente em contextos onde acessibilidade e baixo custo s\u00e3o fatores cr\u00edticos\u201d, afirma.<\/p>\n\n\n\n<p>O projeto j\u00e1 havia conquistado o <strong>1\u00ba lugar<\/strong> na categoria Ensino Fundamental durante a <strong>12\u00aa Feira de Ci\u00eancias do Norte de Minas e Vales do Jequitinhonha e Mucuri<\/strong>, realizada em 14 de novembro, no campus da UFMG em Montes Claros.<\/p>\n\n\n\n<p>A viagem da equipe a Salvador \u00e9 custeada totalmente pela Escola SESI. <\/p>\n\n\n\n<h3 class=\"wp-block-heading\"><strong>Sobre a Moringa Oleifera<\/strong><\/h3>\n\n\n\n<p>A <em>Moringa oleifera<\/em> \u00e9 uma planta da fam\u00edlia Moringaceae, conhecida popularmente como moringa, ac\u00e1cia-branca, cedro ou quiabo-de-quina. Suas folhas e vagens s\u00e3o amplamente utilizadas na alimenta\u00e7\u00e3o e, nos \u00faltimos anos, suas sementes t\u00eam ganhado destaque por seu potencial no tratamento natural da \u00e1gua.<\/p>\n\n\n\n<h3 class=\"wp-block-heading\"><strong>Sobre a FENIC<\/strong><\/h3>\n\n\n\n<p>A <strong>Feira Internacional de Inicia\u00e7\u00e3o Cient\u00edfica (FENIC)<\/strong> \u00e9 um evento de promo\u00e7\u00e3o da ci\u00eancia voltado a estudantes e professores da Educa\u00e7\u00e3o B\u00e1sica e do Ensino T\u00e9cnico. Iniciativa do <strong>SESI Bahia<\/strong>, a feira valoriza a produ\u00e7\u00e3o cient\u00edfica pr\u00e9-universit\u00e1ria, reunindo pesquisas inovadoras e socialmente respons\u00e1veis desenvolvidas por estudantes de escolas p\u00fablicas e privadas do Brasil e de outros pa\u00edses.<\/p>\n\n\n\n<p>Para participar, os estudantes devem ter entre 12 e 21 anos e estar matriculados no 9\u00ba ano do Ensino Fundamental, Ensino M\u00e9dio ou T\u00e9cnico.<\/p>\n\n\n\n<p>De acordo com <strong>Fernando Moutinho<\/strong>, gerente de Educa\u00e7\u00e3o Cient\u00edfica e Tecnol\u00f3gica do SESI Bahia, o objetivo da FENIC \u00e9 fortalecer o letramento cient\u00edfico por meio do desenvolvimento de projetos em \u00e1reas aplicadas das Ci\u00eancias da Natureza, Humanas, Linguagens, Matem\u00e1tica e Engenharia. \u201cAs solu\u00e7\u00f5es apresentadas por esses jovens mostram como a ci\u00eancia tem potencial para transformar realidades\u201d, destaca.<\/p>\n\n\n\n<p>A FENIC 2025 segue at\u00e9 s\u00e1bado, <strong>13 de dezembro<\/strong>.<\/p>\n\n\n\n<p><em>Rosangela Silveira<\/em><br><strong>Imprensa FIEMG Regional Norte<\/strong><\/p>\n\n\n\n<p><\/p>\n","protected":false},"featured_media":3258,"template":"","categories":[16],"tags":[],"class_list":["post-3254","noticias","type-noticias","status-publish","has-post-thumbnail","hentry","category-educacao"],"acf":[],"yoast_head":"<!-- This site is optimized with the Yoast SEO plugin v26.2 - https:\/\/yoast.com\/wordpress\/plugins\/seo\/ -->\n<title>Alunos do SESI Montes Claros apresentam projeto sobre tratamento de \u00e1gua com semente de Moringa Oleifera na FENIC 2025 - Regional Norte<\/title>\n<meta name=\"robots\" content=\"index, follow, max-snippet:-1, max-image-preview:large, max-video-preview:-1\" \/>\n<link rel=\"canonical\" href=\"https:\/\/www.fiemg.com.br\/regional-norte\/noticias\/alunos-do-sesi-montes-claros-apresentam-projeto-sobre-tratamento-de-agua-com-semente-de-moringa-oleifera-na-fenic-2025\/\" \/>\n<meta property=\"og:locale\" content=\"pt_BR\" \/>\n<meta property=\"og:type\" content=\"article\" \/>\n<meta property=\"og:title\" content=\"Alunos do SESI Montes Claros apresentam projeto sobre tratamento de \u00e1gua com semente de Moringa Oleifera na FENIC 2025 - Regional Norte\" \/>\n<meta property=\"og:description\" content=\"Com o projeto \u201cAvalia\u00e7\u00e3o da Efici\u00eancia da Moringa Oleifera na Remo\u00e7\u00e3o de Turbidez e Microrganismos da \u00c1gua\u201d, estudantes do 9\u00ba ano do Ensino Fundamental da Escola SESI Professora Quita Guimar\u00e3es, de Montes Claros, est\u00e3o entre as 150 equipes das Escolas SESI selecionadas para participar da 2\u00aa Feira Internacional de Inicia\u00e7\u00e3o Cient\u00edfica (FENIC) 2025, iniciada nesta [&hellip;]\" \/>\n<meta property=\"og:url\" content=\"https:\/\/www.fiemg.com.br\/regional-norte\/noticias\/alunos-do-sesi-montes-claros-apresentam-projeto-sobre-tratamento-de-agua-com-semente-de-moringa-oleifera-na-fenic-2025\/\" \/>\n<meta property=\"og:site_name\" content=\"Regional Norte\" \/>\n<meta property=\"article:modified_time\" content=\"2025-12-11T19:34:33+00:00\" \/>\n<meta property=\"og:image\" content=\"https:\/\/www.fiemg.com.br\/regional-norte\/wp-content\/uploads\/sites\/17\/2025\/12\/FOTO-PEDAGOGA-SESI-COM-ALUNAS-NA-FENIC.jpg\" \/>\n\t<meta property=\"og:image:width\" content=\"300\" \/>\n\t<meta property=\"og:image:height\" content=\"219\" \/>\n\t<meta property=\"og:image:type\" content=\"image\/jpeg\" \/>\n<meta name=\"twitter:card\" content=\"summary_large_image\" \/>\n<meta name=\"twitter:label1\" content=\"Est. tempo de leitura\" \/>\n\t<meta name=\"twitter:data1\" content=\"3 minutos\" \/>\n<script type=\"application\/ld+json\" class=\"yoast-schema-graph\">{\"@context\":\"https:\/\/schema.org\",\"@graph\":[{\"@type\":\"WebPage\",\"@id\":\"https:\/\/www.fiemg.com.br\/regional-norte\/noticias\/alunos-do-sesi-montes-claros-apresentam-projeto-sobre-tratamento-de-agua-com-semente-de-moringa-oleifera-na-fenic-2025\/\",\"url\":\"https:\/\/www.fiemg.com.br\/regional-norte\/noticias\/alunos-do-sesi-montes-claros-apresentam-projeto-sobre-tratamento-de-agua-com-semente-de-moringa-oleifera-na-fenic-2025\/\",\"name\":\"Alunos do SESI Montes Claros apresentam projeto sobre tratamento de \u00e1gua com semente de Moringa Oleifera na FENIC 2025 - Regional Norte\",\"isPartOf\":{\"@id\":\"https:\/\/www.fiemg.com.br\/regional-norte\/#website\"},\"primaryImageOfPage\":{\"@id\":\"https:\/\/www.fiemg.com.br\/regional-norte\/noticias\/alunos-do-sesi-montes-claros-apresentam-projeto-sobre-tratamento-de-agua-com-semente-de-moringa-oleifera-na-fenic-2025\/#primaryimage\"},\"image\":{\"@id\":\"https:\/\/www.fiemg.com.br\/regional-norte\/noticias\/alunos-do-sesi-montes-claros-apresentam-projeto-sobre-tratamento-de-agua-com-semente-de-moringa-oleifera-na-fenic-2025\/#primaryimage\"},\"thumbnailUrl\":\"https:\/\/www.fiemg.com.br\/regional-norte\/wp-content\/uploads\/sites\/17\/2025\/12\/FOTO-PEDAGOGA-SESI-COM-ALUNAS-NA-FENIC.jpg\",\"datePublished\":\"2025-12-11T12:51:09+00:00\",\"dateModified\":\"2025-12-11T19:34:33+00:00\",\"breadcrumb\":{\"@id\":\"https:\/\/www.fiemg.com.br\/regional-norte\/noticias\/alunos-do-sesi-montes-claros-apresentam-projeto-sobre-tratamento-de-agua-com-semente-de-moringa-oleifera-na-fenic-2025\/#breadcrumb\"},\"inLanguage\":\"pt-BR\",\"potentialAction\":[{\"@type\":\"ReadAction\",\"target\":[\"https:\/\/www.fiemg.com.br\/regional-norte\/noticias\/alunos-do-sesi-montes-claros-apresentam-projeto-sobre-tratamento-de-agua-com-semente-de-moringa-oleifera-na-fenic-2025\/\"]}]},{\"@type\":\"ImageObject\",\"inLanguage\":\"pt-BR\",\"@id\":\"https:\/\/www.fiemg.com.br\/regional-norte\/noticias\/alunos-do-sesi-montes-claros-apresentam-projeto-sobre-tratamento-de-agua-com-semente-de-moringa-oleifera-na-fenic-2025\/#primaryimage\",\"url\":\"https:\/\/www.fiemg.com.br\/regional-norte\/wp-content\/uploads\/sites\/17\/2025\/12\/FOTO-PEDAGOGA-SESI-COM-ALUNAS-NA-FENIC.jpg\",\"contentUrl\":\"https:\/\/www.fiemg.com.br\/regional-norte\/wp-content\/uploads\/sites\/17\/2025\/12\/FOTO-PEDAGOGA-SESI-COM-ALUNAS-NA-FENIC.jpg\",\"width\":300,\"height\":219},{\"@type\":\"BreadcrumbList\",\"@id\":\"https:\/\/www.fiemg.com.br\/regional-norte\/noticias\/alunos-do-sesi-montes-claros-apresentam-projeto-sobre-tratamento-de-agua-com-semente-de-moringa-oleifera-na-fenic-2025\/#breadcrumb\",\"itemListElement\":[{\"@type\":\"ListItem\",\"position\":1,\"name\":\"In\u00edcio\",\"item\":\"https:\/\/www.fiemg.com.br\/regional-norte\/\"},{\"@type\":\"ListItem\",\"position\":2,\"name\":\"Alunos do SESI Montes Claros apresentam projeto sobre tratamento de \u00e1gua com semente de Moringa Oleifera na FENIC 2025\"}]},{\"@type\":\"WebSite\",\"@id\":\"https:\/\/www.fiemg.com.br\/regional-norte\/#website\",\"url\":\"https:\/\/www.fiemg.com.br\/regional-norte\/\",\"name\":\"Regional Norte\",\"description\":\"Federa\u00e7\u00e3o das Ind\u00fastrias do Estado de Minas Gerais\",\"publisher\":{\"@id\":\"https:\/\/www.fiemg.com.br\/regional-norte\/#organization\"},\"potentialAction\":[{\"@type\":\"SearchAction\",\"target\":{\"@type\":\"EntryPoint\",\"urlTemplate\":\"https:\/\/www.fiemg.com.br\/regional-norte\/?s={search_term_string}\"},\"query-input\":{\"@type\":\"PropertyValueSpecification\",\"valueRequired\":true,\"valueName\":\"search_term_string\"}}],\"inLanguage\":\"pt-BR\"},{\"@type\":\"Organization\",\"@id\":\"https:\/\/www.fiemg.com.br\/regional-norte\/#organization\",\"name\":\"Regional Norte\",\"url\":\"https:\/\/www.fiemg.com.br\/regional-norte\/\",\"logo\":{\"@type\":\"ImageObject\",\"inLanguage\":\"pt-BR\",\"@id\":\"https:\/\/www.fiemg.com.br\/regional-norte\/#\/schema\/logo\/image\/\",\"url\":\"https:\/\/www.fiemg.com.br\/regional-norte\/wp-content\/uploads\/sites\/17\/2023\/02\/Ativo-1.png\",\"contentUrl\":\"https:\/\/www.fiemg.com.br\/regional-norte\/wp-content\/uploads\/sites\/17\/2023\/02\/Ativo-1.png\",\"width\":563,\"height\":149,\"caption\":\"Regional Norte\"},\"image\":{\"@id\":\"https:\/\/www.fiemg.com.br\/regional-norte\/#\/schema\/logo\/image\/\"}}]}<\/script>\n<!-- \/ Yoast SEO plugin. -->","yoast_head_json":{"title":"Alunos do SESI Montes Claros apresentam projeto sobre tratamento de \u00e1gua com semente de Moringa Oleifera na FENIC 2025 - Regional Norte","robots":{"index":"index","follow":"follow","max-snippet":"max-snippet:-1","max-image-preview":"max-image-preview:large","max-video-preview":"max-video-preview:-1"},"canonical":"https:\/\/www.fiemg.com.br\/regional-norte\/noticias\/alunos-do-sesi-montes-claros-apresentam-projeto-sobre-tratamento-de-agua-com-semente-de-moringa-oleifera-na-fenic-2025\/","og_locale":"pt_BR","og_type":"article","og_title":"Alunos do SESI Montes Claros apresentam projeto sobre tratamento de \u00e1gua com semente de Moringa Oleifera na FENIC 2025 - Regional Norte","og_description":"Com o projeto \u201cAvalia\u00e7\u00e3o da Efici\u00eancia da Moringa Oleifera na Remo\u00e7\u00e3o de Turbidez e Microrganismos da \u00c1gua\u201d, estudantes do 9\u00ba ano do Ensino Fundamental da Escola SESI Professora Quita Guimar\u00e3es, de Montes Claros, est\u00e3o entre as 150 equipes das Escolas SESI selecionadas para participar da 2\u00aa Feira Internacional de Inicia\u00e7\u00e3o Cient\u00edfica (FENIC) 2025, iniciada nesta [&hellip;]","og_url":"https:\/\/www.fiemg.com.br\/regional-norte\/noticias\/alunos-do-sesi-montes-claros-apresentam-projeto-sobre-tratamento-de-agua-com-semente-de-moringa-oleifera-na-fenic-2025\/","og_site_name":"Regional Norte","article_modified_time":"2025-12-11T19:34:33+00:00","og_image":[{"width":300,"height":219,"url":"https:\/\/www.fiemg.com.br\/regional-norte\/wp-content\/uploads\/sites\/17\/2025\/12\/FOTO-PEDAGOGA-SESI-COM-ALUNAS-NA-FENIC.jpg","type":"image\/jpeg"}],"twitter_card":"summary_large_image","twitter_misc":{"Est. tempo de leitura":"3 minutos"},"schema":{"@context":"https:\/\/schema.org","@graph":[{"@type":"WebPage","@id":"https:\/\/www.fiemg.com.br\/regional-norte\/noticias\/alunos-do-sesi-montes-claros-apresentam-projeto-sobre-tratamento-de-agua-com-semente-de-moringa-oleifera-na-fenic-2025\/","url":"https:\/\/www.fiemg.com.br\/regional-norte\/noticias\/alunos-do-sesi-montes-claros-apresentam-projeto-sobre-tratamento-de-agua-com-semente-de-moringa-oleifera-na-fenic-2025\/","name":"Alunos do SESI Montes Claros apresentam projeto sobre tratamento de \u00e1gua com semente de Moringa Oleifera na FENIC 2025 - Regional Norte","isPartOf":{"@id":"https:\/\/www.fiemg.com.br\/regional-norte\/#website"},"primaryImageOfPage":{"@id":"https:\/\/www.fiemg.com.br\/regional-norte\/noticias\/alunos-do-sesi-montes-claros-apresentam-projeto-sobre-tratamento-de-agua-com-semente-de-moringa-oleifera-na-fenic-2025\/#primaryimage"},"image":{"@id":"https:\/\/www.fiemg.com.br\/regional-norte\/noticias\/alunos-do-sesi-montes-claros-apresentam-projeto-sobre-tratamento-de-agua-com-semente-de-moringa-oleifera-na-fenic-2025\/#primaryimage"},"thumbnailUrl":"https:\/\/www.fiemg.com.br\/regional-norte\/wp-content\/uploads\/sites\/17\/2025\/12\/FOTO-PEDAGOGA-SESI-COM-ALUNAS-NA-FENIC.jpg","datePublished":"2025-12-11T12:51:09+00:00","dateModified":"2025-12-11T19:34:33+00:00","breadcrumb":{"@id":"https:\/\/www.fiemg.com.br\/regional-norte\/noticias\/alunos-do-sesi-montes-claros-apresentam-projeto-sobre-tratamento-de-agua-com-semente-de-moringa-oleifera-na-fenic-2025\/#breadcrumb"},"inLanguage":"pt-BR","potentialAction":[{"@type":"ReadAction","target":["https:\/\/www.fiemg.com.br\/regional-norte\/noticias\/alunos-do-sesi-montes-claros-apresentam-projeto-sobre-tratamento-de-agua-com-semente-de-moringa-oleifera-na-fenic-2025\/"]}]},{"@type":"ImageObject","inLanguage":"pt-BR","@id":"https:\/\/www.fiemg.com.br\/regional-norte\/noticias\/alunos-do-sesi-montes-claros-apresentam-projeto-sobre-tratamento-de-agua-com-semente-de-moringa-oleifera-na-fenic-2025\/#primaryimage","url":"https:\/\/www.fiemg.com.br\/regional-norte\/wp-content\/uploads\/sites\/17\/2025\/12\/FOTO-PEDAGOGA-SESI-COM-ALUNAS-NA-FENIC.jpg","contentUrl":"https:\/\/www.fiemg.com.br\/regional-norte\/wp-content\/uploads\/sites\/17\/2025\/12\/FOTO-PEDAGOGA-SESI-COM-ALUNAS-NA-FENIC.jpg","width":300,"height":219},{"@type":"BreadcrumbList","@id":"https:\/\/www.fiemg.com.br\/regional-norte\/noticias\/alunos-do-sesi-montes-claros-apresentam-projeto-sobre-tratamento-de-agua-com-semente-de-moringa-oleifera-na-fenic-2025\/#breadcrumb","itemListElement":[{"@type":"ListItem","position":1,"name":"In\u00edcio","item":"https:\/\/www.fiemg.com.br\/regional-norte\/"},{"@type":"ListItem","position":2,"name":"Alunos do SESI Montes Claros apresentam projeto sobre tratamento de \u00e1gua com semente de Moringa Oleifera na FENIC 2025"}]},{"@type":"WebSite","@id":"https:\/\/www.fiemg.com.br\/regional-norte\/#website","url":"https:\/\/www.fiemg.com.br\/regional-norte\/","name":"Regional Norte","description":"Federa\u00e7\u00e3o das Ind\u00fastrias do Estado de Minas Gerais","publisher":{"@id":"https:\/\/www.fiemg.com.br\/regional-norte\/#organization"},"potentialAction":[{"@type":"SearchAction","target":{"@type":"EntryPoint","urlTemplate":"https:\/\/www.fiemg.com.br\/regional-norte\/?s={search_term_string}"},"query-input":{"@type":"PropertyValueSpecification","valueRequired":true,"valueName":"search_term_string"}}],"inLanguage":"pt-BR"},{"@type":"Organization","@id":"https:\/\/www.fiemg.com.br\/regional-norte\/#organization","name":"Regional Norte","url":"https:\/\/www.fiemg.com.br\/regional-norte\/","logo":{"@type":"ImageObject","inLanguage":"pt-BR","@id":"https:\/\/www.fiemg.com.br\/regional-norte\/#\/schema\/logo\/image\/","url":"https:\/\/www.fiemg.com.br\/regional-norte\/wp-content\/uploads\/sites\/17\/2023\/02\/Ativo-1.png","contentUrl":"https:\/\/www.fiemg.com.br\/regional-norte\/wp-content\/uploads\/sites\/17\/2023\/02\/Ativo-1.png","width":563,"height":149,"caption":"Regional Norte"},"image":{"@id":"https:\/\/www.fiemg.com.br\/regional-norte\/#\/schema\/logo\/image\/"}}]}},"_links":{"self":[{"href":"https:\/\/www.fiemg.com.br\/regional-norte\/wp-json\/wp\/v2\/noticias\/3254","targetHints":{"allow":["GET"]}}],"collection":[{"href":"https:\/\/www.fiemg.com.br\/regional-norte\/wp-json\/wp\/v2\/noticias"}],"about":[{"href":"https:\/\/www.fiemg.com.br\/regional-norte\/wp-json\/wp\/v2\/types\/noticias"}],"wp:featuredmedia":[{"embeddable":true,"href":"https:\/\/www.fiemg.com.br\/regional-norte\/wp-json\/wp\/v2\/media\/3258"}],"wp:attachment":[{"href":"https:\/\/www.fiemg.com.br\/regional-norte\/wp-json\/wp\/v2\/media?parent=3254"}],"wp:term":[{"taxonomy":"category","embeddable":true,"href":"https:\/\/www.fiemg.com.br\/regional-norte\/wp-json\/wp\/v2\/categories?post=3254"},{"taxonomy":"post_tag","embeddable":true,"href":"https:\/\/www.fiemg.com.br\/regional-norte\/wp-json\/wp\/v2\/tags?post=3254"}],"curies":[{"name":"wp","href":"https:\/\/api.w.org\/{rel}","templated":true}]}}