{"id":3291,"date":"2026-01-05T16:33:25","date_gmt":"2026-01-05T19:33:25","guid":{"rendered":"https:\/\/www.fiemg.com.br\/regional-norte\/?post_type=noticias&#038;p=3291"},"modified":"2026-01-05T16:33:28","modified_gmt":"2026-01-05T19:33:28","slug":"presidente-do-sistema-fiemg-visitou-montes-claros-e-anunciou-retorno-das-aulas-presenciais-na-escola-sesi","status":"publish","type":"noticias","link":"https:\/\/www.fiemg.com.br\/regional-norte\/noticias\/presidente-do-sistema-fiemg-visitou-montes-claros-e-anunciou-retorno-das-aulas-presenciais-na-escola-sesi\/","title":{"rendered":"Presidente do Sistema FIEMG visitou Montes Claros e anunciou retorno das aulas presenciais na Escola SESI"},"content":{"rendered":"\n<p><strong>Encerrando a agenda institucional de 2025<\/strong>, Montes Claros recebeu, no dia 26 de dezembro, a visita do presidente do <strong>Sistema FIEMG, Fl\u00e1vio Roscoe<\/strong>. Ele foi recepcionado pelo presidente da <strong>FIEMG Regional Norte, Adauto Marques Batista<\/strong>, e por presidentes de Sindicatos Empresariais da regi\u00e3o.<\/p>\n\n\n\n<p>Durante a visita, o dirigente esteve no pr\u00e9dio da <strong>Escola SESI Professora Quita Guimar\u00e3e<\/strong>s, onde anunciou, em coletiva de imprensa, o retorno das aulas presenciais no local a partir de fevereiro. A retomada ocorrer\u00e1 ap\u00f3s a realiza\u00e7\u00e3o das reformas necess\u00e1rias na unidade.<\/p>\n\n\n\n<p>As obras come\u00e7ar\u00e3o neste m\u00eas de janeiro e t\u00eam previs\u00e3o de conclus\u00e3o at\u00e9 o final de fevereiro de 2026, assegurando que toda a estrutura esteja plenamente adequada e segura para receber os estudantes.<\/p>\n\n\n\n<p>Rosangela Silveira<\/p>\n\n\n\n<p><strong>Imprensa FIEMG Regional norte<\/strong><\/p>\n\n\n\n<p><\/p>\n","protected":false},"featured_media":3293,"template":"","categories":[14],"tags":[],"class_list":["post-3291","noticias","type-noticias","status-publish","has-post-thumbnail","hentry","category-noticias"],"acf":[],"yoast_head":"<!-- This site is optimized with the Yoast SEO plugin v26.2 - https:\/\/yoast.com\/wordpress\/plugins\/seo\/ -->\n<title>Presidente do Sistema FIEMG visitou Montes Claros e anunciou retorno das aulas presenciais na Escola SESI - Regional Norte<\/title>\n<meta name=\"robots\" content=\"index, follow, max-snippet:-1, max-image-preview:large, max-video-preview:-1\" \/>\n<link rel=\"canonical\" href=\"https:\/\/www.fiemg.com.br\/regional-norte\/noticias\/presidente-do-sistema-fiemg-visitou-montes-claros-e-anunciou-retorno-das-aulas-presenciais-na-escola-sesi\/\" \/>\n<meta property=\"og:locale\" content=\"pt_BR\" \/>\n<meta property=\"og:type\" content=\"article\" \/>\n<meta property=\"og:title\" content=\"Presidente do Sistema FIEMG visitou Montes Claros e anunciou retorno das aulas presenciais na Escola SESI - Regional Norte\" \/>\n<meta property=\"og:description\" content=\"Encerrando a agenda institucional de 2025, Montes Claros recebeu, no dia 26 de dezembro, a visita do presidente do Sistema FIEMG, Fl\u00e1vio Roscoe. Ele foi recepcionado pelo presidente da FIEMG Regional Norte, Adauto Marques Batista, e por presidentes de Sindicatos Empresariais da regi\u00e3o. Durante a visita, o dirigente esteve no pr\u00e9dio da Escola SESI Professora [&hellip;]\" \/>\n<meta property=\"og:url\" content=\"https:\/\/www.fiemg.com.br\/regional-norte\/noticias\/presidente-do-sistema-fiemg-visitou-montes-claros-e-anunciou-retorno-das-aulas-presenciais-na-escola-sesi\/\" \/>\n<meta property=\"og:site_name\" content=\"Regional Norte\" \/>\n<meta property=\"article:modified_time\" content=\"2026-01-05T19:33:28+00:00\" \/>\n<meta property=\"og:image\" content=\"https:\/\/www.fiemg.com.br\/regional-norte\/wp-content\/uploads\/sites\/17\/2026\/01\/FOTO-DR.-FLAVIO-COLETIVA-SESI.jpg\" \/>\n\t<meta property=\"og:image:width\" content=\"300\" \/>\n\t<meta property=\"og:image:height\" content=\"230\" \/>\n\t<meta property=\"og:image:type\" content=\"image\/jpeg\" \/>\n<meta name=\"twitter:card\" content=\"summary_large_image\" \/>\n<meta name=\"twitter:label1\" content=\"Est. tempo de leitura\" \/>\n\t<meta name=\"twitter:data1\" content=\"1 minuto\" \/>\n<script type=\"application\/ld+json\" class=\"yoast-schema-graph\">{\"@context\":\"https:\/\/schema.org\",\"@graph\":[{\"@type\":\"WebPage\",\"@id\":\"https:\/\/www.fiemg.com.br\/regional-norte\/noticias\/presidente-do-sistema-fiemg-visitou-montes-claros-e-anunciou-retorno-das-aulas-presenciais-na-escola-sesi\/\",\"url\":\"https:\/\/www.fiemg.com.br\/regional-norte\/noticias\/presidente-do-sistema-fiemg-visitou-montes-claros-e-anunciou-retorno-das-aulas-presenciais-na-escola-sesi\/\",\"name\":\"Presidente do Sistema FIEMG visitou Montes Claros e anunciou retorno das aulas presenciais na Escola SESI - Regional Norte\",\"isPartOf\":{\"@id\":\"https:\/\/www.fiemg.com.br\/regional-norte\/#website\"},\"primaryImageOfPage\":{\"@id\":\"https:\/\/www.fiemg.com.br\/regional-norte\/noticias\/presidente-do-sistema-fiemg-visitou-montes-claros-e-anunciou-retorno-das-aulas-presenciais-na-escola-sesi\/#primaryimage\"},\"image\":{\"@id\":\"https:\/\/www.fiemg.com.br\/regional-norte\/noticias\/presidente-do-sistema-fiemg-visitou-montes-claros-e-anunciou-retorno-das-aulas-presenciais-na-escola-sesi\/#primaryimage\"},\"thumbnailUrl\":\"https:\/\/www.fiemg.com.br\/regional-norte\/wp-content\/uploads\/sites\/17\/2026\/01\/FOTO-DR.-FLAVIO-COLETIVA-SESI.jpg\",\"datePublished\":\"2026-01-05T19:33:25+00:00\",\"dateModified\":\"2026-01-05T19:33:28+00:00\",\"breadcrumb\":{\"@id\":\"https:\/\/www.fiemg.com.br\/regional-norte\/noticias\/presidente-do-sistema-fiemg-visitou-montes-claros-e-anunciou-retorno-das-aulas-presenciais-na-escola-sesi\/#breadcrumb\"},\"inLanguage\":\"pt-BR\",\"potentialAction\":[{\"@type\":\"ReadAction\",\"target\":[\"https:\/\/www.fiemg.com.br\/regional-norte\/noticias\/presidente-do-sistema-fiemg-visitou-montes-claros-e-anunciou-retorno-das-aulas-presenciais-na-escola-sesi\/\"]}]},{\"@type\":\"ImageObject\",\"inLanguage\":\"pt-BR\",\"@id\":\"https:\/\/www.fiemg.com.br\/regional-norte\/noticias\/presidente-do-sistema-fiemg-visitou-montes-claros-e-anunciou-retorno-das-aulas-presenciais-na-escola-sesi\/#primaryimage\",\"url\":\"https:\/\/www.fiemg.com.br\/regional-norte\/wp-content\/uploads\/sites\/17\/2026\/01\/FOTO-DR.-FLAVIO-COLETIVA-SESI.jpg\",\"contentUrl\":\"https:\/\/www.fiemg.com.br\/regional-norte\/wp-content\/uploads\/sites\/17\/2026\/01\/FOTO-DR.-FLAVIO-COLETIVA-SESI.jpg\",\"width\":300,\"height\":230},{\"@type\":\"BreadcrumbList\",\"@id\":\"https:\/\/www.fiemg.com.br\/regional-norte\/noticias\/presidente-do-sistema-fiemg-visitou-montes-claros-e-anunciou-retorno-das-aulas-presenciais-na-escola-sesi\/#breadcrumb\",\"itemListElement\":[{\"@type\":\"ListItem\",\"position\":1,\"name\":\"In\u00edcio\",\"item\":\"https:\/\/www.fiemg.com.br\/regional-norte\/\"},{\"@type\":\"ListItem\",\"position\":2,\"name\":\"Presidente do Sistema FIEMG visitou Montes Claros e anunciou retorno das aulas presenciais na Escola SESI\"}]},{\"@type\":\"WebSite\",\"@id\":\"https:\/\/www.fiemg.com.br\/regional-norte\/#website\",\"url\":\"https:\/\/www.fiemg.com.br\/regional-norte\/\",\"name\":\"Regional Norte\",\"description\":\"Federa\u00e7\u00e3o das Ind\u00fastrias do Estado de Minas Gerais\",\"publisher\":{\"@id\":\"https:\/\/www.fiemg.com.br\/regional-norte\/#organization\"},\"potentialAction\":[{\"@type\":\"SearchAction\",\"target\":{\"@type\":\"EntryPoint\",\"urlTemplate\":\"https:\/\/www.fiemg.com.br\/regional-norte\/?s={search_term_string}\"},\"query-input\":{\"@type\":\"PropertyValueSpecification\",\"valueRequired\":true,\"valueName\":\"search_term_string\"}}],\"inLanguage\":\"pt-BR\"},{\"@type\":\"Organization\",\"@id\":\"https:\/\/www.fiemg.com.br\/regional-norte\/#organization\",\"name\":\"Regional Norte\",\"url\":\"https:\/\/www.fiemg.com.br\/regional-norte\/\",\"logo\":{\"@type\":\"ImageObject\",\"inLanguage\":\"pt-BR\",\"@id\":\"https:\/\/www.fiemg.com.br\/regional-norte\/#\/schema\/logo\/image\/\",\"url\":\"https:\/\/www.fiemg.com.br\/regional-norte\/wp-content\/uploads\/sites\/17\/2023\/02\/Ativo-1.png\",\"contentUrl\":\"https:\/\/www.fiemg.com.br\/regional-norte\/wp-content\/uploads\/sites\/17\/2023\/02\/Ativo-1.png\",\"width\":563,\"height\":149,\"caption\":\"Regional Norte\"},\"image\":{\"@id\":\"https:\/\/www.fiemg.com.br\/regional-norte\/#\/schema\/logo\/image\/\"}}]}<\/script>\n<!-- \/ Yoast SEO plugin. -->","yoast_head_json":{"title":"Presidente do Sistema FIEMG visitou Montes Claros e anunciou retorno das aulas presenciais na Escola SESI - Regional Norte","robots":{"index":"index","follow":"follow","max-snippet":"max-snippet:-1","max-image-preview":"max-image-preview:large","max-video-preview":"max-video-preview:-1"},"canonical":"https:\/\/www.fiemg.com.br\/regional-norte\/noticias\/presidente-do-sistema-fiemg-visitou-montes-claros-e-anunciou-retorno-das-aulas-presenciais-na-escola-sesi\/","og_locale":"pt_BR","og_type":"article","og_title":"Presidente do Sistema FIEMG visitou Montes Claros e anunciou retorno das aulas presenciais na Escola SESI - Regional Norte","og_description":"Encerrando a agenda institucional de 2025, Montes Claros recebeu, no dia 26 de dezembro, a visita do presidente do Sistema FIEMG, Fl\u00e1vio Roscoe. Ele foi recepcionado pelo presidente da FIEMG Regional Norte, Adauto Marques Batista, e por presidentes de Sindicatos Empresariais da regi\u00e3o. Durante a visita, o dirigente esteve no pr\u00e9dio da Escola SESI Professora [&hellip;]","og_url":"https:\/\/www.fiemg.com.br\/regional-norte\/noticias\/presidente-do-sistema-fiemg-visitou-montes-claros-e-anunciou-retorno-das-aulas-presenciais-na-escola-sesi\/","og_site_name":"Regional Norte","article_modified_time":"2026-01-05T19:33:28+00:00","og_image":[{"width":300,"height":230,"url":"https:\/\/www.fiemg.com.br\/regional-norte\/wp-content\/uploads\/sites\/17\/2026\/01\/FOTO-DR.-FLAVIO-COLETIVA-SESI.jpg","type":"image\/jpeg"}],"twitter_card":"summary_large_image","twitter_misc":{"Est. tempo de leitura":"1 minuto"},"schema":{"@context":"https:\/\/schema.org","@graph":[{"@type":"WebPage","@id":"https:\/\/www.fiemg.com.br\/regional-norte\/noticias\/presidente-do-sistema-fiemg-visitou-montes-claros-e-anunciou-retorno-das-aulas-presenciais-na-escola-sesi\/","url":"https:\/\/www.fiemg.com.br\/regional-norte\/noticias\/presidente-do-sistema-fiemg-visitou-montes-claros-e-anunciou-retorno-das-aulas-presenciais-na-escola-sesi\/","name":"Presidente do Sistema FIEMG visitou Montes Claros e anunciou retorno das aulas presenciais na Escola SESI - Regional Norte","isPartOf":{"@id":"https:\/\/www.fiemg.com.br\/regional-norte\/#website"},"primaryImageOfPage":{"@id":"https:\/\/www.fiemg.com.br\/regional-norte\/noticias\/presidente-do-sistema-fiemg-visitou-montes-claros-e-anunciou-retorno-das-aulas-presenciais-na-escola-sesi\/#primaryimage"},"image":{"@id":"https:\/\/www.fiemg.com.br\/regional-norte\/noticias\/presidente-do-sistema-fiemg-visitou-montes-claros-e-anunciou-retorno-das-aulas-presenciais-na-escola-sesi\/#primaryimage"},"thumbnailUrl":"https:\/\/www.fiemg.com.br\/regional-norte\/wp-content\/uploads\/sites\/17\/2026\/01\/FOTO-DR.-FLAVIO-COLETIVA-SESI.jpg","datePublished":"2026-01-05T19:33:25+00:00","dateModified":"2026-01-05T19:33:28+00:00","breadcrumb":{"@id":"https:\/\/www.fiemg.com.br\/regional-norte\/noticias\/presidente-do-sistema-fiemg-visitou-montes-claros-e-anunciou-retorno-das-aulas-presenciais-na-escola-sesi\/#breadcrumb"},"inLanguage":"pt-BR","potentialAction":[{"@type":"ReadAction","target":["https:\/\/www.fiemg.com.br\/regional-norte\/noticias\/presidente-do-sistema-fiemg-visitou-montes-claros-e-anunciou-retorno-das-aulas-presenciais-na-escola-sesi\/"]}]},{"@type":"ImageObject","inLanguage":"pt-BR","@id":"https:\/\/www.fiemg.com.br\/regional-norte\/noticias\/presidente-do-sistema-fiemg-visitou-montes-claros-e-anunciou-retorno-das-aulas-presenciais-na-escola-sesi\/#primaryimage","url":"https:\/\/www.fiemg.com.br\/regional-norte\/wp-content\/uploads\/sites\/17\/2026\/01\/FOTO-DR.-FLAVIO-COLETIVA-SESI.jpg","contentUrl":"https:\/\/www.fiemg.com.br\/regional-norte\/wp-content\/uploads\/sites\/17\/2026\/01\/FOTO-DR.-FLAVIO-COLETIVA-SESI.jpg","width":300,"height":230},{"@type":"BreadcrumbList","@id":"https:\/\/www.fiemg.com.br\/regional-norte\/noticias\/presidente-do-sistema-fiemg-visitou-montes-claros-e-anunciou-retorno-das-aulas-presenciais-na-escola-sesi\/#breadcrumb","itemListElement":[{"@type":"ListItem","position":1,"name":"In\u00edcio","item":"https:\/\/www.fiemg.com.br\/regional-norte\/"},{"@type":"ListItem","position":2,"name":"Presidente do Sistema FIEMG visitou Montes Claros e anunciou retorno das aulas presenciais na Escola SESI"}]},{"@type":"WebSite","@id":"https:\/\/www.fiemg.com.br\/regional-norte\/#website","url":"https:\/\/www.fiemg.com.br\/regional-norte\/","name":"Regional Norte","description":"Federa\u00e7\u00e3o das Ind\u00fastrias do Estado de Minas Gerais","publisher":{"@id":"https:\/\/www.fiemg.com.br\/regional-norte\/#organization"},"potentialAction":[{"@type":"SearchAction","target":{"@type":"EntryPoint","urlTemplate":"https:\/\/www.fiemg.com.br\/regional-norte\/?s={search_term_string}"},"query-input":{"@type":"PropertyValueSpecification","valueRequired":true,"valueName":"search_term_string"}}],"inLanguage":"pt-BR"},{"@type":"Organization","@id":"https:\/\/www.fiemg.com.br\/regional-norte\/#organization","name":"Regional Norte","url":"https:\/\/www.fiemg.com.br\/regional-norte\/","logo":{"@type":"ImageObject","inLanguage":"pt-BR","@id":"https:\/\/www.fiemg.com.br\/regional-norte\/#\/schema\/logo\/image\/","url":"https:\/\/www.fiemg.com.br\/regional-norte\/wp-content\/uploads\/sites\/17\/2023\/02\/Ativo-1.png","contentUrl":"https:\/\/www.fiemg.com.br\/regional-norte\/wp-content\/uploads\/sites\/17\/2023\/02\/Ativo-1.png","width":563,"height":149,"caption":"Regional Norte"},"image":{"@id":"https:\/\/www.fiemg.com.br\/regional-norte\/#\/schema\/logo\/image\/"}}]}},"_links":{"self":[{"href":"https:\/\/www.fiemg.com.br\/regional-norte\/wp-json\/wp\/v2\/noticias\/3291","targetHints":{"allow":["GET"]}}],"collection":[{"href":"https:\/\/www.fiemg.com.br\/regional-norte\/wp-json\/wp\/v2\/noticias"}],"about":[{"href":"https:\/\/www.fiemg.com.br\/regional-norte\/wp-json\/wp\/v2\/types\/noticias"}],"wp:featuredmedia":[{"embeddable":true,"href":"https:\/\/www.fiemg.com.br\/regional-norte\/wp-json\/wp\/v2\/media\/3293"}],"wp:attachment":[{"href":"https:\/\/www.fiemg.com.br\/regional-norte\/wp-json\/wp\/v2\/media?parent=3291"}],"wp:term":[{"taxonomy":"category","embeddable":true,"href":"https:\/\/www.fiemg.com.br\/regional-norte\/wp-json\/wp\/v2\/categories?post=3291"},{"taxonomy":"post_tag","embeddable":true,"href":"https:\/\/www.fiemg.com.br\/regional-norte\/wp-json\/wp\/v2\/tags?post=3291"}],"curies":[{"name":"wp","href":"https:\/\/api.w.org\/{rel}","templated":true}]}}