{"id":3478,"date":"2026-03-05T11:11:14","date_gmt":"2026-03-05T14:11:14","guid":{"rendered":"https:\/\/www.fiemg.com.br\/regional-norte\/?post_type=noticias&#038;p=3478"},"modified":"2026-03-05T11:48:35","modified_gmt":"2026-03-05T14:48:35","slug":"sindpan-norte-fiemg-iel-e-sebrae-lancaram-em-montes-claros-o-programa-prepara-padaria-2026","status":"publish","type":"noticias","link":"https:\/\/www.fiemg.com.br\/regional-norte\/noticias\/sindpan-norte-fiemg-iel-e-sebrae-lancaram-em-montes-claros-o-programa-prepara-padaria-2026\/","title":{"rendered":"SEBRAE, FIEMG\/IEL e SINDPAN Norte, lan\u00e7aram em Montes Claros o Programa Prepara Padaria 2026"},"content":{"rendered":"\n<p>O presidente do SINDPAN, Ricardo Alencar, participou na sede do SEBRAE, em Montes Claros, do lan\u00e7amento do Programa Prepara Padaria 2026.<\/p>\n\n\n\n<p>O&nbsp;Programa Prepara Padaria \u00e9 resultado de uma articula\u00e7\u00e3o entre SEBRAE MG, SINDPAN Norte, FIEMG\/IEL, por meio do Programa FIEMG Competitiva, institui\u00e7\u00f5es que uniram esfor\u00e7os para apoiar o desenvolvimento e a moderniza\u00e7\u00e3o do segmento na regi\u00e3o.<\/p>\n\n\n\n<p>O Prepara Padaria foi estruturado para atender desafios estrat\u00e9gicos enfrentados pelas empresas do setor e prev\u00ea 84 horas de consultorias especializadas, com foco nas \u00e1reas tribut\u00e1ria e financeira, consideradas fundamentais para o aumento da competitividade e da sustentabilidade dos neg\u00f3cios.<\/p>\n\n\n\n<p>Al\u00e9m das consultorias, os participantes tamb\u00e9m ter\u00e3o acesso a uma viagem t\u00e9cnica empresarial, que permitir\u00e1 conhecer novos modelos de neg\u00f3cios, tecnologias e pr\u00e1ticas inovadoras aplicadas ao setor de panifica\u00e7\u00e3o, ampliando a vis\u00e3o estrat\u00e9gica e as oportunidades de evolu\u00e7\u00e3o das empresas participantes.<\/p>\n\n\n\n<p>Podem participar do programa, com acesso ao subs\u00eddio oferecido pelo Programa FIEMG Competitiva, padarias e empresas do setor de panifica\u00e7\u00e3o, massas e confeitaria que estejam associadas e em situa\u00e7\u00e3o regular junto ao SINDPAN Norte, fortalecendo tamb\u00e9m o associativismo e a integra\u00e7\u00e3o empresarial do setor na regi\u00e3o.<\/p>\n\n\n\n<p>A expectativa das institui\u00e7\u00f5es envolvidas \u00e9 que a iniciativa contribua diretamente para modernizar a gest\u00e3o das empresas, estimular a inova\u00e7\u00e3o e fortalecer a competitividade do setor de panifica\u00e7\u00e3o no Norte de Minas, um segmento de grande relev\u00e2ncia econ\u00f4mica e gera\u00e7\u00e3o de empregos.<\/p>\n\n\n\n<p>Para o presidente do SINDPAN Norte, Ricardo Alencar, \u201cnovos modelos de neg\u00f3cio desafiam empreendimentos tradicionais a se manterem competitivos. Para isso, alguns empres\u00e1rios est\u00e3o buscando formas de continuarem relevantes no mercado e atrair novos clientes. E o Programa Prepara Padaria \u00e9 um excelente caminho, principalmente nesse momento em que o Brasil adota uma nova Reforma Tribut\u00e1ria\u201d.<\/p>\n\n\n\n<p>Empres\u00e1rios interessados em saber mais sobre o programa e as condi\u00e7\u00f5es de participa\u00e7\u00e3o podem entrar em contato diretamente com o SINDPAN Norte pelo WhatsApp: (38) 98853-7300<\/p>\n\n\n\n<p>A apresenta\u00e7\u00e3o contou com as presen\u00e7as da analista de projetos do IEL, respons\u00e1vel pelo setor da panifica\u00e7\u00e3o atendido no Programa FIEMG Competitiva, Ana Carolina da Silva Cristiano, do analista de Rela\u00e7\u00f5es Empresariais da FIEMG Regional Norte, \u00c2ngelo Vieira, e do analista T\u00e9cnico do SEBRAE\/MG, Walmar Magalh\u00e3es.<\/p>\n\n\n\n<p>Rosangela Silveira<\/p>\n\n\n\n<p><strong>Imprensa FIEMG Regional Norte<\/strong><\/p>\n\n\n\n<p><\/p>\n","protected":false},"featured_media":3487,"template":"","categories":[275],"tags":[],"class_list":["post-3478","noticias","type-noticias","status-publish","has-post-thumbnail","hentry","category-programa-prepara-padarias"],"acf":[],"yoast_head":"<!-- This site is optimized with the Yoast SEO plugin v26.2 - https:\/\/yoast.com\/wordpress\/plugins\/seo\/ -->\n<title>SEBRAE, FIEMG\/IEL e SINDPAN Norte, lan\u00e7aram em Montes Claros o Programa Prepara Padaria 2026 - Regional Norte<\/title>\n<meta name=\"robots\" content=\"index, follow, max-snippet:-1, max-image-preview:large, max-video-preview:-1\" \/>\n<link rel=\"canonical\" href=\"https:\/\/www.fiemg.com.br\/regional-norte\/noticias\/sindpan-norte-fiemg-iel-e-sebrae-lancaram-em-montes-claros-o-programa-prepara-padaria-2026\/\" \/>\n<meta property=\"og:locale\" content=\"pt_BR\" \/>\n<meta property=\"og:type\" content=\"article\" \/>\n<meta property=\"og:title\" content=\"SEBRAE, FIEMG\/IEL e SINDPAN Norte, lan\u00e7aram em Montes Claros o Programa Prepara Padaria 2026 - Regional Norte\" \/>\n<meta property=\"og:description\" content=\"O presidente do SINDPAN, Ricardo Alencar, participou na sede do SEBRAE, em Montes Claros, do lan\u00e7amento do Programa Prepara Padaria 2026. O&nbsp;Programa Prepara Padaria \u00e9 resultado de uma articula\u00e7\u00e3o entre SEBRAE MG, SINDPAN Norte, FIEMG\/IEL, por meio do Programa FIEMG Competitiva, institui\u00e7\u00f5es que uniram esfor\u00e7os para apoiar o desenvolvimento e a moderniza\u00e7\u00e3o do segmento na [&hellip;]\" \/>\n<meta property=\"og:url\" content=\"https:\/\/www.fiemg.com.br\/regional-norte\/noticias\/sindpan-norte-fiemg-iel-e-sebrae-lancaram-em-montes-claros-o-programa-prepara-padaria-2026\/\" \/>\n<meta property=\"og:site_name\" content=\"Regional Norte\" \/>\n<meta property=\"article:modified_time\" content=\"2026-03-05T14:48:35+00:00\" \/>\n<meta property=\"og:image\" content=\"https:\/\/www.fiemg.com.br\/regional-norte\/wp-content\/uploads\/sites\/17\/2026\/03\/Lancamento-Prepara-Padaria-IEL.jpg\" \/>\n\t<meta property=\"og:image:width\" content=\"300\" \/>\n\t<meta property=\"og:image:height\" content=\"364\" \/>\n\t<meta property=\"og:image:type\" content=\"image\/jpeg\" \/>\n<meta name=\"twitter:card\" content=\"summary_large_image\" \/>\n<meta name=\"twitter:label1\" content=\"Est. tempo de leitura\" \/>\n\t<meta name=\"twitter:data1\" content=\"3 minutos\" \/>\n<script type=\"application\/ld+json\" class=\"yoast-schema-graph\">{\"@context\":\"https:\/\/schema.org\",\"@graph\":[{\"@type\":\"WebPage\",\"@id\":\"https:\/\/www.fiemg.com.br\/regional-norte\/noticias\/sindpan-norte-fiemg-iel-e-sebrae-lancaram-em-montes-claros-o-programa-prepara-padaria-2026\/\",\"url\":\"https:\/\/www.fiemg.com.br\/regional-norte\/noticias\/sindpan-norte-fiemg-iel-e-sebrae-lancaram-em-montes-claros-o-programa-prepara-padaria-2026\/\",\"name\":\"SEBRAE, FIEMG\/IEL e SINDPAN Norte, lan\u00e7aram em Montes Claros o Programa Prepara Padaria 2026 - Regional Norte\",\"isPartOf\":{\"@id\":\"https:\/\/www.fiemg.com.br\/regional-norte\/#website\"},\"primaryImageOfPage\":{\"@id\":\"https:\/\/www.fiemg.com.br\/regional-norte\/noticias\/sindpan-norte-fiemg-iel-e-sebrae-lancaram-em-montes-claros-o-programa-prepara-padaria-2026\/#primaryimage\"},\"image\":{\"@id\":\"https:\/\/www.fiemg.com.br\/regional-norte\/noticias\/sindpan-norte-fiemg-iel-e-sebrae-lancaram-em-montes-claros-o-programa-prepara-padaria-2026\/#primaryimage\"},\"thumbnailUrl\":\"https:\/\/www.fiemg.com.br\/regional-norte\/wp-content\/uploads\/sites\/17\/2026\/03\/Lancamento-Prepara-Padaria-IEL.jpg\",\"datePublished\":\"2026-03-05T14:11:14+00:00\",\"dateModified\":\"2026-03-05T14:48:35+00:00\",\"breadcrumb\":{\"@id\":\"https:\/\/www.fiemg.com.br\/regional-norte\/noticias\/sindpan-norte-fiemg-iel-e-sebrae-lancaram-em-montes-claros-o-programa-prepara-padaria-2026\/#breadcrumb\"},\"inLanguage\":\"pt-BR\",\"potentialAction\":[{\"@type\":\"ReadAction\",\"target\":[\"https:\/\/www.fiemg.com.br\/regional-norte\/noticias\/sindpan-norte-fiemg-iel-e-sebrae-lancaram-em-montes-claros-o-programa-prepara-padaria-2026\/\"]}]},{\"@type\":\"ImageObject\",\"inLanguage\":\"pt-BR\",\"@id\":\"https:\/\/www.fiemg.com.br\/regional-norte\/noticias\/sindpan-norte-fiemg-iel-e-sebrae-lancaram-em-montes-claros-o-programa-prepara-padaria-2026\/#primaryimage\",\"url\":\"https:\/\/www.fiemg.com.br\/regional-norte\/wp-content\/uploads\/sites\/17\/2026\/03\/Lancamento-Prepara-Padaria-IEL.jpg\",\"contentUrl\":\"https:\/\/www.fiemg.com.br\/regional-norte\/wp-content\/uploads\/sites\/17\/2026\/03\/Lancamento-Prepara-Padaria-IEL.jpg\",\"width\":300,\"height\":364},{\"@type\":\"BreadcrumbList\",\"@id\":\"https:\/\/www.fiemg.com.br\/regional-norte\/noticias\/sindpan-norte-fiemg-iel-e-sebrae-lancaram-em-montes-claros-o-programa-prepara-padaria-2026\/#breadcrumb\",\"itemListElement\":[{\"@type\":\"ListItem\",\"position\":1,\"name\":\"In\u00edcio\",\"item\":\"https:\/\/www.fiemg.com.br\/regional-norte\/\"},{\"@type\":\"ListItem\",\"position\":2,\"name\":\"SEBRAE, FIEMG\/IEL e SINDPAN Norte, lan\u00e7aram em Montes Claros o Programa Prepara Padaria 2026\"}]},{\"@type\":\"WebSite\",\"@id\":\"https:\/\/www.fiemg.com.br\/regional-norte\/#website\",\"url\":\"https:\/\/www.fiemg.com.br\/regional-norte\/\",\"name\":\"Regional Norte\",\"description\":\"Federa\u00e7\u00e3o das Ind\u00fastrias do Estado de Minas Gerais\",\"publisher\":{\"@id\":\"https:\/\/www.fiemg.com.br\/regional-norte\/#organization\"},\"potentialAction\":[{\"@type\":\"SearchAction\",\"target\":{\"@type\":\"EntryPoint\",\"urlTemplate\":\"https:\/\/www.fiemg.com.br\/regional-norte\/?s={search_term_string}\"},\"query-input\":{\"@type\":\"PropertyValueSpecification\",\"valueRequired\":true,\"valueName\":\"search_term_string\"}}],\"inLanguage\":\"pt-BR\"},{\"@type\":\"Organization\",\"@id\":\"https:\/\/www.fiemg.com.br\/regional-norte\/#organization\",\"name\":\"Regional Norte\",\"url\":\"https:\/\/www.fiemg.com.br\/regional-norte\/\",\"logo\":{\"@type\":\"ImageObject\",\"inLanguage\":\"pt-BR\",\"@id\":\"https:\/\/www.fiemg.com.br\/regional-norte\/#\/schema\/logo\/image\/\",\"url\":\"https:\/\/www.fiemg.com.br\/regional-norte\/wp-content\/uploads\/sites\/17\/2023\/02\/Ativo-1.png\",\"contentUrl\":\"https:\/\/www.fiemg.com.br\/regional-norte\/wp-content\/uploads\/sites\/17\/2023\/02\/Ativo-1.png\",\"width\":563,\"height\":149,\"caption\":\"Regional Norte\"},\"image\":{\"@id\":\"https:\/\/www.fiemg.com.br\/regional-norte\/#\/schema\/logo\/image\/\"}}]}<\/script>\n<!-- \/ Yoast SEO plugin. -->","yoast_head_json":{"title":"SEBRAE, FIEMG\/IEL e SINDPAN Norte, lan\u00e7aram em Montes Claros o Programa Prepara Padaria 2026 - Regional Norte","robots":{"index":"index","follow":"follow","max-snippet":"max-snippet:-1","max-image-preview":"max-image-preview:large","max-video-preview":"max-video-preview:-1"},"canonical":"https:\/\/www.fiemg.com.br\/regional-norte\/noticias\/sindpan-norte-fiemg-iel-e-sebrae-lancaram-em-montes-claros-o-programa-prepara-padaria-2026\/","og_locale":"pt_BR","og_type":"article","og_title":"SEBRAE, FIEMG\/IEL e SINDPAN Norte, lan\u00e7aram em Montes Claros o Programa Prepara Padaria 2026 - Regional Norte","og_description":"O presidente do SINDPAN, Ricardo Alencar, participou na sede do SEBRAE, em Montes Claros, do lan\u00e7amento do Programa Prepara Padaria 2026. O&nbsp;Programa Prepara Padaria \u00e9 resultado de uma articula\u00e7\u00e3o entre SEBRAE MG, SINDPAN Norte, FIEMG\/IEL, por meio do Programa FIEMG Competitiva, institui\u00e7\u00f5es que uniram esfor\u00e7os para apoiar o desenvolvimento e a moderniza\u00e7\u00e3o do segmento na [&hellip;]","og_url":"https:\/\/www.fiemg.com.br\/regional-norte\/noticias\/sindpan-norte-fiemg-iel-e-sebrae-lancaram-em-montes-claros-o-programa-prepara-padaria-2026\/","og_site_name":"Regional Norte","article_modified_time":"2026-03-05T14:48:35+00:00","og_image":[{"width":300,"height":364,"url":"https:\/\/www.fiemg.com.br\/regional-norte\/wp-content\/uploads\/sites\/17\/2026\/03\/Lancamento-Prepara-Padaria-IEL.jpg","type":"image\/jpeg"}],"twitter_card":"summary_large_image","twitter_misc":{"Est. tempo de leitura":"3 minutos"},"schema":{"@context":"https:\/\/schema.org","@graph":[{"@type":"WebPage","@id":"https:\/\/www.fiemg.com.br\/regional-norte\/noticias\/sindpan-norte-fiemg-iel-e-sebrae-lancaram-em-montes-claros-o-programa-prepara-padaria-2026\/","url":"https:\/\/www.fiemg.com.br\/regional-norte\/noticias\/sindpan-norte-fiemg-iel-e-sebrae-lancaram-em-montes-claros-o-programa-prepara-padaria-2026\/","name":"SEBRAE, FIEMG\/IEL e SINDPAN Norte, lan\u00e7aram em Montes Claros o Programa Prepara Padaria 2026 - Regional Norte","isPartOf":{"@id":"https:\/\/www.fiemg.com.br\/regional-norte\/#website"},"primaryImageOfPage":{"@id":"https:\/\/www.fiemg.com.br\/regional-norte\/noticias\/sindpan-norte-fiemg-iel-e-sebrae-lancaram-em-montes-claros-o-programa-prepara-padaria-2026\/#primaryimage"},"image":{"@id":"https:\/\/www.fiemg.com.br\/regional-norte\/noticias\/sindpan-norte-fiemg-iel-e-sebrae-lancaram-em-montes-claros-o-programa-prepara-padaria-2026\/#primaryimage"},"thumbnailUrl":"https:\/\/www.fiemg.com.br\/regional-norte\/wp-content\/uploads\/sites\/17\/2026\/03\/Lancamento-Prepara-Padaria-IEL.jpg","datePublished":"2026-03-05T14:11:14+00:00","dateModified":"2026-03-05T14:48:35+00:00","breadcrumb":{"@id":"https:\/\/www.fiemg.com.br\/regional-norte\/noticias\/sindpan-norte-fiemg-iel-e-sebrae-lancaram-em-montes-claros-o-programa-prepara-padaria-2026\/#breadcrumb"},"inLanguage":"pt-BR","potentialAction":[{"@type":"ReadAction","target":["https:\/\/www.fiemg.com.br\/regional-norte\/noticias\/sindpan-norte-fiemg-iel-e-sebrae-lancaram-em-montes-claros-o-programa-prepara-padaria-2026\/"]}]},{"@type":"ImageObject","inLanguage":"pt-BR","@id":"https:\/\/www.fiemg.com.br\/regional-norte\/noticias\/sindpan-norte-fiemg-iel-e-sebrae-lancaram-em-montes-claros-o-programa-prepara-padaria-2026\/#primaryimage","url":"https:\/\/www.fiemg.com.br\/regional-norte\/wp-content\/uploads\/sites\/17\/2026\/03\/Lancamento-Prepara-Padaria-IEL.jpg","contentUrl":"https:\/\/www.fiemg.com.br\/regional-norte\/wp-content\/uploads\/sites\/17\/2026\/03\/Lancamento-Prepara-Padaria-IEL.jpg","width":300,"height":364},{"@type":"BreadcrumbList","@id":"https:\/\/www.fiemg.com.br\/regional-norte\/noticias\/sindpan-norte-fiemg-iel-e-sebrae-lancaram-em-montes-claros-o-programa-prepara-padaria-2026\/#breadcrumb","itemListElement":[{"@type":"ListItem","position":1,"name":"In\u00edcio","item":"https:\/\/www.fiemg.com.br\/regional-norte\/"},{"@type":"ListItem","position":2,"name":"SEBRAE, FIEMG\/IEL e SINDPAN Norte, lan\u00e7aram em Montes Claros o Programa Prepara Padaria 2026"}]},{"@type":"WebSite","@id":"https:\/\/www.fiemg.com.br\/regional-norte\/#website","url":"https:\/\/www.fiemg.com.br\/regional-norte\/","name":"Regional Norte","description":"Federa\u00e7\u00e3o das Ind\u00fastrias do Estado de Minas Gerais","publisher":{"@id":"https:\/\/www.fiemg.com.br\/regional-norte\/#organization"},"potentialAction":[{"@type":"SearchAction","target":{"@type":"EntryPoint","urlTemplate":"https:\/\/www.fiemg.com.br\/regional-norte\/?s={search_term_string}"},"query-input":{"@type":"PropertyValueSpecification","valueRequired":true,"valueName":"search_term_string"}}],"inLanguage":"pt-BR"},{"@type":"Organization","@id":"https:\/\/www.fiemg.com.br\/regional-norte\/#organization","name":"Regional Norte","url":"https:\/\/www.fiemg.com.br\/regional-norte\/","logo":{"@type":"ImageObject","inLanguage":"pt-BR","@id":"https:\/\/www.fiemg.com.br\/regional-norte\/#\/schema\/logo\/image\/","url":"https:\/\/www.fiemg.com.br\/regional-norte\/wp-content\/uploads\/sites\/17\/2023\/02\/Ativo-1.png","contentUrl":"https:\/\/www.fiemg.com.br\/regional-norte\/wp-content\/uploads\/sites\/17\/2023\/02\/Ativo-1.png","width":563,"height":149,"caption":"Regional Norte"},"image":{"@id":"https:\/\/www.fiemg.com.br\/regional-norte\/#\/schema\/logo\/image\/"}}]}},"_links":{"self":[{"href":"https:\/\/www.fiemg.com.br\/regional-norte\/wp-json\/wp\/v2\/noticias\/3478","targetHints":{"allow":["GET"]}}],"collection":[{"href":"https:\/\/www.fiemg.com.br\/regional-norte\/wp-json\/wp\/v2\/noticias"}],"about":[{"href":"https:\/\/www.fiemg.com.br\/regional-norte\/wp-json\/wp\/v2\/types\/noticias"}],"wp:featuredmedia":[{"embeddable":true,"href":"https:\/\/www.fiemg.com.br\/regional-norte\/wp-json\/wp\/v2\/media\/3487"}],"wp:attachment":[{"href":"https:\/\/www.fiemg.com.br\/regional-norte\/wp-json\/wp\/v2\/media?parent=3478"}],"wp:term":[{"taxonomy":"category","embeddable":true,"href":"https:\/\/www.fiemg.com.br\/regional-norte\/wp-json\/wp\/v2\/categories?post=3478"},{"taxonomy":"post_tag","embeddable":true,"href":"https:\/\/www.fiemg.com.br\/regional-norte\/wp-json\/wp\/v2\/tags?post=3478"}],"curies":[{"name":"wp","href":"https:\/\/api.w.org\/{rel}","templated":true}]}}